{"id":191059,"date":"2022-10-03T18:31:00","date_gmt":"2022-10-03T21:31:00","guid":{"rendered":"https:\/\/aconteceunovale.com.br\/portal\/?p=191059"},"modified":"2022-10-04T10:54:32","modified_gmt":"2022-10-04T13:54:32","slug":"confira-a-lista-de-deputados-federais-eleitos-no-amazonas","status":"publish","type":"post","link":"https:\/\/aconteceunovale.com.br\/portal\/?p=191059","title":{"rendered":"Confira a lista de deputados federais eleitos no Amazonas"},"content":{"rendered":"\n<p class=\"wp-block-paragraph\">Eleitores do Amazonas foram \u00e0s urnas neste domingo (2\/10\/2022) e elegeram oito deputados federais.&nbsp;Confira a lista:<\/p>\n\n\n\n<ul class=\"wp-block-list\"><li>Amom Mandel (Cidadania) &#8211; 288.555 votos<\/li><li>Capit\u00e3o Alberto Neto (PL) &#8211; 147.846 votos<\/li><li>Saullo Vianna (Uni\u00e3o Brasil) &#8211; 127.287 votos<\/li><li>Silas C\u00e2mara (Republicanos) &#8211; 125.068 votos<\/li><li>Atila Lins (PSD) &#8211; 102.401 votos<\/li><li>Sidney Leite (PSD) &#8211; 102.181 votos<\/li><li>Adail Filho (Republicanos) &#8211; 90.028 votos<\/li><li>Fausto Santos Jr (Uni\u00e3o Brasil) &#8211; 87.876 votos<\/li><li><a rel=\"noreferrer noopener\" href=\"https:\/\/aconteceunovale.com.br\/portal\/?p=190684\" target=\"_blank\">Veja a apura\u00e7\u00e3o completa (clique aqui)<\/a><\/li><\/ul>\n\n\n\n<p class=\"wp-block-paragraph\">&#8212;&#8212;&#8212;&#8212;&#8212;&#8212;<br><br><strong>Sabia que o Aconteceu no Vale est\u00e1 tamb\u00e9m no Telegram? <a rel=\"noreferrer noopener\" href=\"https:\/\/t.me\/aconteceunovaleoficial\" target=\"_blank\">Inscreva-se no canal<\/a>.<\/strong><br><br><strong>J\u00e1 curtiu ou seguiu nossas p\u00e1ginas nas redes sociais?&nbsp;Receba as not\u00edcias em primeira m\u00e3o:<\/strong><br>\u2022 <a rel=\"noreferrer noopener\" href=\"https:\/\/news.google.com\/publications\/CAAqBwgKMNjklQswi4etAw?hl=pt-BR&amp;gl=BR&amp;ceid=BR%3Apt-419\" target=\"_blank\">Google News<\/a><br>\u2022 <a rel=\"noreferrer noopener\" href=\"https:\/\/www.facebook.com\/aconteceunovale\/\" target=\"_blank\">Facebook<\/a><br>\u2022 <a rel=\"noreferrer noopener\" href=\"https:\/\/twitter.com\/noticiadosvales\" target=\"_blank\">Twitter<\/a><br>\u2022 <a rel=\"noreferrer noopener\" href=\"https:\/\/www.instagram.com\/aconteceunovale\" target=\"_blank\">Instagram<\/a><br>\u2022 <a rel=\"noreferrer noopener\" href=\"https:\/\/www.youtube.com\/AconteceunoValeOficial\" target=\"_blank\">Youtube<\/a><br>\u2022 <a rel=\"noreferrer noopener\" href=\"https:\/\/www.tiktok.com\/@aconteceunovale\" target=\"_blank\">TikTok<\/a><\/p>\n","protected":false},"excerpt":{"rendered":"<p>Eleitores do Amazonas foram \u00e0s urnas neste domingo (2\/10\/2022) e elegeram oito deputados federais.&nbsp;Confira a lista: Amom Mandel (Cidadania) &#8211; 288.555 votos Capit\u00e3o Alberto Neto (PL) &#8211; 147.846 votos Saullo Vianna (Uni\u00e3o Brasil) &#8211; 127.287 votos Silas C\u00e2mara (Republicanos) &#8211; 125.068 votos Atila Lins (PSD) &#8211; 102.401 votos Sidney Leite (PSD) &#8211; 102.181 votos Adail [&hellip;]<\/p>\n","protected":false},"author":4,"featured_media":191060,"comment_status":"open","ping_status":"closed","sticky":false,"template":"","format":"standard","meta":{"amp_status":"","footnotes":""},"categories":[6,249933],"tags":[230288,263770,182368,263766,263873,264532,182369,264533,264534,182370,264535,264536,264537,264538,264539,17911,264540,264541,264542,17651,182374,17548,17909,264543,17538,182385,264544,182392,263627,263626,263625,263624,263628,718,252238,262319,263623,182396,261226,184359,264545,184361,182399,182401,182403,264546,20588,264547,182413,182433,182434,182435],"class_list":["post-191059","post","type-post","status-publish","format-standard","has-post-thumbnail","hentry","category-br","category-eleicoes-2022","tag-apuracao-das-eleicoes","tag-apuracao-das-eleicoes-2022","tag-apuracao-das-eleicoes-no-amazonas","tag-apuracao-dos-votos","tag-apuracao-dos-votos-em-tempo-real","tag-apuracao-dos-votos-em-tempo-real-no-amazonas","tag-apuracao-dos-votos-no-amazonas","tag-apuracao-dos-votos-para-deputado-estadual-no-amazonas","tag-apuracao-dos-votos-para-deputado-federal-no-amazonas","tag-apuracao-dos-votos-para-deputado-no-amazonas","tag-apuracao-dos-votos-para-governador-no-amazonas","tag-apuracao-dos-votos-para-presidente-no-amazonas","tag-apuracao-dos-votos-para-senador-no-amazonas","tag-confira-a-lista-com-nomes-dos-deputados-estaduais-eleitos-no-amazonas","tag-confira-a-lista-de-deputados-estaduais-e-federais-eleitos-no-amazonas","tag-confira-a-lista-de-deputados-estaduais-eleitos-no-amazonas","tag-confira-a-lista-de-deputados-federais-eleitos-no-amazonas","tag-confira-a-lista-final-de-deputados-estaduais-eleitos-no-amazonas","tag-conheca-os-deputados-estaduais-eleitos-no-amazonas","tag-conhecer-os-deputados-eleitos","tag-conhecer-os-deputados-eleitos-no-amazonas","tag-deputados-eleitos","tag-deputados-eleitos-no-amazonas","tag-deputados-eleitos-no-amazonas-2022","tag-deputados-estaduais-eleitos","tag-deputados-estaduais-eleitos-no-amazonas","tag-deputados-estaduais-eleitos-no-amazonas-2022","tag-deputados-federais-eleitos-no-amazonas","tag-eleicao-para-deputado-estadual-no-brasil","tag-eleicao-para-deputado-federal-no-brasil","tag-eleicao-para-governador-no-brasil","tag-eleicao-para-presidente-no-brasil","tag-eleicao-para-senador-no-brasil","tag-eleicoes","tag-eleicoes-2022","tag-eleicoes-2022-no-amazonas","tag-eleicoes-2022-no-brasil","tag-eleicoes-no-amazonas","tag-eleicoes-no-brasil","tag-eleito-no-amazonas","tag-eleitos-no-amazonas","tag-governador-eleito-no-amazonas","tag-informacoes-sobre-os-deputados-eleitos-no-amazonas","tag-lista-de-deputados-estaduais-eleitos-no-amazonas","tag-nomes-dos-deputados-eleitos-no-amazonas","tag-resultado-das-eleicoes-2022-no-amazonas","tag-resultado-das-eleicoes-no-amazonas","tag-resultado-eleicoes-2022-no-amazonas","tag-senador-eleito-no-amazonas","tag-votacao-para-deputado-no-amazonas","tag-votacao-para-governador-no-amazonas","tag-votacao-para-senador-no-amazonas"],"yoast_head":"<!-- This site is optimized with the Yoast SEO plugin v28.3 - https:\/\/yoast.com\/product\/yoast-seo-wordpress\/ -->\n<title>Confira a lista de deputados federais eleitos no Amazonas - Aconteceu no Vale<\/title>\n<meta name=\"robots\" content=\"index, follow, max-snippet:-1, max-image-preview:large, max-video-preview:-1\" \/>\n<link rel=\"canonical\" href=\"https:\/\/aconteceunovale.com.br\/portal\/?p=191059\" \/>\n<meta property=\"og:locale\" content=\"pt_BR\" \/>\n<meta property=\"og:type\" content=\"article\" \/>\n<meta property=\"og:title\" content=\"Confira a lista de deputados federais eleitos no Amazonas - Aconteceu no Vale\" \/>\n<meta property=\"og:description\" content=\"Eleitores do Amazonas foram \u00e0s urnas neste domingo (2\/10\/2022) e elegeram oito deputados federais.&nbsp;Confira a lista: Amom Mandel (Cidadania) &#8211; 288.555 votos Capit\u00e3o Alberto Neto (PL) &#8211; 147.846 votos Saullo Vianna (Uni\u00e3o Brasil) &#8211; 127.287 votos Silas C\u00e2mara (Republicanos) &#8211; 125.068 votos Atila Lins (PSD) &#8211; 102.401 votos Sidney Leite (PSD) &#8211; 102.181 votos Adail [&hellip;]\" \/>\n<meta property=\"og:url\" content=\"https:\/\/aconteceunovale.com.br\/portal\/?p=191059\" \/>\n<meta property=\"og:site_name\" content=\"Aconteceu no Vale\" \/>\n<meta property=\"article:publisher\" content=\"https:\/\/www.facebook.com\/aconteceunovale\/\" \/>\n<meta property=\"article:published_time\" content=\"2022-10-03T21:31:00+00:00\" \/>\n<meta property=\"article:modified_time\" content=\"2022-10-04T13:54:32+00:00\" \/>\n<meta property=\"og:image\" content=\"https:\/\/aconteceunovale.com.br\/portal\/wp-content\/uploads\/2022\/10\/amazonas.jpg\" \/>\n\t<meta property=\"og:image:width\" content=\"678\" \/>\n\t<meta property=\"og:image:height\" content=\"355\" \/>\n\t<meta property=\"og:image:type\" content=\"image\/jpeg\" \/>\n<meta name=\"author\" content=\"Reda\u00e7\u00e3o Aconteceu no Vale\" \/>\n<meta name=\"twitter:card\" content=\"summary_large_image\" \/>\n<meta name=\"twitter:creator\" content=\"@noticiadosvales\" \/>\n<meta name=\"twitter:site\" content=\"@noticiadosvales\" \/>\n<meta name=\"twitter:label1\" content=\"Escrito por\" \/>\n\t<meta name=\"twitter:data1\" content=\"Reda\u00e7\u00e3o Aconteceu no Vale\" \/>\n\t<meta name=\"twitter:label2\" content=\"Est. tempo de leitura\" \/>\n\t<meta name=\"twitter:data2\" content=\"1 minuto\" \/>\n<script type=\"application\/ld+json\" class=\"yoast-schema-graph\">{\"@context\":\"https:\\\/\\\/schema.org\",\"@graph\":[{\"@type\":\"Article\",\"@id\":\"https:\\\/\\\/aconteceunovale.com.br\\\/portal\\\/?p=191059#article\",\"isPartOf\":{\"@id\":\"https:\\\/\\\/aconteceunovale.com.br\\\/portal\\\/?p=191059\"},\"author\":{\"name\":\"Reda\u00e7\u00e3o Aconteceu no Vale\",\"@id\":\"https:\\\/\\\/aconteceunovale.com.br\\\/portal\\\/#\\\/schema\\\/person\\\/7d2f26d1483f8a63de73da1ee0754d35\"},\"headline\":\"Confira a lista de deputados federais eleitos no Amazonas\",\"datePublished\":\"2022-10-03T21:31:00+00:00\",\"dateModified\":\"2022-10-04T13:54:32+00:00\",\"mainEntityOfPage\":{\"@id\":\"https:\\\/\\\/aconteceunovale.com.br\\\/portal\\\/?p=191059\"},\"wordCount\":122,\"commentCount\":0,\"image\":{\"@id\":\"https:\\\/\\\/aconteceunovale.com.br\\\/portal\\\/?p=191059#primaryimage\"},\"thumbnailUrl\":\"https:\\\/\\\/aconteceunovale.com.br\\\/portal\\\/wp-content\\\/uploads\\\/2022\\\/10\\\/amazonas.jpg\",\"keywords\":[\"Apura\u00e7\u00e3o das elei\u00e7\u00f5es\",\"Apura\u00e7\u00e3o das elei\u00e7\u00f5es 2022\",\"Apura\u00e7\u00e3o das elei\u00e7\u00f5es no Amazonas\",\"Apura\u00e7\u00e3o dos votos\",\"Apura\u00e7\u00e3o dos votos em tempo real\",\"Apura\u00e7\u00e3o dos votos em tempo real no Amazonas\",\"apura\u00e7\u00e3o dos votos no Amazonas\",\"Apura\u00e7\u00e3o dos votos para deputado estadual no Amazonas\",\"Apura\u00e7\u00e3o dos votos para deputado federal no Amazonas\",\"Apura\u00e7\u00e3o dos votos para deputado no Amazonas\",\"Apura\u00e7\u00e3o dos votos para Governador no Amazonas\",\"Apura\u00e7\u00e3o dos votos para presidente no Amazonas\",\"Apura\u00e7\u00e3o dos votos para senador no Amazonas\",\"Confira a lista com nomes dos deputados estaduais eleitos no Amazonas\",\"Confira a lista de deputados estaduais e federais eleitos no Amazonas\",\"Confira a lista de deputados estaduais eleitos no Amazonas\",\"Confira a lista de deputados federais eleitos no Amazonas\",\"Confira a lista final de deputados estaduais eleitos no Amazonas\",\"Conhe\u00e7a os deputados estaduais eleitos no Amazonas\",\"conhecer os deputados eleitos\",\"conhecer os deputados eleitos no Amazonas\",\"deputados eleitos\",\"deputados eleitos no Amazonas\",\"deputados eleitos no Amazonas 2022\",\"deputados estaduais eleitos\",\"deputados estaduais eleitos no Amazonas\",\"deputados estaduais eleitos no Amazonas 2022\",\"deputados federais eleitos no Amazonas\",\"Elei\u00e7\u00e3o para deputado estadual no Brasil\",\"Elei\u00e7\u00e3o para deputado federal no Brasil\",\"Elei\u00e7\u00e3o para governador no Brasil\",\"Elei\u00e7\u00e3o para presidente no Brasil\",\"Elei\u00e7\u00e3o para Senador no Brasil\",\"Elei\u00e7\u00f5es\",\"Elei\u00e7\u00f5es 2022\",\"Elei\u00e7\u00f5es 2022 no Amazonas\",\"Elei\u00e7\u00f5es 2022 no Brasil\",\"elei\u00e7\u00f5es no Amazonas\",\"Elei\u00e7\u00f5es no Brasil\",\"Eleito no Amazonas\",\"Eleitos no Amazonas\",\"governador eleito no Amazonas\",\"informa\u00e7\u00f5es sobre os deputados eleitos no Amazonas\",\"lista de deputados estaduais eleitos no Amazonas\",\"nomes dos deputados eleitos no Amazonas\",\"Resultado das elei\u00e7\u00f5es 2022 no Amazonas\",\"resultado das elei\u00e7\u00f5es no Amazonas\",\"resultado elei\u00e7\u00f5es 2022 no Amazonas\",\"senador eleito no Amazonas\",\"vota\u00e7\u00e3o para deputado no Amazonas\",\"vota\u00e7\u00e3o para governador no Amazonas\",\"vota\u00e7\u00e3o para senador no Amazonas\"],\"articleSection\":[\"Brasil\",\"Elei\u00e7\u00f5es 2022\"],\"inLanguage\":\"pt-BR\",\"potentialAction\":[{\"@type\":\"CommentAction\",\"name\":\"Comment\",\"target\":[\"https:\\\/\\\/aconteceunovale.com.br\\\/portal\\\/?p=191059#respond\"]}]},{\"@type\":\"WebPage\",\"@id\":\"https:\\\/\\\/aconteceunovale.com.br\\\/portal\\\/?p=191059\",\"url\":\"https:\\\/\\\/aconteceunovale.com.br\\\/portal\\\/?p=191059\",\"name\":\"Confira a lista de deputados federais eleitos no Amazonas - Aconteceu no Vale\",\"isPartOf\":{\"@id\":\"https:\\\/\\\/aconteceunovale.com.br\\\/portal\\\/#website\"},\"primaryImageOfPage\":{\"@id\":\"https:\\\/\\\/aconteceunovale.com.br\\\/portal\\\/?p=191059#primaryimage\"},\"image\":{\"@id\":\"https:\\\/\\\/aconteceunovale.com.br\\\/portal\\\/?p=191059#primaryimage\"},\"thumbnailUrl\":\"https:\\\/\\\/aconteceunovale.com.br\\\/portal\\\/wp-content\\\/uploads\\\/2022\\\/10\\\/amazonas.jpg\",\"datePublished\":\"2022-10-03T21:31:00+00:00\",\"dateModified\":\"2022-10-04T13:54:32+00:00\",\"author\":{\"@id\":\"https:\\\/\\\/aconteceunovale.com.br\\\/portal\\\/#\\\/schema\\\/person\\\/7d2f26d1483f8a63de73da1ee0754d35\"},\"breadcrumb\":{\"@id\":\"https:\\\/\\\/aconteceunovale.com.br\\\/portal\\\/?p=191059#breadcrumb\"},\"inLanguage\":\"pt-BR\",\"potentialAction\":[{\"@type\":\"ReadAction\",\"target\":[\"https:\\\/\\\/aconteceunovale.com.br\\\/portal\\\/?p=191059\"]}]},{\"@type\":\"ImageObject\",\"inLanguage\":\"pt-BR\",\"@id\":\"https:\\\/\\\/aconteceunovale.com.br\\\/portal\\\/?p=191059#primaryimage\",\"url\":\"https:\\\/\\\/aconteceunovale.com.br\\\/portal\\\/wp-content\\\/uploads\\\/2022\\\/10\\\/amazonas.jpg\",\"contentUrl\":\"https:\\\/\\\/aconteceunovale.com.br\\\/portal\\\/wp-content\\\/uploads\\\/2022\\\/10\\\/amazonas.jpg\",\"width\":678,\"height\":355},{\"@type\":\"BreadcrumbList\",\"@id\":\"https:\\\/\\\/aconteceunovale.com.br\\\/portal\\\/?p=191059#breadcrumb\",\"itemListElement\":[{\"@type\":\"ListItem\",\"position\":1,\"name\":\"In\u00edcio\",\"item\":\"https:\\\/\\\/aconteceunovale.com.br\\\/portal\\\/\"},{\"@type\":\"ListItem\",\"position\":2,\"name\":\"Confira a lista de deputados federais eleitos no Amazonas\"}]},{\"@type\":\"WebSite\",\"@id\":\"https:\\\/\\\/aconteceunovale.com.br\\\/portal\\\/#website\",\"url\":\"https:\\\/\\\/aconteceunovale.com.br\\\/portal\\\/\",\"name\":\"Aconteceu no Vale\",\"description\":\"Portal de Not\u00edcias\",\"potentialAction\":[{\"@type\":\"SearchAction\",\"target\":{\"@type\":\"EntryPoint\",\"urlTemplate\":\"https:\\\/\\\/aconteceunovale.com.br\\\/portal\\\/?s={search_term_string}\"},\"query-input\":{\"@type\":\"PropertyValueSpecification\",\"valueRequired\":true,\"valueName\":\"search_term_string\"}}],\"inLanguage\":\"pt-BR\"},{\"@type\":\"Person\",\"@id\":\"https:\\\/\\\/aconteceunovale.com.br\\\/portal\\\/#\\\/schema\\\/person\\\/7d2f26d1483f8a63de73da1ee0754d35\",\"name\":\"Reda\u00e7\u00e3o Aconteceu no Vale\",\"description\":\"Equipe de reportagem do Aconteceu no Vale, portal de not\u00edcias do Vale do Jequitinhonha, em Minas Gerais. Cobrimos as 51 cidades do Vale desde 2013. Sugest\u00f5es de pauta e pedidos de corre\u00e7\u00e3o: contato@aconteceunovale.com.br\",\"url\":\"https:\\\/\\\/aconteceunovale.com.br\\\/portal\\\/?author=4\"}]}<\/script>\n<!-- \/ Yoast SEO plugin. -->","yoast_head_json":{"title":"Confira a lista de deputados federais eleitos no Amazonas - Aconteceu no Vale","robots":{"index":"index","follow":"follow","max-snippet":"max-snippet:-1","max-image-preview":"max-image-preview:large","max-video-preview":"max-video-preview:-1"},"canonical":"https:\/\/aconteceunovale.com.br\/portal\/?p=191059","og_locale":"pt_BR","og_type":"article","og_title":"Confira a lista de deputados federais eleitos no Amazonas - Aconteceu no Vale","og_description":"Eleitores do Amazonas foram \u00e0s urnas neste domingo (2\/10\/2022) e elegeram oito deputados federais.&nbsp;Confira a lista: Amom Mandel (Cidadania) &#8211; 288.555 votos Capit\u00e3o Alberto Neto (PL) &#8211; 147.846 votos Saullo Vianna (Uni\u00e3o Brasil) &#8211; 127.287 votos Silas C\u00e2mara (Republicanos) &#8211; 125.068 votos Atila Lins (PSD) &#8211; 102.401 votos Sidney Leite (PSD) &#8211; 102.181 votos Adail [&hellip;]","og_url":"https:\/\/aconteceunovale.com.br\/portal\/?p=191059","og_site_name":"Aconteceu no Vale","article_publisher":"https:\/\/www.facebook.com\/aconteceunovale\/","article_published_time":"2022-10-03T21:31:00+00:00","article_modified_time":"2022-10-04T13:54:32+00:00","og_image":[{"width":678,"height":355,"url":"https:\/\/aconteceunovale.com.br\/portal\/wp-content\/uploads\/2022\/10\/amazonas.jpg","type":"image\/jpeg"}],"author":"Reda\u00e7\u00e3o Aconteceu no Vale","twitter_card":"summary_large_image","twitter_creator":"@noticiadosvales","twitter_site":"@noticiadosvales","twitter_misc":{"Escrito por":"Reda\u00e7\u00e3o Aconteceu no Vale","Est. tempo de leitura":"1 minuto"},"schema":{"@context":"https:\/\/schema.org","@graph":[{"@type":"Article","@id":"https:\/\/aconteceunovale.com.br\/portal\/?p=191059#article","isPartOf":{"@id":"https:\/\/aconteceunovale.com.br\/portal\/?p=191059"},"author":{"name":"Reda\u00e7\u00e3o Aconteceu no Vale","@id":"https:\/\/aconteceunovale.com.br\/portal\/#\/schema\/person\/7d2f26d1483f8a63de73da1ee0754d35"},"headline":"Confira a lista de deputados federais eleitos no Amazonas","datePublished":"2022-10-03T21:31:00+00:00","dateModified":"2022-10-04T13:54:32+00:00","mainEntityOfPage":{"@id":"https:\/\/aconteceunovale.com.br\/portal\/?p=191059"},"wordCount":122,"commentCount":0,"image":{"@id":"https:\/\/aconteceunovale.com.br\/portal\/?p=191059#primaryimage"},"thumbnailUrl":"https:\/\/aconteceunovale.com.br\/portal\/wp-content\/uploads\/2022\/10\/amazonas.jpg","keywords":["Apura\u00e7\u00e3o das elei\u00e7\u00f5es","Apura\u00e7\u00e3o das elei\u00e7\u00f5es 2022","Apura\u00e7\u00e3o das elei\u00e7\u00f5es no Amazonas","Apura\u00e7\u00e3o dos votos","Apura\u00e7\u00e3o dos votos em tempo real","Apura\u00e7\u00e3o dos votos em tempo real no Amazonas","apura\u00e7\u00e3o dos votos no Amazonas","Apura\u00e7\u00e3o dos votos para deputado estadual no Amazonas","Apura\u00e7\u00e3o dos votos para deputado federal no Amazonas","Apura\u00e7\u00e3o dos votos para deputado no Amazonas","Apura\u00e7\u00e3o dos votos para Governador no Amazonas","Apura\u00e7\u00e3o dos votos para presidente no Amazonas","Apura\u00e7\u00e3o dos votos para senador no Amazonas","Confira a lista com nomes dos deputados estaduais eleitos no Amazonas","Confira a lista de deputados estaduais e federais eleitos no Amazonas","Confira a lista de deputados estaduais eleitos no Amazonas","Confira a lista de deputados federais eleitos no Amazonas","Confira a lista final de deputados estaduais eleitos no Amazonas","Conhe\u00e7a os deputados estaduais eleitos no Amazonas","conhecer os deputados eleitos","conhecer os deputados eleitos no Amazonas","deputados eleitos","deputados eleitos no Amazonas","deputados eleitos no Amazonas 2022","deputados estaduais eleitos","deputados estaduais eleitos no Amazonas","deputados estaduais eleitos no Amazonas 2022","deputados federais eleitos no Amazonas","Elei\u00e7\u00e3o para deputado estadual no Brasil","Elei\u00e7\u00e3o para deputado federal no Brasil","Elei\u00e7\u00e3o para governador no Brasil","Elei\u00e7\u00e3o para presidente no Brasil","Elei\u00e7\u00e3o para Senador no Brasil","Elei\u00e7\u00f5es","Elei\u00e7\u00f5es 2022","Elei\u00e7\u00f5es 2022 no Amazonas","Elei\u00e7\u00f5es 2022 no Brasil","elei\u00e7\u00f5es no Amazonas","Elei\u00e7\u00f5es no Brasil","Eleito no Amazonas","Eleitos no Amazonas","governador eleito no Amazonas","informa\u00e7\u00f5es sobre os deputados eleitos no Amazonas","lista de deputados estaduais eleitos no Amazonas","nomes dos deputados eleitos no Amazonas","Resultado das elei\u00e7\u00f5es 2022 no Amazonas","resultado das elei\u00e7\u00f5es no Amazonas","resultado elei\u00e7\u00f5es 2022 no Amazonas","senador eleito no Amazonas","vota\u00e7\u00e3o para deputado no Amazonas","vota\u00e7\u00e3o para governador no Amazonas","vota\u00e7\u00e3o para senador no Amazonas"],"articleSection":["Brasil","Elei\u00e7\u00f5es 2022"],"inLanguage":"pt-BR","potentialAction":[{"@type":"CommentAction","name":"Comment","target":["https:\/\/aconteceunovale.com.br\/portal\/?p=191059#respond"]}]},{"@type":"WebPage","@id":"https:\/\/aconteceunovale.com.br\/portal\/?p=191059","url":"https:\/\/aconteceunovale.com.br\/portal\/?p=191059","name":"Confira a lista de deputados federais eleitos no Amazonas - Aconteceu no Vale","isPartOf":{"@id":"https:\/\/aconteceunovale.com.br\/portal\/#website"},"primaryImageOfPage":{"@id":"https:\/\/aconteceunovale.com.br\/portal\/?p=191059#primaryimage"},"image":{"@id":"https:\/\/aconteceunovale.com.br\/portal\/?p=191059#primaryimage"},"thumbnailUrl":"https:\/\/aconteceunovale.com.br\/portal\/wp-content\/uploads\/2022\/10\/amazonas.jpg","datePublished":"2022-10-03T21:31:00+00:00","dateModified":"2022-10-04T13:54:32+00:00","author":{"@id":"https:\/\/aconteceunovale.com.br\/portal\/#\/schema\/person\/7d2f26d1483f8a63de73da1ee0754d35"},"breadcrumb":{"@id":"https:\/\/aconteceunovale.com.br\/portal\/?p=191059#breadcrumb"},"inLanguage":"pt-BR","potentialAction":[{"@type":"ReadAction","target":["https:\/\/aconteceunovale.com.br\/portal\/?p=191059"]}]},{"@type":"ImageObject","inLanguage":"pt-BR","@id":"https:\/\/aconteceunovale.com.br\/portal\/?p=191059#primaryimage","url":"https:\/\/aconteceunovale.com.br\/portal\/wp-content\/uploads\/2022\/10\/amazonas.jpg","contentUrl":"https:\/\/aconteceunovale.com.br\/portal\/wp-content\/uploads\/2022\/10\/amazonas.jpg","width":678,"height":355},{"@type":"BreadcrumbList","@id":"https:\/\/aconteceunovale.com.br\/portal\/?p=191059#breadcrumb","itemListElement":[{"@type":"ListItem","position":1,"name":"In\u00edcio","item":"https:\/\/aconteceunovale.com.br\/portal\/"},{"@type":"ListItem","position":2,"name":"Confira a lista de deputados federais eleitos no Amazonas"}]},{"@type":"WebSite","@id":"https:\/\/aconteceunovale.com.br\/portal\/#website","url":"https:\/\/aconteceunovale.com.br\/portal\/","name":"Aconteceu no Vale","description":"Portal de Not\u00edcias","potentialAction":[{"@type":"SearchAction","target":{"@type":"EntryPoint","urlTemplate":"https:\/\/aconteceunovale.com.br\/portal\/?s={search_term_string}"},"query-input":{"@type":"PropertyValueSpecification","valueRequired":true,"valueName":"search_term_string"}}],"inLanguage":"pt-BR"},{"@type":"Person","@id":"https:\/\/aconteceunovale.com.br\/portal\/#\/schema\/person\/7d2f26d1483f8a63de73da1ee0754d35","name":"Reda\u00e7\u00e3o Aconteceu no Vale","description":"Equipe de reportagem do Aconteceu no Vale, portal de not\u00edcias do Vale do Jequitinhonha, em Minas Gerais. Cobrimos as 51 cidades do Vale desde 2013. Sugest\u00f5es de pauta e pedidos de corre\u00e7\u00e3o: contato@aconteceunovale.com.br","url":"https:\/\/aconteceunovale.com.br\/portal\/?author=4"}]}},"_links":{"self":[{"href":"https:\/\/aconteceunovale.com.br\/portal\/index.php?rest_route=\/wp\/v2\/posts\/191059","targetHints":{"allow":["GET"]}}],"collection":[{"href":"https:\/\/aconteceunovale.com.br\/portal\/index.php?rest_route=\/wp\/v2\/posts"}],"about":[{"href":"https:\/\/aconteceunovale.com.br\/portal\/index.php?rest_route=\/wp\/v2\/types\/post"}],"author":[{"embeddable":true,"href":"https:\/\/aconteceunovale.com.br\/portal\/index.php?rest_route=\/wp\/v2\/users\/4"}],"replies":[{"embeddable":true,"href":"https:\/\/aconteceunovale.com.br\/portal\/index.php?rest_route=%2Fwp%2Fv2%2Fcomments&post=191059"}],"version-history":[{"count":2,"href":"https:\/\/aconteceunovale.com.br\/portal\/index.php?rest_route=\/wp\/v2\/posts\/191059\/revisions"}],"predecessor-version":[{"id":191136,"href":"https:\/\/aconteceunovale.com.br\/portal\/index.php?rest_route=\/wp\/v2\/posts\/191059\/revisions\/191136"}],"wp:featuredmedia":[{"embeddable":true,"href":"https:\/\/aconteceunovale.com.br\/portal\/index.php?rest_route=\/wp\/v2\/media\/191060"}],"wp:attachment":[{"href":"https:\/\/aconteceunovale.com.br\/portal\/index.php?rest_route=%2Fwp%2Fv2%2Fmedia&parent=191059"}],"wp:term":[{"taxonomy":"category","embeddable":true,"href":"https:\/\/aconteceunovale.com.br\/portal\/index.php?rest_route=%2Fwp%2Fv2%2Fcategories&post=191059"},{"taxonomy":"post_tag","embeddable":true,"href":"https:\/\/aconteceunovale.com.br\/portal\/index.php?rest_route=%2Fwp%2Fv2%2Ftags&post=191059"}],"curies":[{"name":"wp","href":"https:\/\/api.w.org\/{rel}","templated":true}]}}