{"id":191048,"date":"2022-10-02T23:22:03","date_gmt":"2022-10-03T02:22:03","guid":{"rendered":"https:\/\/aconteceunovale.com.br\/portal\/?p=191048"},"modified":"2022-10-03T17:42:31","modified_gmt":"2022-10-03T20:42:31","slug":"confira-a-lista-de-deputados-federais-eleitos-em-rondonia","status":"publish","type":"post","link":"https:\/\/aconteceunovale.com.br\/portal\/?p=191048","title":{"rendered":"Confira a lista de deputados federais eleitos em Rond\u00f4nia"},"content":{"rendered":"\n<p class=\"wp-block-paragraph\">Eleitores de Rond\u00f4nia foram \u00e0s urnas neste domingo (2\/10\/2022) e elegeram oito deputados federais.&nbsp;Confira a lista:<\/p>\n\n\n\n<ul class=\"wp-block-list\"><li>Dr. Fernando M\u00e1ximo (Uni\u00e3o Brasil) &#8211; 85.604 votos<\/li><li>S\u00edlvia Cristina (PL) &#8211; 65.012 votos<\/li><li>L\u00facio Mosquini (MDB) &#8211; 48.735 votos<\/li><li>Maur\u00edcio Carvalho (Uni\u00e3o Brasil) &#8211; 32.637 votos<\/li><li>Coronel Chris\u00f3stomo (PL) &#8211; 24.406 votos<\/li><li>Thiago Flores (MDB) &#8211; 23.791 votos<\/li><li>Cristiane Lopes (Uni\u00e3o Brasil) &#8211; 22.806 votos<\/li><li>Lebr\u00e3o (Uni\u00e3o Brasil) &#8211; 12.607 votos<\/li><li><a rel=\"noreferrer noopener\" href=\"https:\/\/aconteceunovale.com.br\/portal\/?p=190684\" target=\"_blank\">Veja a apura\u00e7\u00e3o completa (clique aqui)<\/a><\/li><\/ul>\n\n\n\n<p class=\"wp-block-paragraph\">&#8212;&#8212;&#8212;&#8212;&#8212;&#8212;<br><br><strong>Sabia que o Aconteceu no Vale est\u00e1 tamb\u00e9m no Telegram? <a rel=\"noreferrer noopener\" href=\"https:\/\/t.me\/aconteceunovaleoficial\" target=\"_blank\">Inscreva-se no canal<\/a>.<\/strong><br><br><strong>J\u00e1 curtiu ou seguiu nossas p\u00e1ginas nas redes sociais?\u00a0Receba as not\u00edcias em primeira m\u00e3o:<\/strong><br>\u2022 <a rel=\"noreferrer noopener\" href=\"https:\/\/news.google.com\/publications\/CAAqBwgKMNjklQswi4etAw?hl=pt-BR&amp;gl=BR&amp;ceid=BR%3Apt-419\" target=\"_blank\">Google News<\/a><br>\u2022 <a rel=\"noreferrer noopener\" href=\"https:\/\/www.facebook.com\/aconteceunovale\/\" target=\"_blank\">Facebook<\/a><br>\u2022 <a rel=\"noreferrer noopener\" href=\"https:\/\/twitter.com\/noticiadosvales\" target=\"_blank\">Twitter<\/a><br>\u2022 <a rel=\"noreferrer noopener\" href=\"https:\/\/www.instagram.com\/aconteceunovale\" target=\"_blank\">Instagram<\/a><br>\u2022 <a rel=\"noreferrer noopener\" href=\"https:\/\/www.youtube.com\/AconteceunoValeOficial\" target=\"_blank\">Youtube<\/a><br>\u2022 <a rel=\"noreferrer noopener\" href=\"https:\/\/www.tiktok.com\/@aconteceunovale\" target=\"_blank\">TikTok<\/a><\/p>\n","protected":false},"excerpt":{"rendered":"<p>Eleitores de Rond\u00f4nia foram \u00e0s urnas neste domingo (2\/10\/2022) e elegeram oito deputados federais.&nbsp;Confira a lista: Dr. Fernando M\u00e1ximo (Uni\u00e3o Brasil) &#8211; 85.604 votos S\u00edlvia Cristina (PL) &#8211; 65.012 votos L\u00facio Mosquini (MDB) &#8211; 48.735 votos Maur\u00edcio Carvalho (Uni\u00e3o Brasil) &#8211; 32.637 votos Coronel Chris\u00f3stomo (PL) &#8211; 24.406 votos Thiago Flores (MDB) &#8211; 23.791 votos [&hellip;]<\/p>\n","protected":false},"author":4,"featured_media":191049,"comment_status":"open","ping_status":"closed","sticky":false,"template":"","format":"standard","meta":{"amp_status":"","footnotes":""},"categories":[6,249933],"tags":[230288,263770,182234,263766,182235,263873,264472,182236,264473,264474,264475,264476,264477,264478,264479,17956,264480,264481,264482,17651,182240,17548,17954,264483,17538,182251,264484,182258,263627,263626,263625,263624,263628,718,252238,262515,263623,182262,261226,184342,264485,20451,182265,182267,182269,264486,20574,264487,182279,182299,182300,182301],"class_list":["post-191048","post","type-post","status-publish","format-standard","has-post-thumbnail","hentry","category-br","category-eleicoes-2022","tag-apuracao-das-eleicoes","tag-apuracao-das-eleicoes-2022","tag-apuracao-das-eleicoes-em-rondonia","tag-apuracao-dos-votos","tag-apuracao-dos-votos-em-rondonia","tag-apuracao-dos-votos-em-tempo-real","tag-apuracao-dos-votos-em-tempo-real-em-rondonia","tag-apuracao-dos-votos-para-deputado-em-rondonia","tag-apuracao-dos-votos-para-deputado-estadual-em-rondonia","tag-apuracao-dos-votos-para-deputado-federal-em-rondonia","tag-apuracao-dos-votos-para-governador-em-rondonia","tag-apuracao-dos-votos-para-presidente-em-rondonia","tag-apuracao-dos-votos-para-senador-em-rondonia","tag-confira-a-lista-com-nomes-dos-deputados-estaduais-eleitos-em-rondonia","tag-confira-a-lista-de-deputados-estaduais-e-federais-eleitos-em-rondonia","tag-confira-a-lista-de-deputados-estaduais-eleitos-em-rondonia","tag-confira-a-lista-de-deputados-federais-eleitos-em-rondonia","tag-confira-a-lista-final-de-deputados-estaduais-eleitos-em-rondonia","tag-conheca-os-deputados-estaduais-eleitos-em-rondonia","tag-conhecer-os-deputados-eleitos","tag-conhecer-os-deputados-eleitos-em-rondonia","tag-deputados-eleitos","tag-deputados-eleitos-em-rondonia","tag-deputados-eleitos-em-rondonia-2022","tag-deputados-estaduais-eleitos","tag-deputados-estaduais-eleitos-em-rondonia","tag-deputados-estaduais-eleitos-em-rondonia-2022","tag-deputados-federais-eleitos-em-rondonia","tag-eleicao-para-deputado-estadual-no-brasil","tag-eleicao-para-deputado-federal-no-brasil","tag-eleicao-para-governador-no-brasil","tag-eleicao-para-presidente-no-brasil","tag-eleicao-para-senador-no-brasil","tag-eleicoes","tag-eleicoes-2022","tag-eleicoes-2022-em-rondonia","tag-eleicoes-2022-no-brasil","tag-eleicoes-em-rondonia","tag-eleicoes-no-brasil","tag-eleito-em-rondonia","tag-eleitos-em-rondonia","tag-governador-eleito-em-rondonia","tag-informacoes-sobre-os-deputados-eleitos-em-rondonia","tag-lista-de-deputados-estaduais-eleitos-em-rondonia","tag-nomes-dos-deputados-eleitos-em-rondonia","tag-resultado-das-eleicoes-2022-em-rondonia","tag-resultado-das-eleicoes-em-rondonia","tag-resultado-eleicoes-2022-em-rondonia","tag-senador-eleito-em-rondonia","tag-votacao-para-deputado-em-rondonia","tag-votacao-para-governador-em-rondonia","tag-votacao-para-senador-em-rondonia"],"yoast_head":"<!-- This site is optimized with the Yoast SEO plugin v28.3 - https:\/\/yoast.com\/product\/yoast-seo-wordpress\/ -->\n<title>Confira a lista de deputados federais eleitos em Rond\u00f4nia - Aconteceu no Vale<\/title>\n<meta name=\"robots\" content=\"index, follow, max-snippet:-1, max-image-preview:large, max-video-preview:-1\" \/>\n<link rel=\"canonical\" href=\"https:\/\/aconteceunovale.com.br\/portal\/?p=191048\" \/>\n<meta property=\"og:locale\" content=\"pt_BR\" \/>\n<meta property=\"og:type\" content=\"article\" \/>\n<meta property=\"og:title\" content=\"Confira a lista de deputados federais eleitos em Rond\u00f4nia - Aconteceu no Vale\" \/>\n<meta property=\"og:description\" content=\"Eleitores de Rond\u00f4nia foram \u00e0s urnas neste domingo (2\/10\/2022) e elegeram oito deputados federais.&nbsp;Confira a lista: Dr. Fernando M\u00e1ximo (Uni\u00e3o Brasil) &#8211; 85.604 votos S\u00edlvia Cristina (PL) &#8211; 65.012 votos L\u00facio Mosquini (MDB) &#8211; 48.735 votos Maur\u00edcio Carvalho (Uni\u00e3o Brasil) &#8211; 32.637 votos Coronel Chris\u00f3stomo (PL) &#8211; 24.406 votos Thiago Flores (MDB) &#8211; 23.791 votos [&hellip;]\" \/>\n<meta property=\"og:url\" content=\"https:\/\/aconteceunovale.com.br\/portal\/?p=191048\" \/>\n<meta property=\"og:site_name\" content=\"Aconteceu no Vale\" \/>\n<meta property=\"article:publisher\" content=\"https:\/\/www.facebook.com\/aconteceunovale\/\" \/>\n<meta property=\"article:published_time\" content=\"2022-10-03T02:22:03+00:00\" \/>\n<meta property=\"article:modified_time\" content=\"2022-10-03T20:42:31+00:00\" \/>\n<meta property=\"og:image\" content=\"https:\/\/aconteceunovale.com.br\/portal\/wp-content\/uploads\/2022\/10\/rondonia.jpg\" \/>\n\t<meta property=\"og:image:width\" content=\"678\" \/>\n\t<meta property=\"og:image:height\" content=\"355\" \/>\n\t<meta property=\"og:image:type\" content=\"image\/jpeg\" \/>\n<meta name=\"author\" content=\"Reda\u00e7\u00e3o Aconteceu no Vale\" \/>\n<meta name=\"twitter:card\" content=\"summary_large_image\" \/>\n<meta name=\"twitter:creator\" content=\"@noticiadosvales\" \/>\n<meta name=\"twitter:site\" content=\"@noticiadosvales\" \/>\n<meta name=\"twitter:label1\" content=\"Escrito por\" \/>\n\t<meta name=\"twitter:data1\" content=\"Reda\u00e7\u00e3o Aconteceu no Vale\" \/>\n\t<meta name=\"twitter:label2\" content=\"Est. tempo de leitura\" \/>\n\t<meta name=\"twitter:data2\" content=\"1 minuto\" \/>\n<script type=\"application\/ld+json\" class=\"yoast-schema-graph\">{\"@context\":\"https:\\\/\\\/schema.org\",\"@graph\":[{\"@type\":\"Article\",\"@id\":\"https:\\\/\\\/aconteceunovale.com.br\\\/portal\\\/?p=191048#article\",\"isPartOf\":{\"@id\":\"https:\\\/\\\/aconteceunovale.com.br\\\/portal\\\/?p=191048\"},\"author\":{\"name\":\"Reda\u00e7\u00e3o Aconteceu no Vale\",\"@id\":\"https:\\\/\\\/aconteceunovale.com.br\\\/portal\\\/#\\\/schema\\\/person\\\/7d2f26d1483f8a63de73da1ee0754d35\"},\"headline\":\"Confira a lista de deputados federais eleitos em Rond\u00f4nia\",\"datePublished\":\"2022-10-03T02:22:03+00:00\",\"dateModified\":\"2022-10-03T20:42:31+00:00\",\"mainEntityOfPage\":{\"@id\":\"https:\\\/\\\/aconteceunovale.com.br\\\/portal\\\/?p=191048\"},\"wordCount\":129,\"commentCount\":0,\"image\":{\"@id\":\"https:\\\/\\\/aconteceunovale.com.br\\\/portal\\\/?p=191048#primaryimage\"},\"thumbnailUrl\":\"https:\\\/\\\/aconteceunovale.com.br\\\/portal\\\/wp-content\\\/uploads\\\/2022\\\/10\\\/rondonia.jpg\",\"keywords\":[\"Apura\u00e7\u00e3o das elei\u00e7\u00f5es\",\"Apura\u00e7\u00e3o das elei\u00e7\u00f5es 2022\",\"Apura\u00e7\u00e3o das elei\u00e7\u00f5es em Rond\u00f4nia\",\"Apura\u00e7\u00e3o dos votos\",\"apura\u00e7\u00e3o dos votos em Rond\u00f4nia\",\"Apura\u00e7\u00e3o dos votos em tempo real\",\"Apura\u00e7\u00e3o dos votos em tempo real em Rond\u00f4nia\",\"Apura\u00e7\u00e3o dos votos para deputado em Rond\u00f4nia\",\"Apura\u00e7\u00e3o dos votos para deputado estadual em Rond\u00f4nia\",\"Apura\u00e7\u00e3o dos votos para deputado federal em Rond\u00f4nia\",\"Apura\u00e7\u00e3o dos votos para Governador em Rond\u00f4nia\",\"Apura\u00e7\u00e3o dos votos para presidente em Rond\u00f4nia\",\"Apura\u00e7\u00e3o dos votos para senador em Rond\u00f4nia\",\"Confira a lista com nomes dos deputados estaduais eleitos em Rond\u00f4nia\",\"Confira a lista de deputados estaduais e federais eleitos em Rond\u00f4nia\",\"Confira a lista de deputados estaduais eleitos em Rond\u00f4nia\",\"Confira a lista de deputados federais eleitos em Rond\u00f4nia\",\"Confira a lista final de deputados estaduais eleitos em Rond\u00f4nia\",\"Conhe\u00e7a os deputados estaduais eleitos em Rond\u00f4nia\",\"conhecer os deputados eleitos\",\"conhecer os deputados eleitos em Rond\u00f4nia\",\"deputados eleitos\",\"deputados eleitos em Rond\u00f4nia\",\"deputados eleitos em Rond\u00f4nia 2022\",\"deputados estaduais eleitos\",\"deputados estaduais eleitos em Rond\u00f4nia\",\"deputados estaduais eleitos em Rond\u00f4nia 2022\",\"deputados federais eleitos em Rond\u00f4nia\",\"Elei\u00e7\u00e3o para deputado estadual no Brasil\",\"Elei\u00e7\u00e3o para deputado federal no Brasil\",\"Elei\u00e7\u00e3o para governador no Brasil\",\"Elei\u00e7\u00e3o para presidente no Brasil\",\"Elei\u00e7\u00e3o para Senador no Brasil\",\"Elei\u00e7\u00f5es\",\"Elei\u00e7\u00f5es 2022\",\"Elei\u00e7\u00f5es 2022 em Rond\u00f4nia\",\"Elei\u00e7\u00f5es 2022 no Brasil\",\"elei\u00e7\u00f5es em Rond\u00f4nia\",\"Elei\u00e7\u00f5es no Brasil\",\"Eleito em Rond\u00f4nia\",\"Eleitos em Rond\u00f4nia\",\"governador eleito em rond\u00f4nia\",\"informa\u00e7\u00f5es sobre os deputados eleitos em Rond\u00f4nia\",\"lista de deputados estaduais eleitos em Rond\u00f4nia\",\"nomes dos deputados eleitos em Rond\u00f4nia\",\"Resultado das elei\u00e7\u00f5es 2022 em Rond\u00f4nia\",\"resultado das elei\u00e7\u00f5es em rond\u00f4nia\",\"resultado elei\u00e7\u00f5es 2022 em Rond\u00f4nia\",\"senador eleito em Rond\u00f4nia\",\"vota\u00e7\u00e3o para deputado em Rond\u00f4nia\",\"vota\u00e7\u00e3o para governador em Rond\u00f4nia\",\"vota\u00e7\u00e3o para senador em Rond\u00f4nia\"],\"articleSection\":[\"Brasil\",\"Elei\u00e7\u00f5es 2022\"],\"inLanguage\":\"pt-BR\",\"potentialAction\":[{\"@type\":\"CommentAction\",\"name\":\"Comment\",\"target\":[\"https:\\\/\\\/aconteceunovale.com.br\\\/portal\\\/?p=191048#respond\"]}]},{\"@type\":\"WebPage\",\"@id\":\"https:\\\/\\\/aconteceunovale.com.br\\\/portal\\\/?p=191048\",\"url\":\"https:\\\/\\\/aconteceunovale.com.br\\\/portal\\\/?p=191048\",\"name\":\"Confira a lista de deputados federais eleitos em Rond\u00f4nia - Aconteceu no Vale\",\"isPartOf\":{\"@id\":\"https:\\\/\\\/aconteceunovale.com.br\\\/portal\\\/#website\"},\"primaryImageOfPage\":{\"@id\":\"https:\\\/\\\/aconteceunovale.com.br\\\/portal\\\/?p=191048#primaryimage\"},\"image\":{\"@id\":\"https:\\\/\\\/aconteceunovale.com.br\\\/portal\\\/?p=191048#primaryimage\"},\"thumbnailUrl\":\"https:\\\/\\\/aconteceunovale.com.br\\\/portal\\\/wp-content\\\/uploads\\\/2022\\\/10\\\/rondonia.jpg\",\"datePublished\":\"2022-10-03T02:22:03+00:00\",\"dateModified\":\"2022-10-03T20:42:31+00:00\",\"author\":{\"@id\":\"https:\\\/\\\/aconteceunovale.com.br\\\/portal\\\/#\\\/schema\\\/person\\\/7d2f26d1483f8a63de73da1ee0754d35\"},\"breadcrumb\":{\"@id\":\"https:\\\/\\\/aconteceunovale.com.br\\\/portal\\\/?p=191048#breadcrumb\"},\"inLanguage\":\"pt-BR\",\"potentialAction\":[{\"@type\":\"ReadAction\",\"target\":[\"https:\\\/\\\/aconteceunovale.com.br\\\/portal\\\/?p=191048\"]}]},{\"@type\":\"ImageObject\",\"inLanguage\":\"pt-BR\",\"@id\":\"https:\\\/\\\/aconteceunovale.com.br\\\/portal\\\/?p=191048#primaryimage\",\"url\":\"https:\\\/\\\/aconteceunovale.com.br\\\/portal\\\/wp-content\\\/uploads\\\/2022\\\/10\\\/rondonia.jpg\",\"contentUrl\":\"https:\\\/\\\/aconteceunovale.com.br\\\/portal\\\/wp-content\\\/uploads\\\/2022\\\/10\\\/rondonia.jpg\",\"width\":678,\"height\":355},{\"@type\":\"BreadcrumbList\",\"@id\":\"https:\\\/\\\/aconteceunovale.com.br\\\/portal\\\/?p=191048#breadcrumb\",\"itemListElement\":[{\"@type\":\"ListItem\",\"position\":1,\"name\":\"In\u00edcio\",\"item\":\"https:\\\/\\\/aconteceunovale.com.br\\\/portal\\\/\"},{\"@type\":\"ListItem\",\"position\":2,\"name\":\"Confira a lista de deputados federais eleitos em Rond\u00f4nia\"}]},{\"@type\":\"WebSite\",\"@id\":\"https:\\\/\\\/aconteceunovale.com.br\\\/portal\\\/#website\",\"url\":\"https:\\\/\\\/aconteceunovale.com.br\\\/portal\\\/\",\"name\":\"Aconteceu no Vale\",\"description\":\"Portal de Not\u00edcias\",\"potentialAction\":[{\"@type\":\"SearchAction\",\"target\":{\"@type\":\"EntryPoint\",\"urlTemplate\":\"https:\\\/\\\/aconteceunovale.com.br\\\/portal\\\/?s={search_term_string}\"},\"query-input\":{\"@type\":\"PropertyValueSpecification\",\"valueRequired\":true,\"valueName\":\"search_term_string\"}}],\"inLanguage\":\"pt-BR\"},{\"@type\":\"Person\",\"@id\":\"https:\\\/\\\/aconteceunovale.com.br\\\/portal\\\/#\\\/schema\\\/person\\\/7d2f26d1483f8a63de73da1ee0754d35\",\"name\":\"Reda\u00e7\u00e3o Aconteceu no Vale\",\"description\":\"Equipe de reportagem do Aconteceu no Vale, portal de not\u00edcias do Vale do Jequitinhonha, em Minas Gerais. Cobrimos as 51 cidades do Vale desde 2013. Sugest\u00f5es de pauta e pedidos de corre\u00e7\u00e3o: contato@aconteceunovale.com.br\",\"url\":\"https:\\\/\\\/aconteceunovale.com.br\\\/portal\\\/?author=4\"}]}<\/script>\n<!-- \/ Yoast SEO plugin. -->","yoast_head_json":{"title":"Confira a lista de deputados federais eleitos em Rond\u00f4nia - Aconteceu no Vale","robots":{"index":"index","follow":"follow","max-snippet":"max-snippet:-1","max-image-preview":"max-image-preview:large","max-video-preview":"max-video-preview:-1"},"canonical":"https:\/\/aconteceunovale.com.br\/portal\/?p=191048","og_locale":"pt_BR","og_type":"article","og_title":"Confira a lista de deputados federais eleitos em Rond\u00f4nia - Aconteceu no Vale","og_description":"Eleitores de Rond\u00f4nia foram \u00e0s urnas neste domingo (2\/10\/2022) e elegeram oito deputados federais.&nbsp;Confira a lista: Dr. Fernando M\u00e1ximo (Uni\u00e3o Brasil) &#8211; 85.604 votos S\u00edlvia Cristina (PL) &#8211; 65.012 votos L\u00facio Mosquini (MDB) &#8211; 48.735 votos Maur\u00edcio Carvalho (Uni\u00e3o Brasil) &#8211; 32.637 votos Coronel Chris\u00f3stomo (PL) &#8211; 24.406 votos Thiago Flores (MDB) &#8211; 23.791 votos [&hellip;]","og_url":"https:\/\/aconteceunovale.com.br\/portal\/?p=191048","og_site_name":"Aconteceu no Vale","article_publisher":"https:\/\/www.facebook.com\/aconteceunovale\/","article_published_time":"2022-10-03T02:22:03+00:00","article_modified_time":"2022-10-03T20:42:31+00:00","og_image":[{"width":678,"height":355,"url":"https:\/\/aconteceunovale.com.br\/portal\/wp-content\/uploads\/2022\/10\/rondonia.jpg","type":"image\/jpeg"}],"author":"Reda\u00e7\u00e3o Aconteceu no Vale","twitter_card":"summary_large_image","twitter_creator":"@noticiadosvales","twitter_site":"@noticiadosvales","twitter_misc":{"Escrito por":"Reda\u00e7\u00e3o Aconteceu no Vale","Est. tempo de leitura":"1 minuto"},"schema":{"@context":"https:\/\/schema.org","@graph":[{"@type":"Article","@id":"https:\/\/aconteceunovale.com.br\/portal\/?p=191048#article","isPartOf":{"@id":"https:\/\/aconteceunovale.com.br\/portal\/?p=191048"},"author":{"name":"Reda\u00e7\u00e3o Aconteceu no Vale","@id":"https:\/\/aconteceunovale.com.br\/portal\/#\/schema\/person\/7d2f26d1483f8a63de73da1ee0754d35"},"headline":"Confira a lista de deputados federais eleitos em Rond\u00f4nia","datePublished":"2022-10-03T02:22:03+00:00","dateModified":"2022-10-03T20:42:31+00:00","mainEntityOfPage":{"@id":"https:\/\/aconteceunovale.com.br\/portal\/?p=191048"},"wordCount":129,"commentCount":0,"image":{"@id":"https:\/\/aconteceunovale.com.br\/portal\/?p=191048#primaryimage"},"thumbnailUrl":"https:\/\/aconteceunovale.com.br\/portal\/wp-content\/uploads\/2022\/10\/rondonia.jpg","keywords":["Apura\u00e7\u00e3o das elei\u00e7\u00f5es","Apura\u00e7\u00e3o das elei\u00e7\u00f5es 2022","Apura\u00e7\u00e3o das elei\u00e7\u00f5es em Rond\u00f4nia","Apura\u00e7\u00e3o dos votos","apura\u00e7\u00e3o dos votos em Rond\u00f4nia","Apura\u00e7\u00e3o dos votos em tempo real","Apura\u00e7\u00e3o dos votos em tempo real em Rond\u00f4nia","Apura\u00e7\u00e3o dos votos para deputado em Rond\u00f4nia","Apura\u00e7\u00e3o dos votos para deputado estadual em Rond\u00f4nia","Apura\u00e7\u00e3o dos votos para deputado federal em Rond\u00f4nia","Apura\u00e7\u00e3o dos votos para Governador em Rond\u00f4nia","Apura\u00e7\u00e3o dos votos para presidente em Rond\u00f4nia","Apura\u00e7\u00e3o dos votos para senador em Rond\u00f4nia","Confira a lista com nomes dos deputados estaduais eleitos em Rond\u00f4nia","Confira a lista de deputados estaduais e federais eleitos em Rond\u00f4nia","Confira a lista de deputados estaduais eleitos em Rond\u00f4nia","Confira a lista de deputados federais eleitos em Rond\u00f4nia","Confira a lista final de deputados estaduais eleitos em Rond\u00f4nia","Conhe\u00e7a os deputados estaduais eleitos em Rond\u00f4nia","conhecer os deputados eleitos","conhecer os deputados eleitos em Rond\u00f4nia","deputados eleitos","deputados eleitos em Rond\u00f4nia","deputados eleitos em Rond\u00f4nia 2022","deputados estaduais eleitos","deputados estaduais eleitos em Rond\u00f4nia","deputados estaduais eleitos em Rond\u00f4nia 2022","deputados federais eleitos em Rond\u00f4nia","Elei\u00e7\u00e3o para deputado estadual no Brasil","Elei\u00e7\u00e3o para deputado federal no Brasil","Elei\u00e7\u00e3o para governador no Brasil","Elei\u00e7\u00e3o para presidente no Brasil","Elei\u00e7\u00e3o para Senador no Brasil","Elei\u00e7\u00f5es","Elei\u00e7\u00f5es 2022","Elei\u00e7\u00f5es 2022 em Rond\u00f4nia","Elei\u00e7\u00f5es 2022 no Brasil","elei\u00e7\u00f5es em Rond\u00f4nia","Elei\u00e7\u00f5es no Brasil","Eleito em Rond\u00f4nia","Eleitos em Rond\u00f4nia","governador eleito em rond\u00f4nia","informa\u00e7\u00f5es sobre os deputados eleitos em Rond\u00f4nia","lista de deputados estaduais eleitos em Rond\u00f4nia","nomes dos deputados eleitos em Rond\u00f4nia","Resultado das elei\u00e7\u00f5es 2022 em Rond\u00f4nia","resultado das elei\u00e7\u00f5es em rond\u00f4nia","resultado elei\u00e7\u00f5es 2022 em Rond\u00f4nia","senador eleito em Rond\u00f4nia","vota\u00e7\u00e3o para deputado em Rond\u00f4nia","vota\u00e7\u00e3o para governador em Rond\u00f4nia","vota\u00e7\u00e3o para senador em Rond\u00f4nia"],"articleSection":["Brasil","Elei\u00e7\u00f5es 2022"],"inLanguage":"pt-BR","potentialAction":[{"@type":"CommentAction","name":"Comment","target":["https:\/\/aconteceunovale.com.br\/portal\/?p=191048#respond"]}]},{"@type":"WebPage","@id":"https:\/\/aconteceunovale.com.br\/portal\/?p=191048","url":"https:\/\/aconteceunovale.com.br\/portal\/?p=191048","name":"Confira a lista de deputados federais eleitos em Rond\u00f4nia - Aconteceu no Vale","isPartOf":{"@id":"https:\/\/aconteceunovale.com.br\/portal\/#website"},"primaryImageOfPage":{"@id":"https:\/\/aconteceunovale.com.br\/portal\/?p=191048#primaryimage"},"image":{"@id":"https:\/\/aconteceunovale.com.br\/portal\/?p=191048#primaryimage"},"thumbnailUrl":"https:\/\/aconteceunovale.com.br\/portal\/wp-content\/uploads\/2022\/10\/rondonia.jpg","datePublished":"2022-10-03T02:22:03+00:00","dateModified":"2022-10-03T20:42:31+00:00","author":{"@id":"https:\/\/aconteceunovale.com.br\/portal\/#\/schema\/person\/7d2f26d1483f8a63de73da1ee0754d35"},"breadcrumb":{"@id":"https:\/\/aconteceunovale.com.br\/portal\/?p=191048#breadcrumb"},"inLanguage":"pt-BR","potentialAction":[{"@type":"ReadAction","target":["https:\/\/aconteceunovale.com.br\/portal\/?p=191048"]}]},{"@type":"ImageObject","inLanguage":"pt-BR","@id":"https:\/\/aconteceunovale.com.br\/portal\/?p=191048#primaryimage","url":"https:\/\/aconteceunovale.com.br\/portal\/wp-content\/uploads\/2022\/10\/rondonia.jpg","contentUrl":"https:\/\/aconteceunovale.com.br\/portal\/wp-content\/uploads\/2022\/10\/rondonia.jpg","width":678,"height":355},{"@type":"BreadcrumbList","@id":"https:\/\/aconteceunovale.com.br\/portal\/?p=191048#breadcrumb","itemListElement":[{"@type":"ListItem","position":1,"name":"In\u00edcio","item":"https:\/\/aconteceunovale.com.br\/portal\/"},{"@type":"ListItem","position":2,"name":"Confira a lista de deputados federais eleitos em Rond\u00f4nia"}]},{"@type":"WebSite","@id":"https:\/\/aconteceunovale.com.br\/portal\/#website","url":"https:\/\/aconteceunovale.com.br\/portal\/","name":"Aconteceu no Vale","description":"Portal de Not\u00edcias","potentialAction":[{"@type":"SearchAction","target":{"@type":"EntryPoint","urlTemplate":"https:\/\/aconteceunovale.com.br\/portal\/?s={search_term_string}"},"query-input":{"@type":"PropertyValueSpecification","valueRequired":true,"valueName":"search_term_string"}}],"inLanguage":"pt-BR"},{"@type":"Person","@id":"https:\/\/aconteceunovale.com.br\/portal\/#\/schema\/person\/7d2f26d1483f8a63de73da1ee0754d35","name":"Reda\u00e7\u00e3o Aconteceu no Vale","description":"Equipe de reportagem do Aconteceu no Vale, portal de not\u00edcias do Vale do Jequitinhonha, em Minas Gerais. Cobrimos as 51 cidades do Vale desde 2013. Sugest\u00f5es de pauta e pedidos de corre\u00e7\u00e3o: contato@aconteceunovale.com.br","url":"https:\/\/aconteceunovale.com.br\/portal\/?author=4"}]}},"_links":{"self":[{"href":"https:\/\/aconteceunovale.com.br\/portal\/index.php?rest_route=\/wp\/v2\/posts\/191048","targetHints":{"allow":["GET"]}}],"collection":[{"href":"https:\/\/aconteceunovale.com.br\/portal\/index.php?rest_route=\/wp\/v2\/posts"}],"about":[{"href":"https:\/\/aconteceunovale.com.br\/portal\/index.php?rest_route=\/wp\/v2\/types\/post"}],"author":[{"embeddable":true,"href":"https:\/\/aconteceunovale.com.br\/portal\/index.php?rest_route=\/wp\/v2\/users\/4"}],"replies":[{"embeddable":true,"href":"https:\/\/aconteceunovale.com.br\/portal\/index.php?rest_route=%2Fwp%2Fv2%2Fcomments&post=191048"}],"version-history":[{"count":1,"href":"https:\/\/aconteceunovale.com.br\/portal\/index.php?rest_route=\/wp\/v2\/posts\/191048\/revisions"}],"predecessor-version":[{"id":191050,"href":"https:\/\/aconteceunovale.com.br\/portal\/index.php?rest_route=\/wp\/v2\/posts\/191048\/revisions\/191050"}],"wp:featuredmedia":[{"embeddable":true,"href":"https:\/\/aconteceunovale.com.br\/portal\/index.php?rest_route=\/wp\/v2\/media\/191049"}],"wp:attachment":[{"href":"https:\/\/aconteceunovale.com.br\/portal\/index.php?rest_route=%2Fwp%2Fv2%2Fmedia&parent=191048"}],"wp:term":[{"taxonomy":"category","embeddable":true,"href":"https:\/\/aconteceunovale.com.br\/portal\/index.php?rest_route=%2Fwp%2Fv2%2Fcategories&post=191048"},{"taxonomy":"post_tag","embeddable":true,"href":"https:\/\/aconteceunovale.com.br\/portal\/index.php?rest_route=%2Fwp%2Fv2%2Ftags&post=191048"}],"curies":[{"name":"wp","href":"https:\/\/api.w.org\/{rel}","templated":true}]}}