{"id":191017,"date":"2022-10-03T02:15:31","date_gmt":"2022-10-03T05:15:31","guid":{"rendered":"https:\/\/aconteceunovale.com.br\/portal\/?p=191017"},"modified":"2022-10-03T16:33:16","modified_gmt":"2022-10-03T19:33:16","slug":"confira-a-lista-de-deputados-federais-eleitos-no-para","status":"publish","type":"post","link":"https:\/\/aconteceunovale.com.br\/portal\/?p=191017","title":{"rendered":"Confira a lista de deputados federais eleitos no Par\u00e1"},"content":{"rendered":"\n<p class=\"wp-block-paragraph\">Eleitores do Par\u00e1 foram \u00e0s urnas neste domingo (2\/10\/2022) e elegeram 17 deputados federais.&nbsp;Confira a lista:<\/p>\n\n\n\n<ul class=\"wp-block-list\"><li>Dra. Alessandra Haber (MDB) &#8211; 258.907 votos<\/li><li>Delegado Eder Mauro (PL) &#8211; 205.543 votos<\/li><li>Elcione (MDB) &#8211; 175.498 votos<\/li><li>Priante (MDB) &#8211; 167.275 votos<\/li><li>Renilce Nicodemos (MDB) &#8211; 162.208 votos<\/li><li>J\u00fanior Ferrari (PSD) &#8211; 160.342 votos<\/li><li>Dilvania Faro (PT) &#8211; 150.065 votos<\/li><li>Celso Sabino (Uni\u00e3o Brasil) &#8211; 142.326 votos<\/li><li>Ant\u00f4nio Doido (MDB) &#8211; 126.535 votos<\/li><li>Keniston (MDB) &#8211; 126.027 votos<\/li><li>Andreia Siqueira (MDB) &#8211; 125.004 votos<\/li><li>Joaquim Passarinho (PL) &#8211; 122.553 votos<\/li><li>Delegado Caveira (PL) &#8211; 106.349 votos<\/li><li>Olival Marques (MDB) &#8211; 102.435 votos<\/li><li>Airton Faleiro (PT) &#8211; 79.862 votos<\/li><li>Henderson Pinto (MDB) &#8211; 74.746 votos<\/li><li>Raimundo Santos (PSD) &#8211; 62.366 votos<\/li><li><a rel=\"noreferrer noopener\" href=\"https:\/\/aconteceunovale.com.br\/portal\/?p=190684\" target=\"_blank\">Confira a apura\u00e7\u00e3o completa (clique aqui)<\/a><\/li><\/ul>\n\n\n\n<p class=\"wp-block-paragraph\">&#8212;&#8212;&#8212;&#8212;&#8212;&#8212;<br><br><strong>Sabia que o Aconteceu no Vale est\u00e1 tamb\u00e9m no Telegram? <a rel=\"noreferrer noopener\" href=\"https:\/\/t.me\/aconteceunovaleoficial\" target=\"_blank\">Inscreva-se no canal<\/a>.<\/strong><br><br><strong>J\u00e1 curtiu ou seguiu nossas p\u00e1ginas nas redes sociais?\u00a0Receba as not\u00edcias em primeira m\u00e3o:<\/strong><br>\u2022 <a rel=\"noreferrer noopener\" href=\"https:\/\/news.google.com\/publications\/CAAqBwgKMNjklQswi4etAw?hl=pt-BR&amp;gl=BR&amp;ceid=BR%3Apt-419\" target=\"_blank\">Google News<\/a><br>\u2022 <a rel=\"noreferrer noopener\" href=\"https:\/\/www.facebook.com\/aconteceunovale\/\" target=\"_blank\">Facebook<\/a><br>\u2022 <a rel=\"noreferrer noopener\" href=\"https:\/\/twitter.com\/noticiadosvales\" target=\"_blank\">Twitter<\/a><br>\u2022 <a rel=\"noreferrer noopener\" href=\"https:\/\/www.instagram.com\/aconteceunovale\" target=\"_blank\">Instagram<\/a><br>\u2022 <a rel=\"noreferrer noopener\" href=\"https:\/\/www.youtube.com\/AconteceunoValeOficial\" target=\"_blank\">Youtube<\/a><br>\u2022 <a rel=\"noreferrer noopener\" href=\"https:\/\/www.tiktok.com\/@aconteceunovale\" target=\"_blank\">TikTok<\/a><\/p>\n","protected":false},"excerpt":{"rendered":"<p>Eleitores do Par\u00e1 foram \u00e0s urnas neste domingo (2\/10\/2022) e elegeram 17 deputados federais.&nbsp;Confira a lista: Dra. Alessandra Haber (MDB) &#8211; 258.907 votos Delegado Eder Mauro (PL) &#8211; 205.543 votos Elcione (MDB) &#8211; 175.498 votos Priante (MDB) &#8211; 167.275 votos Renilce Nicodemos (MDB) &#8211; 162.208 votos J\u00fanior Ferrari (PSD) &#8211; 160.342 votos Dilvania Faro (PT) [&hellip;]<\/p>\n","protected":false},"author":4,"featured_media":191018,"comment_status":"open","ping_status":"closed","sticky":false,"template":"","format":"standard","meta":{"amp_status":"","footnotes":""},"categories":[6,249933],"tags":[230288,263770,264204,263766,263873,264205,184388,264207,264208,264206,264209,264210,264211,264212,264213,17938,264214,264215,264216,17651,264217,17548,17936,264218,264219,17538,264220,264221,264222,264223,263627,263626,263625,263624,263628,718,252238,263623,262286,261226,264177,264224,264225,20461,264226,264227,264228,264229,20578,264230,264231,264232,264233,264234],"class_list":["post-191017","post","type-post","status-publish","format-standard","has-post-thumbnail","hentry","category-br","category-eleicoes-2022","tag-apuracao-das-eleicoes","tag-apuracao-das-eleicoes-2022","tag-apuracao-das-eleicoes-no-para","tag-apuracao-dos-votos","tag-apuracao-dos-votos-em-tempo-real","tag-apuracao-dos-votos-em-tempo-real-no-para","tag-apuracao-dos-votos-no-para","tag-apuracao-dos-votos-para-deputado-estadual-no-para","tag-apuracao-dos-votos-para-deputado-federal-no-para","tag-apuracao-dos-votos-para-deputado-no-para","tag-apuracao-dos-votos-para-governador-no-para","tag-apuracao-dos-votos-para-presidente-no-para","tag-apuracao-dos-votos-para-senador-no-para","tag-confira-a-lista-com-nomes-dos-deputados-estaduais-eleitos-no-para","tag-confira-a-lista-de-deputados-estaduais-e-federais-eleitos-no-para","tag-confira-a-lista-de-deputados-estaduais-eleitos-no-para","tag-confira-a-lista-de-deputados-federais-eleitos-no-para","tag-confira-a-lista-final-de-deputados-estaduais-eleitos-no-para","tag-conheca-os-deputados-estaduais-eleitos-no-para","tag-conhecer-os-deputados-eleitos","tag-conhecer-os-deputados-eleitos-no-para","tag-deputados-eleitos","tag-deputados-eleitos-no-para","tag-deputados-eleitos-no-para-2022","tag-deputados-eleitos-para","tag-deputados-estaduais-eleitos","tag-deputados-estaduais-eleitos-no-para","tag-deputados-estaduais-eleitos-no-para-2022","tag-deputados-estaduais-eleitos-para","tag-deputados-federais-eleitos-no-para","tag-eleicao-para-deputado-estadual-no-brasil","tag-eleicao-para-deputado-federal-no-brasil","tag-eleicao-para-governador-no-brasil","tag-eleicao-para-presidente-no-brasil","tag-eleicao-para-senador-no-brasil","tag-eleicoes","tag-eleicoes-2022","tag-eleicoes-2022-no-brasil","tag-eleicoes-2022-no-para","tag-eleicoes-no-brasil","tag-eleicoes-no-para","tag-eleito-para","tag-eleitos-no-para","tag-governador-eleito-no-para","tag-informacoes-sobre-os-deputados-eleitos-no-para","tag-lista-de-deputados-estaduais-eleitos-no-para","tag-nomes-dos-deputados-eleitos-no-para","tag-resultado-das-eleicoes-2022-no-para","tag-resultado-das-eleicoes-no-para","tag-resultado-eleicoes-2022-no-para","tag-senador-eleito-no-para","tag-votacao-para-deputado-no-para","tag-votacao-para-governador-no-para","tag-votacao-para-senador-no-para"],"yoast_head":"<!-- This site is optimized with the Yoast SEO plugin v28.3 - https:\/\/yoast.com\/product\/yoast-seo-wordpress\/ -->\n<title>Confira a lista de deputados federais eleitos no Par\u00e1 - Aconteceu no Vale<\/title>\n<meta name=\"robots\" content=\"index, follow, max-snippet:-1, max-image-preview:large, max-video-preview:-1\" \/>\n<link rel=\"canonical\" href=\"https:\/\/aconteceunovale.com.br\/portal\/?p=191017\" \/>\n<meta property=\"og:locale\" content=\"pt_BR\" \/>\n<meta property=\"og:type\" content=\"article\" \/>\n<meta property=\"og:title\" content=\"Confira a lista de deputados federais eleitos no Par\u00e1 - Aconteceu no Vale\" \/>\n<meta property=\"og:description\" content=\"Eleitores do Par\u00e1 foram \u00e0s urnas neste domingo (2\/10\/2022) e elegeram 17 deputados federais.&nbsp;Confira a lista: Dra. Alessandra Haber (MDB) &#8211; 258.907 votos Delegado Eder Mauro (PL) &#8211; 205.543 votos Elcione (MDB) &#8211; 175.498 votos Priante (MDB) &#8211; 167.275 votos Renilce Nicodemos (MDB) &#8211; 162.208 votos J\u00fanior Ferrari (PSD) &#8211; 160.342 votos Dilvania Faro (PT) [&hellip;]\" \/>\n<meta property=\"og:url\" content=\"https:\/\/aconteceunovale.com.br\/portal\/?p=191017\" \/>\n<meta property=\"og:site_name\" content=\"Aconteceu no Vale\" \/>\n<meta property=\"article:publisher\" content=\"https:\/\/www.facebook.com\/aconteceunovale\/\" \/>\n<meta property=\"article:published_time\" content=\"2022-10-03T05:15:31+00:00\" \/>\n<meta property=\"article:modified_time\" content=\"2022-10-03T19:33:16+00:00\" \/>\n<meta property=\"og:image\" content=\"https:\/\/aconteceunovale.com.br\/portal\/wp-content\/uploads\/2022\/10\/para.jpg\" \/>\n\t<meta property=\"og:image:width\" content=\"678\" \/>\n\t<meta property=\"og:image:height\" content=\"355\" \/>\n\t<meta property=\"og:image:type\" content=\"image\/jpeg\" \/>\n<meta name=\"author\" content=\"Reda\u00e7\u00e3o Aconteceu no Vale\" \/>\n<meta name=\"twitter:card\" content=\"summary_large_image\" \/>\n<meta name=\"twitter:creator\" content=\"@noticiadosvales\" \/>\n<meta name=\"twitter:site\" content=\"@noticiadosvales\" \/>\n<meta name=\"twitter:label1\" content=\"Escrito por\" \/>\n\t<meta name=\"twitter:data1\" content=\"Reda\u00e7\u00e3o Aconteceu no Vale\" \/>\n\t<meta name=\"twitter:label2\" content=\"Est. tempo de leitura\" \/>\n\t<meta name=\"twitter:data2\" content=\"1 minuto\" \/>\n<script type=\"application\/ld+json\" class=\"yoast-schema-graph\">{\"@context\":\"https:\\\/\\\/schema.org\",\"@graph\":[{\"@type\":\"Article\",\"@id\":\"https:\\\/\\\/aconteceunovale.com.br\\\/portal\\\/?p=191017#article\",\"isPartOf\":{\"@id\":\"https:\\\/\\\/aconteceunovale.com.br\\\/portal\\\/?p=191017\"},\"author\":{\"name\":\"Reda\u00e7\u00e3o Aconteceu no Vale\",\"@id\":\"https:\\\/\\\/aconteceunovale.com.br\\\/portal\\\/#\\\/schema\\\/person\\\/7d2f26d1483f8a63de73da1ee0754d35\"},\"headline\":\"Confira a lista de deputados federais eleitos no Par\u00e1\",\"datePublished\":\"2022-10-03T05:15:31+00:00\",\"dateModified\":\"2022-10-03T19:33:16+00:00\",\"mainEntityOfPage\":{\"@id\":\"https:\\\/\\\/aconteceunovale.com.br\\\/portal\\\/?p=191017\"},\"wordCount\":160,\"commentCount\":0,\"image\":{\"@id\":\"https:\\\/\\\/aconteceunovale.com.br\\\/portal\\\/?p=191017#primaryimage\"},\"thumbnailUrl\":\"https:\\\/\\\/aconteceunovale.com.br\\\/portal\\\/wp-content\\\/uploads\\\/2022\\\/10\\\/para.jpg\",\"keywords\":[\"Apura\u00e7\u00e3o das elei\u00e7\u00f5es\",\"Apura\u00e7\u00e3o das elei\u00e7\u00f5es 2022\",\"Apura\u00e7\u00e3o das elei\u00e7\u00f5es no Par\u00e1\",\"Apura\u00e7\u00e3o dos votos\",\"Apura\u00e7\u00e3o dos votos em tempo real\",\"Apura\u00e7\u00e3o dos votos em tempo real no Par\u00e1\",\"apura\u00e7\u00e3o dos votos no Par\u00e1\",\"Apura\u00e7\u00e3o dos votos para deputado estadual no Par\u00e1\",\"Apura\u00e7\u00e3o dos votos para deputado federal no Par\u00e1\",\"Apura\u00e7\u00e3o dos votos para deputado no Par\u00e1\",\"Apura\u00e7\u00e3o dos votos para Governador no Par\u00e1\",\"Apura\u00e7\u00e3o dos votos para presidente no Par\u00e1\",\"Apura\u00e7\u00e3o dos votos para senador no Par\u00e1\",\"Confira a lista com nomes dos deputados estaduais eleitos no Par\u00e1\",\"Confira a lista de deputados estaduais e federais eleitos no Par\u00e1\",\"Confira a lista de deputados estaduais eleitos no Par\u00e1\",\"Confira a lista de deputados federais eleitos no Par\u00e1\",\"Confira a lista final de deputados estaduais eleitos no Par\u00e1\",\"Conhe\u00e7a os deputados estaduais eleitos no Par\u00e1\",\"conhecer os deputados eleitos\",\"conhecer os deputados eleitos no Par\u00e1\",\"deputados eleitos\",\"deputados eleitos no Par\u00e1\",\"deputados eleitos no Par\u00e1 2022\",\"deputados eleitos Par\u00e1\",\"deputados estaduais eleitos\",\"deputados estaduais eleitos no Par\u00e1\",\"deputados estaduais eleitos no Par\u00e1 2022\",\"deputados estaduais eleitos Par\u00e1\",\"deputados federais eleitos no Par\u00e1\",\"Elei\u00e7\u00e3o para deputado estadual no Brasil\",\"Elei\u00e7\u00e3o para deputado federal no Brasil\",\"Elei\u00e7\u00e3o para governador no Brasil\",\"Elei\u00e7\u00e3o para presidente no Brasil\",\"Elei\u00e7\u00e3o para Senador no Brasil\",\"Elei\u00e7\u00f5es\",\"Elei\u00e7\u00f5es 2022\",\"Elei\u00e7\u00f5es 2022 no Brasil\",\"Elei\u00e7\u00f5es 2022 no Par\u00e1\",\"Elei\u00e7\u00f5es no Brasil\",\"Elei\u00e7\u00f5es no Par\u00e1\",\"Eleito Par\u00e1\",\"Eleitos no Par\u00e1\",\"governador eleito no par\u00e1\",\"informa\u00e7\u00f5es sobre os deputados eleitos no Par\u00e1\",\"lista de deputados estaduais eleitos no Par\u00e1\",\"nomes dos deputados eleitos no Par\u00e1\",\"Resultado das elei\u00e7\u00f5es 2022 no Par\u00e1\",\"resultado das elei\u00e7\u00f5es no par\u00e1\",\"resultado elei\u00e7\u00f5es 2022 no Par\u00e1\",\"senador eleito no Par\u00e1\",\"vota\u00e7\u00e3o para deputado no Par\u00e1\",\"vota\u00e7\u00e3o para governador no Par\u00e1\",\"vota\u00e7\u00e3o para senador no Par\u00e1\"],\"articleSection\":[\"Brasil\",\"Elei\u00e7\u00f5es 2022\"],\"inLanguage\":\"pt-BR\",\"potentialAction\":[{\"@type\":\"CommentAction\",\"name\":\"Comment\",\"target\":[\"https:\\\/\\\/aconteceunovale.com.br\\\/portal\\\/?p=191017#respond\"]}]},{\"@type\":\"WebPage\",\"@id\":\"https:\\\/\\\/aconteceunovale.com.br\\\/portal\\\/?p=191017\",\"url\":\"https:\\\/\\\/aconteceunovale.com.br\\\/portal\\\/?p=191017\",\"name\":\"Confira a lista de deputados federais eleitos no Par\u00e1 - Aconteceu no Vale\",\"isPartOf\":{\"@id\":\"https:\\\/\\\/aconteceunovale.com.br\\\/portal\\\/#website\"},\"primaryImageOfPage\":{\"@id\":\"https:\\\/\\\/aconteceunovale.com.br\\\/portal\\\/?p=191017#primaryimage\"},\"image\":{\"@id\":\"https:\\\/\\\/aconteceunovale.com.br\\\/portal\\\/?p=191017#primaryimage\"},\"thumbnailUrl\":\"https:\\\/\\\/aconteceunovale.com.br\\\/portal\\\/wp-content\\\/uploads\\\/2022\\\/10\\\/para.jpg\",\"datePublished\":\"2022-10-03T05:15:31+00:00\",\"dateModified\":\"2022-10-03T19:33:16+00:00\",\"author\":{\"@id\":\"https:\\\/\\\/aconteceunovale.com.br\\\/portal\\\/#\\\/schema\\\/person\\\/7d2f26d1483f8a63de73da1ee0754d35\"},\"breadcrumb\":{\"@id\":\"https:\\\/\\\/aconteceunovale.com.br\\\/portal\\\/?p=191017#breadcrumb\"},\"inLanguage\":\"pt-BR\",\"potentialAction\":[{\"@type\":\"ReadAction\",\"target\":[\"https:\\\/\\\/aconteceunovale.com.br\\\/portal\\\/?p=191017\"]}]},{\"@type\":\"ImageObject\",\"inLanguage\":\"pt-BR\",\"@id\":\"https:\\\/\\\/aconteceunovale.com.br\\\/portal\\\/?p=191017#primaryimage\",\"url\":\"https:\\\/\\\/aconteceunovale.com.br\\\/portal\\\/wp-content\\\/uploads\\\/2022\\\/10\\\/para.jpg\",\"contentUrl\":\"https:\\\/\\\/aconteceunovale.com.br\\\/portal\\\/wp-content\\\/uploads\\\/2022\\\/10\\\/para.jpg\",\"width\":678,\"height\":355},{\"@type\":\"BreadcrumbList\",\"@id\":\"https:\\\/\\\/aconteceunovale.com.br\\\/portal\\\/?p=191017#breadcrumb\",\"itemListElement\":[{\"@type\":\"ListItem\",\"position\":1,\"name\":\"In\u00edcio\",\"item\":\"https:\\\/\\\/aconteceunovale.com.br\\\/portal\\\/\"},{\"@type\":\"ListItem\",\"position\":2,\"name\":\"Confira a lista de deputados federais eleitos no Par\u00e1\"}]},{\"@type\":\"WebSite\",\"@id\":\"https:\\\/\\\/aconteceunovale.com.br\\\/portal\\\/#website\",\"url\":\"https:\\\/\\\/aconteceunovale.com.br\\\/portal\\\/\",\"name\":\"Aconteceu no Vale\",\"description\":\"Portal de Not\u00edcias\",\"potentialAction\":[{\"@type\":\"SearchAction\",\"target\":{\"@type\":\"EntryPoint\",\"urlTemplate\":\"https:\\\/\\\/aconteceunovale.com.br\\\/portal\\\/?s={search_term_string}\"},\"query-input\":{\"@type\":\"PropertyValueSpecification\",\"valueRequired\":true,\"valueName\":\"search_term_string\"}}],\"inLanguage\":\"pt-BR\"},{\"@type\":\"Person\",\"@id\":\"https:\\\/\\\/aconteceunovale.com.br\\\/portal\\\/#\\\/schema\\\/person\\\/7d2f26d1483f8a63de73da1ee0754d35\",\"name\":\"Reda\u00e7\u00e3o Aconteceu no Vale\",\"description\":\"Equipe de reportagem do Aconteceu no Vale, portal de not\u00edcias do Vale do Jequitinhonha, em Minas Gerais. Cobrimos as 51 cidades do Vale desde 2013. Sugest\u00f5es de pauta e pedidos de corre\u00e7\u00e3o: contato@aconteceunovale.com.br\",\"url\":\"https:\\\/\\\/aconteceunovale.com.br\\\/portal\\\/?author=4\"}]}<\/script>\n<!-- \/ Yoast SEO plugin. -->","yoast_head_json":{"title":"Confira a lista de deputados federais eleitos no Par\u00e1 - Aconteceu no Vale","robots":{"index":"index","follow":"follow","max-snippet":"max-snippet:-1","max-image-preview":"max-image-preview:large","max-video-preview":"max-video-preview:-1"},"canonical":"https:\/\/aconteceunovale.com.br\/portal\/?p=191017","og_locale":"pt_BR","og_type":"article","og_title":"Confira a lista de deputados federais eleitos no Par\u00e1 - Aconteceu no Vale","og_description":"Eleitores do Par\u00e1 foram \u00e0s urnas neste domingo (2\/10\/2022) e elegeram 17 deputados federais.&nbsp;Confira a lista: Dra. Alessandra Haber (MDB) &#8211; 258.907 votos Delegado Eder Mauro (PL) &#8211; 205.543 votos Elcione (MDB) &#8211; 175.498 votos Priante (MDB) &#8211; 167.275 votos Renilce Nicodemos (MDB) &#8211; 162.208 votos J\u00fanior Ferrari (PSD) &#8211; 160.342 votos Dilvania Faro (PT) [&hellip;]","og_url":"https:\/\/aconteceunovale.com.br\/portal\/?p=191017","og_site_name":"Aconteceu no Vale","article_publisher":"https:\/\/www.facebook.com\/aconteceunovale\/","article_published_time":"2022-10-03T05:15:31+00:00","article_modified_time":"2022-10-03T19:33:16+00:00","og_image":[{"width":678,"height":355,"url":"https:\/\/aconteceunovale.com.br\/portal\/wp-content\/uploads\/2022\/10\/para.jpg","type":"image\/jpeg"}],"author":"Reda\u00e7\u00e3o Aconteceu no Vale","twitter_card":"summary_large_image","twitter_creator":"@noticiadosvales","twitter_site":"@noticiadosvales","twitter_misc":{"Escrito por":"Reda\u00e7\u00e3o Aconteceu no Vale","Est. tempo de leitura":"1 minuto"},"schema":{"@context":"https:\/\/schema.org","@graph":[{"@type":"Article","@id":"https:\/\/aconteceunovale.com.br\/portal\/?p=191017#article","isPartOf":{"@id":"https:\/\/aconteceunovale.com.br\/portal\/?p=191017"},"author":{"name":"Reda\u00e7\u00e3o Aconteceu no Vale","@id":"https:\/\/aconteceunovale.com.br\/portal\/#\/schema\/person\/7d2f26d1483f8a63de73da1ee0754d35"},"headline":"Confira a lista de deputados federais eleitos no Par\u00e1","datePublished":"2022-10-03T05:15:31+00:00","dateModified":"2022-10-03T19:33:16+00:00","mainEntityOfPage":{"@id":"https:\/\/aconteceunovale.com.br\/portal\/?p=191017"},"wordCount":160,"commentCount":0,"image":{"@id":"https:\/\/aconteceunovale.com.br\/portal\/?p=191017#primaryimage"},"thumbnailUrl":"https:\/\/aconteceunovale.com.br\/portal\/wp-content\/uploads\/2022\/10\/para.jpg","keywords":["Apura\u00e7\u00e3o das elei\u00e7\u00f5es","Apura\u00e7\u00e3o das elei\u00e7\u00f5es 2022","Apura\u00e7\u00e3o das elei\u00e7\u00f5es no Par\u00e1","Apura\u00e7\u00e3o dos votos","Apura\u00e7\u00e3o dos votos em tempo real","Apura\u00e7\u00e3o dos votos em tempo real no Par\u00e1","apura\u00e7\u00e3o dos votos no Par\u00e1","Apura\u00e7\u00e3o dos votos para deputado estadual no Par\u00e1","Apura\u00e7\u00e3o dos votos para deputado federal no Par\u00e1","Apura\u00e7\u00e3o dos votos para deputado no Par\u00e1","Apura\u00e7\u00e3o dos votos para Governador no Par\u00e1","Apura\u00e7\u00e3o dos votos para presidente no Par\u00e1","Apura\u00e7\u00e3o dos votos para senador no Par\u00e1","Confira a lista com nomes dos deputados estaduais eleitos no Par\u00e1","Confira a lista de deputados estaduais e federais eleitos no Par\u00e1","Confira a lista de deputados estaduais eleitos no Par\u00e1","Confira a lista de deputados federais eleitos no Par\u00e1","Confira a lista final de deputados estaduais eleitos no Par\u00e1","Conhe\u00e7a os deputados estaduais eleitos no Par\u00e1","conhecer os deputados eleitos","conhecer os deputados eleitos no Par\u00e1","deputados eleitos","deputados eleitos no Par\u00e1","deputados eleitos no Par\u00e1 2022","deputados eleitos Par\u00e1","deputados estaduais eleitos","deputados estaduais eleitos no Par\u00e1","deputados estaduais eleitos no Par\u00e1 2022","deputados estaduais eleitos Par\u00e1","deputados federais eleitos no Par\u00e1","Elei\u00e7\u00e3o para deputado estadual no Brasil","Elei\u00e7\u00e3o para deputado federal no Brasil","Elei\u00e7\u00e3o para governador no Brasil","Elei\u00e7\u00e3o para presidente no Brasil","Elei\u00e7\u00e3o para Senador no Brasil","Elei\u00e7\u00f5es","Elei\u00e7\u00f5es 2022","Elei\u00e7\u00f5es 2022 no Brasil","Elei\u00e7\u00f5es 2022 no Par\u00e1","Elei\u00e7\u00f5es no Brasil","Elei\u00e7\u00f5es no Par\u00e1","Eleito Par\u00e1","Eleitos no Par\u00e1","governador eleito no par\u00e1","informa\u00e7\u00f5es sobre os deputados eleitos no Par\u00e1","lista de deputados estaduais eleitos no Par\u00e1","nomes dos deputados eleitos no Par\u00e1","Resultado das elei\u00e7\u00f5es 2022 no Par\u00e1","resultado das elei\u00e7\u00f5es no par\u00e1","resultado elei\u00e7\u00f5es 2022 no Par\u00e1","senador eleito no Par\u00e1","vota\u00e7\u00e3o para deputado no Par\u00e1","vota\u00e7\u00e3o para governador no Par\u00e1","vota\u00e7\u00e3o para senador no Par\u00e1"],"articleSection":["Brasil","Elei\u00e7\u00f5es 2022"],"inLanguage":"pt-BR","potentialAction":[{"@type":"CommentAction","name":"Comment","target":["https:\/\/aconteceunovale.com.br\/portal\/?p=191017#respond"]}]},{"@type":"WebPage","@id":"https:\/\/aconteceunovale.com.br\/portal\/?p=191017","url":"https:\/\/aconteceunovale.com.br\/portal\/?p=191017","name":"Confira a lista de deputados federais eleitos no Par\u00e1 - Aconteceu no Vale","isPartOf":{"@id":"https:\/\/aconteceunovale.com.br\/portal\/#website"},"primaryImageOfPage":{"@id":"https:\/\/aconteceunovale.com.br\/portal\/?p=191017#primaryimage"},"image":{"@id":"https:\/\/aconteceunovale.com.br\/portal\/?p=191017#primaryimage"},"thumbnailUrl":"https:\/\/aconteceunovale.com.br\/portal\/wp-content\/uploads\/2022\/10\/para.jpg","datePublished":"2022-10-03T05:15:31+00:00","dateModified":"2022-10-03T19:33:16+00:00","author":{"@id":"https:\/\/aconteceunovale.com.br\/portal\/#\/schema\/person\/7d2f26d1483f8a63de73da1ee0754d35"},"breadcrumb":{"@id":"https:\/\/aconteceunovale.com.br\/portal\/?p=191017#breadcrumb"},"inLanguage":"pt-BR","potentialAction":[{"@type":"ReadAction","target":["https:\/\/aconteceunovale.com.br\/portal\/?p=191017"]}]},{"@type":"ImageObject","inLanguage":"pt-BR","@id":"https:\/\/aconteceunovale.com.br\/portal\/?p=191017#primaryimage","url":"https:\/\/aconteceunovale.com.br\/portal\/wp-content\/uploads\/2022\/10\/para.jpg","contentUrl":"https:\/\/aconteceunovale.com.br\/portal\/wp-content\/uploads\/2022\/10\/para.jpg","width":678,"height":355},{"@type":"BreadcrumbList","@id":"https:\/\/aconteceunovale.com.br\/portal\/?p=191017#breadcrumb","itemListElement":[{"@type":"ListItem","position":1,"name":"In\u00edcio","item":"https:\/\/aconteceunovale.com.br\/portal\/"},{"@type":"ListItem","position":2,"name":"Confira a lista de deputados federais eleitos no Par\u00e1"}]},{"@type":"WebSite","@id":"https:\/\/aconteceunovale.com.br\/portal\/#website","url":"https:\/\/aconteceunovale.com.br\/portal\/","name":"Aconteceu no Vale","description":"Portal de Not\u00edcias","potentialAction":[{"@type":"SearchAction","target":{"@type":"EntryPoint","urlTemplate":"https:\/\/aconteceunovale.com.br\/portal\/?s={search_term_string}"},"query-input":{"@type":"PropertyValueSpecification","valueRequired":true,"valueName":"search_term_string"}}],"inLanguage":"pt-BR"},{"@type":"Person","@id":"https:\/\/aconteceunovale.com.br\/portal\/#\/schema\/person\/7d2f26d1483f8a63de73da1ee0754d35","name":"Reda\u00e7\u00e3o Aconteceu no Vale","description":"Equipe de reportagem do Aconteceu no Vale, portal de not\u00edcias do Vale do Jequitinhonha, em Minas Gerais. Cobrimos as 51 cidades do Vale desde 2013. Sugest\u00f5es de pauta e pedidos de corre\u00e7\u00e3o: contato@aconteceunovale.com.br","url":"https:\/\/aconteceunovale.com.br\/portal\/?author=4"}]}},"_links":{"self":[{"href":"https:\/\/aconteceunovale.com.br\/portal\/index.php?rest_route=\/wp\/v2\/posts\/191017","targetHints":{"allow":["GET"]}}],"collection":[{"href":"https:\/\/aconteceunovale.com.br\/portal\/index.php?rest_route=\/wp\/v2\/posts"}],"about":[{"href":"https:\/\/aconteceunovale.com.br\/portal\/index.php?rest_route=\/wp\/v2\/types\/post"}],"author":[{"embeddable":true,"href":"https:\/\/aconteceunovale.com.br\/portal\/index.php?rest_route=\/wp\/v2\/users\/4"}],"replies":[{"embeddable":true,"href":"https:\/\/aconteceunovale.com.br\/portal\/index.php?rest_route=%2Fwp%2Fv2%2Fcomments&post=191017"}],"version-history":[{"count":1,"href":"https:\/\/aconteceunovale.com.br\/portal\/index.php?rest_route=\/wp\/v2\/posts\/191017\/revisions"}],"predecessor-version":[{"id":191019,"href":"https:\/\/aconteceunovale.com.br\/portal\/index.php?rest_route=\/wp\/v2\/posts\/191017\/revisions\/191019"}],"wp:featuredmedia":[{"embeddable":true,"href":"https:\/\/aconteceunovale.com.br\/portal\/index.php?rest_route=\/wp\/v2\/media\/191018"}],"wp:attachment":[{"href":"https:\/\/aconteceunovale.com.br\/portal\/index.php?rest_route=%2Fwp%2Fv2%2Fmedia&parent=191017"}],"wp:term":[{"taxonomy":"category","embeddable":true,"href":"https:\/\/aconteceunovale.com.br\/portal\/index.php?rest_route=%2Fwp%2Fv2%2Fcategories&post=191017"},{"taxonomy":"post_tag","embeddable":true,"href":"https:\/\/aconteceunovale.com.br\/portal\/index.php?rest_route=%2Fwp%2Fv2%2Ftags&post=191017"}],"curies":[{"name":"wp","href":"https:\/\/api.w.org\/{rel}","templated":true}]}}