{"id":191008,"date":"2022-10-02T21:37:16","date_gmt":"2022-10-03T00:37:16","guid":{"rendered":"https:\/\/aconteceunovale.com.br\/portal\/?p=191008"},"modified":"2022-10-03T15:56:06","modified_gmt":"2022-10-03T18:56:06","slug":"capitao-contar-e-eduardo-riedel-disputarao-o-segundo-turno-para-governador-de-mato-grosso-do-sul","status":"publish","type":"post","link":"https:\/\/aconteceunovale.com.br\/portal\/?p=191008","title":{"rendered":"Capit\u00e3o Contar e Eduardo Riedel disputar\u00e3o o segundo turno para governador de Mato Grosso do Sul"},"content":{"rendered":"\n<p class=\"wp-block-paragraph\">Os candidatos Capit\u00e3o Contar (PRTB) e Eduardo Riedel (PSDB) v\u00e3o disputar o segundo turno das elei\u00e7\u00f5es para governador de Mato Grosso do Sul. Confira o resultado:<\/p>\n\n\n\n<figure class=\"wp-block-gallery has-nested-images columns-default is-cropped wp-block-gallery-1 is-layout-flex wp-block-gallery-is-layout-flex\">\n<figure class=\"wp-block-image size-large\"><img loading=\"lazy\" decoding=\"async\" width=\"555\" height=\"287\" data-id=\"191009\" src=\"https:\/\/aconteceunovale.com.br\/portal\/wp-content\/uploads\/2022\/10\/segundo_turno_ms.png\" alt=\"\" class=\"wp-image-191009\" srcset=\"https:\/\/aconteceunovale.com.br\/portal\/wp-content\/uploads\/2022\/10\/segundo_turno_ms.png 555w, https:\/\/aconteceunovale.com.br\/portal\/wp-content\/uploads\/2022\/10\/segundo_turno_ms-300x155.png 300w\" sizes=\"auto, (max-width: 555px) 100vw, 555px\" \/><\/figure>\n<\/figure>\n\n\n\n<ul class=\"wp-block-list\"><li><strong>Capit\u00e3o Contar (PRTB) &#8211; 384.275 votos &#8211; 26,71%<\/strong><\/li><li><strong>Eduardo Riedel (PSDB) &#8211; 361.981 votos &#8211; 25,16%<\/strong><\/li><li>Andr\u00e9 Puccinelli (MDB) &#8211; 247.093 votos &#8211; 17,18%<\/li><li>Rose Modesto (Uni\u00e3o Brasil) &#8211; 178.599 votos &#8211; 12,42%<\/li><li>Giselle (PT) &#8211; 135.556 votos &#8211; 9,42%<\/li><li>Marquinhos Trad (PSD) &#8211; 124.795 votos &#8211; 8,68%<\/li><li>Adonis Marcos (PSOL) &#8211; 3.251 votos &#8211; 0,23%<\/li><li>Magno de Souza (PCO) &#8211; 2.892 votos &#8211; 0,20% &#8211; anulado sub judice<\/li><li><a rel=\"noreferrer noopener\" href=\"https:\/\/aconteceunovale.com.br\/portal\/?p=190684\" target=\"_blank\">Confira a apura\u00e7\u00e3o completa das Elei\u00e7\u00f5es 2022 em nossa p\u00e1gina (clique aqui).<\/a><\/li><\/ul>\n\n\n\n<p class=\"wp-block-paragraph\">&#8212;&#8212;&#8212;&#8212;&#8212;&#8212;<br><br><strong>Sabia que o Aconteceu no Vale est\u00e1 tamb\u00e9m no Telegram? <a rel=\"noreferrer noopener\" href=\"https:\/\/t.me\/aconteceunovaleoficial\" target=\"_blank\">Inscreva-se no canal<\/a>.<\/strong><br><br><strong>J\u00e1 curtiu ou seguiu nossas p\u00e1ginas nas redes sociais?\u00a0Receba as not\u00edcias em primeira m\u00e3o:<\/strong><br>\u2022 <a rel=\"noreferrer noopener\" href=\"https:\/\/news.google.com\/publications\/CAAqBwgKMNjklQswi4etAw?hl=pt-BR&amp;gl=BR&amp;ceid=BR%3Apt-419\" target=\"_blank\">Google News<\/a><br>\u2022 <a rel=\"noreferrer noopener\" href=\"https:\/\/www.facebook.com\/aconteceunovale\/\" target=\"_blank\">Facebook<\/a><br>\u2022 <a rel=\"noreferrer noopener\" href=\"https:\/\/twitter.com\/noticiadosvales\" target=\"_blank\">Twitter<\/a><br>\u2022 <a rel=\"noreferrer noopener\" href=\"https:\/\/www.instagram.com\/aconteceunovale\" target=\"_blank\">Instagram<\/a><br>\u2022 <a rel=\"noreferrer noopener\" href=\"https:\/\/www.youtube.com\/AconteceunoValeOficial\" target=\"_blank\">Youtube<\/a><br>\u2022 <a rel=\"noreferrer noopener\" href=\"https:\/\/www.tiktok.com\/@aconteceunovale\" target=\"_blank\">TikTok<\/a><\/p>\n","protected":false},"excerpt":{"rendered":"<p>Os candidatos Capit\u00e3o Contar (PRTB) e Eduardo Riedel (PSDB) v\u00e3o disputar o segundo turno das elei\u00e7\u00f5es para governador de Mato Grosso do Sul. Confira o resultado: Capit\u00e3o Contar (PRTB) &#8211; 384.275 votos &#8211; 26,71% Eduardo Riedel (PSDB) &#8211; 361.981 votos &#8211; 25,16% Andr\u00e9 Puccinelli (MDB) &#8211; 247.093 votos &#8211; 17,18% Rose Modesto (Uni\u00e3o Brasil) &#8211; [&hellip;]<\/p>\n","protected":false},"author":4,"featured_media":191009,"comment_status":"open","ping_status":"closed","sticky":false,"template":"","format":"standard","meta":{"amp_status":"","footnotes":""},"categories":[6,249933],"tags":[181963,262259,264195,262260,181990,101954,20524,264196],"class_list":["post-191008","post","type-post","status-publish","format-standard","has-post-thumbnail","hentry","category-br","category-eleicoes-2022","tag-apuracao-dos-votos-no-mato-grosso-do-sul","tag-capitao-contar","tag-capitao-contar-e-eduardo-riedel-disputarao-o-segundo-turno-para-governador-de-mato-grosso-do-sul","tag-eduardo-riedel","tag-eleicoes-no-mato-grosso-do-sul","tag-mato-grosso-do-sul","tag-resultado-das-eleicoes-no-mato-grosso-do-sul","tag-segundo-turno-no-mato-grosso-do-sul"],"yoast_head":"<!-- This site is optimized with the Yoast SEO plugin v28.3 - https:\/\/yoast.com\/product\/yoast-seo-wordpress\/ -->\n<title>Capit\u00e3o Contar e Eduardo Riedel disputar\u00e3o o segundo turno para governador de Mato Grosso do Sul - Aconteceu no Vale<\/title>\n<meta name=\"robots\" content=\"index, follow, max-snippet:-1, max-image-preview:large, max-video-preview:-1\" \/>\n<link rel=\"canonical\" href=\"https:\/\/aconteceunovale.com.br\/portal\/?p=191008\" \/>\n<meta property=\"og:locale\" content=\"pt_BR\" \/>\n<meta property=\"og:type\" content=\"article\" \/>\n<meta property=\"og:title\" content=\"Capit\u00e3o Contar e Eduardo Riedel disputar\u00e3o o segundo turno para governador de Mato Grosso do Sul - Aconteceu no Vale\" \/>\n<meta property=\"og:description\" content=\"Os candidatos Capit\u00e3o Contar (PRTB) e Eduardo Riedel (PSDB) v\u00e3o disputar o segundo turno das elei\u00e7\u00f5es para governador de Mato Grosso do Sul. Confira o resultado: Capit\u00e3o Contar (PRTB) &#8211; 384.275 votos &#8211; 26,71% Eduardo Riedel (PSDB) &#8211; 361.981 votos &#8211; 25,16% Andr\u00e9 Puccinelli (MDB) &#8211; 247.093 votos &#8211; 17,18% Rose Modesto (Uni\u00e3o Brasil) &#8211; [&hellip;]\" \/>\n<meta property=\"og:url\" content=\"https:\/\/aconteceunovale.com.br\/portal\/?p=191008\" \/>\n<meta property=\"og:site_name\" content=\"Aconteceu no Vale\" \/>\n<meta property=\"article:publisher\" content=\"https:\/\/www.facebook.com\/aconteceunovale\/\" \/>\n<meta property=\"article:published_time\" content=\"2022-10-03T00:37:16+00:00\" \/>\n<meta property=\"article:modified_time\" content=\"2022-10-03T18:56:06+00:00\" \/>\n<meta property=\"og:image\" content=\"https:\/\/aconteceunovale.com.br\/portal\/wp-content\/uploads\/2022\/10\/segundo_turno_ms.png\" \/>\n\t<meta property=\"og:image:width\" content=\"555\" \/>\n\t<meta property=\"og:image:height\" content=\"287\" \/>\n\t<meta property=\"og:image:type\" content=\"image\/png\" \/>\n<meta name=\"author\" content=\"Reda\u00e7\u00e3o Aconteceu no Vale\" \/>\n<meta name=\"twitter:card\" content=\"summary_large_image\" \/>\n<meta name=\"twitter:creator\" content=\"@noticiadosvales\" \/>\n<meta name=\"twitter:site\" content=\"@noticiadosvales\" \/>\n<meta name=\"twitter:label1\" content=\"Escrito por\" \/>\n\t<meta name=\"twitter:data1\" content=\"Reda\u00e7\u00e3o Aconteceu no Vale\" \/>\n\t<meta name=\"twitter:label2\" content=\"Est. tempo de leitura\" \/>\n\t<meta name=\"twitter:data2\" content=\"1 minuto\" \/>\n<script type=\"application\/ld+json\" class=\"yoast-schema-graph\">{\"@context\":\"https:\\\/\\\/schema.org\",\"@graph\":[{\"@type\":\"Article\",\"@id\":\"https:\\\/\\\/aconteceunovale.com.br\\\/portal\\\/?p=191008#article\",\"isPartOf\":{\"@id\":\"https:\\\/\\\/aconteceunovale.com.br\\\/portal\\\/?p=191008\"},\"author\":{\"name\":\"Reda\u00e7\u00e3o Aconteceu no Vale\",\"@id\":\"https:\\\/\\\/aconteceunovale.com.br\\\/portal\\\/#\\\/schema\\\/person\\\/7d2f26d1483f8a63de73da1ee0754d35\"},\"headline\":\"Capit\u00e3o Contar e Eduardo Riedel disputar\u00e3o o segundo turno para governador de Mato Grosso do Sul\",\"datePublished\":\"2022-10-03T00:37:16+00:00\",\"dateModified\":\"2022-10-03T18:56:06+00:00\",\"mainEntityOfPage\":{\"@id\":\"https:\\\/\\\/aconteceunovale.com.br\\\/portal\\\/?p=191008\"},\"wordCount\":156,\"commentCount\":0,\"image\":{\"@id\":\"https:\\\/\\\/aconteceunovale.com.br\\\/portal\\\/?p=191008#primaryimage\"},\"thumbnailUrl\":\"https:\\\/\\\/aconteceunovale.com.br\\\/portal\\\/wp-content\\\/uploads\\\/2022\\\/10\\\/segundo_turno_ms.png\",\"keywords\":[\"apura\u00e7\u00e3o dos votos no Mato Grosso do Sul\",\"Capit\u00e3o Contar\",\"Capit\u00e3o Contar e Eduardo Riedel disputar\u00e3o o segundo turno para governador de Mato Grosso do Sul\",\"Eduardo Riedel\",\"elei\u00e7\u00f5es no Mato Grosso do Sul\",\"Mato Grosso do Sul\",\"resultado das elei\u00e7\u00f5es no mato grosso do sul\",\"Segundo turno no Mato Grosso do Sul\"],\"articleSection\":[\"Brasil\",\"Elei\u00e7\u00f5es 2022\"],\"inLanguage\":\"pt-BR\",\"potentialAction\":[{\"@type\":\"CommentAction\",\"name\":\"Comment\",\"target\":[\"https:\\\/\\\/aconteceunovale.com.br\\\/portal\\\/?p=191008#respond\"]}]},{\"@type\":\"WebPage\",\"@id\":\"https:\\\/\\\/aconteceunovale.com.br\\\/portal\\\/?p=191008\",\"url\":\"https:\\\/\\\/aconteceunovale.com.br\\\/portal\\\/?p=191008\",\"name\":\"Capit\u00e3o Contar e Eduardo Riedel disputar\u00e3o o segundo turno para governador de Mato Grosso do Sul - Aconteceu no Vale\",\"isPartOf\":{\"@id\":\"https:\\\/\\\/aconteceunovale.com.br\\\/portal\\\/#website\"},\"primaryImageOfPage\":{\"@id\":\"https:\\\/\\\/aconteceunovale.com.br\\\/portal\\\/?p=191008#primaryimage\"},\"image\":{\"@id\":\"https:\\\/\\\/aconteceunovale.com.br\\\/portal\\\/?p=191008#primaryimage\"},\"thumbnailUrl\":\"https:\\\/\\\/aconteceunovale.com.br\\\/portal\\\/wp-content\\\/uploads\\\/2022\\\/10\\\/segundo_turno_ms.png\",\"datePublished\":\"2022-10-03T00:37:16+00:00\",\"dateModified\":\"2022-10-03T18:56:06+00:00\",\"author\":{\"@id\":\"https:\\\/\\\/aconteceunovale.com.br\\\/portal\\\/#\\\/schema\\\/person\\\/7d2f26d1483f8a63de73da1ee0754d35\"},\"breadcrumb\":{\"@id\":\"https:\\\/\\\/aconteceunovale.com.br\\\/portal\\\/?p=191008#breadcrumb\"},\"inLanguage\":\"pt-BR\",\"potentialAction\":[{\"@type\":\"ReadAction\",\"target\":[\"https:\\\/\\\/aconteceunovale.com.br\\\/portal\\\/?p=191008\"]}]},{\"@type\":\"ImageObject\",\"inLanguage\":\"pt-BR\",\"@id\":\"https:\\\/\\\/aconteceunovale.com.br\\\/portal\\\/?p=191008#primaryimage\",\"url\":\"https:\\\/\\\/aconteceunovale.com.br\\\/portal\\\/wp-content\\\/uploads\\\/2022\\\/10\\\/segundo_turno_ms.png\",\"contentUrl\":\"https:\\\/\\\/aconteceunovale.com.br\\\/portal\\\/wp-content\\\/uploads\\\/2022\\\/10\\\/segundo_turno_ms.png\",\"width\":555,\"height\":287},{\"@type\":\"BreadcrumbList\",\"@id\":\"https:\\\/\\\/aconteceunovale.com.br\\\/portal\\\/?p=191008#breadcrumb\",\"itemListElement\":[{\"@type\":\"ListItem\",\"position\":1,\"name\":\"In\u00edcio\",\"item\":\"https:\\\/\\\/aconteceunovale.com.br\\\/portal\\\/\"},{\"@type\":\"ListItem\",\"position\":2,\"name\":\"Capit\u00e3o Contar e Eduardo Riedel disputar\u00e3o o segundo turno para governador de Mato Grosso do Sul\"}]},{\"@type\":\"WebSite\",\"@id\":\"https:\\\/\\\/aconteceunovale.com.br\\\/portal\\\/#website\",\"url\":\"https:\\\/\\\/aconteceunovale.com.br\\\/portal\\\/\",\"name\":\"Aconteceu no Vale\",\"description\":\"Portal de Not\u00edcias\",\"potentialAction\":[{\"@type\":\"SearchAction\",\"target\":{\"@type\":\"EntryPoint\",\"urlTemplate\":\"https:\\\/\\\/aconteceunovale.com.br\\\/portal\\\/?s={search_term_string}\"},\"query-input\":{\"@type\":\"PropertyValueSpecification\",\"valueRequired\":true,\"valueName\":\"search_term_string\"}}],\"inLanguage\":\"pt-BR\"},{\"@type\":\"Person\",\"@id\":\"https:\\\/\\\/aconteceunovale.com.br\\\/portal\\\/#\\\/schema\\\/person\\\/7d2f26d1483f8a63de73da1ee0754d35\",\"name\":\"Reda\u00e7\u00e3o Aconteceu no Vale\",\"description\":\"Equipe de reportagem do Aconteceu no Vale, portal de not\u00edcias do Vale do Jequitinhonha, em Minas Gerais. Cobrimos as 51 cidades do Vale desde 2013. Sugest\u00f5es de pauta e pedidos de corre\u00e7\u00e3o: contato@aconteceunovale.com.br\",\"url\":\"https:\\\/\\\/aconteceunovale.com.br\\\/portal\\\/?author=4\"}]}<\/script>\n<!-- \/ Yoast SEO plugin. -->","yoast_head_json":{"title":"Capit\u00e3o Contar e Eduardo Riedel disputar\u00e3o o segundo turno para governador de Mato Grosso do Sul - Aconteceu no Vale","robots":{"index":"index","follow":"follow","max-snippet":"max-snippet:-1","max-image-preview":"max-image-preview:large","max-video-preview":"max-video-preview:-1"},"canonical":"https:\/\/aconteceunovale.com.br\/portal\/?p=191008","og_locale":"pt_BR","og_type":"article","og_title":"Capit\u00e3o Contar e Eduardo Riedel disputar\u00e3o o segundo turno para governador de Mato Grosso do Sul - Aconteceu no Vale","og_description":"Os candidatos Capit\u00e3o Contar (PRTB) e Eduardo Riedel (PSDB) v\u00e3o disputar o segundo turno das elei\u00e7\u00f5es para governador de Mato Grosso do Sul. Confira o resultado: Capit\u00e3o Contar (PRTB) &#8211; 384.275 votos &#8211; 26,71% Eduardo Riedel (PSDB) &#8211; 361.981 votos &#8211; 25,16% Andr\u00e9 Puccinelli (MDB) &#8211; 247.093 votos &#8211; 17,18% Rose Modesto (Uni\u00e3o Brasil) &#8211; [&hellip;]","og_url":"https:\/\/aconteceunovale.com.br\/portal\/?p=191008","og_site_name":"Aconteceu no Vale","article_publisher":"https:\/\/www.facebook.com\/aconteceunovale\/","article_published_time":"2022-10-03T00:37:16+00:00","article_modified_time":"2022-10-03T18:56:06+00:00","og_image":[{"width":555,"height":287,"url":"https:\/\/aconteceunovale.com.br\/portal\/wp-content\/uploads\/2022\/10\/segundo_turno_ms.png","type":"image\/png"}],"author":"Reda\u00e7\u00e3o Aconteceu no Vale","twitter_card":"summary_large_image","twitter_creator":"@noticiadosvales","twitter_site":"@noticiadosvales","twitter_misc":{"Escrito por":"Reda\u00e7\u00e3o Aconteceu no Vale","Est. tempo de leitura":"1 minuto"},"schema":{"@context":"https:\/\/schema.org","@graph":[{"@type":"Article","@id":"https:\/\/aconteceunovale.com.br\/portal\/?p=191008#article","isPartOf":{"@id":"https:\/\/aconteceunovale.com.br\/portal\/?p=191008"},"author":{"name":"Reda\u00e7\u00e3o Aconteceu no Vale","@id":"https:\/\/aconteceunovale.com.br\/portal\/#\/schema\/person\/7d2f26d1483f8a63de73da1ee0754d35"},"headline":"Capit\u00e3o Contar e Eduardo Riedel disputar\u00e3o o segundo turno para governador de Mato Grosso do Sul","datePublished":"2022-10-03T00:37:16+00:00","dateModified":"2022-10-03T18:56:06+00:00","mainEntityOfPage":{"@id":"https:\/\/aconteceunovale.com.br\/portal\/?p=191008"},"wordCount":156,"commentCount":0,"image":{"@id":"https:\/\/aconteceunovale.com.br\/portal\/?p=191008#primaryimage"},"thumbnailUrl":"https:\/\/aconteceunovale.com.br\/portal\/wp-content\/uploads\/2022\/10\/segundo_turno_ms.png","keywords":["apura\u00e7\u00e3o dos votos no Mato Grosso do Sul","Capit\u00e3o Contar","Capit\u00e3o Contar e Eduardo Riedel disputar\u00e3o o segundo turno para governador de Mato Grosso do Sul","Eduardo Riedel","elei\u00e7\u00f5es no Mato Grosso do Sul","Mato Grosso do Sul","resultado das elei\u00e7\u00f5es no mato grosso do sul","Segundo turno no Mato Grosso do Sul"],"articleSection":["Brasil","Elei\u00e7\u00f5es 2022"],"inLanguage":"pt-BR","potentialAction":[{"@type":"CommentAction","name":"Comment","target":["https:\/\/aconteceunovale.com.br\/portal\/?p=191008#respond"]}]},{"@type":"WebPage","@id":"https:\/\/aconteceunovale.com.br\/portal\/?p=191008","url":"https:\/\/aconteceunovale.com.br\/portal\/?p=191008","name":"Capit\u00e3o Contar e Eduardo Riedel disputar\u00e3o o segundo turno para governador de Mato Grosso do Sul - Aconteceu no Vale","isPartOf":{"@id":"https:\/\/aconteceunovale.com.br\/portal\/#website"},"primaryImageOfPage":{"@id":"https:\/\/aconteceunovale.com.br\/portal\/?p=191008#primaryimage"},"image":{"@id":"https:\/\/aconteceunovale.com.br\/portal\/?p=191008#primaryimage"},"thumbnailUrl":"https:\/\/aconteceunovale.com.br\/portal\/wp-content\/uploads\/2022\/10\/segundo_turno_ms.png","datePublished":"2022-10-03T00:37:16+00:00","dateModified":"2022-10-03T18:56:06+00:00","author":{"@id":"https:\/\/aconteceunovale.com.br\/portal\/#\/schema\/person\/7d2f26d1483f8a63de73da1ee0754d35"},"breadcrumb":{"@id":"https:\/\/aconteceunovale.com.br\/portal\/?p=191008#breadcrumb"},"inLanguage":"pt-BR","potentialAction":[{"@type":"ReadAction","target":["https:\/\/aconteceunovale.com.br\/portal\/?p=191008"]}]},{"@type":"ImageObject","inLanguage":"pt-BR","@id":"https:\/\/aconteceunovale.com.br\/portal\/?p=191008#primaryimage","url":"https:\/\/aconteceunovale.com.br\/portal\/wp-content\/uploads\/2022\/10\/segundo_turno_ms.png","contentUrl":"https:\/\/aconteceunovale.com.br\/portal\/wp-content\/uploads\/2022\/10\/segundo_turno_ms.png","width":555,"height":287},{"@type":"BreadcrumbList","@id":"https:\/\/aconteceunovale.com.br\/portal\/?p=191008#breadcrumb","itemListElement":[{"@type":"ListItem","position":1,"name":"In\u00edcio","item":"https:\/\/aconteceunovale.com.br\/portal\/"},{"@type":"ListItem","position":2,"name":"Capit\u00e3o Contar e Eduardo Riedel disputar\u00e3o o segundo turno para governador de Mato Grosso do Sul"}]},{"@type":"WebSite","@id":"https:\/\/aconteceunovale.com.br\/portal\/#website","url":"https:\/\/aconteceunovale.com.br\/portal\/","name":"Aconteceu no Vale","description":"Portal de Not\u00edcias","potentialAction":[{"@type":"SearchAction","target":{"@type":"EntryPoint","urlTemplate":"https:\/\/aconteceunovale.com.br\/portal\/?s={search_term_string}"},"query-input":{"@type":"PropertyValueSpecification","valueRequired":true,"valueName":"search_term_string"}}],"inLanguage":"pt-BR"},{"@type":"Person","@id":"https:\/\/aconteceunovale.com.br\/portal\/#\/schema\/person\/7d2f26d1483f8a63de73da1ee0754d35","name":"Reda\u00e7\u00e3o Aconteceu no Vale","description":"Equipe de reportagem do Aconteceu no Vale, portal de not\u00edcias do Vale do Jequitinhonha, em Minas Gerais. Cobrimos as 51 cidades do Vale desde 2013. Sugest\u00f5es de pauta e pedidos de corre\u00e7\u00e3o: contato@aconteceunovale.com.br","url":"https:\/\/aconteceunovale.com.br\/portal\/?author=4"}]}},"_links":{"self":[{"href":"https:\/\/aconteceunovale.com.br\/portal\/index.php?rest_route=\/wp\/v2\/posts\/191008","targetHints":{"allow":["GET"]}}],"collection":[{"href":"https:\/\/aconteceunovale.com.br\/portal\/index.php?rest_route=\/wp\/v2\/posts"}],"about":[{"href":"https:\/\/aconteceunovale.com.br\/portal\/index.php?rest_route=\/wp\/v2\/types\/post"}],"author":[{"embeddable":true,"href":"https:\/\/aconteceunovale.com.br\/portal\/index.php?rest_route=\/wp\/v2\/users\/4"}],"replies":[{"embeddable":true,"href":"https:\/\/aconteceunovale.com.br\/portal\/index.php?rest_route=%2Fwp%2Fv2%2Fcomments&post=191008"}],"version-history":[{"count":1,"href":"https:\/\/aconteceunovale.com.br\/portal\/index.php?rest_route=\/wp\/v2\/posts\/191008\/revisions"}],"predecessor-version":[{"id":191010,"href":"https:\/\/aconteceunovale.com.br\/portal\/index.php?rest_route=\/wp\/v2\/posts\/191008\/revisions\/191010"}],"wp:featuredmedia":[{"embeddable":true,"href":"https:\/\/aconteceunovale.com.br\/portal\/index.php?rest_route=\/wp\/v2\/media\/191009"}],"wp:attachment":[{"href":"https:\/\/aconteceunovale.com.br\/portal\/index.php?rest_route=%2Fwp%2Fv2%2Fmedia&parent=191008"}],"wp:term":[{"taxonomy":"category","embeddable":true,"href":"https:\/\/aconteceunovale.com.br\/portal\/index.php?rest_route=%2Fwp%2Fv2%2Fcategories&post=191008"},{"taxonomy":"post_tag","embeddable":true,"href":"https:\/\/aconteceunovale.com.br\/portal\/index.php?rest_route=%2Fwp%2Fv2%2Ftags&post=191008"}],"curies":[{"name":"wp","href":"https:\/\/api.w.org\/{rel}","templated":true}]}}