{"id":190999,"date":"2022-10-02T22:55:07","date_gmt":"2022-10-03T01:55:07","guid":{"rendered":"https:\/\/aconteceunovale.com.br\/portal\/?p=190999"},"modified":"2022-10-03T15:38:59","modified_gmt":"2022-10-03T18:38:59","slug":"mauro-mendes-e-reeleito-governador-de-mato-grosso","status":"publish","type":"post","link":"https:\/\/aconteceunovale.com.br\/portal\/?p=190999","title":{"rendered":"Mauro Mendes \u00e9 reeleito governador de Mato Grosso"},"content":{"rendered":"\n<p class=\"wp-block-paragraph\">O candidato Mauro Mendes (Uni\u00e3o) foi reeleito ao governo de Mato Grosso com 68,45% dos votos. Marcia Pinheiro (PV) ficou em segundo lugar com 16,41%. Confira o resultado:<\/p>\n\n\n\n<figure class=\"wp-block-gallery has-nested-images columns-default is-cropped wp-block-gallery-1 is-layout-flex wp-block-gallery-is-layout-flex\">\n<figure class=\"wp-block-image size-large\"><img loading=\"lazy\" decoding=\"async\" width=\"555\" height=\"286\" data-id=\"191000\" src=\"https:\/\/aconteceunovale.com.br\/portal\/wp-content\/uploads\/2022\/10\/eleito_mt.png\" alt=\"\" class=\"wp-image-191000\" srcset=\"https:\/\/aconteceunovale.com.br\/portal\/wp-content\/uploads\/2022\/10\/eleito_mt.png 555w, https:\/\/aconteceunovale.com.br\/portal\/wp-content\/uploads\/2022\/10\/eleito_mt-300x155.png 300w\" sizes=\"auto, (max-width: 555px) 100vw, 555px\" \/><\/figure>\n<\/figure>\n\n\n\n<ul class=\"wp-block-list\"><li><strong>Mauro Mendes (Uni\u00e3o Brasil) &#8211; 1.114.549 votos &#8211; 68,45%<\/strong><\/li><li>M\u00e1rcia Pinheiro (PV) &#8211; 267.172 votos &#8211; 16,41%<\/li><li>Pastor Marcos Ritela (PTB) &#8211; 233.543 votos &#8211; 14,34%<\/li><li>Mois\u00e9s Franz (PSOL) &#8211; 12.948 votos &#8211; 0,80%<\/li><li><a rel=\"noreferrer noopener\" href=\"https:\/\/aconteceunovale.com.br\/portal\/?p=190684\" target=\"_blank\">Confira a apura\u00e7\u00e3o completa das Elei\u00e7\u00f5es 2022 em nossa p\u00e1gina (clique aqui).<\/a><\/li><\/ul>\n\n\n\n<p class=\"wp-block-paragraph\">&#8212;&#8212;&#8212;&#8212;&#8212;&#8212;<br><br><strong>Sabia que o Aconteceu no Vale est\u00e1 tamb\u00e9m no Telegram? <a rel=\"noreferrer noopener\" href=\"https:\/\/t.me\/aconteceunovaleoficial\" target=\"_blank\">Inscreva-se no canal<\/a>.<\/strong><br><br><strong>J\u00e1 curtiu ou seguiu nossas p\u00e1ginas nas redes sociais?\u00a0Receba as not\u00edcias em primeira m\u00e3o:<\/strong><br>\u2022 <a rel=\"noreferrer noopener\" href=\"https:\/\/news.google.com\/publications\/CAAqBwgKMNjklQswi4etAw?hl=pt-BR&amp;gl=BR&amp;ceid=BR%3Apt-419\" target=\"_blank\">Google News<\/a><br>\u2022 <a rel=\"noreferrer noopener\" href=\"https:\/\/www.facebook.com\/aconteceunovale\/\" target=\"_blank\">Facebook<\/a><br>\u2022 <a rel=\"noreferrer noopener\" href=\"https:\/\/twitter.com\/noticiadosvales\" target=\"_blank\">Twitter<\/a><br>\u2022 <a rel=\"noreferrer noopener\" href=\"https:\/\/www.instagram.com\/aconteceunovale\" target=\"_blank\">Instagram<\/a><br>\u2022 <a rel=\"noreferrer noopener\" href=\"https:\/\/www.youtube.com\/AconteceunoValeOficial\" target=\"_blank\">Youtube<\/a><br>\u2022 <a rel=\"noreferrer noopener\" href=\"https:\/\/www.tiktok.com\/@aconteceunovale\" target=\"_blank\">TikTok<\/a><\/p>\n","protected":false},"excerpt":{"rendered":"<p>O candidato Mauro Mendes (Uni\u00e3o) foi reeleito ao governo de Mato Grosso com 68,45% dos votos. Marcia Pinheiro (PV) ficou em segundo lugar com 16,41%. Confira o resultado: Mauro Mendes (Uni\u00e3o Brasil) &#8211; 1.114.549 votos &#8211; 68,45% M\u00e1rcia Pinheiro (PV) &#8211; 267.172 votos &#8211; 16,41% Pastor Marcos Ritela (PTB) &#8211; 233.543 votos &#8211; 14,34% Mois\u00e9s [&hellip;]<\/p>\n","protected":false},"author":4,"featured_media":191000,"comment_status":"open","ping_status":"closed","sticky":false,"template":"","format":"standard","meta":{"amp_status":"","footnotes":""},"categories":[6,249933],"tags":[264183,264182,264181,182058,59830,262254,264179,264180,182072],"class_list":["post-190999","post","type-post","status-publish","format-standard","has-post-thumbnail","hentry","category-br","category-eleicoes-2022","tag-apuracao-de-votos-no-mato-grosso","tag-disputa-para-governador-no-mato-grosso","tag-eleicao-para-governador-no-mato-grosso","tag-eleicoes-no-mato-grosso","tag-mato-grosso","tag-mauro-mendes","tag-mauro-mendes-e-reeleito-governador-de-mato-grosso","tag-reeleicao-de-mauro-mendes","tag-resultado-das-eleicoes-no-mato-grosso"],"yoast_head":"<!-- This site is optimized with the Yoast SEO plugin v28.3 - https:\/\/yoast.com\/product\/yoast-seo-wordpress\/ -->\n<title>Mauro Mendes \u00e9 reeleito governador de Mato Grosso - Aconteceu no Vale<\/title>\n<meta name=\"robots\" content=\"index, follow, max-snippet:-1, max-image-preview:large, max-video-preview:-1\" \/>\n<link rel=\"canonical\" href=\"https:\/\/aconteceunovale.com.br\/portal\/?p=190999\" \/>\n<meta property=\"og:locale\" content=\"pt_BR\" \/>\n<meta property=\"og:type\" content=\"article\" \/>\n<meta property=\"og:title\" content=\"Mauro Mendes \u00e9 reeleito governador de Mato Grosso - Aconteceu no Vale\" \/>\n<meta property=\"og:description\" content=\"O candidato Mauro Mendes (Uni\u00e3o) foi reeleito ao governo de Mato Grosso com 68,45% dos votos. Marcia Pinheiro (PV) ficou em segundo lugar com 16,41%. Confira o resultado: Mauro Mendes (Uni\u00e3o Brasil) &#8211; 1.114.549 votos &#8211; 68,45% M\u00e1rcia Pinheiro (PV) &#8211; 267.172 votos &#8211; 16,41% Pastor Marcos Ritela (PTB) &#8211; 233.543 votos &#8211; 14,34% Mois\u00e9s [&hellip;]\" \/>\n<meta property=\"og:url\" content=\"https:\/\/aconteceunovale.com.br\/portal\/?p=190999\" \/>\n<meta property=\"og:site_name\" content=\"Aconteceu no Vale\" \/>\n<meta property=\"article:publisher\" content=\"https:\/\/www.facebook.com\/aconteceunovale\/\" \/>\n<meta property=\"article:published_time\" content=\"2022-10-03T01:55:07+00:00\" \/>\n<meta property=\"article:modified_time\" content=\"2022-10-03T18:38:59+00:00\" \/>\n<meta property=\"og:image\" content=\"https:\/\/aconteceunovale.com.br\/portal\/wp-content\/uploads\/2022\/10\/eleito_mt.png\" \/>\n\t<meta property=\"og:image:width\" content=\"555\" \/>\n\t<meta property=\"og:image:height\" content=\"286\" \/>\n\t<meta property=\"og:image:type\" content=\"image\/png\" \/>\n<meta name=\"author\" content=\"Reda\u00e7\u00e3o Aconteceu no Vale\" \/>\n<meta name=\"twitter:card\" content=\"summary_large_image\" \/>\n<meta name=\"twitter:creator\" content=\"@noticiadosvales\" \/>\n<meta name=\"twitter:site\" content=\"@noticiadosvales\" \/>\n<meta name=\"twitter:label1\" content=\"Escrito por\" \/>\n\t<meta name=\"twitter:data1\" content=\"Reda\u00e7\u00e3o Aconteceu no Vale\" \/>\n\t<meta name=\"twitter:label2\" content=\"Est. tempo de leitura\" \/>\n\t<meta name=\"twitter:data2\" content=\"1 minuto\" \/>\n<script type=\"application\/ld+json\" class=\"yoast-schema-graph\">{\"@context\":\"https:\\\/\\\/schema.org\",\"@graph\":[{\"@type\":\"Article\",\"@id\":\"https:\\\/\\\/aconteceunovale.com.br\\\/portal\\\/?p=190999#article\",\"isPartOf\":{\"@id\":\"https:\\\/\\\/aconteceunovale.com.br\\\/portal\\\/?p=190999\"},\"author\":{\"name\":\"Reda\u00e7\u00e3o Aconteceu no Vale\",\"@id\":\"https:\\\/\\\/aconteceunovale.com.br\\\/portal\\\/#\\\/schema\\\/person\\\/7d2f26d1483f8a63de73da1ee0754d35\"},\"headline\":\"Mauro Mendes \u00e9 reeleito governador de Mato Grosso\",\"datePublished\":\"2022-10-03T01:55:07+00:00\",\"dateModified\":\"2022-10-03T18:38:59+00:00\",\"mainEntityOfPage\":{\"@id\":\"https:\\\/\\\/aconteceunovale.com.br\\\/portal\\\/?p=190999\"},\"wordCount\":117,\"commentCount\":0,\"image\":{\"@id\":\"https:\\\/\\\/aconteceunovale.com.br\\\/portal\\\/?p=190999#primaryimage\"},\"thumbnailUrl\":\"https:\\\/\\\/aconteceunovale.com.br\\\/portal\\\/wp-content\\\/uploads\\\/2022\\\/10\\\/eleito_mt.png\",\"keywords\":[\"Apura\u00e7\u00e3o de votos no Mato Grosso\",\"Disputa para governador no Mato Grosso\",\"Elei\u00e7\u00e3o para governador no Mato Grosso\",\"elei\u00e7\u00f5es no Mato Grosso\",\"Mato Grosso\",\"Mauro Mendes\",\"Mauro Mendes \u00e9 reeleito governador de Mato Grosso\",\"Reelei\u00e7\u00e3o de Mauro Mendes\",\"resultado das elei\u00e7\u00f5es no Mato Grosso\"],\"articleSection\":[\"Brasil\",\"Elei\u00e7\u00f5es 2022\"],\"inLanguage\":\"pt-BR\",\"potentialAction\":[{\"@type\":\"CommentAction\",\"name\":\"Comment\",\"target\":[\"https:\\\/\\\/aconteceunovale.com.br\\\/portal\\\/?p=190999#respond\"]}]},{\"@type\":\"WebPage\",\"@id\":\"https:\\\/\\\/aconteceunovale.com.br\\\/portal\\\/?p=190999\",\"url\":\"https:\\\/\\\/aconteceunovale.com.br\\\/portal\\\/?p=190999\",\"name\":\"Mauro Mendes \u00e9 reeleito governador de Mato Grosso - Aconteceu no Vale\",\"isPartOf\":{\"@id\":\"https:\\\/\\\/aconteceunovale.com.br\\\/portal\\\/#website\"},\"primaryImageOfPage\":{\"@id\":\"https:\\\/\\\/aconteceunovale.com.br\\\/portal\\\/?p=190999#primaryimage\"},\"image\":{\"@id\":\"https:\\\/\\\/aconteceunovale.com.br\\\/portal\\\/?p=190999#primaryimage\"},\"thumbnailUrl\":\"https:\\\/\\\/aconteceunovale.com.br\\\/portal\\\/wp-content\\\/uploads\\\/2022\\\/10\\\/eleito_mt.png\",\"datePublished\":\"2022-10-03T01:55:07+00:00\",\"dateModified\":\"2022-10-03T18:38:59+00:00\",\"author\":{\"@id\":\"https:\\\/\\\/aconteceunovale.com.br\\\/portal\\\/#\\\/schema\\\/person\\\/7d2f26d1483f8a63de73da1ee0754d35\"},\"breadcrumb\":{\"@id\":\"https:\\\/\\\/aconteceunovale.com.br\\\/portal\\\/?p=190999#breadcrumb\"},\"inLanguage\":\"pt-BR\",\"potentialAction\":[{\"@type\":\"ReadAction\",\"target\":[\"https:\\\/\\\/aconteceunovale.com.br\\\/portal\\\/?p=190999\"]}]},{\"@type\":\"ImageObject\",\"inLanguage\":\"pt-BR\",\"@id\":\"https:\\\/\\\/aconteceunovale.com.br\\\/portal\\\/?p=190999#primaryimage\",\"url\":\"https:\\\/\\\/aconteceunovale.com.br\\\/portal\\\/wp-content\\\/uploads\\\/2022\\\/10\\\/eleito_mt.png\",\"contentUrl\":\"https:\\\/\\\/aconteceunovale.com.br\\\/portal\\\/wp-content\\\/uploads\\\/2022\\\/10\\\/eleito_mt.png\",\"width\":555,\"height\":286},{\"@type\":\"BreadcrumbList\",\"@id\":\"https:\\\/\\\/aconteceunovale.com.br\\\/portal\\\/?p=190999#breadcrumb\",\"itemListElement\":[{\"@type\":\"ListItem\",\"position\":1,\"name\":\"In\u00edcio\",\"item\":\"https:\\\/\\\/aconteceunovale.com.br\\\/portal\\\/\"},{\"@type\":\"ListItem\",\"position\":2,\"name\":\"Mauro Mendes \u00e9 reeleito governador de Mato Grosso\"}]},{\"@type\":\"WebSite\",\"@id\":\"https:\\\/\\\/aconteceunovale.com.br\\\/portal\\\/#website\",\"url\":\"https:\\\/\\\/aconteceunovale.com.br\\\/portal\\\/\",\"name\":\"Aconteceu no Vale\",\"description\":\"Portal de Not\u00edcias\",\"potentialAction\":[{\"@type\":\"SearchAction\",\"target\":{\"@type\":\"EntryPoint\",\"urlTemplate\":\"https:\\\/\\\/aconteceunovale.com.br\\\/portal\\\/?s={search_term_string}\"},\"query-input\":{\"@type\":\"PropertyValueSpecification\",\"valueRequired\":true,\"valueName\":\"search_term_string\"}}],\"inLanguage\":\"pt-BR\"},{\"@type\":\"Person\",\"@id\":\"https:\\\/\\\/aconteceunovale.com.br\\\/portal\\\/#\\\/schema\\\/person\\\/7d2f26d1483f8a63de73da1ee0754d35\",\"name\":\"Reda\u00e7\u00e3o Aconteceu no Vale\",\"description\":\"Equipe de reportagem do Aconteceu no Vale, portal de not\u00edcias do Vale do Jequitinhonha, em Minas Gerais. Cobrimos as 51 cidades do Vale desde 2013. Sugest\u00f5es de pauta e pedidos de corre\u00e7\u00e3o: contato@aconteceunovale.com.br\",\"url\":\"https:\\\/\\\/aconteceunovale.com.br\\\/portal\\\/?author=4\"}]}<\/script>\n<!-- \/ Yoast SEO plugin. -->","yoast_head_json":{"title":"Mauro Mendes \u00e9 reeleito governador de Mato Grosso - Aconteceu no Vale","robots":{"index":"index","follow":"follow","max-snippet":"max-snippet:-1","max-image-preview":"max-image-preview:large","max-video-preview":"max-video-preview:-1"},"canonical":"https:\/\/aconteceunovale.com.br\/portal\/?p=190999","og_locale":"pt_BR","og_type":"article","og_title":"Mauro Mendes \u00e9 reeleito governador de Mato Grosso - Aconteceu no Vale","og_description":"O candidato Mauro Mendes (Uni\u00e3o) foi reeleito ao governo de Mato Grosso com 68,45% dos votos. Marcia Pinheiro (PV) ficou em segundo lugar com 16,41%. Confira o resultado: Mauro Mendes (Uni\u00e3o Brasil) &#8211; 1.114.549 votos &#8211; 68,45% M\u00e1rcia Pinheiro (PV) &#8211; 267.172 votos &#8211; 16,41% Pastor Marcos Ritela (PTB) &#8211; 233.543 votos &#8211; 14,34% Mois\u00e9s [&hellip;]","og_url":"https:\/\/aconteceunovale.com.br\/portal\/?p=190999","og_site_name":"Aconteceu no Vale","article_publisher":"https:\/\/www.facebook.com\/aconteceunovale\/","article_published_time":"2022-10-03T01:55:07+00:00","article_modified_time":"2022-10-03T18:38:59+00:00","og_image":[{"width":555,"height":286,"url":"https:\/\/aconteceunovale.com.br\/portal\/wp-content\/uploads\/2022\/10\/eleito_mt.png","type":"image\/png"}],"author":"Reda\u00e7\u00e3o Aconteceu no Vale","twitter_card":"summary_large_image","twitter_creator":"@noticiadosvales","twitter_site":"@noticiadosvales","twitter_misc":{"Escrito por":"Reda\u00e7\u00e3o Aconteceu no Vale","Est. tempo de leitura":"1 minuto"},"schema":{"@context":"https:\/\/schema.org","@graph":[{"@type":"Article","@id":"https:\/\/aconteceunovale.com.br\/portal\/?p=190999#article","isPartOf":{"@id":"https:\/\/aconteceunovale.com.br\/portal\/?p=190999"},"author":{"name":"Reda\u00e7\u00e3o Aconteceu no Vale","@id":"https:\/\/aconteceunovale.com.br\/portal\/#\/schema\/person\/7d2f26d1483f8a63de73da1ee0754d35"},"headline":"Mauro Mendes \u00e9 reeleito governador de Mato Grosso","datePublished":"2022-10-03T01:55:07+00:00","dateModified":"2022-10-03T18:38:59+00:00","mainEntityOfPage":{"@id":"https:\/\/aconteceunovale.com.br\/portal\/?p=190999"},"wordCount":117,"commentCount":0,"image":{"@id":"https:\/\/aconteceunovale.com.br\/portal\/?p=190999#primaryimage"},"thumbnailUrl":"https:\/\/aconteceunovale.com.br\/portal\/wp-content\/uploads\/2022\/10\/eleito_mt.png","keywords":["Apura\u00e7\u00e3o de votos no Mato Grosso","Disputa para governador no Mato Grosso","Elei\u00e7\u00e3o para governador no Mato Grosso","elei\u00e7\u00f5es no Mato Grosso","Mato Grosso","Mauro Mendes","Mauro Mendes \u00e9 reeleito governador de Mato Grosso","Reelei\u00e7\u00e3o de Mauro Mendes","resultado das elei\u00e7\u00f5es no Mato Grosso"],"articleSection":["Brasil","Elei\u00e7\u00f5es 2022"],"inLanguage":"pt-BR","potentialAction":[{"@type":"CommentAction","name":"Comment","target":["https:\/\/aconteceunovale.com.br\/portal\/?p=190999#respond"]}]},{"@type":"WebPage","@id":"https:\/\/aconteceunovale.com.br\/portal\/?p=190999","url":"https:\/\/aconteceunovale.com.br\/portal\/?p=190999","name":"Mauro Mendes \u00e9 reeleito governador de Mato Grosso - Aconteceu no Vale","isPartOf":{"@id":"https:\/\/aconteceunovale.com.br\/portal\/#website"},"primaryImageOfPage":{"@id":"https:\/\/aconteceunovale.com.br\/portal\/?p=190999#primaryimage"},"image":{"@id":"https:\/\/aconteceunovale.com.br\/portal\/?p=190999#primaryimage"},"thumbnailUrl":"https:\/\/aconteceunovale.com.br\/portal\/wp-content\/uploads\/2022\/10\/eleito_mt.png","datePublished":"2022-10-03T01:55:07+00:00","dateModified":"2022-10-03T18:38:59+00:00","author":{"@id":"https:\/\/aconteceunovale.com.br\/portal\/#\/schema\/person\/7d2f26d1483f8a63de73da1ee0754d35"},"breadcrumb":{"@id":"https:\/\/aconteceunovale.com.br\/portal\/?p=190999#breadcrumb"},"inLanguage":"pt-BR","potentialAction":[{"@type":"ReadAction","target":["https:\/\/aconteceunovale.com.br\/portal\/?p=190999"]}]},{"@type":"ImageObject","inLanguage":"pt-BR","@id":"https:\/\/aconteceunovale.com.br\/portal\/?p=190999#primaryimage","url":"https:\/\/aconteceunovale.com.br\/portal\/wp-content\/uploads\/2022\/10\/eleito_mt.png","contentUrl":"https:\/\/aconteceunovale.com.br\/portal\/wp-content\/uploads\/2022\/10\/eleito_mt.png","width":555,"height":286},{"@type":"BreadcrumbList","@id":"https:\/\/aconteceunovale.com.br\/portal\/?p=190999#breadcrumb","itemListElement":[{"@type":"ListItem","position":1,"name":"In\u00edcio","item":"https:\/\/aconteceunovale.com.br\/portal\/"},{"@type":"ListItem","position":2,"name":"Mauro Mendes \u00e9 reeleito governador de Mato Grosso"}]},{"@type":"WebSite","@id":"https:\/\/aconteceunovale.com.br\/portal\/#website","url":"https:\/\/aconteceunovale.com.br\/portal\/","name":"Aconteceu no Vale","description":"Portal de Not\u00edcias","potentialAction":[{"@type":"SearchAction","target":{"@type":"EntryPoint","urlTemplate":"https:\/\/aconteceunovale.com.br\/portal\/?s={search_term_string}"},"query-input":{"@type":"PropertyValueSpecification","valueRequired":true,"valueName":"search_term_string"}}],"inLanguage":"pt-BR"},{"@type":"Person","@id":"https:\/\/aconteceunovale.com.br\/portal\/#\/schema\/person\/7d2f26d1483f8a63de73da1ee0754d35","name":"Reda\u00e7\u00e3o Aconteceu no Vale","description":"Equipe de reportagem do Aconteceu no Vale, portal de not\u00edcias do Vale do Jequitinhonha, em Minas Gerais. Cobrimos as 51 cidades do Vale desde 2013. Sugest\u00f5es de pauta e pedidos de corre\u00e7\u00e3o: contato@aconteceunovale.com.br","url":"https:\/\/aconteceunovale.com.br\/portal\/?author=4"}]}},"_links":{"self":[{"href":"https:\/\/aconteceunovale.com.br\/portal\/index.php?rest_route=\/wp\/v2\/posts\/190999","targetHints":{"allow":["GET"]}}],"collection":[{"href":"https:\/\/aconteceunovale.com.br\/portal\/index.php?rest_route=\/wp\/v2\/posts"}],"about":[{"href":"https:\/\/aconteceunovale.com.br\/portal\/index.php?rest_route=\/wp\/v2\/types\/post"}],"author":[{"embeddable":true,"href":"https:\/\/aconteceunovale.com.br\/portal\/index.php?rest_route=\/wp\/v2\/users\/4"}],"replies":[{"embeddable":true,"href":"https:\/\/aconteceunovale.com.br\/portal\/index.php?rest_route=%2Fwp%2Fv2%2Fcomments&post=190999"}],"version-history":[{"count":1,"href":"https:\/\/aconteceunovale.com.br\/portal\/index.php?rest_route=\/wp\/v2\/posts\/190999\/revisions"}],"predecessor-version":[{"id":191001,"href":"https:\/\/aconteceunovale.com.br\/portal\/index.php?rest_route=\/wp\/v2\/posts\/190999\/revisions\/191001"}],"wp:featuredmedia":[{"embeddable":true,"href":"https:\/\/aconteceunovale.com.br\/portal\/index.php?rest_route=\/wp\/v2\/media\/191000"}],"wp:attachment":[{"href":"https:\/\/aconteceunovale.com.br\/portal\/index.php?rest_route=%2Fwp%2Fv2%2Fmedia&parent=190999"}],"wp:term":[{"taxonomy":"category","embeddable":true,"href":"https:\/\/aconteceunovale.com.br\/portal\/index.php?rest_route=%2Fwp%2Fv2%2Fcategories&post=190999"},{"taxonomy":"post_tag","embeddable":true,"href":"https:\/\/aconteceunovale.com.br\/portal\/index.php?rest_route=%2Fwp%2Fv2%2Ftags&post=190999"}],"curies":[{"name":"wp","href":"https:\/\/api.w.org\/{rel}","templated":true}]}}