{"id":19098,"date":"2014-01-22T20:01:26","date_gmt":"2014-01-22T22:01:26","guid":{"rendered":"http:\/\/aconteceunovale.com.br\/portal\/?p=19098"},"modified":"2014-01-22T20:01:26","modified_gmt":"2014-01-22T22:01:26","slug":"base-avancada-do-samu-em-taiobeiras-recebe-sede-propria","status":"publish","type":"post","link":"https:\/\/aconteceunovale.com.br\/portal\/?p=19098","title":{"rendered":"Base Avan\u00e7ada do Samu em Taiobeiras recebe sede pr\u00f3pria"},"content":{"rendered":"<p>Em sua primeira visita ao Norte de Minas como secret\u00e1rio de Estado da Sa\u00fade de Minas Gerais, Alexandre Silveira inaugurou a sede pr\u00f3pria da base avan\u00e7ada do Samu Macro Norte em Taiobeiras, na manh\u00e3 desta quarta-feira (22).<\/p>\n<p><img decoding=\"async\" src=\"http:\/\/aconteceunovale.com.br\/portal\/wp-content\/uploads\/2014\/01\/sede-propria-da-unidade-que-beneficia-200-mil-pessoas-proporcionara-mais-conforto-aos-socorristas_1.jpg\" alt=\"\" \/><br \/>\n<strong><em>Sede pr\u00f3pria da unidade, que beneficia 200 mil pessoas, proporcionar\u00e1 mais conforto aos socorristas<\/em><\/strong><\/p>\n<p>Instalada no munic\u00edpio em 2009, como parte integrante da Rede de Urg\u00eancia e Emerg\u00eancia, implantada pela Secretaria de Estado de Sa\u00fade de forma pioneira na regi\u00e3o, a base avan\u00e7ada do Samu de Taiobeiras d\u00e1 suporte aos 16 munic\u00edpios da microrregi\u00e3o, beneficiando uma popula\u00e7\u00e3o de mais de 200 mil pessoas, al\u00e9m de atender \u00e0s ocorr\u00eancias de acidentes de tr\u00e2nsito da BR 251. No per\u00edodo de 2009 a 2013, a base realizou mais de cinco mil atendimentos.<\/p>\n<p>Funcionando at\u00e9 ent\u00e3o em im\u00f3vel alugado, a unidade ganha sua sede pr\u00f3pria, que ir\u00e1 proporcionar mais conforto aos socorristas. O secret\u00e1rio Alexandre Silveira diz que entregar a sede pr\u00f3pria do Samu \u00e0 popula\u00e7\u00e3o demanda uma nova responsabilidade. \u201cO trabalho do Samu \u00e9 fundamental para garantir o acesso da popula\u00e7\u00e3o ao atendimento pr\u00e9-hospitalar de urg\u00eancia e emerg\u00eancia, com a qualidade e tempestividade necess\u00e1rias, mas tamb\u00e9m \u00e9 preciso resguardar a humaniza\u00e7\u00e3o das condi\u00e7\u00f5es de trabalho dos nossos \u2018anjos da guarda\u2019, os socorristas. Registro aqui meu compromisso de trabalhar para que essa iniciativa se estenda, atrav\u00e9s dos cons\u00f3rcios, a todos os outros munic\u00edpios do Estado onde est\u00e3o instaladas as bases do Samu\u201d, garante o secret\u00e1rio.<\/p>\n<p>Alexandre Silveira tamb\u00e9m assumiu o compromisso com a popula\u00e7\u00e3o do Alto Rio Pardo em realizar um estudo para instala\u00e7\u00e3o de uma nova base avan\u00e7ada do Samu na regi\u00e3o, para encurtar as dist\u00e2ncias no atendimento \u00e0s ocorr\u00eancias de acidente de tr\u00e2nsito na BR-251.<\/p>\n<p>Na constru\u00e7\u00e3o da nova sede foram investidos recursos de mais R$ 300 mil, viabilizados pelo esfor\u00e7o institucional empreendido pelo governo estadual, por meio da Secretaria de Estado de Sa\u00fade, governo federal e munic\u00edpios que integram o Cons\u00f3rcio Intermunicipal de Sa\u00fade da Rede de Urg\u00eancia do Norte de Minas (Cisrun). Os investimentos tamb\u00e9m foram utilizados na aquisi\u00e7\u00e3o de equipamentos, mobili\u00e1rios e materiais necess\u00e1rios ao funcionamento da unidade. O terreno foi cedido pela prefeitura municipal de Taiobeiras.<\/p>\n<p><img decoding=\"async\" src=\"http:\/\/aconteceunovale.com.br\/portal\/wp-content\/uploads\/2014\/01\/nova-sede-foi-inaugurada-pelo-secretario-de-estado-de-saude-alexandre-silveira-nesta-quarta.jpg\" alt=\"\" \/><br \/>\n<em><strong>Nova sede foi inaugurada pelo secret\u00e1rio de Sa\u00fade Alexandre Silveira, nesta quarta-feira<\/strong><\/em><\/p>\n<p>O presidente do Cisrun e prefeito de Bocaiuva, Ricardo Afonso Veloso, ressalta que a sede pr\u00f3pria \u00e9 um marco dos avan\u00e7os da Rede de Urg\u00eancia e Emerg\u00eancia na regi\u00e3o. \u201cTemos registrado importantes avan\u00e7os na assist\u00eancia \u00e0 popula\u00e7\u00e3o norte-mineira, n\u00e3o s\u00f3 na urg\u00eancia e emerg\u00eancia, mas em todas as \u00e1reas da sa\u00fade. E essa preocupa\u00e7\u00e3o em proporcionar melhores condi\u00e7\u00f5es de trabalho para os profissionais que atuam em uma \u00e1rea t\u00e3o vital, que \u00e9 o Samu, \u00e9 uma demonstra\u00e7\u00e3o do cuidado do Governo de Minas e de todos os munic\u00edpios da regi\u00e3o de promover uma sa\u00fade de forma humanizada e com a estrutura adequada\u201d, observa.<\/p>\n<p><strong>ESTRUTURA<\/strong><\/p>\n<p>O Samu Macro Norte possui 37 bases que atendem a uma popula\u00e7\u00e3o de cerca de 1,6 milh\u00e3o de pessoas de 86 munic\u00edpios e, segundo o prefeito, esta \u00e9 quarta unidade pr\u00f3pria do Samu a ser inaugurada na regi\u00e3o. As outras duas est\u00e3o em Jana\u00faba, Bras\u00edlia de Minas e Pirapora. \u201cNo pr\u00f3ximo m\u00eas, ser\u00e1 inaugurada a sede da base avan\u00e7ada de Janu\u00e1ria\u201d, anuncia.<\/p>\n<p>A unidade conta com uma equipe de socorristas composta por 26 profissionais que passar\u00e3o a contar com uma estrutura equipada com c\u00e2meras de seguran\u00e7a, sistema de comunica\u00e7\u00e3o, almoxarifado para armazenamento de medicamentos e insumos, local de desinfec\u00e7\u00e3o de material m\u00e9dico-hospitalar adequado, sala de prescri\u00e7\u00e3o, sala de desestresse, local adequado para estacionamento e higieniza\u00e7\u00e3o.<\/p>\n<p>O prefeito de Taiobeiras, Danilo Mendes Rodrigues, diz que a nova sede do Samu vem somar a uma s\u00e9rie de outros benef\u00edcios que o munic\u00edpio vem recebendo nos \u00faltimos anos, fortalecendo a assist\u00eancia \u00e0 sa\u00fade de toda microrregi\u00e3o. \u201cTaiobeiras conta com CTI adulto e est\u00e1 em fase de conclus\u00e3o da constru\u00e7\u00e3o do CTI neonatal. O hospital do munic\u00edpio foi fortalecido, melhorando sobremaneira a resolubilidade da assist\u00eancia na regi\u00e3o, reduzindo, assim, a transfer\u00eancia de pacientes para outros munic\u00edpios. Temos o centro Viva Vida, centro especializado de odontologia (CEU), reabilita\u00e7\u00e3o em fisioterapia, 100% de cobertura de PSF, com todas as unidades reformadas e devidamente equipadas, recebendo, inclusive, da Secretaria de Estado de Sa\u00fade, o pr\u00eamio pela experi\u00eancia exitosa na Aten\u00e7\u00e3o Prim\u00e1ria \u00e0 Sa\u00fade e a medalha M\u00e9rito da Sa\u00fade pela excel\u00eancia do servi\u00e7o no munic\u00edpio. Tudo isso \u00e9 resultado do compromisso do Governo de Minas e dos prefeitos do Norte de Minas que se uniram numa parceria solid\u00e1ria para mudar a realidade da regi\u00e3o\u201d, destaca o prefeito.<\/p>\n<p><strong>VER MINAS<\/strong><\/p>\n<p>Em sua passagem por Taiobeiras, o secret\u00e1rio Alexandre Silveira tamb\u00e9m visitou as carretas do Programa Ver Minas, que est\u00e3o no munic\u00edpio prestando servi\u00e7os de assist\u00eancia oftalmol\u00f3gica \u00e0 popula\u00e7\u00e3o do Alto Rio Pardo, com o objetivo de diagnosticar e reduzir a preval\u00eancia da catarata e de outras doen\u00e7as oculares na popula\u00e7\u00e3o acima de 50 anos.<\/p>\n<p>As unidades m\u00f3veis equipadas com consult\u00f3rio oftalmol\u00f3gico, sala para exames e sala cir\u00fargica permanecem no munic\u00edpio at\u00e9 27 de janeiro, e a expectativa \u00e9 que sejam realizadas 6 mil consultas e 2,5 mil cirurgias.<\/p>\n<p>Ap\u00f3s esse per\u00edodo, a equipe p\u00f3s-operat\u00f3ria do programa permanece mais dez dias no munic\u00edpio. Na segunda quinzena de fevereiro, a carreta-consult\u00f3rio retorna para avaliar as cirurgias realizadas e, caso haja alguma intercorr\u00eancia ou necessidade de interven\u00e7\u00e3o cir\u00fargica, ser\u00e1 utilizado o bloco do hospital Santo Ant\u00f4nio. <\/p>\n<p><em>(Informa\u00e7\u00f5es e fotos da Ag\u00eancia Minas)<\/em><\/p>\n","protected":false},"excerpt":{"rendered":"<p>Em sua primeira visita ao Norte de Minas como secret\u00e1rio de Estado da Sa\u00fade de Minas Gerais, Alexandre Silveira inaugurou a sede pr\u00f3pria da base avan\u00e7ada do Samu Macro Norte em Taiobeiras, na manh\u00e3 desta quarta-feira (22). Sede pr\u00f3pria da unidade, que beneficia 200 mil pessoas, proporcionar\u00e1 mais conforto aos socorristas Instalada no munic\u00edpio em [&hellip;]<\/p>\n","protected":false},"author":1,"featured_media":19100,"comment_status":"open","ping_status":"closed","sticky":false,"template":"","format":"standard","meta":{"amp_status":"","footnotes":""},"categories":[6],"tags":[3343,419,3342],"class_list":["post-19098","post","type-post","status-publish","format-standard","has-post-thumbnail","hentry","category-br","tag-inauguracao-sede-do-samu-em-taiobeiras","tag-taiobeiras","tag-vacinacao-de-meninas-entre-11-e-13-anos-contra-hpv-na-rede-publica-comeca-em-10-de-marco"],"_links":{"self":[{"href":"https:\/\/aconteceunovale.com.br\/portal\/index.php?rest_route=\/wp\/v2\/posts\/19098","targetHints":{"allow":["GET"]}}],"collection":[{"href":"https:\/\/aconteceunovale.com.br\/portal\/index.php?rest_route=\/wp\/v2\/posts"}],"about":[{"href":"https:\/\/aconteceunovale.com.br\/portal\/index.php?rest_route=\/wp\/v2\/types\/post"}],"author":[{"embeddable":true,"href":"https:\/\/aconteceunovale.com.br\/portal\/index.php?rest_route=\/wp\/v2\/users\/1"}],"replies":[{"embeddable":true,"href":"https:\/\/aconteceunovale.com.br\/portal\/index.php?rest_route=%2Fwp%2Fv2%2Fcomments&post=19098"}],"version-history":[{"count":0,"href":"https:\/\/aconteceunovale.com.br\/portal\/index.php?rest_route=\/wp\/v2\/posts\/19098\/revisions"}],"wp:featuredmedia":[{"embeddable":true,"href":"https:\/\/aconteceunovale.com.br\/portal\/index.php?rest_route=\/wp\/v2\/media\/19100"}],"wp:attachment":[{"href":"https:\/\/aconteceunovale.com.br\/portal\/index.php?rest_route=%2Fwp%2Fv2%2Fmedia&parent=19098"}],"wp:term":[{"taxonomy":"category","embeddable":true,"href":"https:\/\/aconteceunovale.com.br\/portal\/index.php?rest_route=%2Fwp%2Fv2%2Fcategories&post=19098"},{"taxonomy":"post_tag","embeddable":true,"href":"https:\/\/aconteceunovale.com.br\/portal\/index.php?rest_route=%2Fwp%2Fv2%2Ftags&post=19098"}],"curies":[{"name":"wp","href":"https:\/\/api.w.org\/{rel}","templated":true}]}}