{"id":190965,"date":"2022-10-02T23:49:09","date_gmt":"2022-10-03T02:49:09","guid":{"rendered":"https:\/\/aconteceunovale.com.br\/portal\/?p=190965"},"modified":"2022-10-03T11:50:00","modified_gmt":"2022-10-03T14:50:00","slug":"clecio-e-eleito-governador-do-amapa","status":"publish","type":"post","link":"https:\/\/aconteceunovale.com.br\/portal\/?p=190965","title":{"rendered":"Cl\u00e9cio \u00e9 eleito governador do Amap\u00e1"},"content":{"rendered":"\n<p class=\"wp-block-paragraph\">O candidato Cl\u00e9cio (Solidariedade) venceu a disputa ao governo do Amap\u00e1 com 53,69% dos votos v\u00e1lidos. Jaime Nunes (PSD) ficou em segundo lugar com 42,58%. Confira o resultado: <\/p>\n\n\n\n<figure class=\"wp-block-gallery has-nested-images columns-default is-cropped wp-block-gallery-1 is-layout-flex wp-block-gallery-is-layout-flex\">\n<figure class=\"wp-block-image size-large\"><img loading=\"lazy\" decoding=\"async\" width=\"541\" height=\"287\" data-id=\"190966\" src=\"https:\/\/aconteceunovale.com.br\/portal\/wp-content\/uploads\/2022\/10\/eleito_amapa.png\" alt=\"\" class=\"wp-image-190966\" srcset=\"https:\/\/aconteceunovale.com.br\/portal\/wp-content\/uploads\/2022\/10\/eleito_amapa.png 541w, https:\/\/aconteceunovale.com.br\/portal\/wp-content\/uploads\/2022\/10\/eleito_amapa-300x159.png 300w\" sizes=\"auto, (max-width: 541px) 100vw, 541px\" \/><\/figure>\n<\/figure>\n\n\n\n<ul class=\"wp-block-list\"><li><strong>Cl\u00e9cio (Solidariedade) &#8211; 222.168 votos &#8211; 53,69%<\/strong><\/li><li>Jaime Nunes (PSD) &#8211; 176.208 votos &#8211; 42,58%<\/li><li>Gesiel de Oliveira (PRTB) &#8211; 8.704 votos &#8211; 2,10%<\/li><li>Gilvam Borges (MDB) &#8211; 4.510 votos &#8211; 1,09%<\/li><li>Gianfranco (PSTU) &#8211; 1.588 votos &#8211; 0,38%<\/li><li>Jairo Palheta (PCO) &#8211; 634 votos &#8211; 0,15%<\/li><li><a rel=\"noreferrer noopener\" href=\"https:\/\/aconteceunovale.com.br\/portal\/?p=190684\" target=\"_blank\">Confira a apura\u00e7\u00e3o completa das Elei\u00e7\u00f5es 2022 em nossa p\u00e1gina (clique aqui).<\/a><\/li><\/ul>\n\n\n\n<p class=\"wp-block-paragraph\">&#8212;&#8212;&#8212;&#8212;&#8212;&#8212;<br><br><strong>Sabia que o Aconteceu no Vale est\u00e1 tamb\u00e9m no Telegram? <a rel=\"noreferrer noopener\" href=\"https:\/\/t.me\/aconteceunovaleoficial\" target=\"_blank\">Inscreva-se no canal<\/a>.<\/strong><br><br><strong>J\u00e1 curtiu ou seguiu nossas p\u00e1ginas nas redes sociais?\u00a0Receba as not\u00edcias em primeira m\u00e3o:<\/strong><br>\u2022 <a rel=\"noreferrer noopener\" href=\"https:\/\/news.google.com\/publications\/CAAqBwgKMNjklQswi4etAw?hl=pt-BR&amp;gl=BR&amp;ceid=BR%3Apt-419\" target=\"_blank\">Google News<\/a><br>\u2022 <a rel=\"noreferrer noopener\" href=\"https:\/\/www.facebook.com\/aconteceunovale\/\" target=\"_blank\">Facebook<\/a><br>\u2022 <a rel=\"noreferrer noopener\" href=\"https:\/\/twitter.com\/noticiadosvales\" target=\"_blank\">Twitter<\/a><br>\u2022 <a rel=\"noreferrer noopener\" href=\"https:\/\/www.instagram.com\/aconteceunovale\" target=\"_blank\">Instagram<\/a><br>\u2022 <a rel=\"noreferrer noopener\" href=\"https:\/\/www.youtube.com\/AconteceunoValeOficial\" target=\"_blank\">Youtube<\/a><br>\u2022 <a rel=\"noreferrer noopener\" href=\"https:\/\/www.tiktok.com\/@aconteceunovale\" target=\"_blank\">TikTok<\/a><\/p>\n","protected":false},"excerpt":{"rendered":"<p>O candidato Cl\u00e9cio (Solidariedade) venceu a disputa ao governo do Amap\u00e1 com 53,69% dos votos v\u00e1lidos. Jaime Nunes (PSD) ficou em segundo lugar com 42,58%. Confira o resultado: Cl\u00e9cio (Solidariedade) &#8211; 222.168 votos &#8211; 53,69% Jaime Nunes (PSD) &#8211; 176.208 votos &#8211; 42,58% Gesiel de Oliveira (PRTB) &#8211; 8.704 votos &#8211; 2,10% Gilvam Borges (MDB) [&hellip;]<\/p>\n","protected":false},"author":4,"featured_media":190966,"comment_status":"open","ping_status":"closed","sticky":false,"template":"","format":"standard","meta":{"amp_status":"","footnotes":""},"categories":[6,249933],"tags":[18742,182505,262337,264138,264139,264140,262336,182532],"class_list":["post-190965","post","type-post","status-publish","format-standard","has-post-thumbnail","hentry","category-br","category-eleicoes-2022","tag-amapa","tag-apuracao-dos-votos-no-amapa","tag-clecio","tag-clecio-e-eleito-governador-do-amapa","tag-disputa-para-governador-no-amapa","tag-eleicao-para-governador-no-amapa","tag-eleicoes-2022-no-amapa","tag-eleicoes-no-amapa"],"yoast_head":"<!-- This site is optimized with the Yoast SEO plugin v28.3 - https:\/\/yoast.com\/product\/yoast-seo-wordpress\/ -->\n<title>Cl\u00e9cio \u00e9 eleito governador do Amap\u00e1 - Aconteceu no Vale<\/title>\n<meta name=\"robots\" content=\"index, follow, max-snippet:-1, max-image-preview:large, max-video-preview:-1\" \/>\n<link rel=\"canonical\" href=\"https:\/\/aconteceunovale.com.br\/portal\/?p=190965\" \/>\n<meta property=\"og:locale\" content=\"pt_BR\" \/>\n<meta property=\"og:type\" content=\"article\" \/>\n<meta property=\"og:title\" content=\"Cl\u00e9cio \u00e9 eleito governador do Amap\u00e1 - Aconteceu no Vale\" \/>\n<meta property=\"og:description\" content=\"O candidato Cl\u00e9cio (Solidariedade) venceu a disputa ao governo do Amap\u00e1 com 53,69% dos votos v\u00e1lidos. Jaime Nunes (PSD) ficou em segundo lugar com 42,58%. Confira o resultado: Cl\u00e9cio (Solidariedade) &#8211; 222.168 votos &#8211; 53,69% Jaime Nunes (PSD) &#8211; 176.208 votos &#8211; 42,58% Gesiel de Oliveira (PRTB) &#8211; 8.704 votos &#8211; 2,10% Gilvam Borges (MDB) [&hellip;]\" \/>\n<meta property=\"og:url\" content=\"https:\/\/aconteceunovale.com.br\/portal\/?p=190965\" \/>\n<meta property=\"og:site_name\" content=\"Aconteceu no Vale\" \/>\n<meta property=\"article:publisher\" content=\"https:\/\/www.facebook.com\/aconteceunovale\/\" \/>\n<meta property=\"article:published_time\" content=\"2022-10-03T02:49:09+00:00\" \/>\n<meta property=\"article:modified_time\" content=\"2022-10-03T14:50:00+00:00\" \/>\n<meta property=\"og:image\" content=\"https:\/\/aconteceunovale.com.br\/portal\/wp-content\/uploads\/2022\/10\/eleito_amapa.png\" \/>\n\t<meta property=\"og:image:width\" content=\"541\" \/>\n\t<meta property=\"og:image:height\" content=\"287\" \/>\n\t<meta property=\"og:image:type\" content=\"image\/png\" \/>\n<meta name=\"author\" content=\"Reda\u00e7\u00e3o Aconteceu no Vale\" \/>\n<meta name=\"twitter:card\" content=\"summary_large_image\" \/>\n<meta name=\"twitter:creator\" content=\"@noticiadosvales\" \/>\n<meta name=\"twitter:site\" content=\"@noticiadosvales\" \/>\n<meta name=\"twitter:label1\" content=\"Escrito por\" \/>\n\t<meta name=\"twitter:data1\" content=\"Reda\u00e7\u00e3o Aconteceu no Vale\" \/>\n\t<meta name=\"twitter:label2\" content=\"Est. tempo de leitura\" \/>\n\t<meta name=\"twitter:data2\" content=\"1 minuto\" \/>\n<script type=\"application\/ld+json\" class=\"yoast-schema-graph\">{\"@context\":\"https:\\\/\\\/schema.org\",\"@graph\":[{\"@type\":\"Article\",\"@id\":\"https:\\\/\\\/aconteceunovale.com.br\\\/portal\\\/?p=190965#article\",\"isPartOf\":{\"@id\":\"https:\\\/\\\/aconteceunovale.com.br\\\/portal\\\/?p=190965\"},\"author\":{\"name\":\"Reda\u00e7\u00e3o Aconteceu no Vale\",\"@id\":\"https:\\\/\\\/aconteceunovale.com.br\\\/portal\\\/#\\\/schema\\\/person\\\/7d2f26d1483f8a63de73da1ee0754d35\"},\"headline\":\"Cl\u00e9cio \u00e9 eleito governador do Amap\u00e1\",\"datePublished\":\"2022-10-03T02:49:09+00:00\",\"dateModified\":\"2022-10-03T14:50:00+00:00\",\"mainEntityOfPage\":{\"@id\":\"https:\\\/\\\/aconteceunovale.com.br\\\/portal\\\/?p=190965\"},\"wordCount\":124,\"commentCount\":0,\"image\":{\"@id\":\"https:\\\/\\\/aconteceunovale.com.br\\\/portal\\\/?p=190965#primaryimage\"},\"thumbnailUrl\":\"https:\\\/\\\/aconteceunovale.com.br\\\/portal\\\/wp-content\\\/uploads\\\/2022\\\/10\\\/eleito_amapa.png\",\"keywords\":[\"Amap\u00e1\",\"apura\u00e7\u00e3o dos votos no Amap\u00e1\",\"Cl\u00e9cio\",\"Cl\u00e9cio \u00e9 eleito governador do Amap\u00e1\",\"Disputa para governador no Amap\u00e1\",\"Elei\u00e7\u00e3o para governador no Amap\u00e1\",\"Elei\u00e7\u00f5es 2022 no Amap\u00e1\",\"elei\u00e7\u00f5es no Amap\u00e1\"],\"articleSection\":[\"Brasil\",\"Elei\u00e7\u00f5es 2022\"],\"inLanguage\":\"pt-BR\",\"potentialAction\":[{\"@type\":\"CommentAction\",\"name\":\"Comment\",\"target\":[\"https:\\\/\\\/aconteceunovale.com.br\\\/portal\\\/?p=190965#respond\"]}]},{\"@type\":\"WebPage\",\"@id\":\"https:\\\/\\\/aconteceunovale.com.br\\\/portal\\\/?p=190965\",\"url\":\"https:\\\/\\\/aconteceunovale.com.br\\\/portal\\\/?p=190965\",\"name\":\"Cl\u00e9cio \u00e9 eleito governador do Amap\u00e1 - Aconteceu no Vale\",\"isPartOf\":{\"@id\":\"https:\\\/\\\/aconteceunovale.com.br\\\/portal\\\/#website\"},\"primaryImageOfPage\":{\"@id\":\"https:\\\/\\\/aconteceunovale.com.br\\\/portal\\\/?p=190965#primaryimage\"},\"image\":{\"@id\":\"https:\\\/\\\/aconteceunovale.com.br\\\/portal\\\/?p=190965#primaryimage\"},\"thumbnailUrl\":\"https:\\\/\\\/aconteceunovale.com.br\\\/portal\\\/wp-content\\\/uploads\\\/2022\\\/10\\\/eleito_amapa.png\",\"datePublished\":\"2022-10-03T02:49:09+00:00\",\"dateModified\":\"2022-10-03T14:50:00+00:00\",\"author\":{\"@id\":\"https:\\\/\\\/aconteceunovale.com.br\\\/portal\\\/#\\\/schema\\\/person\\\/7d2f26d1483f8a63de73da1ee0754d35\"},\"breadcrumb\":{\"@id\":\"https:\\\/\\\/aconteceunovale.com.br\\\/portal\\\/?p=190965#breadcrumb\"},\"inLanguage\":\"pt-BR\",\"potentialAction\":[{\"@type\":\"ReadAction\",\"target\":[\"https:\\\/\\\/aconteceunovale.com.br\\\/portal\\\/?p=190965\"]}]},{\"@type\":\"ImageObject\",\"inLanguage\":\"pt-BR\",\"@id\":\"https:\\\/\\\/aconteceunovale.com.br\\\/portal\\\/?p=190965#primaryimage\",\"url\":\"https:\\\/\\\/aconteceunovale.com.br\\\/portal\\\/wp-content\\\/uploads\\\/2022\\\/10\\\/eleito_amapa.png\",\"contentUrl\":\"https:\\\/\\\/aconteceunovale.com.br\\\/portal\\\/wp-content\\\/uploads\\\/2022\\\/10\\\/eleito_amapa.png\",\"width\":541,\"height\":287},{\"@type\":\"BreadcrumbList\",\"@id\":\"https:\\\/\\\/aconteceunovale.com.br\\\/portal\\\/?p=190965#breadcrumb\",\"itemListElement\":[{\"@type\":\"ListItem\",\"position\":1,\"name\":\"In\u00edcio\",\"item\":\"https:\\\/\\\/aconteceunovale.com.br\\\/portal\\\/\"},{\"@type\":\"ListItem\",\"position\":2,\"name\":\"Cl\u00e9cio \u00e9 eleito governador do Amap\u00e1\"}]},{\"@type\":\"WebSite\",\"@id\":\"https:\\\/\\\/aconteceunovale.com.br\\\/portal\\\/#website\",\"url\":\"https:\\\/\\\/aconteceunovale.com.br\\\/portal\\\/\",\"name\":\"Aconteceu no Vale\",\"description\":\"Portal de Not\u00edcias\",\"potentialAction\":[{\"@type\":\"SearchAction\",\"target\":{\"@type\":\"EntryPoint\",\"urlTemplate\":\"https:\\\/\\\/aconteceunovale.com.br\\\/portal\\\/?s={search_term_string}\"},\"query-input\":{\"@type\":\"PropertyValueSpecification\",\"valueRequired\":true,\"valueName\":\"search_term_string\"}}],\"inLanguage\":\"pt-BR\"},{\"@type\":\"Person\",\"@id\":\"https:\\\/\\\/aconteceunovale.com.br\\\/portal\\\/#\\\/schema\\\/person\\\/7d2f26d1483f8a63de73da1ee0754d35\",\"name\":\"Reda\u00e7\u00e3o Aconteceu no Vale\",\"description\":\"Equipe de reportagem do Aconteceu no Vale, portal de not\u00edcias do Vale do Jequitinhonha, em Minas Gerais. Cobrimos as 51 cidades do Vale desde 2013. Sugest\u00f5es de pauta e pedidos de corre\u00e7\u00e3o: contato@aconteceunovale.com.br\",\"url\":\"https:\\\/\\\/aconteceunovale.com.br\\\/portal\\\/?author=4\"}]}<\/script>\n<!-- \/ Yoast SEO plugin. -->","yoast_head_json":{"title":"Cl\u00e9cio \u00e9 eleito governador do Amap\u00e1 - Aconteceu no Vale","robots":{"index":"index","follow":"follow","max-snippet":"max-snippet:-1","max-image-preview":"max-image-preview:large","max-video-preview":"max-video-preview:-1"},"canonical":"https:\/\/aconteceunovale.com.br\/portal\/?p=190965","og_locale":"pt_BR","og_type":"article","og_title":"Cl\u00e9cio \u00e9 eleito governador do Amap\u00e1 - Aconteceu no Vale","og_description":"O candidato Cl\u00e9cio (Solidariedade) venceu a disputa ao governo do Amap\u00e1 com 53,69% dos votos v\u00e1lidos. Jaime Nunes (PSD) ficou em segundo lugar com 42,58%. Confira o resultado: Cl\u00e9cio (Solidariedade) &#8211; 222.168 votos &#8211; 53,69% Jaime Nunes (PSD) &#8211; 176.208 votos &#8211; 42,58% Gesiel de Oliveira (PRTB) &#8211; 8.704 votos &#8211; 2,10% Gilvam Borges (MDB) [&hellip;]","og_url":"https:\/\/aconteceunovale.com.br\/portal\/?p=190965","og_site_name":"Aconteceu no Vale","article_publisher":"https:\/\/www.facebook.com\/aconteceunovale\/","article_published_time":"2022-10-03T02:49:09+00:00","article_modified_time":"2022-10-03T14:50:00+00:00","og_image":[{"width":541,"height":287,"url":"https:\/\/aconteceunovale.com.br\/portal\/wp-content\/uploads\/2022\/10\/eleito_amapa.png","type":"image\/png"}],"author":"Reda\u00e7\u00e3o Aconteceu no Vale","twitter_card":"summary_large_image","twitter_creator":"@noticiadosvales","twitter_site":"@noticiadosvales","twitter_misc":{"Escrito por":"Reda\u00e7\u00e3o Aconteceu no Vale","Est. tempo de leitura":"1 minuto"},"schema":{"@context":"https:\/\/schema.org","@graph":[{"@type":"Article","@id":"https:\/\/aconteceunovale.com.br\/portal\/?p=190965#article","isPartOf":{"@id":"https:\/\/aconteceunovale.com.br\/portal\/?p=190965"},"author":{"name":"Reda\u00e7\u00e3o Aconteceu no Vale","@id":"https:\/\/aconteceunovale.com.br\/portal\/#\/schema\/person\/7d2f26d1483f8a63de73da1ee0754d35"},"headline":"Cl\u00e9cio \u00e9 eleito governador do Amap\u00e1","datePublished":"2022-10-03T02:49:09+00:00","dateModified":"2022-10-03T14:50:00+00:00","mainEntityOfPage":{"@id":"https:\/\/aconteceunovale.com.br\/portal\/?p=190965"},"wordCount":124,"commentCount":0,"image":{"@id":"https:\/\/aconteceunovale.com.br\/portal\/?p=190965#primaryimage"},"thumbnailUrl":"https:\/\/aconteceunovale.com.br\/portal\/wp-content\/uploads\/2022\/10\/eleito_amapa.png","keywords":["Amap\u00e1","apura\u00e7\u00e3o dos votos no Amap\u00e1","Cl\u00e9cio","Cl\u00e9cio \u00e9 eleito governador do Amap\u00e1","Disputa para governador no Amap\u00e1","Elei\u00e7\u00e3o para governador no Amap\u00e1","Elei\u00e7\u00f5es 2022 no Amap\u00e1","elei\u00e7\u00f5es no Amap\u00e1"],"articleSection":["Brasil","Elei\u00e7\u00f5es 2022"],"inLanguage":"pt-BR","potentialAction":[{"@type":"CommentAction","name":"Comment","target":["https:\/\/aconteceunovale.com.br\/portal\/?p=190965#respond"]}]},{"@type":"WebPage","@id":"https:\/\/aconteceunovale.com.br\/portal\/?p=190965","url":"https:\/\/aconteceunovale.com.br\/portal\/?p=190965","name":"Cl\u00e9cio \u00e9 eleito governador do Amap\u00e1 - Aconteceu no Vale","isPartOf":{"@id":"https:\/\/aconteceunovale.com.br\/portal\/#website"},"primaryImageOfPage":{"@id":"https:\/\/aconteceunovale.com.br\/portal\/?p=190965#primaryimage"},"image":{"@id":"https:\/\/aconteceunovale.com.br\/portal\/?p=190965#primaryimage"},"thumbnailUrl":"https:\/\/aconteceunovale.com.br\/portal\/wp-content\/uploads\/2022\/10\/eleito_amapa.png","datePublished":"2022-10-03T02:49:09+00:00","dateModified":"2022-10-03T14:50:00+00:00","author":{"@id":"https:\/\/aconteceunovale.com.br\/portal\/#\/schema\/person\/7d2f26d1483f8a63de73da1ee0754d35"},"breadcrumb":{"@id":"https:\/\/aconteceunovale.com.br\/portal\/?p=190965#breadcrumb"},"inLanguage":"pt-BR","potentialAction":[{"@type":"ReadAction","target":["https:\/\/aconteceunovale.com.br\/portal\/?p=190965"]}]},{"@type":"ImageObject","inLanguage":"pt-BR","@id":"https:\/\/aconteceunovale.com.br\/portal\/?p=190965#primaryimage","url":"https:\/\/aconteceunovale.com.br\/portal\/wp-content\/uploads\/2022\/10\/eleito_amapa.png","contentUrl":"https:\/\/aconteceunovale.com.br\/portal\/wp-content\/uploads\/2022\/10\/eleito_amapa.png","width":541,"height":287},{"@type":"BreadcrumbList","@id":"https:\/\/aconteceunovale.com.br\/portal\/?p=190965#breadcrumb","itemListElement":[{"@type":"ListItem","position":1,"name":"In\u00edcio","item":"https:\/\/aconteceunovale.com.br\/portal\/"},{"@type":"ListItem","position":2,"name":"Cl\u00e9cio \u00e9 eleito governador do Amap\u00e1"}]},{"@type":"WebSite","@id":"https:\/\/aconteceunovale.com.br\/portal\/#website","url":"https:\/\/aconteceunovale.com.br\/portal\/","name":"Aconteceu no Vale","description":"Portal de Not\u00edcias","potentialAction":[{"@type":"SearchAction","target":{"@type":"EntryPoint","urlTemplate":"https:\/\/aconteceunovale.com.br\/portal\/?s={search_term_string}"},"query-input":{"@type":"PropertyValueSpecification","valueRequired":true,"valueName":"search_term_string"}}],"inLanguage":"pt-BR"},{"@type":"Person","@id":"https:\/\/aconteceunovale.com.br\/portal\/#\/schema\/person\/7d2f26d1483f8a63de73da1ee0754d35","name":"Reda\u00e7\u00e3o Aconteceu no Vale","description":"Equipe de reportagem do Aconteceu no Vale, portal de not\u00edcias do Vale do Jequitinhonha, em Minas Gerais. Cobrimos as 51 cidades do Vale desde 2013. Sugest\u00f5es de pauta e pedidos de corre\u00e7\u00e3o: contato@aconteceunovale.com.br","url":"https:\/\/aconteceunovale.com.br\/portal\/?author=4"}]}},"_links":{"self":[{"href":"https:\/\/aconteceunovale.com.br\/portal\/index.php?rest_route=\/wp\/v2\/posts\/190965","targetHints":{"allow":["GET"]}}],"collection":[{"href":"https:\/\/aconteceunovale.com.br\/portal\/index.php?rest_route=\/wp\/v2\/posts"}],"about":[{"href":"https:\/\/aconteceunovale.com.br\/portal\/index.php?rest_route=\/wp\/v2\/types\/post"}],"author":[{"embeddable":true,"href":"https:\/\/aconteceunovale.com.br\/portal\/index.php?rest_route=\/wp\/v2\/users\/4"}],"replies":[{"embeddable":true,"href":"https:\/\/aconteceunovale.com.br\/portal\/index.php?rest_route=%2Fwp%2Fv2%2Fcomments&post=190965"}],"version-history":[{"count":1,"href":"https:\/\/aconteceunovale.com.br\/portal\/index.php?rest_route=\/wp\/v2\/posts\/190965\/revisions"}],"predecessor-version":[{"id":190967,"href":"https:\/\/aconteceunovale.com.br\/portal\/index.php?rest_route=\/wp\/v2\/posts\/190965\/revisions\/190967"}],"wp:featuredmedia":[{"embeddable":true,"href":"https:\/\/aconteceunovale.com.br\/portal\/index.php?rest_route=\/wp\/v2\/media\/190966"}],"wp:attachment":[{"href":"https:\/\/aconteceunovale.com.br\/portal\/index.php?rest_route=%2Fwp%2Fv2%2Fmedia&parent=190965"}],"wp:term":[{"taxonomy":"category","embeddable":true,"href":"https:\/\/aconteceunovale.com.br\/portal\/index.php?rest_route=%2Fwp%2Fv2%2Fcategories&post=190965"},{"taxonomy":"post_tag","embeddable":true,"href":"https:\/\/aconteceunovale.com.br\/portal\/index.php?rest_route=%2Fwp%2Fv2%2Ftags&post=190965"}],"curies":[{"name":"wp","href":"https:\/\/api.w.org\/{rel}","templated":true}]}}