{"id":190952,"date":"2022-10-03T01:13:09","date_gmt":"2022-10-03T04:13:09","guid":{"rendered":"https:\/\/aconteceunovale.com.br\/portal\/?p=190952"},"modified":"2022-10-03T11:13:47","modified_gmt":"2022-10-03T14:13:47","slug":"marilia-arraes-e-raquel-lyra-vao-disputar-o-segundo-turno-em-pernambuco","status":"publish","type":"post","link":"https:\/\/aconteceunovale.com.br\/portal\/?p=190952","title":{"rendered":"Mar\u00edlia Arraes\u00a0e Raquel Lyra v\u00e3o disputar o segundo turno em Pernambuco"},"content":{"rendered":"\n<p class=\"wp-block-paragraph\">As candidatas Mar\u00edlia Arraes\u00a0(Solidariedade) e Raquel Lyra (PSDB) v\u00e3o disputar o segundo turno das elei\u00e7\u00f5es para o governo de\u00a0Pernambuco. Confira o resultado:<\/p>\n\n\n\n<figure class=\"wp-block-gallery has-nested-images columns-default is-cropped wp-block-gallery-1 is-layout-flex wp-block-gallery-is-layout-flex\">\n<figure class=\"wp-block-image size-large\"><img loading=\"lazy\" decoding=\"async\" width=\"541\" height=\"273\" data-id=\"190953\" src=\"https:\/\/aconteceunovale.com.br\/portal\/wp-content\/uploads\/2022\/10\/segundo_turno_pernambuco.png\" alt=\"\" class=\"wp-image-190953\" srcset=\"https:\/\/aconteceunovale.com.br\/portal\/wp-content\/uploads\/2022\/10\/segundo_turno_pernambuco.png 541w, https:\/\/aconteceunovale.com.br\/portal\/wp-content\/uploads\/2022\/10\/segundo_turno_pernambuco-300x151.png 300w\" sizes=\"auto, (max-width: 541px) 100vw, 541px\" \/><\/figure>\n<\/figure>\n\n\n\n<ul class=\"wp-block-list\"><li><strong>Mar\u00edlia Arraes (Solidariedade) &#8211; 1.175.651 votos &#8211; 23,97%<\/strong><\/li><li><strong>Raquel Lyra (PSDB) &#8211; 1.009.556 votos &#8211; 20,58%<\/strong><\/li><li>Anderson Ferreira (PL) &#8211; 890.220 votos &#8211; 18,15%<\/li><li>Danilo Cabral (PSB) &#8211; 885.994 votos &#8211; 18,06%<\/li><li>Miguel Coelho (Uni\u00e3o Brasil) &#8211; 884.941 votos &#8211; 18,04%<\/li><li>Jones Manoel (PCB) &#8211; 33.931 votos &#8211; 0,69%<\/li><li>Jo\u00e3o Arnaldo (PSOL) &#8211; 12.558 votos &#8211; 0,26%<\/li><li>Pastor Wellington (PTB) &#8211; 8.020 votos &#8211; 0,16%<\/li><li>Jadilson Bombeiro (PMB) &#8211; 2.435 votos &#8211; 0,05%<\/li><li>Cl\u00e1udia Ribeiro (PSTU) &#8211; 1.745 votos &#8211; 0,04%<\/li><li><a rel=\"noreferrer noopener\" href=\"https:\/\/aconteceunovale.com.br\/portal\/?p=190684\" target=\"_blank\">Confira a apura\u00e7\u00e3o completa das Elei\u00e7\u00f5es 2022 em nossa p\u00e1gina (clique aqui).<\/a><\/li><\/ul>\n\n\n\n<p class=\"wp-block-paragraph\">&#8212;&#8212;&#8212;&#8212;&#8212;&#8212;<br><br><strong>Sabia que o Aconteceu no Vale est\u00e1 tamb\u00e9m no Telegram? <a rel=\"noreferrer noopener\" href=\"https:\/\/t.me\/aconteceunovaleoficial\" target=\"_blank\">Inscreva-se no canal<\/a>.<\/strong><br><br><strong>J\u00e1 curtiu ou seguiu nossas p\u00e1ginas nas redes sociais?\u00a0Receba as not\u00edcias em primeira m\u00e3o:<\/strong><br>\u2022 <a rel=\"noreferrer noopener\" href=\"https:\/\/news.google.com\/publications\/CAAqBwgKMNjklQswi4etAw?hl=pt-BR&amp;gl=BR&amp;ceid=BR%3Apt-419\" target=\"_blank\">Google News<\/a><br>\u2022 <a rel=\"noreferrer noopener\" href=\"https:\/\/www.facebook.com\/aconteceunovale\/\" target=\"_blank\">Facebook<\/a><br>\u2022 <a rel=\"noreferrer noopener\" href=\"https:\/\/twitter.com\/noticiadosvales\" target=\"_blank\">Twitter<\/a><br>\u2022 <a rel=\"noreferrer noopener\" href=\"https:\/\/www.instagram.com\/aconteceunovale\" target=\"_blank\">Instagram<\/a><br>\u2022 <a rel=\"noreferrer noopener\" href=\"https:\/\/www.youtube.com\/AconteceunoValeOficial\" target=\"_blank\">Youtube<\/a><br>\u2022 <a rel=\"noreferrer noopener\" href=\"https:\/\/www.tiktok.com\/@aconteceunovale\" target=\"_blank\">TikTok<\/a><\/p>\n","protected":false},"excerpt":{"rendered":"<p>As candidatas Mar\u00edlia Arraes\u00a0(Solidariedade) e Raquel Lyra (PSDB) v\u00e3o disputar o segundo turno das elei\u00e7\u00f5es para o governo de\u00a0Pernambuco. Confira o resultado: Mar\u00edlia Arraes (Solidariedade) &#8211; 1.175.651 votos &#8211; 23,97% Raquel Lyra (PSDB) &#8211; 1.009.556 votos &#8211; 20,58% Anderson Ferreira (PL) &#8211; 890.220 votos &#8211; 18,15% Danilo Cabral (PSB) &#8211; 885.994 votos &#8211; 18,06% Miguel [&hellip;]<\/p>\n","protected":false},"author":4,"featured_media":190953,"comment_status":"open","ping_status":"closed","sticky":false,"template":"","format":"standard","meta":{"amp_status":"","footnotes":""},"categories":[6,249933],"tags":[264125,264127,264126,262445,264123,262447,264124],"class_list":["post-190952","post","type-post","status-publish","format-standard","has-post-thumbnail","hentry","category-br","category-eleicoes-2022","tag-apuracao-dos-votos-em-pernambuco","tag-disputa-para-governador-em-pernambuco","tag-eleicoes-em-pernambuco","tag-marilia-arraes","tag-marilia-arraes-e-raquel-lyra-vao-disputar-o-segundo-turno-em-pernambuco","tag-raquel-lyra","tag-segundo-turno-em-pernambuco"],"yoast_head":"<!-- This site is optimized with the Yoast SEO plugin v28.3 - https:\/\/yoast.com\/product\/yoast-seo-wordpress\/ -->\n<title>Mar\u00edlia Arraes\u00a0e Raquel Lyra v\u00e3o disputar o segundo turno em Pernambuco - Aconteceu no Vale<\/title>\n<meta name=\"robots\" content=\"index, follow, max-snippet:-1, max-image-preview:large, max-video-preview:-1\" \/>\n<link rel=\"canonical\" href=\"https:\/\/aconteceunovale.com.br\/portal\/?p=190952\" \/>\n<meta property=\"og:locale\" content=\"pt_BR\" \/>\n<meta property=\"og:type\" content=\"article\" \/>\n<meta property=\"og:title\" content=\"Mar\u00edlia Arraes\u00a0e Raquel Lyra v\u00e3o disputar o segundo turno em Pernambuco - Aconteceu no Vale\" \/>\n<meta property=\"og:description\" content=\"As candidatas Mar\u00edlia Arraes\u00a0(Solidariedade) e Raquel Lyra (PSDB) v\u00e3o disputar o segundo turno das elei\u00e7\u00f5es para o governo de\u00a0Pernambuco. Confira o resultado: Mar\u00edlia Arraes (Solidariedade) &#8211; 1.175.651 votos &#8211; 23,97% Raquel Lyra (PSDB) &#8211; 1.009.556 votos &#8211; 20,58% Anderson Ferreira (PL) &#8211; 890.220 votos &#8211; 18,15% Danilo Cabral (PSB) &#8211; 885.994 votos &#8211; 18,06% Miguel [&hellip;]\" \/>\n<meta property=\"og:url\" content=\"https:\/\/aconteceunovale.com.br\/portal\/?p=190952\" \/>\n<meta property=\"og:site_name\" content=\"Aconteceu no Vale\" \/>\n<meta property=\"article:publisher\" content=\"https:\/\/www.facebook.com\/aconteceunovale\/\" \/>\n<meta property=\"article:published_time\" content=\"2022-10-03T04:13:09+00:00\" \/>\n<meta property=\"article:modified_time\" content=\"2022-10-03T14:13:47+00:00\" \/>\n<meta property=\"og:image\" content=\"https:\/\/aconteceunovale.com.br\/portal\/wp-content\/uploads\/2022\/10\/segundo_turno_pernambuco.png\" \/>\n\t<meta property=\"og:image:width\" content=\"541\" \/>\n\t<meta property=\"og:image:height\" content=\"273\" \/>\n\t<meta property=\"og:image:type\" content=\"image\/png\" \/>\n<meta name=\"author\" content=\"Reda\u00e7\u00e3o Aconteceu no Vale\" \/>\n<meta name=\"twitter:card\" content=\"summary_large_image\" \/>\n<meta name=\"twitter:creator\" content=\"@noticiadosvales\" \/>\n<meta name=\"twitter:site\" content=\"@noticiadosvales\" \/>\n<meta name=\"twitter:label1\" content=\"Escrito por\" \/>\n\t<meta name=\"twitter:data1\" content=\"Reda\u00e7\u00e3o Aconteceu no Vale\" \/>\n\t<meta name=\"twitter:label2\" content=\"Est. tempo de leitura\" \/>\n\t<meta name=\"twitter:data2\" content=\"1 minuto\" \/>\n<script type=\"application\/ld+json\" class=\"yoast-schema-graph\">{\"@context\":\"https:\\\/\\\/schema.org\",\"@graph\":[{\"@type\":\"Article\",\"@id\":\"https:\\\/\\\/aconteceunovale.com.br\\\/portal\\\/?p=190952#article\",\"isPartOf\":{\"@id\":\"https:\\\/\\\/aconteceunovale.com.br\\\/portal\\\/?p=190952\"},\"author\":{\"name\":\"Reda\u00e7\u00e3o Aconteceu no Vale\",\"@id\":\"https:\\\/\\\/aconteceunovale.com.br\\\/portal\\\/#\\\/schema\\\/person\\\/7d2f26d1483f8a63de73da1ee0754d35\"},\"headline\":\"Mar\u00edlia Arraes\u00a0e Raquel Lyra v\u00e3o disputar o segundo turno em Pernambuco\",\"datePublished\":\"2022-10-03T04:13:09+00:00\",\"dateModified\":\"2022-10-03T14:13:47+00:00\",\"mainEntityOfPage\":{\"@id\":\"https:\\\/\\\/aconteceunovale.com.br\\\/portal\\\/?p=190952\"},\"wordCount\":160,\"commentCount\":0,\"image\":{\"@id\":\"https:\\\/\\\/aconteceunovale.com.br\\\/portal\\\/?p=190952#primaryimage\"},\"thumbnailUrl\":\"https:\\\/\\\/aconteceunovale.com.br\\\/portal\\\/wp-content\\\/uploads\\\/2022\\\/10\\\/segundo_turno_pernambuco.png\",\"keywords\":[\"Apura\u00e7\u00e3o dos votos em Pernambuco\",\"Disputa para governador em Pernambuco\",\"Elei\u00e7\u00f5es em Pernambuco\",\"Mar\u00edlia Arraes\",\"Mar\u00edlia Arraes\u00a0e Raquel Lyra v\u00e3o disputar o segundo turno em Pernambuco\",\"Raquel Lyra\",\"Segundo turno em Pernambuco\"],\"articleSection\":[\"Brasil\",\"Elei\u00e7\u00f5es 2022\"],\"inLanguage\":\"pt-BR\",\"potentialAction\":[{\"@type\":\"CommentAction\",\"name\":\"Comment\",\"target\":[\"https:\\\/\\\/aconteceunovale.com.br\\\/portal\\\/?p=190952#respond\"]}]},{\"@type\":\"WebPage\",\"@id\":\"https:\\\/\\\/aconteceunovale.com.br\\\/portal\\\/?p=190952\",\"url\":\"https:\\\/\\\/aconteceunovale.com.br\\\/portal\\\/?p=190952\",\"name\":\"Mar\u00edlia Arraes\u00a0e Raquel Lyra v\u00e3o disputar o segundo turno em Pernambuco - Aconteceu no Vale\",\"isPartOf\":{\"@id\":\"https:\\\/\\\/aconteceunovale.com.br\\\/portal\\\/#website\"},\"primaryImageOfPage\":{\"@id\":\"https:\\\/\\\/aconteceunovale.com.br\\\/portal\\\/?p=190952#primaryimage\"},\"image\":{\"@id\":\"https:\\\/\\\/aconteceunovale.com.br\\\/portal\\\/?p=190952#primaryimage\"},\"thumbnailUrl\":\"https:\\\/\\\/aconteceunovale.com.br\\\/portal\\\/wp-content\\\/uploads\\\/2022\\\/10\\\/segundo_turno_pernambuco.png\",\"datePublished\":\"2022-10-03T04:13:09+00:00\",\"dateModified\":\"2022-10-03T14:13:47+00:00\",\"author\":{\"@id\":\"https:\\\/\\\/aconteceunovale.com.br\\\/portal\\\/#\\\/schema\\\/person\\\/7d2f26d1483f8a63de73da1ee0754d35\"},\"breadcrumb\":{\"@id\":\"https:\\\/\\\/aconteceunovale.com.br\\\/portal\\\/?p=190952#breadcrumb\"},\"inLanguage\":\"pt-BR\",\"potentialAction\":[{\"@type\":\"ReadAction\",\"target\":[\"https:\\\/\\\/aconteceunovale.com.br\\\/portal\\\/?p=190952\"]}]},{\"@type\":\"ImageObject\",\"inLanguage\":\"pt-BR\",\"@id\":\"https:\\\/\\\/aconteceunovale.com.br\\\/portal\\\/?p=190952#primaryimage\",\"url\":\"https:\\\/\\\/aconteceunovale.com.br\\\/portal\\\/wp-content\\\/uploads\\\/2022\\\/10\\\/segundo_turno_pernambuco.png\",\"contentUrl\":\"https:\\\/\\\/aconteceunovale.com.br\\\/portal\\\/wp-content\\\/uploads\\\/2022\\\/10\\\/segundo_turno_pernambuco.png\",\"width\":541,\"height\":273},{\"@type\":\"BreadcrumbList\",\"@id\":\"https:\\\/\\\/aconteceunovale.com.br\\\/portal\\\/?p=190952#breadcrumb\",\"itemListElement\":[{\"@type\":\"ListItem\",\"position\":1,\"name\":\"In\u00edcio\",\"item\":\"https:\\\/\\\/aconteceunovale.com.br\\\/portal\\\/\"},{\"@type\":\"ListItem\",\"position\":2,\"name\":\"Mar\u00edlia Arraes\u00a0e Raquel Lyra v\u00e3o disputar o segundo turno em Pernambuco\"}]},{\"@type\":\"WebSite\",\"@id\":\"https:\\\/\\\/aconteceunovale.com.br\\\/portal\\\/#website\",\"url\":\"https:\\\/\\\/aconteceunovale.com.br\\\/portal\\\/\",\"name\":\"Aconteceu no Vale\",\"description\":\"Portal de Not\u00edcias\",\"potentialAction\":[{\"@type\":\"SearchAction\",\"target\":{\"@type\":\"EntryPoint\",\"urlTemplate\":\"https:\\\/\\\/aconteceunovale.com.br\\\/portal\\\/?s={search_term_string}\"},\"query-input\":{\"@type\":\"PropertyValueSpecification\",\"valueRequired\":true,\"valueName\":\"search_term_string\"}}],\"inLanguage\":\"pt-BR\"},{\"@type\":\"Person\",\"@id\":\"https:\\\/\\\/aconteceunovale.com.br\\\/portal\\\/#\\\/schema\\\/person\\\/7d2f26d1483f8a63de73da1ee0754d35\",\"name\":\"Reda\u00e7\u00e3o Aconteceu no Vale\",\"description\":\"Equipe de reportagem do Aconteceu no Vale, portal de not\u00edcias do Vale do Jequitinhonha, em Minas Gerais. Cobrimos as 51 cidades do Vale desde 2013. Sugest\u00f5es de pauta e pedidos de corre\u00e7\u00e3o: contato@aconteceunovale.com.br\",\"url\":\"https:\\\/\\\/aconteceunovale.com.br\\\/portal\\\/?author=4\"}]}<\/script>\n<!-- \/ Yoast SEO plugin. -->","yoast_head_json":{"title":"Mar\u00edlia Arraes\u00a0e Raquel Lyra v\u00e3o disputar o segundo turno em Pernambuco - Aconteceu no Vale","robots":{"index":"index","follow":"follow","max-snippet":"max-snippet:-1","max-image-preview":"max-image-preview:large","max-video-preview":"max-video-preview:-1"},"canonical":"https:\/\/aconteceunovale.com.br\/portal\/?p=190952","og_locale":"pt_BR","og_type":"article","og_title":"Mar\u00edlia Arraes\u00a0e Raquel Lyra v\u00e3o disputar o segundo turno em Pernambuco - Aconteceu no Vale","og_description":"As candidatas Mar\u00edlia Arraes\u00a0(Solidariedade) e Raquel Lyra (PSDB) v\u00e3o disputar o segundo turno das elei\u00e7\u00f5es para o governo de\u00a0Pernambuco. Confira o resultado: Mar\u00edlia Arraes (Solidariedade) &#8211; 1.175.651 votos &#8211; 23,97% Raquel Lyra (PSDB) &#8211; 1.009.556 votos &#8211; 20,58% Anderson Ferreira (PL) &#8211; 890.220 votos &#8211; 18,15% Danilo Cabral (PSB) &#8211; 885.994 votos &#8211; 18,06% Miguel [&hellip;]","og_url":"https:\/\/aconteceunovale.com.br\/portal\/?p=190952","og_site_name":"Aconteceu no Vale","article_publisher":"https:\/\/www.facebook.com\/aconteceunovale\/","article_published_time":"2022-10-03T04:13:09+00:00","article_modified_time":"2022-10-03T14:13:47+00:00","og_image":[{"width":541,"height":273,"url":"https:\/\/aconteceunovale.com.br\/portal\/wp-content\/uploads\/2022\/10\/segundo_turno_pernambuco.png","type":"image\/png"}],"author":"Reda\u00e7\u00e3o Aconteceu no Vale","twitter_card":"summary_large_image","twitter_creator":"@noticiadosvales","twitter_site":"@noticiadosvales","twitter_misc":{"Escrito por":"Reda\u00e7\u00e3o Aconteceu no Vale","Est. tempo de leitura":"1 minuto"},"schema":{"@context":"https:\/\/schema.org","@graph":[{"@type":"Article","@id":"https:\/\/aconteceunovale.com.br\/portal\/?p=190952#article","isPartOf":{"@id":"https:\/\/aconteceunovale.com.br\/portal\/?p=190952"},"author":{"name":"Reda\u00e7\u00e3o Aconteceu no Vale","@id":"https:\/\/aconteceunovale.com.br\/portal\/#\/schema\/person\/7d2f26d1483f8a63de73da1ee0754d35"},"headline":"Mar\u00edlia Arraes\u00a0e Raquel Lyra v\u00e3o disputar o segundo turno em Pernambuco","datePublished":"2022-10-03T04:13:09+00:00","dateModified":"2022-10-03T14:13:47+00:00","mainEntityOfPage":{"@id":"https:\/\/aconteceunovale.com.br\/portal\/?p=190952"},"wordCount":160,"commentCount":0,"image":{"@id":"https:\/\/aconteceunovale.com.br\/portal\/?p=190952#primaryimage"},"thumbnailUrl":"https:\/\/aconteceunovale.com.br\/portal\/wp-content\/uploads\/2022\/10\/segundo_turno_pernambuco.png","keywords":["Apura\u00e7\u00e3o dos votos em Pernambuco","Disputa para governador em Pernambuco","Elei\u00e7\u00f5es em Pernambuco","Mar\u00edlia Arraes","Mar\u00edlia Arraes\u00a0e Raquel Lyra v\u00e3o disputar o segundo turno em Pernambuco","Raquel Lyra","Segundo turno em Pernambuco"],"articleSection":["Brasil","Elei\u00e7\u00f5es 2022"],"inLanguage":"pt-BR","potentialAction":[{"@type":"CommentAction","name":"Comment","target":["https:\/\/aconteceunovale.com.br\/portal\/?p=190952#respond"]}]},{"@type":"WebPage","@id":"https:\/\/aconteceunovale.com.br\/portal\/?p=190952","url":"https:\/\/aconteceunovale.com.br\/portal\/?p=190952","name":"Mar\u00edlia Arraes\u00a0e Raquel Lyra v\u00e3o disputar o segundo turno em Pernambuco - Aconteceu no Vale","isPartOf":{"@id":"https:\/\/aconteceunovale.com.br\/portal\/#website"},"primaryImageOfPage":{"@id":"https:\/\/aconteceunovale.com.br\/portal\/?p=190952#primaryimage"},"image":{"@id":"https:\/\/aconteceunovale.com.br\/portal\/?p=190952#primaryimage"},"thumbnailUrl":"https:\/\/aconteceunovale.com.br\/portal\/wp-content\/uploads\/2022\/10\/segundo_turno_pernambuco.png","datePublished":"2022-10-03T04:13:09+00:00","dateModified":"2022-10-03T14:13:47+00:00","author":{"@id":"https:\/\/aconteceunovale.com.br\/portal\/#\/schema\/person\/7d2f26d1483f8a63de73da1ee0754d35"},"breadcrumb":{"@id":"https:\/\/aconteceunovale.com.br\/portal\/?p=190952#breadcrumb"},"inLanguage":"pt-BR","potentialAction":[{"@type":"ReadAction","target":["https:\/\/aconteceunovale.com.br\/portal\/?p=190952"]}]},{"@type":"ImageObject","inLanguage":"pt-BR","@id":"https:\/\/aconteceunovale.com.br\/portal\/?p=190952#primaryimage","url":"https:\/\/aconteceunovale.com.br\/portal\/wp-content\/uploads\/2022\/10\/segundo_turno_pernambuco.png","contentUrl":"https:\/\/aconteceunovale.com.br\/portal\/wp-content\/uploads\/2022\/10\/segundo_turno_pernambuco.png","width":541,"height":273},{"@type":"BreadcrumbList","@id":"https:\/\/aconteceunovale.com.br\/portal\/?p=190952#breadcrumb","itemListElement":[{"@type":"ListItem","position":1,"name":"In\u00edcio","item":"https:\/\/aconteceunovale.com.br\/portal\/"},{"@type":"ListItem","position":2,"name":"Mar\u00edlia Arraes\u00a0e Raquel Lyra v\u00e3o disputar o segundo turno em Pernambuco"}]},{"@type":"WebSite","@id":"https:\/\/aconteceunovale.com.br\/portal\/#website","url":"https:\/\/aconteceunovale.com.br\/portal\/","name":"Aconteceu no Vale","description":"Portal de Not\u00edcias","potentialAction":[{"@type":"SearchAction","target":{"@type":"EntryPoint","urlTemplate":"https:\/\/aconteceunovale.com.br\/portal\/?s={search_term_string}"},"query-input":{"@type":"PropertyValueSpecification","valueRequired":true,"valueName":"search_term_string"}}],"inLanguage":"pt-BR"},{"@type":"Person","@id":"https:\/\/aconteceunovale.com.br\/portal\/#\/schema\/person\/7d2f26d1483f8a63de73da1ee0754d35","name":"Reda\u00e7\u00e3o Aconteceu no Vale","description":"Equipe de reportagem do Aconteceu no Vale, portal de not\u00edcias do Vale do Jequitinhonha, em Minas Gerais. Cobrimos as 51 cidades do Vale desde 2013. Sugest\u00f5es de pauta e pedidos de corre\u00e7\u00e3o: contato@aconteceunovale.com.br","url":"https:\/\/aconteceunovale.com.br\/portal\/?author=4"}]}},"_links":{"self":[{"href":"https:\/\/aconteceunovale.com.br\/portal\/index.php?rest_route=\/wp\/v2\/posts\/190952","targetHints":{"allow":["GET"]}}],"collection":[{"href":"https:\/\/aconteceunovale.com.br\/portal\/index.php?rest_route=\/wp\/v2\/posts"}],"about":[{"href":"https:\/\/aconteceunovale.com.br\/portal\/index.php?rest_route=\/wp\/v2\/types\/post"}],"author":[{"embeddable":true,"href":"https:\/\/aconteceunovale.com.br\/portal\/index.php?rest_route=\/wp\/v2\/users\/4"}],"replies":[{"embeddable":true,"href":"https:\/\/aconteceunovale.com.br\/portal\/index.php?rest_route=%2Fwp%2Fv2%2Fcomments&post=190952"}],"version-history":[{"count":1,"href":"https:\/\/aconteceunovale.com.br\/portal\/index.php?rest_route=\/wp\/v2\/posts\/190952\/revisions"}],"predecessor-version":[{"id":190954,"href":"https:\/\/aconteceunovale.com.br\/portal\/index.php?rest_route=\/wp\/v2\/posts\/190952\/revisions\/190954"}],"wp:featuredmedia":[{"embeddable":true,"href":"https:\/\/aconteceunovale.com.br\/portal\/index.php?rest_route=\/wp\/v2\/media\/190953"}],"wp:attachment":[{"href":"https:\/\/aconteceunovale.com.br\/portal\/index.php?rest_route=%2Fwp%2Fv2%2Fmedia&parent=190952"}],"wp:term":[{"taxonomy":"category","embeddable":true,"href":"https:\/\/aconteceunovale.com.br\/portal\/index.php?rest_route=%2Fwp%2Fv2%2Fcategories&post=190952"},{"taxonomy":"post_tag","embeddable":true,"href":"https:\/\/aconteceunovale.com.br\/portal\/index.php?rest_route=%2Fwp%2Fv2%2Ftags&post=190952"}],"curies":[{"name":"wp","href":"https:\/\/api.w.org\/{rel}","templated":true}]}}