{"id":190935,"date":"2022-10-02T23:53:00","date_gmt":"2022-10-03T02:53:00","guid":{"rendered":"https:\/\/aconteceunovale.com.br\/portal\/?p=190935"},"modified":"2022-10-03T10:34:04","modified_gmt":"2022-10-03T13:34:04","slug":"lula-e-bolsonaro-se-dizem-preparados-para-segundo-turno","status":"publish","type":"post","link":"https:\/\/aconteceunovale.com.br\/portal\/?p=190935","title":{"rendered":"Lula e Bolsonaro se dizem preparados para segundo turno"},"content":{"rendered":"\n<p class=\"wp-block-paragraph\">Ap\u00f3s a defini\u00e7\u00e3o de um segundo turno entre Lula (PT), que com 98,84% dos votos apurados no primeiro turno, tem 48,39% dos votos v\u00e1lidos, e Jair Bolsonaro, com 43,23%, os dois candidatos \u00e0 Presid\u00eancia da Rep\u00fablica falaram com a imprensa na noite de hoje (2). Lula fez um breve pronunciamento em S\u00e3o Paulo enquanto Bolsonaro falou na entrada do Pal\u00e1cio da Alvorada, em Bras\u00edlia.<\/p>\n\n\n\n<p class=\"wp-block-paragraph\">Lula falou \u00e0 imprensa minutos antes do seu advers\u00e1rio. Sorrindo o tempo todo durante seu breve discurso, Lula fez uma fala otimista sobre a continuidade da campanha e se mostrou animado para travar um debate com Jair Bolsonaro sem outros candidatos para dividir a aten\u00e7\u00e3o.<\/p>\n\n\n\n<p class=\"wp-block-paragraph\">\u201cVai ser a primeira chance de fazer um debate t\u00eate \u00e0 t\u00eate com o presidente da Rep\u00fablica. Vamos deixar o segundo turno para debater, para a gente poder medir, fazer compara\u00e7\u00f5es do Brasil que ele construiu e do Brasil que n\u00f3s constru\u00edmos. A partir de amanh\u00e3 eu estou em campanha. N\u00f3s vamos ter que viajar mais, fazer mais com\u00edcios, conversar mais com as pessoas e convencer a sociedade brasileira daquilo que estamos propondo\u201d, disse o ex-presidente.<\/p>\n\n\n\n<p class=\"wp-block-paragraph\">Mais s\u00e9rio, Bolsonaro concedeu entrevista a um grupo de jornalistas que o aguardava na entrada da Resid\u00eancia Oficial do presidente da Rep\u00fablica. Para ele, ser\u00e3o quatro semanas para mostrar \u00e0 popula\u00e7\u00e3o as consequ\u00eancias negativas do isolamento social, devido \u00e0 pandemia, e da guerra na Ucr\u00e2nia na economia do pa\u00eds.<\/p>\n\n\n\n<p class=\"wp-block-paragraph\">\u201cTemos um segundo tempo pela frente, onde tudo passa a ser igual e n\u00f3s vamos mostrar melhor \u00e0 popula\u00e7\u00e3o brasileira, especialmente \u00e0 classe mais afetada, a consequ\u00eancia da pol\u00edtica do \u2018fique em casa, a economia a gente v\u00ea depois\u2019, a consequ\u00eancia de uma guerra l\u00e1 fora e de uma crise ideol\u00f3gica\u201d, disse ele. Bolsonaro tamb\u00e9m pretende usar governos de esquerda na Am\u00e9rica do Sul, como Chile e Argentina, de uma maneira negativa, afirmando que \u201ccertas mudan\u00e7as v\u00eam para pior\u201d.<\/p>\n\n\n\n<p class=\"wp-block-paragraph\">O segundo turno para presidente e nos estados onde o pleito n\u00e3o foi definido no primeiro turno ocorrer\u00e1 no dia 30 de outubro.<\/p>\n\n\n\n<p class=\"wp-block-paragraph\">&#8212;&#8212;&#8212;&#8212;&#8212;&#8212;<br><br><strong>Sabia que o Aconteceu no Vale est\u00e1 tamb\u00e9m no Telegram? <a rel=\"noreferrer noopener\" href=\"https:\/\/t.me\/aconteceunovaleoficial\" target=\"_blank\">Inscreva-se no canal<\/a>.<\/strong><br><br><strong>J\u00e1 curtiu ou seguiu nossas p\u00e1ginas nas redes sociais?\u00a0Receba as not\u00edcias em primeira m\u00e3o:<\/strong><br>\u2022 <a rel=\"noreferrer noopener\" href=\"https:\/\/news.google.com\/publications\/CAAqBwgKMNjklQswi4etAw?hl=pt-BR&amp;gl=BR&amp;ceid=BR%3Apt-419\" target=\"_blank\">Google News<\/a><br>\u2022 <a rel=\"noreferrer noopener\" href=\"https:\/\/www.facebook.com\/aconteceunovale\/\" target=\"_blank\">Facebook<\/a><br>\u2022 <a rel=\"noreferrer noopener\" href=\"https:\/\/twitter.com\/noticiadosvales\" target=\"_blank\">Twitter<\/a><br>\u2022 <a rel=\"noreferrer noopener\" href=\"https:\/\/www.instagram.com\/aconteceunovale\" target=\"_blank\">Instagram<\/a><br>\u2022 <a rel=\"noreferrer noopener\" href=\"https:\/\/www.youtube.com\/AconteceunoValeOficial\" target=\"_blank\">Youtube<\/a><br>\u2022 <a rel=\"noreferrer noopener\" href=\"https:\/\/www.tiktok.com\/@aconteceunovale\" target=\"_blank\">TikTok<\/a><\/p>\n","protected":false},"excerpt":{"rendered":"<p>Ap\u00f3s a defini\u00e7\u00e3o de um segundo turno entre Lula (PT), que com 98,84% dos votos apurados no primeiro turno, tem 48,39% dos votos v\u00e1lidos, e Jair Bolsonaro, com 43,23%, os dois candidatos \u00e0 Presid\u00eancia da Rep\u00fablica falaram com a imprensa na noite de hoje (2). Lula fez um breve pronunciamento em S\u00e3o Paulo enquanto Bolsonaro [&hellip;]<\/p>\n","protected":false},"author":4,"featured_media":190860,"comment_status":"open","ping_status":"closed","sticky":false,"template":"","format":"standard","meta":{"amp_status":"","footnotes":""},"categories":[6,249933,40240],"tags":[263751,263750,1018,263627,263626,263625,263624,263628,718,252238,263623,261226,264102,263749,18448,263748],"class_list":["post-190935","post","type-post","status-publish","format-standard","has-post-thumbnail","hentry","category-br","category-eleicoes-2022","category-politica","tag-confirmado-segundo-turno-entre-lula-e-bolsonaro","tag-confirmado-segundo-turno-nas-eleicoes-presidenciais","tag-destaque","tag-eleicao-para-deputado-estadual-no-brasil","tag-eleicao-para-deputado-federal-no-brasil","tag-eleicao-para-governador-no-brasil","tag-eleicao-para-presidente-no-brasil","tag-eleicao-para-senador-no-brasil","tag-eleicoes","tag-eleicoes-2022","tag-eleicoes-2022-no-brasil","tag-eleicoes-no-brasil","tag-lula-e-bolsonaro-se-dizem-preparados-para-segundo-turno","tag-lula-x-bolsonaro","tag-segundo-turno","tag-segundo-turno-entre-lula-e-bolsonaro"],"yoast_head":"<!-- This site is optimized with the Yoast SEO plugin v28.3 - https:\/\/yoast.com\/product\/yoast-seo-wordpress\/ -->\n<title>Lula e Bolsonaro se dizem preparados para segundo turno - Aconteceu no Vale<\/title>\n<meta name=\"robots\" content=\"index, follow, max-snippet:-1, max-image-preview:large, max-video-preview:-1\" \/>\n<link rel=\"canonical\" href=\"https:\/\/aconteceunovale.com.br\/portal\/?p=190935\" \/>\n<meta property=\"og:locale\" content=\"pt_BR\" \/>\n<meta property=\"og:type\" content=\"article\" \/>\n<meta property=\"og:title\" content=\"Lula e Bolsonaro se dizem preparados para segundo turno - Aconteceu no Vale\" \/>\n<meta property=\"og:description\" content=\"Ap\u00f3s a defini\u00e7\u00e3o de um segundo turno entre Lula (PT), que com 98,84% dos votos apurados no primeiro turno, tem 48,39% dos votos v\u00e1lidos, e Jair Bolsonaro, com 43,23%, os dois candidatos \u00e0 Presid\u00eancia da Rep\u00fablica falaram com a imprensa na noite de hoje (2). Lula fez um breve pronunciamento em S\u00e3o Paulo enquanto Bolsonaro [&hellip;]\" \/>\n<meta property=\"og:url\" content=\"https:\/\/aconteceunovale.com.br\/portal\/?p=190935\" \/>\n<meta property=\"og:site_name\" content=\"Aconteceu no Vale\" \/>\n<meta property=\"article:publisher\" content=\"https:\/\/www.facebook.com\/aconteceunovale\/\" \/>\n<meta property=\"article:published_time\" content=\"2022-10-03T02:53:00+00:00\" \/>\n<meta property=\"article:modified_time\" content=\"2022-10-03T13:34:04+00:00\" \/>\n<meta property=\"og:image\" content=\"https:\/\/aconteceunovale.com.br\/portal\/wp-content\/uploads\/2022\/10\/card_eleicoes_2022_grande.png\" \/>\n\t<meta property=\"og:image:width\" content=\"636\" \/>\n\t<meta property=\"og:image:height\" content=\"450\" \/>\n\t<meta property=\"og:image:type\" content=\"image\/png\" \/>\n<meta name=\"author\" content=\"Reda\u00e7\u00e3o Aconteceu no Vale\" \/>\n<meta name=\"twitter:card\" content=\"summary_large_image\" \/>\n<meta name=\"twitter:creator\" content=\"@noticiadosvales\" \/>\n<meta name=\"twitter:site\" content=\"@noticiadosvales\" \/>\n<meta name=\"twitter:label1\" content=\"Escrito por\" \/>\n\t<meta name=\"twitter:data1\" content=\"Reda\u00e7\u00e3o Aconteceu no Vale\" \/>\n\t<meta name=\"twitter:label2\" content=\"Est. tempo de leitura\" \/>\n\t<meta name=\"twitter:data2\" content=\"2 minutos\" \/>\n<script type=\"application\/ld+json\" class=\"yoast-schema-graph\">{\"@context\":\"https:\\\/\\\/schema.org\",\"@graph\":[{\"@type\":\"Article\",\"@id\":\"https:\\\/\\\/aconteceunovale.com.br\\\/portal\\\/?p=190935#article\",\"isPartOf\":{\"@id\":\"https:\\\/\\\/aconteceunovale.com.br\\\/portal\\\/?p=190935\"},\"author\":{\"name\":\"Reda\u00e7\u00e3o Aconteceu no Vale\",\"@id\":\"https:\\\/\\\/aconteceunovale.com.br\\\/portal\\\/#\\\/schema\\\/person\\\/7d2f26d1483f8a63de73da1ee0754d35\"},\"headline\":\"Lula e Bolsonaro se dizem preparados para segundo turno\",\"datePublished\":\"2022-10-03T02:53:00+00:00\",\"dateModified\":\"2022-10-03T13:34:04+00:00\",\"mainEntityOfPage\":{\"@id\":\"https:\\\/\\\/aconteceunovale.com.br\\\/portal\\\/?p=190935\"},\"wordCount\":410,\"commentCount\":0,\"image\":{\"@id\":\"https:\\\/\\\/aconteceunovale.com.br\\\/portal\\\/?p=190935#primaryimage\"},\"thumbnailUrl\":\"https:\\\/\\\/aconteceunovale.com.br\\\/portal\\\/wp-content\\\/uploads\\\/2022\\\/10\\\/card_eleicoes_2022_grande.png\",\"keywords\":[\"Confirmado segundo turno entre Lula e Bolsonaro\",\"Confirmado segundo turno nas elei\u00e7\u00f5es presidenciais\",\"destaque\",\"Elei\u00e7\u00e3o para deputado estadual no Brasil\",\"Elei\u00e7\u00e3o para deputado federal no Brasil\",\"Elei\u00e7\u00e3o para governador no Brasil\",\"Elei\u00e7\u00e3o para presidente no Brasil\",\"Elei\u00e7\u00e3o para Senador no Brasil\",\"Elei\u00e7\u00f5es\",\"Elei\u00e7\u00f5es 2022\",\"Elei\u00e7\u00f5es 2022 no Brasil\",\"Elei\u00e7\u00f5es no Brasil\",\"Lula e Bolsonaro se dizem preparados para segundo turno\",\"Lula x Bolsonaro\",\"segundo turno\",\"Segundo turno entre Lula e Bolsonaro\"],\"articleSection\":[\"Brasil\",\"Elei\u00e7\u00f5es 2022\",\"Pol\u00edtica\"],\"inLanguage\":\"pt-BR\",\"potentialAction\":[{\"@type\":\"CommentAction\",\"name\":\"Comment\",\"target\":[\"https:\\\/\\\/aconteceunovale.com.br\\\/portal\\\/?p=190935#respond\"]}]},{\"@type\":\"WebPage\",\"@id\":\"https:\\\/\\\/aconteceunovale.com.br\\\/portal\\\/?p=190935\",\"url\":\"https:\\\/\\\/aconteceunovale.com.br\\\/portal\\\/?p=190935\",\"name\":\"Lula e Bolsonaro se dizem preparados para segundo turno - Aconteceu no Vale\",\"isPartOf\":{\"@id\":\"https:\\\/\\\/aconteceunovale.com.br\\\/portal\\\/#website\"},\"primaryImageOfPage\":{\"@id\":\"https:\\\/\\\/aconteceunovale.com.br\\\/portal\\\/?p=190935#primaryimage\"},\"image\":{\"@id\":\"https:\\\/\\\/aconteceunovale.com.br\\\/portal\\\/?p=190935#primaryimage\"},\"thumbnailUrl\":\"https:\\\/\\\/aconteceunovale.com.br\\\/portal\\\/wp-content\\\/uploads\\\/2022\\\/10\\\/card_eleicoes_2022_grande.png\",\"datePublished\":\"2022-10-03T02:53:00+00:00\",\"dateModified\":\"2022-10-03T13:34:04+00:00\",\"author\":{\"@id\":\"https:\\\/\\\/aconteceunovale.com.br\\\/portal\\\/#\\\/schema\\\/person\\\/7d2f26d1483f8a63de73da1ee0754d35\"},\"breadcrumb\":{\"@id\":\"https:\\\/\\\/aconteceunovale.com.br\\\/portal\\\/?p=190935#breadcrumb\"},\"inLanguage\":\"pt-BR\",\"potentialAction\":[{\"@type\":\"ReadAction\",\"target\":[\"https:\\\/\\\/aconteceunovale.com.br\\\/portal\\\/?p=190935\"]}]},{\"@type\":\"ImageObject\",\"inLanguage\":\"pt-BR\",\"@id\":\"https:\\\/\\\/aconteceunovale.com.br\\\/portal\\\/?p=190935#primaryimage\",\"url\":\"https:\\\/\\\/aconteceunovale.com.br\\\/portal\\\/wp-content\\\/uploads\\\/2022\\\/10\\\/card_eleicoes_2022_grande.png\",\"contentUrl\":\"https:\\\/\\\/aconteceunovale.com.br\\\/portal\\\/wp-content\\\/uploads\\\/2022\\\/10\\\/card_eleicoes_2022_grande.png\",\"width\":636,\"height\":450},{\"@type\":\"BreadcrumbList\",\"@id\":\"https:\\\/\\\/aconteceunovale.com.br\\\/portal\\\/?p=190935#breadcrumb\",\"itemListElement\":[{\"@type\":\"ListItem\",\"position\":1,\"name\":\"In\u00edcio\",\"item\":\"https:\\\/\\\/aconteceunovale.com.br\\\/portal\\\/\"},{\"@type\":\"ListItem\",\"position\":2,\"name\":\"Lula e Bolsonaro se dizem preparados para segundo turno\"}]},{\"@type\":\"WebSite\",\"@id\":\"https:\\\/\\\/aconteceunovale.com.br\\\/portal\\\/#website\",\"url\":\"https:\\\/\\\/aconteceunovale.com.br\\\/portal\\\/\",\"name\":\"Aconteceu no Vale\",\"description\":\"Portal de Not\u00edcias\",\"potentialAction\":[{\"@type\":\"SearchAction\",\"target\":{\"@type\":\"EntryPoint\",\"urlTemplate\":\"https:\\\/\\\/aconteceunovale.com.br\\\/portal\\\/?s={search_term_string}\"},\"query-input\":{\"@type\":\"PropertyValueSpecification\",\"valueRequired\":true,\"valueName\":\"search_term_string\"}}],\"inLanguage\":\"pt-BR\"},{\"@type\":\"Person\",\"@id\":\"https:\\\/\\\/aconteceunovale.com.br\\\/portal\\\/#\\\/schema\\\/person\\\/7d2f26d1483f8a63de73da1ee0754d35\",\"name\":\"Reda\u00e7\u00e3o Aconteceu no Vale\",\"description\":\"Equipe de reportagem do Aconteceu no Vale, portal de not\u00edcias do Vale do Jequitinhonha, em Minas Gerais. Cobrimos as 51 cidades do Vale desde 2013. Sugest\u00f5es de pauta e pedidos de corre\u00e7\u00e3o: contato@aconteceunovale.com.br\",\"url\":\"https:\\\/\\\/aconteceunovale.com.br\\\/portal\\\/?author=4\"}]}<\/script>\n<!-- \/ Yoast SEO plugin. -->","yoast_head_json":{"title":"Lula e Bolsonaro se dizem preparados para segundo turno - Aconteceu no Vale","robots":{"index":"index","follow":"follow","max-snippet":"max-snippet:-1","max-image-preview":"max-image-preview:large","max-video-preview":"max-video-preview:-1"},"canonical":"https:\/\/aconteceunovale.com.br\/portal\/?p=190935","og_locale":"pt_BR","og_type":"article","og_title":"Lula e Bolsonaro se dizem preparados para segundo turno - Aconteceu no Vale","og_description":"Ap\u00f3s a defini\u00e7\u00e3o de um segundo turno entre Lula (PT), que com 98,84% dos votos apurados no primeiro turno, tem 48,39% dos votos v\u00e1lidos, e Jair Bolsonaro, com 43,23%, os dois candidatos \u00e0 Presid\u00eancia da Rep\u00fablica falaram com a imprensa na noite de hoje (2). Lula fez um breve pronunciamento em S\u00e3o Paulo enquanto Bolsonaro [&hellip;]","og_url":"https:\/\/aconteceunovale.com.br\/portal\/?p=190935","og_site_name":"Aconteceu no Vale","article_publisher":"https:\/\/www.facebook.com\/aconteceunovale\/","article_published_time":"2022-10-03T02:53:00+00:00","article_modified_time":"2022-10-03T13:34:04+00:00","og_image":[{"width":636,"height":450,"url":"https:\/\/aconteceunovale.com.br\/portal\/wp-content\/uploads\/2022\/10\/card_eleicoes_2022_grande.png","type":"image\/png"}],"author":"Reda\u00e7\u00e3o Aconteceu no Vale","twitter_card":"summary_large_image","twitter_creator":"@noticiadosvales","twitter_site":"@noticiadosvales","twitter_misc":{"Escrito por":"Reda\u00e7\u00e3o Aconteceu no Vale","Est. tempo de leitura":"2 minutos"},"schema":{"@context":"https:\/\/schema.org","@graph":[{"@type":"Article","@id":"https:\/\/aconteceunovale.com.br\/portal\/?p=190935#article","isPartOf":{"@id":"https:\/\/aconteceunovale.com.br\/portal\/?p=190935"},"author":{"name":"Reda\u00e7\u00e3o Aconteceu no Vale","@id":"https:\/\/aconteceunovale.com.br\/portal\/#\/schema\/person\/7d2f26d1483f8a63de73da1ee0754d35"},"headline":"Lula e Bolsonaro se dizem preparados para segundo turno","datePublished":"2022-10-03T02:53:00+00:00","dateModified":"2022-10-03T13:34:04+00:00","mainEntityOfPage":{"@id":"https:\/\/aconteceunovale.com.br\/portal\/?p=190935"},"wordCount":410,"commentCount":0,"image":{"@id":"https:\/\/aconteceunovale.com.br\/portal\/?p=190935#primaryimage"},"thumbnailUrl":"https:\/\/aconteceunovale.com.br\/portal\/wp-content\/uploads\/2022\/10\/card_eleicoes_2022_grande.png","keywords":["Confirmado segundo turno entre Lula e Bolsonaro","Confirmado segundo turno nas elei\u00e7\u00f5es presidenciais","destaque","Elei\u00e7\u00e3o para deputado estadual no Brasil","Elei\u00e7\u00e3o para deputado federal no Brasil","Elei\u00e7\u00e3o para governador no Brasil","Elei\u00e7\u00e3o para presidente no Brasil","Elei\u00e7\u00e3o para Senador no Brasil","Elei\u00e7\u00f5es","Elei\u00e7\u00f5es 2022","Elei\u00e7\u00f5es 2022 no Brasil","Elei\u00e7\u00f5es no Brasil","Lula e Bolsonaro se dizem preparados para segundo turno","Lula x Bolsonaro","segundo turno","Segundo turno entre Lula e Bolsonaro"],"articleSection":["Brasil","Elei\u00e7\u00f5es 2022","Pol\u00edtica"],"inLanguage":"pt-BR","potentialAction":[{"@type":"CommentAction","name":"Comment","target":["https:\/\/aconteceunovale.com.br\/portal\/?p=190935#respond"]}]},{"@type":"WebPage","@id":"https:\/\/aconteceunovale.com.br\/portal\/?p=190935","url":"https:\/\/aconteceunovale.com.br\/portal\/?p=190935","name":"Lula e Bolsonaro se dizem preparados para segundo turno - Aconteceu no Vale","isPartOf":{"@id":"https:\/\/aconteceunovale.com.br\/portal\/#website"},"primaryImageOfPage":{"@id":"https:\/\/aconteceunovale.com.br\/portal\/?p=190935#primaryimage"},"image":{"@id":"https:\/\/aconteceunovale.com.br\/portal\/?p=190935#primaryimage"},"thumbnailUrl":"https:\/\/aconteceunovale.com.br\/portal\/wp-content\/uploads\/2022\/10\/card_eleicoes_2022_grande.png","datePublished":"2022-10-03T02:53:00+00:00","dateModified":"2022-10-03T13:34:04+00:00","author":{"@id":"https:\/\/aconteceunovale.com.br\/portal\/#\/schema\/person\/7d2f26d1483f8a63de73da1ee0754d35"},"breadcrumb":{"@id":"https:\/\/aconteceunovale.com.br\/portal\/?p=190935#breadcrumb"},"inLanguage":"pt-BR","potentialAction":[{"@type":"ReadAction","target":["https:\/\/aconteceunovale.com.br\/portal\/?p=190935"]}]},{"@type":"ImageObject","inLanguage":"pt-BR","@id":"https:\/\/aconteceunovale.com.br\/portal\/?p=190935#primaryimage","url":"https:\/\/aconteceunovale.com.br\/portal\/wp-content\/uploads\/2022\/10\/card_eleicoes_2022_grande.png","contentUrl":"https:\/\/aconteceunovale.com.br\/portal\/wp-content\/uploads\/2022\/10\/card_eleicoes_2022_grande.png","width":636,"height":450},{"@type":"BreadcrumbList","@id":"https:\/\/aconteceunovale.com.br\/portal\/?p=190935#breadcrumb","itemListElement":[{"@type":"ListItem","position":1,"name":"In\u00edcio","item":"https:\/\/aconteceunovale.com.br\/portal\/"},{"@type":"ListItem","position":2,"name":"Lula e Bolsonaro se dizem preparados para segundo turno"}]},{"@type":"WebSite","@id":"https:\/\/aconteceunovale.com.br\/portal\/#website","url":"https:\/\/aconteceunovale.com.br\/portal\/","name":"Aconteceu no Vale","description":"Portal de Not\u00edcias","potentialAction":[{"@type":"SearchAction","target":{"@type":"EntryPoint","urlTemplate":"https:\/\/aconteceunovale.com.br\/portal\/?s={search_term_string}"},"query-input":{"@type":"PropertyValueSpecification","valueRequired":true,"valueName":"search_term_string"}}],"inLanguage":"pt-BR"},{"@type":"Person","@id":"https:\/\/aconteceunovale.com.br\/portal\/#\/schema\/person\/7d2f26d1483f8a63de73da1ee0754d35","name":"Reda\u00e7\u00e3o Aconteceu no Vale","description":"Equipe de reportagem do Aconteceu no Vale, portal de not\u00edcias do Vale do Jequitinhonha, em Minas Gerais. Cobrimos as 51 cidades do Vale desde 2013. Sugest\u00f5es de pauta e pedidos de corre\u00e7\u00e3o: contato@aconteceunovale.com.br","url":"https:\/\/aconteceunovale.com.br\/portal\/?author=4"}]}},"_links":{"self":[{"href":"https:\/\/aconteceunovale.com.br\/portal\/index.php?rest_route=\/wp\/v2\/posts\/190935","targetHints":{"allow":["GET"]}}],"collection":[{"href":"https:\/\/aconteceunovale.com.br\/portal\/index.php?rest_route=\/wp\/v2\/posts"}],"about":[{"href":"https:\/\/aconteceunovale.com.br\/portal\/index.php?rest_route=\/wp\/v2\/types\/post"}],"author":[{"embeddable":true,"href":"https:\/\/aconteceunovale.com.br\/portal\/index.php?rest_route=\/wp\/v2\/users\/4"}],"replies":[{"embeddable":true,"href":"https:\/\/aconteceunovale.com.br\/portal\/index.php?rest_route=%2Fwp%2Fv2%2Fcomments&post=190935"}],"version-history":[{"count":1,"href":"https:\/\/aconteceunovale.com.br\/portal\/index.php?rest_route=\/wp\/v2\/posts\/190935\/revisions"}],"predecessor-version":[{"id":190936,"href":"https:\/\/aconteceunovale.com.br\/portal\/index.php?rest_route=\/wp\/v2\/posts\/190935\/revisions\/190936"}],"wp:featuredmedia":[{"embeddable":true,"href":"https:\/\/aconteceunovale.com.br\/portal\/index.php?rest_route=\/wp\/v2\/media\/190860"}],"wp:attachment":[{"href":"https:\/\/aconteceunovale.com.br\/portal\/index.php?rest_route=%2Fwp%2Fv2%2Fmedia&parent=190935"}],"wp:term":[{"taxonomy":"category","embeddable":true,"href":"https:\/\/aconteceunovale.com.br\/portal\/index.php?rest_route=%2Fwp%2Fv2%2Fcategories&post=190935"},{"taxonomy":"post_tag","embeddable":true,"href":"https:\/\/aconteceunovale.com.br\/portal\/index.php?rest_route=%2Fwp%2Fv2%2Ftags&post=190935"}],"curies":[{"name":"wp","href":"https:\/\/api.w.org\/{rel}","templated":true}]}}