{"id":19093,"date":"2014-01-22T19:40:49","date_gmt":"2014-01-22T21:40:49","guid":{"rendered":"http:\/\/aconteceunovale.com.br\/portal\/?p=19093"},"modified":"2014-01-22T19:42:28","modified_gmt":"2014-01-22T21:42:28","slug":"vereadores-processam-moderadores-do-grupo-aconteceu-em-gv","status":"publish","type":"post","link":"https:\/\/aconteceunovale.com.br\/portal\/?p=19093","title":{"rendered":"Vereadores processam moderadores do grupo \u201dAconteceu em GV\u201d"},"content":{"rendered":"<p>Os vereadores do Partido dos Trabalhadores (PT), Gl\u00eadston Ara\u00fajo, o Guet\u00e3o, e Geovanne Hon\u00f3rio, que tamb\u00e9m \u00e9 o presidente da C\u00e2mara de Vereadores de Valadares, est\u00e3o processando os moderadores do grupo \u201cAconteceu em GV\u201d em uma a\u00e7\u00e3o na qual alegam danos morais sofridos por uma publica\u00e7\u00e3o de um terceiro na p\u00e1gina do grupo. O engenheiro Andr\u00e9 Z\u00e3n Ramos e o advogado Henrique Cotta Ferreira Soares, moderadores do Aconteceu em GV, afirmam que n\u00e3o deram causa \u00e0 referida postagem e que os vereadores tamb\u00e9m nunca denunciaram ao grupo a postagem que poderia ter causado os alegados danos morais. A audi\u00eancia aconteceu nesta quarta-feira, \u00e0s 13h30, no Juizado Especial (Jesp), em Valadares.<\/p>\n<p><img decoding=\"async\" src=\"http:\/\/aconteceunovale.com.br\/portal\/wp-content\/uploads\/2014\/01\/vereadores_processam_aconteceu_em_gv.jpg\" alt=\"\" \/><br \/>\n<strong><em>Os vereadores afirmam que passaram a \u201csofrer in\u00fameras agress\u00f5es de cunho verbal e at\u00e9 mesmo acusa\u00e7\u00f5es de pr\u00e1tica de corrup\u00e7\u00e3o\u201d<\/em><\/strong><\/p>\n<p>Nas alega\u00e7\u00f5es, os vereadores afirmam que passaram a \u201csofrer in\u00fameras agress\u00f5es de cunho verbal e at\u00e9 mesmo acusa\u00e7\u00f5es de pr\u00e1tica de corrup\u00e7\u00e3o\u201d ao defenderem a aprova\u00e7\u00e3o do Projeto de Lei 017\/2013, de autoria de Geovanne Hon\u00f3rio, que \u201cestabelece limites e exig\u00eancias para a realiza\u00e7\u00e3o de edifica\u00e7\u00f5es de grande porte em \u00e1rea do munic\u00edpio de Governador Valadares\u201d.<\/p>\n<p>O vereadores alegam ainda que em outubro de 2013 um usu\u00e1rio com nome de Diego Carvalho teria publicado uma postagem ofensiva, inclusive com fotomontagem, com a \u201cinten\u00e7\u00e3o de macular a sua imagem, com cunho calunioso e difamat\u00f3rio\u201d. Como n\u00e3o foi poss\u00edvel identificar o autor da postagem, os administradores do Aconteceu em GV foram responsabilizados pelos vereadores \u201cpor permitirem em seu grupo ofensas de tal cunho\u201d, afirma o texto da inicial do processo.<\/p>\n<p>Por meio de nota, os vereadores Geovanne Hon\u00f3rio e Gl\u00eadston Guet\u00e3o explicaram por que recorreram \u00e0 Justi\u00e7a. \u201cA a\u00e7\u00e3o contra o Grupo Aconteceu GV foi motivada em raz\u00e3o de difama\u00e7\u00e3o, inj\u00farias e tentativas de macular nossa imagem. Os moderadores e administradores do Grupo s\u00e3o respons\u00e1veis pelo conte\u00fado e tamb\u00e9m por adicionar e excluir membros do grupo. Fomos atingidos como cidad\u00e3os e agentes pol\u00edticos atrav\u00e9s de in\u00fameras agress\u00f5es de cunho verbal. Ignoraram o bom senso em troca de ofensas, fotomontagens e acusa\u00e7\u00f5es indevidas, o que repudiamos veementemente. Buscamos, atrav\u00e9s do processo, uma retrata\u00e7\u00e3o e uma penaliza\u00e7\u00e3o pelo dano moral\u201d, concluiu a nota.<\/p>\n<p>Na p\u00e1gina do grupo no Facebook consta que 17.697 internautas s\u00e3o membros do Aconteceu em GV. H\u00e1 tamb\u00e9m uma descri\u00e7\u00e3o dos objetivos e das regras a serem seguidas pelos membros, onde \u00e9 solicitado que postagens consideradas ofensivas sejam denunciadas ao Facebook e aos moderadores para provid\u00eancias.<\/p>\n<p>Henrique Cotta disse ter se surpreendido com a a\u00e7\u00e3o movida pelos dois vereadores, uma vez que, segundo ele, \u201cem momento algum houve alguma den\u00fancia\u201d da parte dos pol\u00edticos. \u201cFoi uma surpresa porque, al\u00e9m de n\u00e3o termos escrito a postagem, n\u00e3o registramos nenhuma den\u00fancia por parte dos vereadores. N\u00e3o houve solicita\u00e7\u00e3o para que tom\u00e1ssemos nenhuma provid\u00eancia. O grupo tem mais de 17 mil membros e regras a serem seguidas. Sempre que alguma postagem \u00e9 denunciada, n\u00f3s analisamos e, se for procedente, deletamos. Em casos de ofensas graves ou reincid\u00eancia, exclu\u00edmos a pessoa do grupo. Os vereadores precisam entender que s\u00e3o pessoas p\u00fablicas e naturalmente est\u00e3o sujeitos a cr\u00edticas\u201d, explicou Henrique, acrescentando que considera a a\u00e7\u00e3o uma forma de tentar intimidar o grupo.<\/p>\n<p>Andr\u00e9 Z\u00e3n Ramos reafirmou que os vereadores n\u00e3o utilizaram as ferramentas dispon\u00edveis para denunciar a postagem questionada e que, ao processar os moderadores estariam tentando \u201ccensurar\u201d o grupo. \u201cO Aconteceu em GV, em momento nenhum recebeu qualquer den\u00fancia dos vereadores quanto \u00e0 postagem supostamente difamat\u00f3ria. Se tivesse sido denunciado poder\u00edamos ter tirado. O estranho \u00e9 que n\u00e3o fomos n\u00f3s que postamos. O que nos parece \u00e9 que h\u00e1 uma tentativa de impedir que algumas postagens sejam publicadas no grupo. O processo deveria ser contra quem postou. A partir do momento que o processo \u00e9 contra os moderadores e n\u00e3o contra o autor, inclusive com pedido de retirada da postagem, mostra-se uma tentativa de censura, de controle do que \u00e9 publicado\u201d, ponderou.<\/p>\n<p>Por se tratar de processo que tramita no Juizado Especial, todas as partes envolvidas devem comparecer pessoalmente e n\u00e3o apenas representadas por seu advogados. A audi\u00eancia aconteceu nesta quarta-feira, no Juizado Especial, \u00e0s 13h30. <\/p>\n<p><em><strong>(Fonte: Di\u00e1rio do Rio Doce)<\/strong><\/em><\/p>\n","protected":false},"excerpt":{"rendered":"<p>Os vereadores do Partido dos Trabalhadores (PT), Gl\u00eadston Ara\u00fajo, o Guet\u00e3o, e Geovanne Hon\u00f3rio, que tamb\u00e9m \u00e9 o presidente da C\u00e2mara de Vereadores de Valadares, est\u00e3o processando os moderadores do grupo \u201cAconteceu em GV\u201d em uma a\u00e7\u00e3o na qual alegam danos morais sofridos por uma publica\u00e7\u00e3o de um terceiro na p\u00e1gina do grupo. O engenheiro [&hellip;]<\/p>\n","protected":false},"author":1,"featured_media":19094,"comment_status":"open","ping_status":"closed","sticky":false,"template":"","format":"standard","meta":{"amp_status":"","footnotes":""},"categories":[121],"tags":[3340,3339,3338,247,3341,3337],"class_list":["post-19093","post","type-post","status-publish","format-standard","has-post-thumbnail","hentry","category-leste","tag-andre-zan-ramos","tag-geovanne-honorio","tag-gledston-araujo","tag-governador-valadares","tag-henrique-cotta-ferreira-soares","tag-vereadores-processam-moderadores-do-grupo-aconteceu-em-gv"],"_links":{"self":[{"href":"https:\/\/aconteceunovale.com.br\/portal\/index.php?rest_route=\/wp\/v2\/posts\/19093","targetHints":{"allow":["GET"]}}],"collection":[{"href":"https:\/\/aconteceunovale.com.br\/portal\/index.php?rest_route=\/wp\/v2\/posts"}],"about":[{"href":"https:\/\/aconteceunovale.com.br\/portal\/index.php?rest_route=\/wp\/v2\/types\/post"}],"author":[{"embeddable":true,"href":"https:\/\/aconteceunovale.com.br\/portal\/index.php?rest_route=\/wp\/v2\/users\/1"}],"replies":[{"embeddable":true,"href":"https:\/\/aconteceunovale.com.br\/portal\/index.php?rest_route=%2Fwp%2Fv2%2Fcomments&post=19093"}],"version-history":[{"count":0,"href":"https:\/\/aconteceunovale.com.br\/portal\/index.php?rest_route=\/wp\/v2\/posts\/19093\/revisions"}],"wp:featuredmedia":[{"embeddable":true,"href":"https:\/\/aconteceunovale.com.br\/portal\/index.php?rest_route=\/wp\/v2\/media\/19094"}],"wp:attachment":[{"href":"https:\/\/aconteceunovale.com.br\/portal\/index.php?rest_route=%2Fwp%2Fv2%2Fmedia&parent=19093"}],"wp:term":[{"taxonomy":"category","embeddable":true,"href":"https:\/\/aconteceunovale.com.br\/portal\/index.php?rest_route=%2Fwp%2Fv2%2Fcategories&post=19093"},{"taxonomy":"post_tag","embeddable":true,"href":"https:\/\/aconteceunovale.com.br\/portal\/index.php?rest_route=%2Fwp%2Fv2%2Ftags&post=19093"}],"curies":[{"name":"wp","href":"https:\/\/api.w.org\/{rel}","templated":true}]}}