{"id":190925,"date":"2022-10-03T06:22:00","date_gmt":"2022-10-03T09:22:00","guid":{"rendered":"https:\/\/aconteceunovale.com.br\/portal\/?p=190925"},"modified":"2022-10-03T09:54:40","modified_gmt":"2022-10-03T12:54:40","slug":"posso-votar-no-segundo-turno-se-faltei-ao-primeiro","status":"publish","type":"post","link":"https:\/\/aconteceunovale.com.br\/portal\/?p=190925","title":{"rendered":"Posso votar no segundo turno se faltei ao primeiro?"},"content":{"rendered":"\n<p class=\"wp-block-paragraph\">O primeiro turno das elei\u00e7\u00f5es foi realizado\u00a0ontem\u00a0(2) em todo Brasil. J\u00e1 o segundo turno est\u00e1 marcado para o pr\u00f3ximo dia 30. E mesmo aqueles que n\u00e3o votaram no primeiro turno t\u00eam direito de votar no segundo. Ou seja, o eleitor que deixou de votar\u00a0ontem\u00a0poder\u00e1 votar no dia 30, desde que o t\u00edtulo de eleitor esteja regularizado.<\/p>\n\n\n\n<p class=\"wp-block-paragraph\">Isso ocorre porque o Tribunal Superior Eleitoral (TSE) trata cada turno como uma elei\u00e7\u00e3o independente. Dessa forma, o eleitor poder\u00e1 votar se estiver em situa\u00e7\u00e3o regular com a Justi\u00e7a Eleitoral, ou seja, o t\u00edtulo eleitoral n\u00e3o pode estar cancelado ou suspenso.<\/p>\n\n\n\n<p class=\"wp-block-paragraph\">O t\u00edtulo \u00e9 cancelado quando o eleitor falta \u00e0s urnas por tr\u00eas elei\u00e7\u00f5es seguidas e n\u00e3o justifica a aus\u00eancia nem paga a multa. J\u00e1 a suspens\u00e3o ocorre quando n\u00e3o h\u00e1 cumprimento do servi\u00e7o militar obrigat\u00f3rio, condena\u00e7\u00e3o criminal transitada em julgado ou condena\u00e7\u00e3o por improbidade administrativa.<\/p>\n\n\n\n<h2 class=\"wp-block-heading\">Justificativa<\/h2>\n\n\n\n<p class=\"wp-block-paragraph\">Caso o eleitor n\u00e3o tenha votado no primeiro turno, dever\u00e1 apresentar justificativa \u00e0 Justi\u00e7a Eleitoral em at\u00e9 60 dias. Ou seja, como o segundo turno \u00e9 ainda este m\u00eas, a menos de 30 dias do primeiro turno, ser\u00e1 poss\u00edvel votar antes mesmo de justificar a aus\u00eancia na zona eleitoral no \u00faltimo&nbsp;domingo. O prazo para justificar aus\u00eancia no primeiro turno \u00e9 1\u00ba de dezembro de 2022. J\u00e1 a aus\u00eancia no segundo turno deve ser justificada at\u00e9&nbsp;9 de janeiro&nbsp;de 2023.<\/p>\n\n\n\n<p class=\"wp-block-paragraph\">Mesmo passada a elei\u00e7\u00e3o, \u00e9 importante apresentar a justificativa de aus\u00eancia. Existem algumas formas de faz\u00ea-lo: pelo aplicativo&nbsp;<a href=\"https:\/\/www.tse.jus.br\/eleitor\/servicos\/aplicativo-e-titulo\" target=\"_blank\" rel=\"noreferrer noopener\">e-T\u00edtulo<\/a>; pelo&nbsp;<a href=\"https:\/\/justifica.tse.jus.br\/\" target=\"_blank\" rel=\"noreferrer noopener\">Sistema Justifica<\/a>, nos portais da Justi\u00e7a Eleitoral; ou preenchendo um formul\u00e1rio de justificativa eleitoral.<\/p>\n\n\n\n<p class=\"wp-block-paragraph\">Cada justificativa \u00e9 v\u00e1lida somente para o turno ao qual a pessoa n\u00e3o tenha comparecido por estar fora de seu domic\u00edlio eleitoral. Assim, caso tenha deixado de votar no primeiro e no segundo turno da elei\u00e7\u00e3o,&nbsp;ter\u00e1 de justificar a aus\u00eancia a cada um, separadamente, obedecendo aos requisitos e prazos de cada turno.<\/p>\n\n\n\n<p class=\"wp-block-paragraph\">O acesso ao aplicativo e-T\u00edtulo est\u00e1 dispon\u00edvel somente para quem est\u00e1 com o t\u00edtulo eleitoral regular ou suspenso.<\/p>\n\n\n\n<p class=\"wp-block-paragraph\">Para justificar a aus\u00eancia no Sistema Justifica, o eleitor dever\u00e1 informar os dados pessoais exatamente como registrados no cadastro eleitoral. Em seguida, deve declarar o motivo da aus\u00eancia \u00e0s urnas e anexar a documenta\u00e7\u00e3o comprobat\u00f3ria digitalizada. Em seguida ser\u00e1 gerado um c\u00f3digo de protocolo para acompanhamento e o requerimento ser\u00e1 transmitido \u00e0 zona eleitoral respons\u00e1vel pelo t\u00edtulo do eleitor ou da eleitora para an\u00e1lise. Ap\u00f3s a decis\u00e3o, a pessoa ser\u00e1 notificada.<\/p>\n\n\n\n<p class=\"wp-block-paragraph\">Se a op\u00e7\u00e3o for pela&nbsp;<a href=\"https:\/\/www.tse.jus.br\/eleitor\/justificativa-eleitoral\/arquivos\/formulario-de-requerimento-de-justificativa-eleitoral-pos-eleicao-2022\" target=\"_blank\" rel=\"noreferrer noopener\">entrega do Requerimento de Justificativa Eleitoral<\/a>. O formul\u00e1rio deve ser impresso e preenchido com os dados pessoais e a justificativa da aus\u00eancia, anexando os documentos comprobat\u00f3rios. O requerimento dever\u00e1 ser entregue em qualquer cart\u00f3rio eleitoral ou ser enviado via postal \u00e0 autoridade judici\u00e1ria da zona eleitoral respons\u00e1vel pelo t\u00edtulo.<\/p>\n\n\n\n<p class=\"wp-block-paragraph\">Caso n\u00e3o justifique dentro do prazo, al\u00e9m de pagar uma multa de R$ 3,51, a pessoa fica impedida de retirar documentos como passaporte e RG; receber sal\u00e1rio ou proventos de fun\u00e7\u00e3o em emprego p\u00fablico; prestar concurso p\u00fablico; renovar matr\u00edcula em estabelecimento de ensino oficial ou fiscalizado pelo governo; entre outras consequ\u00eancias. O\u00a0<a rel=\"noreferrer noopener\" href=\"https:\/\/www.tse.jus.br\/eleitor\/justificativa-eleitoral\/consequencias-para-quem-nao-justificar\" target=\"_blank\">site do TSE<\/a>\u00a0traz a lista completa dos efeitos ao eleitor da aus\u00eancia e da n\u00e3o justificativa.<\/p>\n\n\n\n<p class=\"wp-block-paragraph\">&#8212;&#8212;&#8212;&#8212;&#8212;&#8212;<br><br><strong>Sabia que o Aconteceu no Vale est\u00e1 tamb\u00e9m no Telegram? <a rel=\"noreferrer noopener\" href=\"https:\/\/t.me\/aconteceunovaleoficial\" target=\"_blank\">Inscreva-se no canal<\/a>.<\/strong><br><br><strong>J\u00e1 curtiu ou seguiu nossas p\u00e1ginas nas redes sociais?\u00a0Receba as not\u00edcias em primeira m\u00e3o:<\/strong><br>\u2022 <a rel=\"noreferrer noopener\" href=\"https:\/\/news.google.com\/publications\/CAAqBwgKMNjklQswi4etAw?hl=pt-BR&amp;gl=BR&amp;ceid=BR%3Apt-419\" target=\"_blank\">Google News<\/a><br>\u2022 <a rel=\"noreferrer noopener\" href=\"https:\/\/www.facebook.com\/aconteceunovale\/\" target=\"_blank\">Facebook<\/a><br>\u2022 <a rel=\"noreferrer noopener\" href=\"https:\/\/twitter.com\/noticiadosvales\" target=\"_blank\">Twitter<\/a><br>\u2022 <a rel=\"noreferrer noopener\" href=\"https:\/\/www.instagram.com\/aconteceunovale\" target=\"_blank\">Instagram<\/a><br>\u2022 <a rel=\"noreferrer noopener\" href=\"https:\/\/www.youtube.com\/AconteceunoValeOficial\" target=\"_blank\">Youtube<\/a><br>\u2022 <a rel=\"noreferrer noopener\" href=\"https:\/\/www.tiktok.com\/@aconteceunovale\" target=\"_blank\">TikTok<\/a><\/p>\n","protected":false},"excerpt":{"rendered":"<p>O primeiro turno das elei\u00e7\u00f5es foi realizado\u00a0ontem\u00a0(2) em todo Brasil. J\u00e1 o segundo turno est\u00e1 marcado para o pr\u00f3ximo dia 30. E mesmo aqueles que n\u00e3o votaram no primeiro turno t\u00eam direito de votar no segundo. Ou seja, o eleitor que deixou de votar\u00a0ontem\u00a0poder\u00e1 votar no dia 30, desde que o t\u00edtulo de eleitor esteja [&hellip;]<\/p>\n","protected":false},"author":4,"featured_media":190926,"comment_status":"open","ping_status":"closed","sticky":false,"template":"","format":"standard","meta":{"amp_status":"","footnotes":""},"categories":[6,249933],"tags":[252238,17165,17292,264090,18448,267,20319],"class_list":["post-190925","post","type-post","status-publish","format-standard","has-post-thumbnail","hentry","category-br","category-eleicoes-2022","tag-eleicoes-2022","tag-justica-eleitoral","tag-justificativa-de-voto","tag-justificativa-do-voto","tag-segundo-turno","tag-tse","tag-votacao-no-segundo-turno"],"yoast_head":"<!-- This site is optimized with the Yoast SEO plugin v28.3 - https:\/\/yoast.com\/product\/yoast-seo-wordpress\/ -->\n<title>Posso votar no segundo turno se faltei ao primeiro? - Aconteceu no Vale<\/title>\n<meta name=\"robots\" content=\"index, follow, max-snippet:-1, max-image-preview:large, max-video-preview:-1\" \/>\n<link rel=\"canonical\" href=\"https:\/\/aconteceunovale.com.br\/portal\/?p=190925\" \/>\n<meta property=\"og:locale\" content=\"pt_BR\" \/>\n<meta property=\"og:type\" content=\"article\" \/>\n<meta property=\"og:title\" content=\"Posso votar no segundo turno se faltei ao primeiro? - Aconteceu no Vale\" \/>\n<meta property=\"og:description\" content=\"O primeiro turno das elei\u00e7\u00f5es foi realizado\u00a0ontem\u00a0(2) em todo Brasil. J\u00e1 o segundo turno est\u00e1 marcado para o pr\u00f3ximo dia 30. E mesmo aqueles que n\u00e3o votaram no primeiro turno t\u00eam direito de votar no segundo. Ou seja, o eleitor que deixou de votar\u00a0ontem\u00a0poder\u00e1 votar no dia 30, desde que o t\u00edtulo de eleitor esteja [&hellip;]\" \/>\n<meta property=\"og:url\" content=\"https:\/\/aconteceunovale.com.br\/portal\/?p=190925\" \/>\n<meta property=\"og:site_name\" content=\"Aconteceu no Vale\" \/>\n<meta property=\"article:publisher\" content=\"https:\/\/www.facebook.com\/aconteceunovale\/\" \/>\n<meta property=\"article:published_time\" content=\"2022-10-03T09:22:00+00:00\" \/>\n<meta property=\"article:modified_time\" content=\"2022-10-03T12:54:40+00:00\" \/>\n<meta property=\"og:image\" content=\"https:\/\/aconteceunovale.com.br\/portal\/wp-content\/uploads\/2022\/10\/votacao.jpg\" \/>\n\t<meta property=\"og:image:width\" content=\"678\" \/>\n\t<meta property=\"og:image:height\" content=\"406\" \/>\n\t<meta property=\"og:image:type\" content=\"image\/jpeg\" \/>\n<meta name=\"author\" content=\"Reda\u00e7\u00e3o Aconteceu no Vale\" \/>\n<meta name=\"twitter:card\" content=\"summary_large_image\" \/>\n<meta name=\"twitter:creator\" content=\"@noticiadosvales\" \/>\n<meta name=\"twitter:site\" content=\"@noticiadosvales\" \/>\n<meta name=\"twitter:label1\" content=\"Escrito por\" \/>\n\t<meta name=\"twitter:data1\" content=\"Reda\u00e7\u00e3o Aconteceu no Vale\" \/>\n\t<meta name=\"twitter:label2\" content=\"Est. tempo de leitura\" \/>\n\t<meta name=\"twitter:data2\" content=\"3 minutos\" \/>\n<script type=\"application\/ld+json\" class=\"yoast-schema-graph\">{\"@context\":\"https:\\\/\\\/schema.org\",\"@graph\":[{\"@type\":\"Article\",\"@id\":\"https:\\\/\\\/aconteceunovale.com.br\\\/portal\\\/?p=190925#article\",\"isPartOf\":{\"@id\":\"https:\\\/\\\/aconteceunovale.com.br\\\/portal\\\/?p=190925\"},\"author\":{\"name\":\"Reda\u00e7\u00e3o Aconteceu no Vale\",\"@id\":\"https:\\\/\\\/aconteceunovale.com.br\\\/portal\\\/#\\\/schema\\\/person\\\/7d2f26d1483f8a63de73da1ee0754d35\"},\"headline\":\"Posso votar no segundo turno se faltei ao primeiro?\",\"datePublished\":\"2022-10-03T09:22:00+00:00\",\"dateModified\":\"2022-10-03T12:54:40+00:00\",\"mainEntityOfPage\":{\"@id\":\"https:\\\/\\\/aconteceunovale.com.br\\\/portal\\\/?p=190925\"},\"wordCount\":635,\"commentCount\":0,\"image\":{\"@id\":\"https:\\\/\\\/aconteceunovale.com.br\\\/portal\\\/?p=190925#primaryimage\"},\"thumbnailUrl\":\"https:\\\/\\\/aconteceunovale.com.br\\\/portal\\\/wp-content\\\/uploads\\\/2022\\\/10\\\/votacao.jpg\",\"keywords\":[\"Elei\u00e7\u00f5es 2022\",\"Justi\u00e7a Eleitoral\",\"justificativa de voto\",\"Justificativa do voto\",\"segundo turno\",\"TSE\",\"vota\u00e7\u00e3o no segundo turno\"],\"articleSection\":[\"Brasil\",\"Elei\u00e7\u00f5es 2022\"],\"inLanguage\":\"pt-BR\",\"potentialAction\":[{\"@type\":\"CommentAction\",\"name\":\"Comment\",\"target\":[\"https:\\\/\\\/aconteceunovale.com.br\\\/portal\\\/?p=190925#respond\"]}]},{\"@type\":\"WebPage\",\"@id\":\"https:\\\/\\\/aconteceunovale.com.br\\\/portal\\\/?p=190925\",\"url\":\"https:\\\/\\\/aconteceunovale.com.br\\\/portal\\\/?p=190925\",\"name\":\"Posso votar no segundo turno se faltei ao primeiro? - Aconteceu no Vale\",\"isPartOf\":{\"@id\":\"https:\\\/\\\/aconteceunovale.com.br\\\/portal\\\/#website\"},\"primaryImageOfPage\":{\"@id\":\"https:\\\/\\\/aconteceunovale.com.br\\\/portal\\\/?p=190925#primaryimage\"},\"image\":{\"@id\":\"https:\\\/\\\/aconteceunovale.com.br\\\/portal\\\/?p=190925#primaryimage\"},\"thumbnailUrl\":\"https:\\\/\\\/aconteceunovale.com.br\\\/portal\\\/wp-content\\\/uploads\\\/2022\\\/10\\\/votacao.jpg\",\"datePublished\":\"2022-10-03T09:22:00+00:00\",\"dateModified\":\"2022-10-03T12:54:40+00:00\",\"author\":{\"@id\":\"https:\\\/\\\/aconteceunovale.com.br\\\/portal\\\/#\\\/schema\\\/person\\\/7d2f26d1483f8a63de73da1ee0754d35\"},\"breadcrumb\":{\"@id\":\"https:\\\/\\\/aconteceunovale.com.br\\\/portal\\\/?p=190925#breadcrumb\"},\"inLanguage\":\"pt-BR\",\"potentialAction\":[{\"@type\":\"ReadAction\",\"target\":[\"https:\\\/\\\/aconteceunovale.com.br\\\/portal\\\/?p=190925\"]}]},{\"@type\":\"ImageObject\",\"inLanguage\":\"pt-BR\",\"@id\":\"https:\\\/\\\/aconteceunovale.com.br\\\/portal\\\/?p=190925#primaryimage\",\"url\":\"https:\\\/\\\/aconteceunovale.com.br\\\/portal\\\/wp-content\\\/uploads\\\/2022\\\/10\\\/votacao.jpg\",\"contentUrl\":\"https:\\\/\\\/aconteceunovale.com.br\\\/portal\\\/wp-content\\\/uploads\\\/2022\\\/10\\\/votacao.jpg\",\"width\":678,\"height\":406},{\"@type\":\"BreadcrumbList\",\"@id\":\"https:\\\/\\\/aconteceunovale.com.br\\\/portal\\\/?p=190925#breadcrumb\",\"itemListElement\":[{\"@type\":\"ListItem\",\"position\":1,\"name\":\"In\u00edcio\",\"item\":\"https:\\\/\\\/aconteceunovale.com.br\\\/portal\\\/\"},{\"@type\":\"ListItem\",\"position\":2,\"name\":\"Posso votar no segundo turno se faltei ao primeiro?\"}]},{\"@type\":\"WebSite\",\"@id\":\"https:\\\/\\\/aconteceunovale.com.br\\\/portal\\\/#website\",\"url\":\"https:\\\/\\\/aconteceunovale.com.br\\\/portal\\\/\",\"name\":\"Aconteceu no Vale\",\"description\":\"Portal de Not\u00edcias\",\"potentialAction\":[{\"@type\":\"SearchAction\",\"target\":{\"@type\":\"EntryPoint\",\"urlTemplate\":\"https:\\\/\\\/aconteceunovale.com.br\\\/portal\\\/?s={search_term_string}\"},\"query-input\":{\"@type\":\"PropertyValueSpecification\",\"valueRequired\":true,\"valueName\":\"search_term_string\"}}],\"inLanguage\":\"pt-BR\"},{\"@type\":\"Person\",\"@id\":\"https:\\\/\\\/aconteceunovale.com.br\\\/portal\\\/#\\\/schema\\\/person\\\/7d2f26d1483f8a63de73da1ee0754d35\",\"name\":\"Reda\u00e7\u00e3o Aconteceu no Vale\",\"description\":\"Equipe de reportagem do Aconteceu no Vale, portal de not\u00edcias do Vale do Jequitinhonha, em Minas Gerais. Cobrimos as 51 cidades do Vale desde 2013. Sugest\u00f5es de pauta e pedidos de corre\u00e7\u00e3o: contato@aconteceunovale.com.br\",\"url\":\"https:\\\/\\\/aconteceunovale.com.br\\\/portal\\\/?author=4\"}]}<\/script>\n<!-- \/ Yoast SEO plugin. -->","yoast_head_json":{"title":"Posso votar no segundo turno se faltei ao primeiro? - Aconteceu no Vale","robots":{"index":"index","follow":"follow","max-snippet":"max-snippet:-1","max-image-preview":"max-image-preview:large","max-video-preview":"max-video-preview:-1"},"canonical":"https:\/\/aconteceunovale.com.br\/portal\/?p=190925","og_locale":"pt_BR","og_type":"article","og_title":"Posso votar no segundo turno se faltei ao primeiro? - Aconteceu no Vale","og_description":"O primeiro turno das elei\u00e7\u00f5es foi realizado\u00a0ontem\u00a0(2) em todo Brasil. J\u00e1 o segundo turno est\u00e1 marcado para o pr\u00f3ximo dia 30. E mesmo aqueles que n\u00e3o votaram no primeiro turno t\u00eam direito de votar no segundo. Ou seja, o eleitor que deixou de votar\u00a0ontem\u00a0poder\u00e1 votar no dia 30, desde que o t\u00edtulo de eleitor esteja [&hellip;]","og_url":"https:\/\/aconteceunovale.com.br\/portal\/?p=190925","og_site_name":"Aconteceu no Vale","article_publisher":"https:\/\/www.facebook.com\/aconteceunovale\/","article_published_time":"2022-10-03T09:22:00+00:00","article_modified_time":"2022-10-03T12:54:40+00:00","og_image":[{"width":678,"height":406,"url":"https:\/\/aconteceunovale.com.br\/portal\/wp-content\/uploads\/2022\/10\/votacao.jpg","type":"image\/jpeg"}],"author":"Reda\u00e7\u00e3o Aconteceu no Vale","twitter_card":"summary_large_image","twitter_creator":"@noticiadosvales","twitter_site":"@noticiadosvales","twitter_misc":{"Escrito por":"Reda\u00e7\u00e3o Aconteceu no Vale","Est. tempo de leitura":"3 minutos"},"schema":{"@context":"https:\/\/schema.org","@graph":[{"@type":"Article","@id":"https:\/\/aconteceunovale.com.br\/portal\/?p=190925#article","isPartOf":{"@id":"https:\/\/aconteceunovale.com.br\/portal\/?p=190925"},"author":{"name":"Reda\u00e7\u00e3o Aconteceu no Vale","@id":"https:\/\/aconteceunovale.com.br\/portal\/#\/schema\/person\/7d2f26d1483f8a63de73da1ee0754d35"},"headline":"Posso votar no segundo turno se faltei ao primeiro?","datePublished":"2022-10-03T09:22:00+00:00","dateModified":"2022-10-03T12:54:40+00:00","mainEntityOfPage":{"@id":"https:\/\/aconteceunovale.com.br\/portal\/?p=190925"},"wordCount":635,"commentCount":0,"image":{"@id":"https:\/\/aconteceunovale.com.br\/portal\/?p=190925#primaryimage"},"thumbnailUrl":"https:\/\/aconteceunovale.com.br\/portal\/wp-content\/uploads\/2022\/10\/votacao.jpg","keywords":["Elei\u00e7\u00f5es 2022","Justi\u00e7a Eleitoral","justificativa de voto","Justificativa do voto","segundo turno","TSE","vota\u00e7\u00e3o no segundo turno"],"articleSection":["Brasil","Elei\u00e7\u00f5es 2022"],"inLanguage":"pt-BR","potentialAction":[{"@type":"CommentAction","name":"Comment","target":["https:\/\/aconteceunovale.com.br\/portal\/?p=190925#respond"]}]},{"@type":"WebPage","@id":"https:\/\/aconteceunovale.com.br\/portal\/?p=190925","url":"https:\/\/aconteceunovale.com.br\/portal\/?p=190925","name":"Posso votar no segundo turno se faltei ao primeiro? - Aconteceu no Vale","isPartOf":{"@id":"https:\/\/aconteceunovale.com.br\/portal\/#website"},"primaryImageOfPage":{"@id":"https:\/\/aconteceunovale.com.br\/portal\/?p=190925#primaryimage"},"image":{"@id":"https:\/\/aconteceunovale.com.br\/portal\/?p=190925#primaryimage"},"thumbnailUrl":"https:\/\/aconteceunovale.com.br\/portal\/wp-content\/uploads\/2022\/10\/votacao.jpg","datePublished":"2022-10-03T09:22:00+00:00","dateModified":"2022-10-03T12:54:40+00:00","author":{"@id":"https:\/\/aconteceunovale.com.br\/portal\/#\/schema\/person\/7d2f26d1483f8a63de73da1ee0754d35"},"breadcrumb":{"@id":"https:\/\/aconteceunovale.com.br\/portal\/?p=190925#breadcrumb"},"inLanguage":"pt-BR","potentialAction":[{"@type":"ReadAction","target":["https:\/\/aconteceunovale.com.br\/portal\/?p=190925"]}]},{"@type":"ImageObject","inLanguage":"pt-BR","@id":"https:\/\/aconteceunovale.com.br\/portal\/?p=190925#primaryimage","url":"https:\/\/aconteceunovale.com.br\/portal\/wp-content\/uploads\/2022\/10\/votacao.jpg","contentUrl":"https:\/\/aconteceunovale.com.br\/portal\/wp-content\/uploads\/2022\/10\/votacao.jpg","width":678,"height":406},{"@type":"BreadcrumbList","@id":"https:\/\/aconteceunovale.com.br\/portal\/?p=190925#breadcrumb","itemListElement":[{"@type":"ListItem","position":1,"name":"In\u00edcio","item":"https:\/\/aconteceunovale.com.br\/portal\/"},{"@type":"ListItem","position":2,"name":"Posso votar no segundo turno se faltei ao primeiro?"}]},{"@type":"WebSite","@id":"https:\/\/aconteceunovale.com.br\/portal\/#website","url":"https:\/\/aconteceunovale.com.br\/portal\/","name":"Aconteceu no Vale","description":"Portal de Not\u00edcias","potentialAction":[{"@type":"SearchAction","target":{"@type":"EntryPoint","urlTemplate":"https:\/\/aconteceunovale.com.br\/portal\/?s={search_term_string}"},"query-input":{"@type":"PropertyValueSpecification","valueRequired":true,"valueName":"search_term_string"}}],"inLanguage":"pt-BR"},{"@type":"Person","@id":"https:\/\/aconteceunovale.com.br\/portal\/#\/schema\/person\/7d2f26d1483f8a63de73da1ee0754d35","name":"Reda\u00e7\u00e3o Aconteceu no Vale","description":"Equipe de reportagem do Aconteceu no Vale, portal de not\u00edcias do Vale do Jequitinhonha, em Minas Gerais. Cobrimos as 51 cidades do Vale desde 2013. Sugest\u00f5es de pauta e pedidos de corre\u00e7\u00e3o: contato@aconteceunovale.com.br","url":"https:\/\/aconteceunovale.com.br\/portal\/?author=4"}]}},"_links":{"self":[{"href":"https:\/\/aconteceunovale.com.br\/portal\/index.php?rest_route=\/wp\/v2\/posts\/190925","targetHints":{"allow":["GET"]}}],"collection":[{"href":"https:\/\/aconteceunovale.com.br\/portal\/index.php?rest_route=\/wp\/v2\/posts"}],"about":[{"href":"https:\/\/aconteceunovale.com.br\/portal\/index.php?rest_route=\/wp\/v2\/types\/post"}],"author":[{"embeddable":true,"href":"https:\/\/aconteceunovale.com.br\/portal\/index.php?rest_route=\/wp\/v2\/users\/4"}],"replies":[{"embeddable":true,"href":"https:\/\/aconteceunovale.com.br\/portal\/index.php?rest_route=%2Fwp%2Fv2%2Fcomments&post=190925"}],"version-history":[{"count":1,"href":"https:\/\/aconteceunovale.com.br\/portal\/index.php?rest_route=\/wp\/v2\/posts\/190925\/revisions"}],"predecessor-version":[{"id":190927,"href":"https:\/\/aconteceunovale.com.br\/portal\/index.php?rest_route=\/wp\/v2\/posts\/190925\/revisions\/190927"}],"wp:featuredmedia":[{"embeddable":true,"href":"https:\/\/aconteceunovale.com.br\/portal\/index.php?rest_route=\/wp\/v2\/media\/190926"}],"wp:attachment":[{"href":"https:\/\/aconteceunovale.com.br\/portal\/index.php?rest_route=%2Fwp%2Fv2%2Fmedia&parent=190925"}],"wp:term":[{"taxonomy":"category","embeddable":true,"href":"https:\/\/aconteceunovale.com.br\/portal\/index.php?rest_route=%2Fwp%2Fv2%2Fcategories&post=190925"},{"taxonomy":"post_tag","embeddable":true,"href":"https:\/\/aconteceunovale.com.br\/portal\/index.php?rest_route=%2Fwp%2Fv2%2Ftags&post=190925"}],"curies":[{"name":"wp","href":"https:\/\/api.w.org\/{rel}","templated":true}]}}