{"id":190920,"date":"2022-10-03T09:44:10","date_gmt":"2022-10-03T12:44:10","guid":{"rendered":"https:\/\/aconteceunovale.com.br\/portal\/?p=190920"},"modified":"2022-10-03T09:45:05","modified_gmt":"2022-10-03T12:45:05","slug":"prazo-de-inscricoes-para-o-concurso-do-inss-termina-hoje","status":"publish","type":"post","link":"https:\/\/aconteceunovale.com.br\/portal\/?p=190920","title":{"rendered":"Prazo de inscri\u00e7\u00f5es para o concurso do INSS termina hoje"},"content":{"rendered":"\n<p class=\"wp-block-paragraph\">As inscri\u00e7\u00f5es para o concurso do Instituto Nacional do Seguro Social (INSS), com mil vagas para o cargo de t\u00e9cnico do seguro social, ser\u00e3o encerradas nesta segunda-feira (3). O prazo vai at\u00e9 as 18h (hor\u00e1rio de Bras\u00edlia), de acordo com edital publicado no\u00a0<a rel=\"noreferrer noopener\" href=\"http:\/\/in.gov.br\/en\/web\/dou\/-\/edital-n-1-inss-de-12-de-setembro-de-2022-429587147\" target=\"_blank\"><em>Di\u00e1rio Oficial da Uni\u00e3o<\/em><\/a>\u00a0do dia 15 de setembro. A remunera\u00e7\u00e3o bruta inicial \u00e9 at\u00e9 R$ 5.905,79.<\/p>\n\n\n\n<p class=\"wp-block-paragraph\">Segundo o INSS, o objetivo \u00e9 refor\u00e7ar o quadro de pessoal e melhorar os servi\u00e7os prestados \u00e0 popula\u00e7\u00e3o. Para participar do concurso, o candidato dever\u00e1 ter ensino m\u00e9dio ou curso t\u00e9cnico equivalente, conclu\u00eddo at\u00e9 a data da posse e com diploma expedido por institui\u00e7\u00e3o de ensino reconhecida pelo Minist\u00e9rio da Educa\u00e7\u00e3o (MEC).<\/p>\n\n\n\n<p class=\"wp-block-paragraph\">O respons\u00e1vel pela realiza\u00e7\u00e3o do concurso ser\u00e1 o Centro Brasileiro de Pesquisa em Avalia\u00e7\u00e3o e Sele\u00e7\u00e3o e de Promo\u00e7\u00e3o de Eventos&nbsp;<a href=\"https:\/\/www.cebraspe.org.br\/concursos\/INSS_22\" target=\"_blank\" rel=\"noreferrer noopener\">(Cebraspe)<\/a>.<\/p>\n\n\n\n<p class=\"wp-block-paragraph\">Das mil vagas oferecidas, 708 s\u00e3o para ampla concorr\u00eancia, 90 para pessoas com defici\u00eancia e 202 destinadas a pessoas negras. O valor da taxa de inscri\u00e7\u00e3o \u00e9 R$ 85 e poder\u00e1 ser pago at\u00e9 o dia 21 de outubro.<\/p>\n\n\n\n<h2 class=\"wp-block-heading\">Como ser\u00e1<\/h2>\n\n\n\n<p class=\"wp-block-paragraph\">O concurso ser\u00e1 realizado em duas etapas: provas objetivas, de car\u00e1ter eliminat\u00f3rio e classificat\u00f3rio, e curso de forma\u00e7\u00e3o, de car\u00e1ter eliminat\u00f3rio e classificat\u00f3rio. A aplica\u00e7\u00e3o das provas objetivas est\u00e1 prevista para o dia 27 de novembro.<\/p>\n\n\n\n<p class=\"wp-block-paragraph\">Al\u00e9m de conhecimentos espec\u00edficos da legisla\u00e7\u00e3o da seguridade social, a prova contar\u00e1 com as disciplinas de L\u00edngua Portuguesa, \u00c9tica no Servi\u00e7o P\u00fablico, no\u00e7\u00f5es de Direito Constitucional, no\u00e7\u00f5es de Direito Administrativo e no\u00e7\u00f5es de Inform\u00e1tica e Racioc\u00ednio L\u00f3gico-Matem\u00e1tico. O curso de forma\u00e7\u00e3o ser\u00e1 realizado em Bel\u00e9m, Belo Horizonte, Bras\u00edlia, Florian\u00f3polis, Fortaleza, Jo\u00e3o Pessoa, Manaus, Rio de Janeiro e S\u00e3o Paulo.<\/p>\n\n\n\n<p class=\"wp-block-paragraph\">Os candidatos nomeados estar\u00e3o subordinados ao Regime Jur\u00eddico \u00danico dos Servidores Civis da Uni\u00e3o, das Autarquias e das Funda\u00e7\u00f5es P\u00fablicas Federais (<a href=\"http:\/\/www.planalto.gov.br\/ccivil_03\/leis\/l8112cons.htm\" target=\"_blank\" rel=\"noreferrer noopener\">Lei n\u00ba 8.112\/1990<\/a>).<\/p>\n\n\n\n<p class=\"wp-block-paragraph\">As lota\u00e7\u00f5es ser\u00e3o feitas em qualquer Ag\u00eancia da Previd\u00eancia Social pertencente \u00e0 Ger\u00eancia Executiva do INSS a qual o candidato optou por concorrer. H\u00e1 vagas para ger\u00eancias nos 26 estados e no Distrito Federal.<\/p>\n\n\n\n<p class=\"wp-block-paragraph\">Entre as atividades que ser\u00e3o executadas pelos novos servidores, est\u00e3o o atendimento ao p\u00fablico; orienta\u00e7\u00e3o, informa\u00e7\u00e3o e conscientiza\u00e7\u00e3o previdenci\u00e1ria; e a\u00e7\u00f5es relacionadas ao reconhecimento de direitos previdenci\u00e1rios.<\/p>\n\n\n\n<p class=\"wp-block-paragraph\">&#8212;&#8212;&#8212;&#8212;&#8212;&#8212;<br><br><strong>Sabia que o Aconteceu no Vale est\u00e1 tamb\u00e9m no Telegram? <a rel=\"noreferrer noopener\" href=\"https:\/\/t.me\/aconteceunovaleoficial\" target=\"_blank\">Inscreva-se no canal<\/a>.<\/strong><br><br><strong>J\u00e1 curtiu ou seguiu nossas p\u00e1ginas nas redes sociais?\u00a0Receba as not\u00edcias em primeira m\u00e3o:<\/strong><br>\u2022 <a rel=\"noreferrer noopener\" href=\"https:\/\/news.google.com\/publications\/CAAqBwgKMNjklQswi4etAw?hl=pt-BR&amp;gl=BR&amp;ceid=BR%3Apt-419\" target=\"_blank\">Google News<\/a><br>\u2022 <a rel=\"noreferrer noopener\" href=\"https:\/\/www.facebook.com\/aconteceunovale\/\" target=\"_blank\">Facebook<\/a><br>\u2022 <a rel=\"noreferrer noopener\" href=\"https:\/\/twitter.com\/noticiadosvales\" target=\"_blank\">Twitter<\/a><br>\u2022 <a rel=\"noreferrer noopener\" href=\"https:\/\/www.instagram.com\/aconteceunovale\" target=\"_blank\">Instagram<\/a><br>\u2022 <a rel=\"noreferrer noopener\" href=\"https:\/\/www.youtube.com\/AconteceunoValeOficial\" target=\"_blank\">Youtube<\/a><br>\u2022 <a rel=\"noreferrer noopener\" href=\"https:\/\/www.tiktok.com\/@aconteceunovale\" target=\"_blank\">TikTok<\/a><\/p>\n","protected":false},"excerpt":{"rendered":"<p>As inscri\u00e7\u00f5es para o concurso do Instituto Nacional do Seguro Social (INSS), com mil vagas para o cargo de t\u00e9cnico do seguro social, ser\u00e3o encerradas nesta segunda-feira (3). O prazo vai at\u00e9 as 18h (hor\u00e1rio de Bras\u00edlia), de acordo com edital publicado no\u00a0Di\u00e1rio Oficial da Uni\u00e3o\u00a0do dia 15 de setembro. A remunera\u00e7\u00e3o bruta inicial \u00e9 [&hellip;]<\/p>\n","protected":false},"author":4,"featured_media":182896,"comment_status":"open","ping_status":"closed","sticky":false,"template":"","format":"standard","meta":{"amp_status":"","footnotes":""},"categories":[6],"tags":[263306,50099,263308,50100,1018,263305,264088,263304,51098,264087,263307],"class_list":["post-190920","post","type-post","status-publish","format-standard","has-post-thumbnail","hentry","category-br","tag-abertura-de-concurso-do-inss","tag-concurso-do-inss","tag-concurso-para-tecnico-no-inss","tag-concurso-publico-do-inss","tag-destaque","tag-edital-de-concurso-do-inss","tag-inscricoes-para-o-concurso-do-inss","tag-inss-abre-concurso-com-mil-vagas-para-tecnico-do-seguro-social","tag-instituto-nacional-do-seguro-social","tag-prazo-de-inscricoes-para-o-concurso-do-inss","tag-vagara-para-tecnico-no-inss"],"yoast_head":"<!-- This site is optimized with the Yoast SEO plugin v28.3 - https:\/\/yoast.com\/product\/yoast-seo-wordpress\/ -->\n<title>Prazo de inscri\u00e7\u00f5es para o concurso do INSS termina hoje - Aconteceu no Vale<\/title>\n<meta name=\"robots\" content=\"index, follow, max-snippet:-1, max-image-preview:large, max-video-preview:-1\" \/>\n<link rel=\"canonical\" href=\"https:\/\/aconteceunovale.com.br\/portal\/?p=190920\" \/>\n<meta property=\"og:locale\" content=\"pt_BR\" \/>\n<meta property=\"og:type\" content=\"article\" \/>\n<meta property=\"og:title\" content=\"Prazo de inscri\u00e7\u00f5es para o concurso do INSS termina hoje - Aconteceu no Vale\" \/>\n<meta property=\"og:description\" content=\"As inscri\u00e7\u00f5es para o concurso do Instituto Nacional do Seguro Social (INSS), com mil vagas para o cargo de t\u00e9cnico do seguro social, ser\u00e3o encerradas nesta segunda-feira (3). O prazo vai at\u00e9 as 18h (hor\u00e1rio de Bras\u00edlia), de acordo com edital publicado no\u00a0Di\u00e1rio Oficial da Uni\u00e3o\u00a0do dia 15 de setembro. A remunera\u00e7\u00e3o bruta inicial \u00e9 [&hellip;]\" \/>\n<meta property=\"og:url\" content=\"https:\/\/aconteceunovale.com.br\/portal\/?p=190920\" \/>\n<meta property=\"og:site_name\" content=\"Aconteceu no Vale\" \/>\n<meta property=\"article:publisher\" content=\"https:\/\/www.facebook.com\/aconteceunovale\/\" \/>\n<meta property=\"article:published_time\" content=\"2022-10-03T12:44:10+00:00\" \/>\n<meta property=\"article:modified_time\" content=\"2022-10-03T12:45:05+00:00\" \/>\n<meta property=\"og:image\" content=\"https:\/\/aconteceunovale.com.br\/portal\/wp-content\/uploads\/2021\/10\/previdencia.jpg\" \/>\n\t<meta property=\"og:image:width\" content=\"678\" \/>\n\t<meta property=\"og:image:height\" content=\"406\" \/>\n\t<meta property=\"og:image:type\" content=\"image\/jpeg\" \/>\n<meta name=\"author\" content=\"Reda\u00e7\u00e3o Aconteceu no Vale\" \/>\n<meta name=\"twitter:card\" content=\"summary_large_image\" \/>\n<meta name=\"twitter:creator\" content=\"@noticiadosvales\" \/>\n<meta name=\"twitter:site\" content=\"@noticiadosvales\" \/>\n<meta name=\"twitter:label1\" content=\"Escrito por\" \/>\n\t<meta name=\"twitter:data1\" content=\"Reda\u00e7\u00e3o Aconteceu no Vale\" \/>\n\t<meta name=\"twitter:label2\" content=\"Est. tempo de leitura\" \/>\n\t<meta name=\"twitter:data2\" content=\"2 minutos\" \/>\n<script type=\"application\/ld+json\" class=\"yoast-schema-graph\">{\"@context\":\"https:\\\/\\\/schema.org\",\"@graph\":[{\"@type\":\"Article\",\"@id\":\"https:\\\/\\\/aconteceunovale.com.br\\\/portal\\\/?p=190920#article\",\"isPartOf\":{\"@id\":\"https:\\\/\\\/aconteceunovale.com.br\\\/portal\\\/?p=190920\"},\"author\":{\"name\":\"Reda\u00e7\u00e3o Aconteceu no Vale\",\"@id\":\"https:\\\/\\\/aconteceunovale.com.br\\\/portal\\\/#\\\/schema\\\/person\\\/7d2f26d1483f8a63de73da1ee0754d35\"},\"headline\":\"Prazo de inscri\u00e7\u00f5es para o concurso do INSS termina hoje\",\"datePublished\":\"2022-10-03T12:44:10+00:00\",\"dateModified\":\"2022-10-03T12:45:05+00:00\",\"mainEntityOfPage\":{\"@id\":\"https:\\\/\\\/aconteceunovale.com.br\\\/portal\\\/?p=190920\"},\"wordCount\":464,\"commentCount\":0,\"image\":{\"@id\":\"https:\\\/\\\/aconteceunovale.com.br\\\/portal\\\/?p=190920#primaryimage\"},\"thumbnailUrl\":\"https:\\\/\\\/aconteceunovale.com.br\\\/portal\\\/wp-content\\\/uploads\\\/2021\\\/10\\\/previdencia.jpg\",\"keywords\":[\"Abertura de concurso do INSS\",\"concurso do inss\",\"Concurso para t\u00e9cnico no INSS\",\"concurso p\u00fablico do inss\",\"destaque\",\"Edital de concurso do INSS\",\"Inscri\u00e7\u00f5es para o concurso do INSS\",\"INSS abre concurso com mil vagas para T\u00e9cnico do Seguro Social\",\"Instituto Nacional do Seguro Social\",\"Prazo de inscri\u00e7\u00f5es para o concurso do INSS\",\"Vagara para t\u00e9cnico no INSS\"],\"articleSection\":[\"Brasil\"],\"inLanguage\":\"pt-BR\",\"potentialAction\":[{\"@type\":\"CommentAction\",\"name\":\"Comment\",\"target\":[\"https:\\\/\\\/aconteceunovale.com.br\\\/portal\\\/?p=190920#respond\"]}]},{\"@type\":\"WebPage\",\"@id\":\"https:\\\/\\\/aconteceunovale.com.br\\\/portal\\\/?p=190920\",\"url\":\"https:\\\/\\\/aconteceunovale.com.br\\\/portal\\\/?p=190920\",\"name\":\"Prazo de inscri\u00e7\u00f5es para o concurso do INSS termina hoje - Aconteceu no Vale\",\"isPartOf\":{\"@id\":\"https:\\\/\\\/aconteceunovale.com.br\\\/portal\\\/#website\"},\"primaryImageOfPage\":{\"@id\":\"https:\\\/\\\/aconteceunovale.com.br\\\/portal\\\/?p=190920#primaryimage\"},\"image\":{\"@id\":\"https:\\\/\\\/aconteceunovale.com.br\\\/portal\\\/?p=190920#primaryimage\"},\"thumbnailUrl\":\"https:\\\/\\\/aconteceunovale.com.br\\\/portal\\\/wp-content\\\/uploads\\\/2021\\\/10\\\/previdencia.jpg\",\"datePublished\":\"2022-10-03T12:44:10+00:00\",\"dateModified\":\"2022-10-03T12:45:05+00:00\",\"author\":{\"@id\":\"https:\\\/\\\/aconteceunovale.com.br\\\/portal\\\/#\\\/schema\\\/person\\\/7d2f26d1483f8a63de73da1ee0754d35\"},\"breadcrumb\":{\"@id\":\"https:\\\/\\\/aconteceunovale.com.br\\\/portal\\\/?p=190920#breadcrumb\"},\"inLanguage\":\"pt-BR\",\"potentialAction\":[{\"@type\":\"ReadAction\",\"target\":[\"https:\\\/\\\/aconteceunovale.com.br\\\/portal\\\/?p=190920\"]}]},{\"@type\":\"ImageObject\",\"inLanguage\":\"pt-BR\",\"@id\":\"https:\\\/\\\/aconteceunovale.com.br\\\/portal\\\/?p=190920#primaryimage\",\"url\":\"https:\\\/\\\/aconteceunovale.com.br\\\/portal\\\/wp-content\\\/uploads\\\/2021\\\/10\\\/previdencia.jpg\",\"contentUrl\":\"https:\\\/\\\/aconteceunovale.com.br\\\/portal\\\/wp-content\\\/uploads\\\/2021\\\/10\\\/previdencia.jpg\",\"width\":678,\"height\":406,\"caption\":\"Instituto Nacional do Seguro Social (INSS)\"},{\"@type\":\"BreadcrumbList\",\"@id\":\"https:\\\/\\\/aconteceunovale.com.br\\\/portal\\\/?p=190920#breadcrumb\",\"itemListElement\":[{\"@type\":\"ListItem\",\"position\":1,\"name\":\"In\u00edcio\",\"item\":\"https:\\\/\\\/aconteceunovale.com.br\\\/portal\\\/\"},{\"@type\":\"ListItem\",\"position\":2,\"name\":\"Prazo de inscri\u00e7\u00f5es para o concurso do INSS termina hoje\"}]},{\"@type\":\"WebSite\",\"@id\":\"https:\\\/\\\/aconteceunovale.com.br\\\/portal\\\/#website\",\"url\":\"https:\\\/\\\/aconteceunovale.com.br\\\/portal\\\/\",\"name\":\"Aconteceu no Vale\",\"description\":\"Portal de Not\u00edcias\",\"potentialAction\":[{\"@type\":\"SearchAction\",\"target\":{\"@type\":\"EntryPoint\",\"urlTemplate\":\"https:\\\/\\\/aconteceunovale.com.br\\\/portal\\\/?s={search_term_string}\"},\"query-input\":{\"@type\":\"PropertyValueSpecification\",\"valueRequired\":true,\"valueName\":\"search_term_string\"}}],\"inLanguage\":\"pt-BR\"},{\"@type\":\"Person\",\"@id\":\"https:\\\/\\\/aconteceunovale.com.br\\\/portal\\\/#\\\/schema\\\/person\\\/7d2f26d1483f8a63de73da1ee0754d35\",\"name\":\"Reda\u00e7\u00e3o Aconteceu no Vale\",\"description\":\"Equipe de reportagem do Aconteceu no Vale, portal de not\u00edcias do Vale do Jequitinhonha, em Minas Gerais. Cobrimos as 51 cidades do Vale desde 2013. Sugest\u00f5es de pauta e pedidos de corre\u00e7\u00e3o: contato@aconteceunovale.com.br\",\"url\":\"https:\\\/\\\/aconteceunovale.com.br\\\/portal\\\/?author=4\"}]}<\/script>\n<!-- \/ Yoast SEO plugin. -->","yoast_head_json":{"title":"Prazo de inscri\u00e7\u00f5es para o concurso do INSS termina hoje - Aconteceu no Vale","robots":{"index":"index","follow":"follow","max-snippet":"max-snippet:-1","max-image-preview":"max-image-preview:large","max-video-preview":"max-video-preview:-1"},"canonical":"https:\/\/aconteceunovale.com.br\/portal\/?p=190920","og_locale":"pt_BR","og_type":"article","og_title":"Prazo de inscri\u00e7\u00f5es para o concurso do INSS termina hoje - Aconteceu no Vale","og_description":"As inscri\u00e7\u00f5es para o concurso do Instituto Nacional do Seguro Social (INSS), com mil vagas para o cargo de t\u00e9cnico do seguro social, ser\u00e3o encerradas nesta segunda-feira (3). O prazo vai at\u00e9 as 18h (hor\u00e1rio de Bras\u00edlia), de acordo com edital publicado no\u00a0Di\u00e1rio Oficial da Uni\u00e3o\u00a0do dia 15 de setembro. A remunera\u00e7\u00e3o bruta inicial \u00e9 [&hellip;]","og_url":"https:\/\/aconteceunovale.com.br\/portal\/?p=190920","og_site_name":"Aconteceu no Vale","article_publisher":"https:\/\/www.facebook.com\/aconteceunovale\/","article_published_time":"2022-10-03T12:44:10+00:00","article_modified_time":"2022-10-03T12:45:05+00:00","og_image":[{"width":678,"height":406,"url":"https:\/\/aconteceunovale.com.br\/portal\/wp-content\/uploads\/2021\/10\/previdencia.jpg","type":"image\/jpeg"}],"author":"Reda\u00e7\u00e3o Aconteceu no Vale","twitter_card":"summary_large_image","twitter_creator":"@noticiadosvales","twitter_site":"@noticiadosvales","twitter_misc":{"Escrito por":"Reda\u00e7\u00e3o Aconteceu no Vale","Est. tempo de leitura":"2 minutos"},"schema":{"@context":"https:\/\/schema.org","@graph":[{"@type":"Article","@id":"https:\/\/aconteceunovale.com.br\/portal\/?p=190920#article","isPartOf":{"@id":"https:\/\/aconteceunovale.com.br\/portal\/?p=190920"},"author":{"name":"Reda\u00e7\u00e3o Aconteceu no Vale","@id":"https:\/\/aconteceunovale.com.br\/portal\/#\/schema\/person\/7d2f26d1483f8a63de73da1ee0754d35"},"headline":"Prazo de inscri\u00e7\u00f5es para o concurso do INSS termina hoje","datePublished":"2022-10-03T12:44:10+00:00","dateModified":"2022-10-03T12:45:05+00:00","mainEntityOfPage":{"@id":"https:\/\/aconteceunovale.com.br\/portal\/?p=190920"},"wordCount":464,"commentCount":0,"image":{"@id":"https:\/\/aconteceunovale.com.br\/portal\/?p=190920#primaryimage"},"thumbnailUrl":"https:\/\/aconteceunovale.com.br\/portal\/wp-content\/uploads\/2021\/10\/previdencia.jpg","keywords":["Abertura de concurso do INSS","concurso do inss","Concurso para t\u00e9cnico no INSS","concurso p\u00fablico do inss","destaque","Edital de concurso do INSS","Inscri\u00e7\u00f5es para o concurso do INSS","INSS abre concurso com mil vagas para T\u00e9cnico do Seguro Social","Instituto Nacional do Seguro Social","Prazo de inscri\u00e7\u00f5es para o concurso do INSS","Vagara para t\u00e9cnico no INSS"],"articleSection":["Brasil"],"inLanguage":"pt-BR","potentialAction":[{"@type":"CommentAction","name":"Comment","target":["https:\/\/aconteceunovale.com.br\/portal\/?p=190920#respond"]}]},{"@type":"WebPage","@id":"https:\/\/aconteceunovale.com.br\/portal\/?p=190920","url":"https:\/\/aconteceunovale.com.br\/portal\/?p=190920","name":"Prazo de inscri\u00e7\u00f5es para o concurso do INSS termina hoje - Aconteceu no Vale","isPartOf":{"@id":"https:\/\/aconteceunovale.com.br\/portal\/#website"},"primaryImageOfPage":{"@id":"https:\/\/aconteceunovale.com.br\/portal\/?p=190920#primaryimage"},"image":{"@id":"https:\/\/aconteceunovale.com.br\/portal\/?p=190920#primaryimage"},"thumbnailUrl":"https:\/\/aconteceunovale.com.br\/portal\/wp-content\/uploads\/2021\/10\/previdencia.jpg","datePublished":"2022-10-03T12:44:10+00:00","dateModified":"2022-10-03T12:45:05+00:00","author":{"@id":"https:\/\/aconteceunovale.com.br\/portal\/#\/schema\/person\/7d2f26d1483f8a63de73da1ee0754d35"},"breadcrumb":{"@id":"https:\/\/aconteceunovale.com.br\/portal\/?p=190920#breadcrumb"},"inLanguage":"pt-BR","potentialAction":[{"@type":"ReadAction","target":["https:\/\/aconteceunovale.com.br\/portal\/?p=190920"]}]},{"@type":"ImageObject","inLanguage":"pt-BR","@id":"https:\/\/aconteceunovale.com.br\/portal\/?p=190920#primaryimage","url":"https:\/\/aconteceunovale.com.br\/portal\/wp-content\/uploads\/2021\/10\/previdencia.jpg","contentUrl":"https:\/\/aconteceunovale.com.br\/portal\/wp-content\/uploads\/2021\/10\/previdencia.jpg","width":678,"height":406,"caption":"Instituto Nacional do Seguro Social (INSS)"},{"@type":"BreadcrumbList","@id":"https:\/\/aconteceunovale.com.br\/portal\/?p=190920#breadcrumb","itemListElement":[{"@type":"ListItem","position":1,"name":"In\u00edcio","item":"https:\/\/aconteceunovale.com.br\/portal\/"},{"@type":"ListItem","position":2,"name":"Prazo de inscri\u00e7\u00f5es para o concurso do INSS termina hoje"}]},{"@type":"WebSite","@id":"https:\/\/aconteceunovale.com.br\/portal\/#website","url":"https:\/\/aconteceunovale.com.br\/portal\/","name":"Aconteceu no Vale","description":"Portal de Not\u00edcias","potentialAction":[{"@type":"SearchAction","target":{"@type":"EntryPoint","urlTemplate":"https:\/\/aconteceunovale.com.br\/portal\/?s={search_term_string}"},"query-input":{"@type":"PropertyValueSpecification","valueRequired":true,"valueName":"search_term_string"}}],"inLanguage":"pt-BR"},{"@type":"Person","@id":"https:\/\/aconteceunovale.com.br\/portal\/#\/schema\/person\/7d2f26d1483f8a63de73da1ee0754d35","name":"Reda\u00e7\u00e3o Aconteceu no Vale","description":"Equipe de reportagem do Aconteceu no Vale, portal de not\u00edcias do Vale do Jequitinhonha, em Minas Gerais. Cobrimos as 51 cidades do Vale desde 2013. Sugest\u00f5es de pauta e pedidos de corre\u00e7\u00e3o: contato@aconteceunovale.com.br","url":"https:\/\/aconteceunovale.com.br\/portal\/?author=4"}]}},"_links":{"self":[{"href":"https:\/\/aconteceunovale.com.br\/portal\/index.php?rest_route=\/wp\/v2\/posts\/190920","targetHints":{"allow":["GET"]}}],"collection":[{"href":"https:\/\/aconteceunovale.com.br\/portal\/index.php?rest_route=\/wp\/v2\/posts"}],"about":[{"href":"https:\/\/aconteceunovale.com.br\/portal\/index.php?rest_route=\/wp\/v2\/types\/post"}],"author":[{"embeddable":true,"href":"https:\/\/aconteceunovale.com.br\/portal\/index.php?rest_route=\/wp\/v2\/users\/4"}],"replies":[{"embeddable":true,"href":"https:\/\/aconteceunovale.com.br\/portal\/index.php?rest_route=%2Fwp%2Fv2%2Fcomments&post=190920"}],"version-history":[{"count":1,"href":"https:\/\/aconteceunovale.com.br\/portal\/index.php?rest_route=\/wp\/v2\/posts\/190920\/revisions"}],"predecessor-version":[{"id":190921,"href":"https:\/\/aconteceunovale.com.br\/portal\/index.php?rest_route=\/wp\/v2\/posts\/190920\/revisions\/190921"}],"wp:featuredmedia":[{"embeddable":true,"href":"https:\/\/aconteceunovale.com.br\/portal\/index.php?rest_route=\/wp\/v2\/media\/182896"}],"wp:attachment":[{"href":"https:\/\/aconteceunovale.com.br\/portal\/index.php?rest_route=%2Fwp%2Fv2%2Fmedia&parent=190920"}],"wp:term":[{"taxonomy":"category","embeddable":true,"href":"https:\/\/aconteceunovale.com.br\/portal\/index.php?rest_route=%2Fwp%2Fv2%2Fcategories&post=190920"},{"taxonomy":"post_tag","embeddable":true,"href":"https:\/\/aconteceunovale.com.br\/portal\/index.php?rest_route=%2Fwp%2Fv2%2Ftags&post=190920"}],"curies":[{"name":"wp","href":"https:\/\/api.w.org\/{rel}","templated":true}]}}