{"id":190915,"date":"2022-10-03T02:16:01","date_gmt":"2022-10-03T05:16:01","guid":{"rendered":"https:\/\/aconteceunovale.com.br\/portal\/?p=190915"},"modified":"2022-10-03T02:16:46","modified_gmt":"2022-10-03T05:16:46","slug":"confira-a-lista-de-deputados-federais-eleitos-no-ceara","status":"publish","type":"post","link":"https:\/\/aconteceunovale.com.br\/portal\/?p=190915","title":{"rendered":"Confira a lista de deputados federais eleitos no Cear\u00e1"},"content":{"rendered":"\n<p class=\"wp-block-paragraph\">Eleitores do Cear\u00e1 foram \u00e0s urnas neste domingo (2\/10\/2022) e elegeram 22 deputados federais.\u00a0Confira a lista:<\/p>\n\n\n\n<ul class=\"wp-block-list\"><li>Andr\u00e9 Fernandes (PL) &#8211; 229.509 votos<\/li><li>J\u00fanior Mano (PL) &#8211; 216.531 votos<\/li><li>C\u00e9lio Studart (PSD) &#8211; 205.106 votos<\/li><li>Eun\u00edcio (MDB) &#8211; 188.289 votos<\/li><li>Idilvan (PDT) &#8211; 187.433 votos<\/li><li>Guimar\u00e3es do PT (PT) &#8211; 186.136 votos<\/li><li>Luiziane Lins (PT) &#8211; 182.232 votos<\/li><li>Domingos Neto (PSD) &#8211; 175.074 votos<\/li><li>AJ Albuquerque (PP) &#8211; 155.456 votos<\/li><li>Rob\u00e9rio Monteiro (PDT) &#8211; 151.030 votos<\/li><li>Matheus Noronha (PL) &#8211; 150.823 votos<\/li><li>Mauro Filho (PDT) &#8211; 135.038 votos<\/li><li>Fernanda Pessoa (Uni\u00e3o Brasil) &#8211; 121.469 votos<\/li><li>Moses Rodrigues (Uni\u00e3o Brasil) &#8211; 113.294 votos<\/li><li>Andr\u00e9 Figueiredo (PDT) &#8211; 111.886 votos<\/li><li>Eduardo Bismarck (PDT) &#8211; 102.287 votos<\/li><li>Luiz Gast\u00e3o (PSD) &#8211; 96.537 votos<\/li><li>Yury do Pared\u00e3o (PL) &#8211; 90.425 votos<\/li><li>Danilo Forte (Uni\u00e3o Brasil) &#8211; 88.470 votos<\/li><li>Jos\u00e9 Airton (PT) &#8211; 82.274 votos<\/li><li>Dr. Jaziel (PL) &#8211; 79.358 votos<\/li><li>Dayany do Capit\u00e3o (Uni\u00e3o Brasil) &#8211; 54.526 votos<\/li><\/ul>\n\n\n\n<p class=\"wp-block-paragraph\">Acompanhe a apura\u00e7\u00e3o completa e os resultados das Elei\u00e7\u00f5es 2022 em nossa p\u00e1gina (<strong><a rel=\"noreferrer noopener\" href=\"https:\/\/aconteceunovale.com.br\/portal\/?p=190684\" target=\"_blank\">confira aqui)<\/a><\/strong>.<\/p>\n\n\n\n<p class=\"wp-block-paragraph\">&#8212;&#8212;&#8212;&#8212;&#8212;&#8212;<br><br><strong>Sabia que o Aconteceu no Vale est\u00e1 tamb\u00e9m no Telegram? <a rel=\"noreferrer noopener\" href=\"https:\/\/t.me\/aconteceunovaleoficial\" target=\"_blank\">Inscreva-se no canal<\/a>.<\/strong><br><br><strong>J\u00e1 curtiu ou seguiu nossas p\u00e1ginas nas redes sociais?\u00a0Receba as not\u00edcias em primeira m\u00e3o:<\/strong><br>\u2022 <a rel=\"noreferrer noopener\" href=\"https:\/\/news.google.com\/publications\/CAAqBwgKMNjklQswi4etAw?hl=pt-BR&amp;gl=BR&amp;ceid=BR%3Apt-419\" target=\"_blank\">Google News<\/a><br>\u2022 <a rel=\"noreferrer noopener\" href=\"https:\/\/www.facebook.com\/aconteceunovale\/\" target=\"_blank\">Facebook<\/a><br>\u2022 <a rel=\"noreferrer noopener\" href=\"https:\/\/twitter.com\/noticiadosvales\" target=\"_blank\">Twitter<\/a><br>\u2022 <a rel=\"noreferrer noopener\" href=\"https:\/\/www.instagram.com\/aconteceunovale\" target=\"_blank\">Instagram<\/a><br>\u2022 <a rel=\"noreferrer noopener\" href=\"https:\/\/www.youtube.com\/AconteceunoValeOficial\" target=\"_blank\">Youtube<\/a><br>\u2022 <a rel=\"noreferrer noopener\" href=\"https:\/\/www.tiktok.com\/@aconteceunovale\" target=\"_blank\">TikTok<\/a><\/p>\n","protected":false},"excerpt":{"rendered":"<p>Eleitores do Cear\u00e1 foram \u00e0s urnas neste domingo (2\/10\/2022) e elegeram 22 deputados federais.\u00a0Confira a lista: Andr\u00e9 Fernandes (PL) &#8211; 229.509 votos J\u00fanior Mano (PL) &#8211; 216.531 votos C\u00e9lio Studart (PSD) &#8211; 205.106 votos Eun\u00edcio (MDB) &#8211; 188.289 votos Idilvan (PDT) &#8211; 187.433 votos Guimar\u00e3es do PT (PT) &#8211; 186.136 votos Luiziane Lins (PT) &#8211; [&hellip;]<\/p>\n","protected":false},"author":4,"featured_media":190917,"comment_status":"open","ping_status":"closed","sticky":false,"template":"","format":"standard","meta":{"amp_status":"","footnotes":""},"categories":[6,249933],"tags":[230288,263770,264054,263766,263873,264056,264055,264058,264059,264057,264060,264061,264062,264063,264064,17917,264065,264066,264067,17651,264068,17548,264070,17915,264069,17538,264073,264071,264072,264074,263627,263626,263625,263624,263628,718,252238,263623,262413,261226,264075,264076,264077,20457,264078,264079,264080,264081,20569,264082,264083,264084,264085,264086],"class_list":["post-190915","post","type-post","status-publish","format-standard","has-post-thumbnail","hentry","category-br","category-eleicoes-2022","tag-apuracao-das-eleicoes","tag-apuracao-das-eleicoes-2022","tag-apuracao-das-eleicoes-no-ceara","tag-apuracao-dos-votos","tag-apuracao-dos-votos-em-tempo-real","tag-apuracao-dos-votos-em-tempo-real-no-ceara","tag-apuracao-dos-votos-no-ceara","tag-apuracao-dos-votos-para-deputado-estadual-no-ceara","tag-apuracao-dos-votos-para-deputado-federal-no-ceara","tag-apuracao-dos-votos-para-deputado-no-ceara","tag-apuracao-dos-votos-para-governador-no-ceara","tag-apuracao-dos-votos-para-presidente-no-ceara","tag-apuracao-dos-votos-para-senador-no-ceara","tag-confira-a-lista-com-nomes-dos-deputados-estaduais-eleitos-no-ceara","tag-confira-a-lista-de-deputados-estaduais-e-federais-eleitos-no-ceara","tag-confira-a-lista-de-deputados-estaduais-eleitos-no-ceara","tag-confira-a-lista-de-deputados-federais-eleitos-no-ceara","tag-confira-a-lista-final-de-deputados-estaduais-eleitos-no-ceara","tag-conheca-os-deputados-estaduais-eleitos-no-ceara","tag-conhecer-os-deputados-eleitos","tag-conhecer-os-deputados-eleitos-no-ceara","tag-deputados-eleitos","tag-deputados-eleitos-ceara","tag-deputados-eleitos-no-ceara","tag-deputados-eleitos-no-ceara-2022","tag-deputados-estaduais-eleitos","tag-deputados-estaduais-eleitos-ceara","tag-deputados-estaduais-eleitos-no-ceara","tag-deputados-estaduais-eleitos-no-ceara-2022","tag-deputados-federais-eleitos-no-ceara","tag-eleicao-para-deputado-estadual-no-brasil","tag-eleicao-para-deputado-federal-no-brasil","tag-eleicao-para-governador-no-brasil","tag-eleicao-para-presidente-no-brasil","tag-eleicao-para-senador-no-brasil","tag-eleicoes","tag-eleicoes-2022","tag-eleicoes-2022-no-brasil","tag-eleicoes-2022-no-ceara","tag-eleicoes-no-brasil","tag-eleicoes-no-ceara","tag-eleito-ceara","tag-eleitos-no-ceara","tag-governador-eleito-no-ceara","tag-informacoes-sobre-os-deputados-eleitos-no-ceara","tag-lista-de-deputados-estaduais-eleitos-no-ceara","tag-nomes-dos-deputados-eleitos-no-ceara","tag-resultado-das-eleicoes-2022-no-ceara","tag-resultado-das-eleicoes-no-ceara","tag-resultado-eleicoes-2022-no-ceara","tag-senador-eleito-no-ceara","tag-votacao-para-deputado-no-ceara","tag-votacao-para-governador-no-ceara","tag-votacao-para-senador-no-ceara"],"yoast_head":"<!-- This site is optimized with the Yoast SEO plugin v28.3 - https:\/\/yoast.com\/product\/yoast-seo-wordpress\/ -->\n<title>Confira a lista de deputados federais eleitos no Cear\u00e1 - Aconteceu no Vale<\/title>\n<meta name=\"robots\" content=\"index, follow, max-snippet:-1, max-image-preview:large, max-video-preview:-1\" \/>\n<link rel=\"canonical\" href=\"https:\/\/aconteceunovale.com.br\/portal\/?p=190915\" \/>\n<meta property=\"og:locale\" content=\"pt_BR\" \/>\n<meta property=\"og:type\" content=\"article\" \/>\n<meta property=\"og:title\" content=\"Confira a lista de deputados federais eleitos no Cear\u00e1 - Aconteceu no Vale\" \/>\n<meta property=\"og:description\" content=\"Eleitores do Cear\u00e1 foram \u00e0s urnas neste domingo (2\/10\/2022) e elegeram 22 deputados federais.\u00a0Confira a lista: Andr\u00e9 Fernandes (PL) &#8211; 229.509 votos J\u00fanior Mano (PL) &#8211; 216.531 votos C\u00e9lio Studart (PSD) &#8211; 205.106 votos Eun\u00edcio (MDB) &#8211; 188.289 votos Idilvan (PDT) &#8211; 187.433 votos Guimar\u00e3es do PT (PT) &#8211; 186.136 votos Luiziane Lins (PT) &#8211; [&hellip;]\" \/>\n<meta property=\"og:url\" content=\"https:\/\/aconteceunovale.com.br\/portal\/?p=190915\" \/>\n<meta property=\"og:site_name\" content=\"Aconteceu no Vale\" \/>\n<meta property=\"article:publisher\" content=\"https:\/\/www.facebook.com\/aconteceunovale\/\" \/>\n<meta property=\"article:published_time\" content=\"2022-10-03T05:16:01+00:00\" \/>\n<meta property=\"article:modified_time\" content=\"2022-10-03T05:16:46+00:00\" \/>\n<meta property=\"og:image\" content=\"https:\/\/aconteceunovale.com.br\/portal\/wp-content\/uploads\/2022\/10\/ceara.png\" \/>\n\t<meta property=\"og:image:width\" content=\"678\" \/>\n\t<meta property=\"og:image:height\" content=\"355\" \/>\n\t<meta property=\"og:image:type\" content=\"image\/png\" \/>\n<meta name=\"author\" content=\"Reda\u00e7\u00e3o Aconteceu no Vale\" \/>\n<meta name=\"twitter:card\" content=\"summary_large_image\" \/>\n<meta name=\"twitter:creator\" content=\"@noticiadosvales\" \/>\n<meta name=\"twitter:site\" content=\"@noticiadosvales\" \/>\n<meta name=\"twitter:label1\" content=\"Escrito por\" \/>\n\t<meta name=\"twitter:data1\" content=\"Reda\u00e7\u00e3o Aconteceu no Vale\" \/>\n\t<meta name=\"twitter:label2\" content=\"Est. tempo de leitura\" \/>\n\t<meta name=\"twitter:data2\" content=\"1 minuto\" \/>\n<script type=\"application\/ld+json\" class=\"yoast-schema-graph\">{\"@context\":\"https:\\\/\\\/schema.org\",\"@graph\":[{\"@type\":\"Article\",\"@id\":\"https:\\\/\\\/aconteceunovale.com.br\\\/portal\\\/?p=190915#article\",\"isPartOf\":{\"@id\":\"https:\\\/\\\/aconteceunovale.com.br\\\/portal\\\/?p=190915\"},\"author\":{\"name\":\"Reda\u00e7\u00e3o Aconteceu no Vale\",\"@id\":\"https:\\\/\\\/aconteceunovale.com.br\\\/portal\\\/#\\\/schema\\\/person\\\/7d2f26d1483f8a63de73da1ee0754d35\"},\"headline\":\"Confira a lista de deputados federais eleitos no Cear\u00e1\",\"datePublished\":\"2022-10-03T05:16:01+00:00\",\"dateModified\":\"2022-10-03T05:16:46+00:00\",\"mainEntityOfPage\":{\"@id\":\"https:\\\/\\\/aconteceunovale.com.br\\\/portal\\\/?p=190915\"},\"wordCount\":208,\"commentCount\":0,\"image\":{\"@id\":\"https:\\\/\\\/aconteceunovale.com.br\\\/portal\\\/?p=190915#primaryimage\"},\"thumbnailUrl\":\"https:\\\/\\\/aconteceunovale.com.br\\\/portal\\\/wp-content\\\/uploads\\\/2022\\\/10\\\/ceara.png\",\"keywords\":[\"Apura\u00e7\u00e3o das elei\u00e7\u00f5es\",\"Apura\u00e7\u00e3o das elei\u00e7\u00f5es 2022\",\"Apura\u00e7\u00e3o das elei\u00e7\u00f5es no Cear\u00e1\",\"Apura\u00e7\u00e3o dos votos\",\"Apura\u00e7\u00e3o dos votos em tempo real\",\"Apura\u00e7\u00e3o dos votos em tempo real no Cear\u00e1\",\"apura\u00e7\u00e3o dos votos no Cear\u00e1\",\"Apura\u00e7\u00e3o dos votos para deputado estadual no Cear\u00e1\",\"Apura\u00e7\u00e3o dos votos para deputado federal no Cear\u00e1\",\"Apura\u00e7\u00e3o dos votos para deputado no Cear\u00e1\",\"Apura\u00e7\u00e3o dos votos para Governador no Cear\u00e1\",\"Apura\u00e7\u00e3o dos votos para presidente no Cear\u00e1\",\"Apura\u00e7\u00e3o dos votos para senador no Cear\u00e1\",\"Confira a lista com nomes dos deputados estaduais eleitos no Cear\u00e1\",\"Confira a lista de deputados estaduais e federais eleitos no Cear\u00e1\",\"Confira a lista de deputados estaduais eleitos no Cear\u00e1\",\"Confira a lista de deputados federais eleitos no Cear\u00e1\",\"Confira a lista final de deputados estaduais eleitos no Cear\u00e1\",\"Conhe\u00e7a os deputados estaduais eleitos no Cear\u00e1\",\"conhecer os deputados eleitos\",\"conhecer os deputados eleitos no Cear\u00e1\",\"deputados eleitos\",\"deputados eleitos Cear\u00e1\",\"deputados eleitos no Cear\u00e1\",\"deputados eleitos no Cear\u00e1 2022\",\"deputados estaduais eleitos\",\"deputados estaduais eleitos Cear\u00e1\",\"deputados estaduais eleitos no Cear\u00e1\",\"deputados estaduais eleitos no Cear\u00e1 2022\",\"deputados federais eleitos no Cear\u00e1\",\"Elei\u00e7\u00e3o para deputado estadual no Brasil\",\"Elei\u00e7\u00e3o para deputado federal no Brasil\",\"Elei\u00e7\u00e3o para governador no Brasil\",\"Elei\u00e7\u00e3o para presidente no Brasil\",\"Elei\u00e7\u00e3o para Senador no Brasil\",\"Elei\u00e7\u00f5es\",\"Elei\u00e7\u00f5es 2022\",\"Elei\u00e7\u00f5es 2022 no Brasil\",\"Elei\u00e7\u00f5es 2022 no Cear\u00e1\",\"Elei\u00e7\u00f5es no Brasil\",\"elei\u00e7\u00f5es no Cear\u00e1\",\"Eleito Cear\u00e1\",\"Eleitos no Cear\u00e1\",\"governador eleito no cear\u00e1\",\"informa\u00e7\u00f5es sobre os deputados eleitos no Cear\u00e1\",\"lista de deputados estaduais eleitos no Cear\u00e1\",\"nomes dos deputados eleitos no Cear\u00e1\",\"Resultado das elei\u00e7\u00f5es 2022 no Cear\u00e1\",\"resultado das elei\u00e7\u00f5es no cear\u00e1\",\"resultado elei\u00e7\u00f5es 2022 no Cear\u00e1\",\"senador eleito no Cear\u00e1\",\"vota\u00e7\u00e3o para deputado no Cear\u00e1\",\"vota\u00e7\u00e3o para governador no Cear\u00e1\",\"vota\u00e7\u00e3o para senador no Cear\u00e1\"],\"articleSection\":[\"Brasil\",\"Elei\u00e7\u00f5es 2022\"],\"inLanguage\":\"pt-BR\",\"potentialAction\":[{\"@type\":\"CommentAction\",\"name\":\"Comment\",\"target\":[\"https:\\\/\\\/aconteceunovale.com.br\\\/portal\\\/?p=190915#respond\"]}]},{\"@type\":\"WebPage\",\"@id\":\"https:\\\/\\\/aconteceunovale.com.br\\\/portal\\\/?p=190915\",\"url\":\"https:\\\/\\\/aconteceunovale.com.br\\\/portal\\\/?p=190915\",\"name\":\"Confira a lista de deputados federais eleitos no Cear\u00e1 - Aconteceu no Vale\",\"isPartOf\":{\"@id\":\"https:\\\/\\\/aconteceunovale.com.br\\\/portal\\\/#website\"},\"primaryImageOfPage\":{\"@id\":\"https:\\\/\\\/aconteceunovale.com.br\\\/portal\\\/?p=190915#primaryimage\"},\"image\":{\"@id\":\"https:\\\/\\\/aconteceunovale.com.br\\\/portal\\\/?p=190915#primaryimage\"},\"thumbnailUrl\":\"https:\\\/\\\/aconteceunovale.com.br\\\/portal\\\/wp-content\\\/uploads\\\/2022\\\/10\\\/ceara.png\",\"datePublished\":\"2022-10-03T05:16:01+00:00\",\"dateModified\":\"2022-10-03T05:16:46+00:00\",\"author\":{\"@id\":\"https:\\\/\\\/aconteceunovale.com.br\\\/portal\\\/#\\\/schema\\\/person\\\/7d2f26d1483f8a63de73da1ee0754d35\"},\"breadcrumb\":{\"@id\":\"https:\\\/\\\/aconteceunovale.com.br\\\/portal\\\/?p=190915#breadcrumb\"},\"inLanguage\":\"pt-BR\",\"potentialAction\":[{\"@type\":\"ReadAction\",\"target\":[\"https:\\\/\\\/aconteceunovale.com.br\\\/portal\\\/?p=190915\"]}]},{\"@type\":\"ImageObject\",\"inLanguage\":\"pt-BR\",\"@id\":\"https:\\\/\\\/aconteceunovale.com.br\\\/portal\\\/?p=190915#primaryimage\",\"url\":\"https:\\\/\\\/aconteceunovale.com.br\\\/portal\\\/wp-content\\\/uploads\\\/2022\\\/10\\\/ceara.png\",\"contentUrl\":\"https:\\\/\\\/aconteceunovale.com.br\\\/portal\\\/wp-content\\\/uploads\\\/2022\\\/10\\\/ceara.png\",\"width\":678,\"height\":355},{\"@type\":\"BreadcrumbList\",\"@id\":\"https:\\\/\\\/aconteceunovale.com.br\\\/portal\\\/?p=190915#breadcrumb\",\"itemListElement\":[{\"@type\":\"ListItem\",\"position\":1,\"name\":\"In\u00edcio\",\"item\":\"https:\\\/\\\/aconteceunovale.com.br\\\/portal\\\/\"},{\"@type\":\"ListItem\",\"position\":2,\"name\":\"Confira a lista de deputados federais eleitos no Cear\u00e1\"}]},{\"@type\":\"WebSite\",\"@id\":\"https:\\\/\\\/aconteceunovale.com.br\\\/portal\\\/#website\",\"url\":\"https:\\\/\\\/aconteceunovale.com.br\\\/portal\\\/\",\"name\":\"Aconteceu no Vale\",\"description\":\"Portal de Not\u00edcias\",\"potentialAction\":[{\"@type\":\"SearchAction\",\"target\":{\"@type\":\"EntryPoint\",\"urlTemplate\":\"https:\\\/\\\/aconteceunovale.com.br\\\/portal\\\/?s={search_term_string}\"},\"query-input\":{\"@type\":\"PropertyValueSpecification\",\"valueRequired\":true,\"valueName\":\"search_term_string\"}}],\"inLanguage\":\"pt-BR\"},{\"@type\":\"Person\",\"@id\":\"https:\\\/\\\/aconteceunovale.com.br\\\/portal\\\/#\\\/schema\\\/person\\\/7d2f26d1483f8a63de73da1ee0754d35\",\"name\":\"Reda\u00e7\u00e3o Aconteceu no Vale\",\"description\":\"Equipe de reportagem do Aconteceu no Vale, portal de not\u00edcias do Vale do Jequitinhonha, em Minas Gerais. Cobrimos as 51 cidades do Vale desde 2013. Sugest\u00f5es de pauta e pedidos de corre\u00e7\u00e3o: contato@aconteceunovale.com.br\",\"url\":\"https:\\\/\\\/aconteceunovale.com.br\\\/portal\\\/?author=4\"}]}<\/script>\n<!-- \/ Yoast SEO plugin. -->","yoast_head_json":{"title":"Confira a lista de deputados federais eleitos no Cear\u00e1 - Aconteceu no Vale","robots":{"index":"index","follow":"follow","max-snippet":"max-snippet:-1","max-image-preview":"max-image-preview:large","max-video-preview":"max-video-preview:-1"},"canonical":"https:\/\/aconteceunovale.com.br\/portal\/?p=190915","og_locale":"pt_BR","og_type":"article","og_title":"Confira a lista de deputados federais eleitos no Cear\u00e1 - Aconteceu no Vale","og_description":"Eleitores do Cear\u00e1 foram \u00e0s urnas neste domingo (2\/10\/2022) e elegeram 22 deputados federais.\u00a0Confira a lista: Andr\u00e9 Fernandes (PL) &#8211; 229.509 votos J\u00fanior Mano (PL) &#8211; 216.531 votos C\u00e9lio Studart (PSD) &#8211; 205.106 votos Eun\u00edcio (MDB) &#8211; 188.289 votos Idilvan (PDT) &#8211; 187.433 votos Guimar\u00e3es do PT (PT) &#8211; 186.136 votos Luiziane Lins (PT) &#8211; [&hellip;]","og_url":"https:\/\/aconteceunovale.com.br\/portal\/?p=190915","og_site_name":"Aconteceu no Vale","article_publisher":"https:\/\/www.facebook.com\/aconteceunovale\/","article_published_time":"2022-10-03T05:16:01+00:00","article_modified_time":"2022-10-03T05:16:46+00:00","og_image":[{"width":678,"height":355,"url":"https:\/\/aconteceunovale.com.br\/portal\/wp-content\/uploads\/2022\/10\/ceara.png","type":"image\/png"}],"author":"Reda\u00e7\u00e3o Aconteceu no Vale","twitter_card":"summary_large_image","twitter_creator":"@noticiadosvales","twitter_site":"@noticiadosvales","twitter_misc":{"Escrito por":"Reda\u00e7\u00e3o Aconteceu no Vale","Est. tempo de leitura":"1 minuto"},"schema":{"@context":"https:\/\/schema.org","@graph":[{"@type":"Article","@id":"https:\/\/aconteceunovale.com.br\/portal\/?p=190915#article","isPartOf":{"@id":"https:\/\/aconteceunovale.com.br\/portal\/?p=190915"},"author":{"name":"Reda\u00e7\u00e3o Aconteceu no Vale","@id":"https:\/\/aconteceunovale.com.br\/portal\/#\/schema\/person\/7d2f26d1483f8a63de73da1ee0754d35"},"headline":"Confira a lista de deputados federais eleitos no Cear\u00e1","datePublished":"2022-10-03T05:16:01+00:00","dateModified":"2022-10-03T05:16:46+00:00","mainEntityOfPage":{"@id":"https:\/\/aconteceunovale.com.br\/portal\/?p=190915"},"wordCount":208,"commentCount":0,"image":{"@id":"https:\/\/aconteceunovale.com.br\/portal\/?p=190915#primaryimage"},"thumbnailUrl":"https:\/\/aconteceunovale.com.br\/portal\/wp-content\/uploads\/2022\/10\/ceara.png","keywords":["Apura\u00e7\u00e3o das elei\u00e7\u00f5es","Apura\u00e7\u00e3o das elei\u00e7\u00f5es 2022","Apura\u00e7\u00e3o das elei\u00e7\u00f5es no Cear\u00e1","Apura\u00e7\u00e3o dos votos","Apura\u00e7\u00e3o dos votos em tempo real","Apura\u00e7\u00e3o dos votos em tempo real no Cear\u00e1","apura\u00e7\u00e3o dos votos no Cear\u00e1","Apura\u00e7\u00e3o dos votos para deputado estadual no Cear\u00e1","Apura\u00e7\u00e3o dos votos para deputado federal no Cear\u00e1","Apura\u00e7\u00e3o dos votos para deputado no Cear\u00e1","Apura\u00e7\u00e3o dos votos para Governador no Cear\u00e1","Apura\u00e7\u00e3o dos votos para presidente no Cear\u00e1","Apura\u00e7\u00e3o dos votos para senador no Cear\u00e1","Confira a lista com nomes dos deputados estaduais eleitos no Cear\u00e1","Confira a lista de deputados estaduais e federais eleitos no Cear\u00e1","Confira a lista de deputados estaduais eleitos no Cear\u00e1","Confira a lista de deputados federais eleitos no Cear\u00e1","Confira a lista final de deputados estaduais eleitos no Cear\u00e1","Conhe\u00e7a os deputados estaduais eleitos no Cear\u00e1","conhecer os deputados eleitos","conhecer os deputados eleitos no Cear\u00e1","deputados eleitos","deputados eleitos Cear\u00e1","deputados eleitos no Cear\u00e1","deputados eleitos no Cear\u00e1 2022","deputados estaduais eleitos","deputados estaduais eleitos Cear\u00e1","deputados estaduais eleitos no Cear\u00e1","deputados estaduais eleitos no Cear\u00e1 2022","deputados federais eleitos no Cear\u00e1","Elei\u00e7\u00e3o para deputado estadual no Brasil","Elei\u00e7\u00e3o para deputado federal no Brasil","Elei\u00e7\u00e3o para governador no Brasil","Elei\u00e7\u00e3o para presidente no Brasil","Elei\u00e7\u00e3o para Senador no Brasil","Elei\u00e7\u00f5es","Elei\u00e7\u00f5es 2022","Elei\u00e7\u00f5es 2022 no Brasil","Elei\u00e7\u00f5es 2022 no Cear\u00e1","Elei\u00e7\u00f5es no Brasil","elei\u00e7\u00f5es no Cear\u00e1","Eleito Cear\u00e1","Eleitos no Cear\u00e1","governador eleito no cear\u00e1","informa\u00e7\u00f5es sobre os deputados eleitos no Cear\u00e1","lista de deputados estaduais eleitos no Cear\u00e1","nomes dos deputados eleitos no Cear\u00e1","Resultado das elei\u00e7\u00f5es 2022 no Cear\u00e1","resultado das elei\u00e7\u00f5es no cear\u00e1","resultado elei\u00e7\u00f5es 2022 no Cear\u00e1","senador eleito no Cear\u00e1","vota\u00e7\u00e3o para deputado no Cear\u00e1","vota\u00e7\u00e3o para governador no Cear\u00e1","vota\u00e7\u00e3o para senador no Cear\u00e1"],"articleSection":["Brasil","Elei\u00e7\u00f5es 2022"],"inLanguage":"pt-BR","potentialAction":[{"@type":"CommentAction","name":"Comment","target":["https:\/\/aconteceunovale.com.br\/portal\/?p=190915#respond"]}]},{"@type":"WebPage","@id":"https:\/\/aconteceunovale.com.br\/portal\/?p=190915","url":"https:\/\/aconteceunovale.com.br\/portal\/?p=190915","name":"Confira a lista de deputados federais eleitos no Cear\u00e1 - Aconteceu no Vale","isPartOf":{"@id":"https:\/\/aconteceunovale.com.br\/portal\/#website"},"primaryImageOfPage":{"@id":"https:\/\/aconteceunovale.com.br\/portal\/?p=190915#primaryimage"},"image":{"@id":"https:\/\/aconteceunovale.com.br\/portal\/?p=190915#primaryimage"},"thumbnailUrl":"https:\/\/aconteceunovale.com.br\/portal\/wp-content\/uploads\/2022\/10\/ceara.png","datePublished":"2022-10-03T05:16:01+00:00","dateModified":"2022-10-03T05:16:46+00:00","author":{"@id":"https:\/\/aconteceunovale.com.br\/portal\/#\/schema\/person\/7d2f26d1483f8a63de73da1ee0754d35"},"breadcrumb":{"@id":"https:\/\/aconteceunovale.com.br\/portal\/?p=190915#breadcrumb"},"inLanguage":"pt-BR","potentialAction":[{"@type":"ReadAction","target":["https:\/\/aconteceunovale.com.br\/portal\/?p=190915"]}]},{"@type":"ImageObject","inLanguage":"pt-BR","@id":"https:\/\/aconteceunovale.com.br\/portal\/?p=190915#primaryimage","url":"https:\/\/aconteceunovale.com.br\/portal\/wp-content\/uploads\/2022\/10\/ceara.png","contentUrl":"https:\/\/aconteceunovale.com.br\/portal\/wp-content\/uploads\/2022\/10\/ceara.png","width":678,"height":355},{"@type":"BreadcrumbList","@id":"https:\/\/aconteceunovale.com.br\/portal\/?p=190915#breadcrumb","itemListElement":[{"@type":"ListItem","position":1,"name":"In\u00edcio","item":"https:\/\/aconteceunovale.com.br\/portal\/"},{"@type":"ListItem","position":2,"name":"Confira a lista de deputados federais eleitos no Cear\u00e1"}]},{"@type":"WebSite","@id":"https:\/\/aconteceunovale.com.br\/portal\/#website","url":"https:\/\/aconteceunovale.com.br\/portal\/","name":"Aconteceu no Vale","description":"Portal de Not\u00edcias","potentialAction":[{"@type":"SearchAction","target":{"@type":"EntryPoint","urlTemplate":"https:\/\/aconteceunovale.com.br\/portal\/?s={search_term_string}"},"query-input":{"@type":"PropertyValueSpecification","valueRequired":true,"valueName":"search_term_string"}}],"inLanguage":"pt-BR"},{"@type":"Person","@id":"https:\/\/aconteceunovale.com.br\/portal\/#\/schema\/person\/7d2f26d1483f8a63de73da1ee0754d35","name":"Reda\u00e7\u00e3o Aconteceu no Vale","description":"Equipe de reportagem do Aconteceu no Vale, portal de not\u00edcias do Vale do Jequitinhonha, em Minas Gerais. Cobrimos as 51 cidades do Vale desde 2013. Sugest\u00f5es de pauta e pedidos de corre\u00e7\u00e3o: contato@aconteceunovale.com.br","url":"https:\/\/aconteceunovale.com.br\/portal\/?author=4"}]}},"_links":{"self":[{"href":"https:\/\/aconteceunovale.com.br\/portal\/index.php?rest_route=\/wp\/v2\/posts\/190915","targetHints":{"allow":["GET"]}}],"collection":[{"href":"https:\/\/aconteceunovale.com.br\/portal\/index.php?rest_route=\/wp\/v2\/posts"}],"about":[{"href":"https:\/\/aconteceunovale.com.br\/portal\/index.php?rest_route=\/wp\/v2\/types\/post"}],"author":[{"embeddable":true,"href":"https:\/\/aconteceunovale.com.br\/portal\/index.php?rest_route=\/wp\/v2\/users\/4"}],"replies":[{"embeddable":true,"href":"https:\/\/aconteceunovale.com.br\/portal\/index.php?rest_route=%2Fwp%2Fv2%2Fcomments&post=190915"}],"version-history":[{"count":1,"href":"https:\/\/aconteceunovale.com.br\/portal\/index.php?rest_route=\/wp\/v2\/posts\/190915\/revisions"}],"predecessor-version":[{"id":190918,"href":"https:\/\/aconteceunovale.com.br\/portal\/index.php?rest_route=\/wp\/v2\/posts\/190915\/revisions\/190918"}],"wp:featuredmedia":[{"embeddable":true,"href":"https:\/\/aconteceunovale.com.br\/portal\/index.php?rest_route=\/wp\/v2\/media\/190917"}],"wp:attachment":[{"href":"https:\/\/aconteceunovale.com.br\/portal\/index.php?rest_route=%2Fwp%2Fv2%2Fmedia&parent=190915"}],"wp:term":[{"taxonomy":"category","embeddable":true,"href":"https:\/\/aconteceunovale.com.br\/portal\/index.php?rest_route=%2Fwp%2Fv2%2Fcategories&post=190915"},{"taxonomy":"post_tag","embeddable":true,"href":"https:\/\/aconteceunovale.com.br\/portal\/index.php?rest_route=%2Fwp%2Fv2%2Ftags&post=190915"}],"curies":[{"name":"wp","href":"https:\/\/api.w.org\/{rel}","templated":true}]}}