{"id":19091,"date":"2014-01-22T15:39:31","date_gmt":"2014-01-22T17:39:31","guid":{"rendered":"http:\/\/aconteceunovale.com.br\/portal\/?p=19091"},"modified":"2014-01-22T15:39:31","modified_gmt":"2014-01-22T17:39:31","slug":"menor-furta-moto-e-esconde-no-quintal-da-tia-em-paulistas","status":"publish","type":"post","link":"https:\/\/aconteceunovale.com.br\/portal\/?p=19091","title":{"rendered":"Menor furta moto e esconde no quintal da tia em Paulistas"},"content":{"rendered":"<p>Um menor, que n\u00e3o teve idade nem identidade revelada, foi apreendido nessa ter\u00e7a-feira (21\/01) no munic\u00edpio de Paulistas, suspeito de furtar uma motocicleta. <\/p>\n<p>De acordo com a Pol\u00edcia, a v\u00edtima de iniciais V.D.C.O., de 20 anos, contou que na noite de segunda-feira (20\/01), estacionou sua motocicleta Honda CG-150 Titan ES, vermelha, com placa de S\u00e3o Jo\u00e3o Evangelista, em uma garagem sem port\u00e3o, como de costume. Por\u00e9m, na manh\u00e3 dessa ter\u00e7a-feira (21\/01), notou que o ve\u00edculo havia sido furtado. O jovem informou ainda, que suspeitava de um menor infrator, que foi visto durante a noite, pr\u00f3ximo ao local, caminhando com um capacete nas m\u00e3os. <\/p>\n<p>A Pol\u00edcia realizou rastreamento na zona rural e encontrou o adolescente na casa da tia dele, a motocicleta estava escondida no quintal. O suspeito e o ve\u00edculo foram conduzidos \u00e0 delegacia de Sabin\u00f3polis. A tia do menor acompanhou a ocorr\u00eancia.<\/p>\n<p><img decoding=\"async\" src=\"http:\/\/aconteceunovale.com.br\/portal\/wp-content\/uploads\/2013\/11\/plantao.jpg\" alt=\"\" \/><\/p>\n<p><em>(Informa\u00e7\u00f5es da Pol\u00edcia Militar de Paulistas)<\/em><\/p>\n","protected":false},"excerpt":{"rendered":"<p>Um menor, que n\u00e3o teve idade nem identidade revelada, foi apreendido nessa ter\u00e7a-feira (21\/01) no munic\u00edpio de Paulistas, suspeito de furtar uma motocicleta. De acordo com a Pol\u00edcia, a v\u00edtima de iniciais V.D.C.O., de 20 anos, contou que na noite de segunda-feira (20\/01), estacionou sua motocicleta Honda CG-150 Titan ES, vermelha, com placa de S\u00e3o [&hellip;]<\/p>\n","protected":false},"author":1,"featured_media":13667,"comment_status":"open","ping_status":"closed","sticky":false,"template":"","format":"standard","meta":{"amp_status":"","footnotes":""},"categories":[121],"tags":[3336,305,162],"class_list":["post-19091","post","type-post","status-publish","format-standard","has-post-thumbnail","hentry","category-leste","tag-menor-furta-moto-e-esconde-no-quintal-da-tia-em-paulistas","tag-paulistas","tag-sao-joao-evangelista"],"_links":{"self":[{"href":"https:\/\/aconteceunovale.com.br\/portal\/index.php?rest_route=\/wp\/v2\/posts\/19091","targetHints":{"allow":["GET"]}}],"collection":[{"href":"https:\/\/aconteceunovale.com.br\/portal\/index.php?rest_route=\/wp\/v2\/posts"}],"about":[{"href":"https:\/\/aconteceunovale.com.br\/portal\/index.php?rest_route=\/wp\/v2\/types\/post"}],"author":[{"embeddable":true,"href":"https:\/\/aconteceunovale.com.br\/portal\/index.php?rest_route=\/wp\/v2\/users\/1"}],"replies":[{"embeddable":true,"href":"https:\/\/aconteceunovale.com.br\/portal\/index.php?rest_route=%2Fwp%2Fv2%2Fcomments&post=19091"}],"version-history":[{"count":0,"href":"https:\/\/aconteceunovale.com.br\/portal\/index.php?rest_route=\/wp\/v2\/posts\/19091\/revisions"}],"wp:featuredmedia":[{"embeddable":true,"href":"https:\/\/aconteceunovale.com.br\/portal\/index.php?rest_route=\/wp\/v2\/media\/13667"}],"wp:attachment":[{"href":"https:\/\/aconteceunovale.com.br\/portal\/index.php?rest_route=%2Fwp%2Fv2%2Fmedia&parent=19091"}],"wp:term":[{"taxonomy":"category","embeddable":true,"href":"https:\/\/aconteceunovale.com.br\/portal\/index.php?rest_route=%2Fwp%2Fv2%2Fcategories&post=19091"},{"taxonomy":"post_tag","embeddable":true,"href":"https:\/\/aconteceunovale.com.br\/portal\/index.php?rest_route=%2Fwp%2Fv2%2Ftags&post=19091"}],"curies":[{"name":"wp","href":"https:\/\/api.w.org\/{rel}","templated":true}]}}