{"id":190901,"date":"2022-10-03T00:40:03","date_gmt":"2022-10-03T03:40:03","guid":{"rendered":"https:\/\/aconteceunovale.com.br\/portal\/?p=190901"},"modified":"2022-10-03T00:41:14","modified_gmt":"2022-10-03T03:41:14","slug":"confira-a-lista-de-deputados-federais-eleitos-no-rio-de-janeiro","status":"publish","type":"post","link":"https:\/\/aconteceunovale.com.br\/portal\/?p=190901","title":{"rendered":"Confira a lista de deputados federais eleitos no Rio de Janeiro"},"content":{"rendered":"\n<p class=\"wp-block-paragraph\">Eleitores do Rio de Janeiro foram \u00e0s urnas neste domingo (2\/10\/2022) e elegeram 46 deputados federais.\u00a0Confira a lista:<\/p>\n\n\n\n<ul class=\"wp-block-list\"><li>Daniela do Waguinho (Uni\u00e3o Brasil) &#8211; 213.706 votos<\/li><li>General Pazuello (PL) &#8211; 205.324 votos<\/li><li>Taliria Petrone (PSOL) &#8211; 198.548 votos<\/li><li>Doutor Luizinho (PP) &#8211; 190.071 votos<\/li><li>Altineu Cortes (PL) &#8211; 167.512 votos<\/li><li>Tarc\u00edsio Motta (PSOL) &#8211; 159.928 votos<\/li><li>Otoni de Paula (MDB) &#8211; 158.507 votos<\/li><li>Lindbergh Farias (PT) &#8211; 152.219 votos<\/li><li>Gutemberg Reis (MDB) &#8211; 133.612 votos<\/li><li>Helio Fernando Barbosa Lopes (PL) &#8211; 132.986 votos<\/li><li>Soraya Santos (PL) &#8211; 130.379 votos<\/li><li>Chico Alencar (PSOL) &#8211; 115.023 votos<\/li><li>Carlos Jordy (PL) &#8211; 114.587 votos<\/li><li>Benedita da Silva (PT) &#8211; 113.831 votos<\/li><li>Whashington Quaqu\u00e1 (PT) &#8211; 113.282 votos<\/li><li>Marcelo Crivella (Republicanos) &#8211; 110.450 votos<\/li><li>Aureo Ribeiro (Solidariedade) &#8211; 103.321 votos<\/li><li>Daniel Soranz (PSD) &#8211; 98.784 votos<\/li><li>Roberto Monteiro Pai (PL) &#8211; 94.221 votos<\/li><li>Max (PROS) &#8211; 89.507 votos<\/li><li>Luciano Vieira (PL) &#8211; 84.942 votos<\/li><li>Jandira Feghali (PC do B) &#8211; 84.054 votos<\/li><li>Glauber (PSOL) &#8211; 78.048 votos<\/li><li>Chiquinho Braz\u00e3o (Uni\u00e3o Brasil) &#8211; 77.367 votos<\/li><li>Pedro Paulo (PSD) &#8211; 76.828 votos<\/li><li>Ros\u00e2ngela Gomes (Republicanos) &#8211; 76.292 votos<\/li><li>Dani Cunha (Uni\u00e3o Brasil) &#8211; 75.810 votos<\/li><li>Marcelo Queiroz (PP) &#8211; 73.728 votos<\/li><li>Bandeira de Mello (PSB) &#8211; 72.725 votos<\/li><li>Juninho do Pneu (Uni\u00e3o Brasil) &#8211; 70.660 votos<\/li><li>Luiz Lima (PL) &#8211; 69.088 votos<\/li><li>S\u00f3stenes Cavalcante (PL) &#8211; 65.443 votos<\/li><li>Marcos Tavares (PDT) &#8211; 62.086 votos<\/li><li>Jorge Braz (Republicanos) &#8211; 59.201 votos<\/li><li>Delegado Ramagem (PL) &#8211; 59.170 votos<\/li><li>Pastor Henrique Vieira (PSOL) &#8211; 53.933 votos<\/li><li>Chris Tonietto (PL) &#8211; 52.583 votos<\/li><li>Hugo Leal (PSD) &#8211; 50.067 votos<\/li><li>Julio Lopes (PP) &#8211; 50.019 votos<\/li><li>Murillo Gouvea (Uni\u00e3o Brasil) &#8211; 49.921 votos<\/li><li>Laura Carneiro (PSD) &#8211; 48.073 votos<\/li><li>Marcos RR Soares (Uni\u00e3o Brasil) &#8211; 43.533 votos<\/li><li>Dimas Gadelha (PT) &#8211; 41.238 votos<\/li><li>Bebeto (PTB) &#8211; 41.075 votos<\/li><li>Reimont (PT) &#8211; 39.325 votos<\/li><li>Sargento Portugal (Podemos) &#8211; 33.368 votos<\/li><\/ul>\n\n\n\n<p class=\"wp-block-paragraph\">Acompanhe a apura\u00e7\u00e3o completa e os resultados das Elei\u00e7\u00f5es 2022 em nossa p\u00e1gina (<strong><a rel=\"noreferrer noopener\" href=\"https:\/\/aconteceunovale.com.br\/portal\/?p=190684\" target=\"_blank\">confira aqui)<\/a><\/strong>.<\/p>\n\n\n\n<p class=\"wp-block-paragraph\">&#8212;&#8212;&#8212;&#8212;&#8212;&#8212;<br><br><strong>Sabia que o Aconteceu no Vale est\u00e1 tamb\u00e9m no Telegram? <a rel=\"noreferrer noopener\" href=\"https:\/\/t.me\/aconteceunovaleoficial\" target=\"_blank\">Inscreva-se no canal<\/a>.<\/strong><br><br><strong>J\u00e1 curtiu ou seguiu nossas p\u00e1ginas nas redes sociais?\u00a0Receba as not\u00edcias em primeira m\u00e3o:<\/strong><br>\u2022 <a rel=\"noreferrer noopener\" href=\"https:\/\/news.google.com\/publications\/CAAqBwgKMNjklQswi4etAw?hl=pt-BR&amp;gl=BR&amp;ceid=BR%3Apt-419\" target=\"_blank\">Google News<\/a><br>\u2022 <a rel=\"noreferrer noopener\" href=\"https:\/\/www.facebook.com\/aconteceunovale\/\" target=\"_blank\">Facebook<\/a><br>\u2022 <a rel=\"noreferrer noopener\" href=\"https:\/\/twitter.com\/noticiadosvales\" target=\"_blank\">Twitter<\/a><br>\u2022 <a rel=\"noreferrer noopener\" href=\"https:\/\/www.instagram.com\/aconteceunovale\" target=\"_blank\">Instagram<\/a><br>\u2022 <a rel=\"noreferrer noopener\" href=\"https:\/\/www.youtube.com\/AconteceunoValeOficial\" target=\"_blank\">Youtube<\/a><br>\u2022 <a rel=\"noreferrer noopener\" href=\"https:\/\/www.tiktok.com\/@aconteceunovale\" target=\"_blank\">TikTok<\/a><\/p>\n","protected":false},"excerpt":{"rendered":"<p>Eleitores do Rio de Janeiro foram \u00e0s urnas neste domingo (2\/10\/2022) e elegeram 46 deputados federais.\u00a0Confira a lista: Daniela do Waguinho (Uni\u00e3o Brasil) &#8211; 213.706 votos General Pazuello (PL) &#8211; 205.324 votos Taliria Petrone (PSOL) &#8211; 198.548 votos Doutor Luizinho (PP) &#8211; 190.071 votos Altineu Cortes (PL) &#8211; 167.512 votos Tarc\u00edsio Motta (PSOL) &#8211; 159.928 [&hellip;]<\/p>\n","protected":false},"author":4,"featured_media":190902,"comment_status":"open","ping_status":"closed","sticky":false,"template":"","format":"standard","meta":{"amp_status":"","footnotes":""},"categories":[6,249933],"tags":[230288,263770,182641,263766,263873,263967,182642,263968,263969,182643,263970,263971,263972,263973,263974,17950,263975,263976,263977,17651,263978,17548,263979,17948,263980,263981,17538,263982,182658,263983,263984,182665,263627,263626,263625,263624,263628,718,252238,263623,263985,261226,182669,263986,263987,20517,263988,182674,182676,263989,20519,263990,182686,182706,182707,182708],"class_list":["post-190901","post","type-post","status-publish","format-standard","has-post-thumbnail","hentry","category-br","category-eleicoes-2022","tag-apuracao-das-eleicoes","tag-apuracao-das-eleicoes-2022","tag-apuracao-das-eleicoes-no-rio-de-janeiro","tag-apuracao-dos-votos","tag-apuracao-dos-votos-em-tempo-real","tag-apuracao-dos-votos-em-tempo-real-no-rio-de-janeiro","tag-apuracao-dos-votos-no-rio-de-janeiro","tag-apuracao-dos-votos-para-deputado-estadual-no-rio-de-janeiro","tag-apuracao-dos-votos-para-deputado-federal-no-rio-de-janeiro","tag-apuracao-dos-votos-para-deputado-no-rio-de-janeiro","tag-apuracao-dos-votos-para-governador-no-rio-de-janeiro","tag-apuracao-dos-votos-para-presidente-no-rio-de-janeiro","tag-apuracao-dos-votos-para-senador-no-rio-de-janeiro","tag-confira-a-lista-com-nomes-dos-deputados-estaduais-eleitos-no-rio-de-janeiro","tag-confira-a-lista-de-deputados-estaduais-e-federais-eleitos-no-rio-de-janeiro","tag-confira-a-lista-de-deputados-estaduais-eleitos-no-rio-de-janeiro","tag-confira-a-lista-de-deputados-federais-eleitos-no-rio-de-janeiro","tag-confira-a-lista-final-de-deputados-estaduais-eleitos-no-rio-de-janeiro","tag-conheca-os-deputados-estaduais-eleitos-no-rio-de-janeiro","tag-conhecer-os-deputados-eleitos","tag-conhecer-os-deputados-eleitos-em-rio-de-janeiro","tag-deputados-eleitos","tag-deputados-eleitos-em-rio-de-janeiro","tag-deputados-eleitos-no-rio-de-janeiro","tag-deputados-eleitos-no-rio-de-janeiro-2022","tag-deputados-eleitos-rio-de-janeiro","tag-deputados-estaduais-eleitos","tag-deputados-estaduais-eleitos-em-rio-de-janeiro","tag-deputados-estaduais-eleitos-no-rio-de-janeiro","tag-deputados-estaduais-eleitos-no-rio-de-janeiro-2022","tag-deputados-estaduais-eleitos-rio-de-janeiro","tag-deputados-federais-eleitos-no-rio-de-janeiro","tag-eleicao-para-deputado-estadual-no-brasil","tag-eleicao-para-deputado-federal-no-brasil","tag-eleicao-para-governador-no-brasil","tag-eleicao-para-presidente-no-brasil","tag-eleicao-para-senador-no-brasil","tag-eleicoes","tag-eleicoes-2022","tag-eleicoes-2022-no-brasil","tag-eleicoes-2022-no-rio-de-janeiro","tag-eleicoes-no-brasil","tag-eleicoes-no-rio-de-janeiro","tag-eleito-rio-de-janeiro","tag-eleitos-em-rio-de-janeiro","tag-governador-eleito-no-rio-de-janeiro","tag-informacoes-sobre-os-deputados-eleitos-em-rio-de-janeiro","tag-lista-de-deputados-estaduais-eleitos-no-rio-de-janeiro","tag-nomes-dos-deputados-eleitos-no-rio-de-janeiro","tag-resultado-das-eleicoes-2022-no-rio-de-janeiro","tag-resultado-das-eleicoes-no-rio-de-janeiro","tag-resultado-eleicoes-2022-no-rio-de-janeiro","tag-senador-eleito-no-rio-de-janeiro","tag-votacao-para-deputado-no-rio-de-janeiro","tag-votacao-para-governador-no-rio-de-janeiro","tag-votacao-para-senador-no-rio-de-janeiro"],"yoast_head":"<!-- This site is optimized with the Yoast SEO plugin v28.3 - https:\/\/yoast.com\/product\/yoast-seo-wordpress\/ -->\n<title>Confira a lista de deputados federais eleitos no Rio de Janeiro - Aconteceu no Vale<\/title>\n<meta name=\"robots\" content=\"index, follow, max-snippet:-1, max-image-preview:large, max-video-preview:-1\" \/>\n<link rel=\"canonical\" href=\"https:\/\/aconteceunovale.com.br\/portal\/?p=190901\" \/>\n<meta property=\"og:locale\" content=\"pt_BR\" \/>\n<meta property=\"og:type\" content=\"article\" \/>\n<meta property=\"og:title\" content=\"Confira a lista de deputados federais eleitos no Rio de Janeiro - Aconteceu no Vale\" \/>\n<meta property=\"og:description\" content=\"Eleitores do Rio de Janeiro foram \u00e0s urnas neste domingo (2\/10\/2022) e elegeram 46 deputados federais.\u00a0Confira a lista: Daniela do Waguinho (Uni\u00e3o Brasil) &#8211; 213.706 votos General Pazuello (PL) &#8211; 205.324 votos Taliria Petrone (PSOL) &#8211; 198.548 votos Doutor Luizinho (PP) &#8211; 190.071 votos Altineu Cortes (PL) &#8211; 167.512 votos Tarc\u00edsio Motta (PSOL) &#8211; 159.928 [&hellip;]\" \/>\n<meta property=\"og:url\" content=\"https:\/\/aconteceunovale.com.br\/portal\/?p=190901\" \/>\n<meta property=\"og:site_name\" content=\"Aconteceu no Vale\" \/>\n<meta property=\"article:publisher\" content=\"https:\/\/www.facebook.com\/aconteceunovale\/\" \/>\n<meta property=\"article:published_time\" content=\"2022-10-03T03:40:03+00:00\" \/>\n<meta property=\"article:modified_time\" content=\"2022-10-03T03:41:14+00:00\" \/>\n<meta property=\"og:image\" content=\"https:\/\/aconteceunovale.com.br\/portal\/wp-content\/uploads\/2022\/10\/rio_de_janeiro.png\" \/>\n\t<meta property=\"og:image:width\" content=\"678\" \/>\n\t<meta property=\"og:image:height\" content=\"355\" \/>\n\t<meta property=\"og:image:type\" content=\"image\/png\" \/>\n<meta name=\"author\" content=\"Reda\u00e7\u00e3o Aconteceu no Vale\" \/>\n<meta name=\"twitter:card\" content=\"summary_large_image\" \/>\n<meta name=\"twitter:creator\" content=\"@noticiadosvales\" \/>\n<meta name=\"twitter:site\" content=\"@noticiadosvales\" \/>\n<meta name=\"twitter:label1\" content=\"Escrito por\" \/>\n\t<meta name=\"twitter:data1\" content=\"Reda\u00e7\u00e3o Aconteceu no Vale\" \/>\n\t<meta name=\"twitter:label2\" content=\"Est. tempo de leitura\" \/>\n\t<meta name=\"twitter:data2\" content=\"1 minuto\" \/>\n<script type=\"application\/ld+json\" class=\"yoast-schema-graph\">{\"@context\":\"https:\\\/\\\/schema.org\",\"@graph\":[{\"@type\":\"Article\",\"@id\":\"https:\\\/\\\/aconteceunovale.com.br\\\/portal\\\/?p=190901#article\",\"isPartOf\":{\"@id\":\"https:\\\/\\\/aconteceunovale.com.br\\\/portal\\\/?p=190901\"},\"author\":{\"name\":\"Reda\u00e7\u00e3o Aconteceu no Vale\",\"@id\":\"https:\\\/\\\/aconteceunovale.com.br\\\/portal\\\/#\\\/schema\\\/person\\\/7d2f26d1483f8a63de73da1ee0754d35\"},\"headline\":\"Confira a lista de deputados federais eleitos no Rio de Janeiro\",\"datePublished\":\"2022-10-03T03:40:03+00:00\",\"dateModified\":\"2022-10-03T03:41:14+00:00\",\"mainEntityOfPage\":{\"@id\":\"https:\\\/\\\/aconteceunovale.com.br\\\/portal\\\/?p=190901\"},\"wordCount\":339,\"commentCount\":0,\"image\":{\"@id\":\"https:\\\/\\\/aconteceunovale.com.br\\\/portal\\\/?p=190901#primaryimage\"},\"thumbnailUrl\":\"https:\\\/\\\/aconteceunovale.com.br\\\/portal\\\/wp-content\\\/uploads\\\/2022\\\/10\\\/rio_de_janeiro.png\",\"keywords\":[\"Apura\u00e7\u00e3o das elei\u00e7\u00f5es\",\"Apura\u00e7\u00e3o das elei\u00e7\u00f5es 2022\",\"Apura\u00e7\u00e3o das elei\u00e7\u00f5es no Rio de Janeiro\",\"Apura\u00e7\u00e3o dos votos\",\"Apura\u00e7\u00e3o dos votos em tempo real\",\"Apura\u00e7\u00e3o dos votos em tempo real no Rio de Janeiro\",\"apura\u00e7\u00e3o dos votos no Rio de Janeiro\",\"Apura\u00e7\u00e3o dos votos para deputado estadual no Rio de Janeiro\",\"Apura\u00e7\u00e3o dos votos para deputado federal no Rio de Janeiro\",\"Apura\u00e7\u00e3o dos votos para deputado no Rio de Janeiro\",\"Apura\u00e7\u00e3o dos votos para Governador no Rio de Janeiro\",\"Apura\u00e7\u00e3o dos votos para presidente no Rio de Janeiro\",\"Apura\u00e7\u00e3o dos votos para senador no Rio de Janeiro\",\"Confira a lista com nomes dos deputados estaduais eleitos no Rio de Janeiro\",\"Confira a lista de deputados estaduais e federais eleitos no Rio de Janeiro\",\"Confira a lista de deputados estaduais eleitos no Rio de Janeiro\",\"Confira a lista de deputados federais eleitos no Rio de Janeiro\",\"Confira a lista final de deputados estaduais eleitos no Rio de Janeiro\",\"Conhe\u00e7a os deputados estaduais eleitos no Rio de Janeiro\",\"conhecer os deputados eleitos\",\"conhecer os deputados eleitos em Rio de Janeiro\",\"deputados eleitos\",\"deputados eleitos em Rio de Janeiro\",\"deputados eleitos no Rio de Janeiro\",\"deputados eleitos no Rio de Janeiro 2022\",\"deputados eleitos Rio de Janeiro\",\"deputados estaduais eleitos\",\"deputados estaduais eleitos em Rio de Janeiro\",\"deputados estaduais eleitos no Rio de Janeiro\",\"deputados estaduais eleitos no Rio de Janeiro 2022\",\"deputados estaduais eleitos Rio de Janeiro\",\"deputados federais eleitos no Rio de Janeiro\",\"Elei\u00e7\u00e3o para deputado estadual no Brasil\",\"Elei\u00e7\u00e3o para deputado federal no Brasil\",\"Elei\u00e7\u00e3o para governador no Brasil\",\"Elei\u00e7\u00e3o para presidente no Brasil\",\"Elei\u00e7\u00e3o para Senador no Brasil\",\"Elei\u00e7\u00f5es\",\"Elei\u00e7\u00f5es 2022\",\"Elei\u00e7\u00f5es 2022 no Brasil\",\"Elei\u00e7\u00f5es 2022 no Rio de Janeiro\",\"Elei\u00e7\u00f5es no Brasil\",\"elei\u00e7\u00f5es no Rio de Janeiro\",\"Eleito Rio de Janeiro\",\"Eleitos em Rio de Janeiro\",\"governador eleito no rio de janeiro\",\"informa\u00e7\u00f5es sobre os deputados eleitos em Rio de Janeiro\",\"lista de deputados estaduais eleitos no Rio de Janeiro\",\"nomes dos deputados eleitos no Rio de Janeiro\",\"Resultado das elei\u00e7\u00f5es 2022 no Rio de Janeiro\",\"resultado das elei\u00e7\u00f5es no rio de janeiro\",\"resultado elei\u00e7\u00f5es 2022 no Rio de Janeiro\",\"senador eleito no Rio de Janeiro\",\"vota\u00e7\u00e3o para deputado no Rio de Janeiro\",\"vota\u00e7\u00e3o para governador no Rio de Janeiro\",\"vota\u00e7\u00e3o para senador no Rio de Janeiro\"],\"articleSection\":[\"Brasil\",\"Elei\u00e7\u00f5es 2022\"],\"inLanguage\":\"pt-BR\",\"potentialAction\":[{\"@type\":\"CommentAction\",\"name\":\"Comment\",\"target\":[\"https:\\\/\\\/aconteceunovale.com.br\\\/portal\\\/?p=190901#respond\"]}]},{\"@type\":\"WebPage\",\"@id\":\"https:\\\/\\\/aconteceunovale.com.br\\\/portal\\\/?p=190901\",\"url\":\"https:\\\/\\\/aconteceunovale.com.br\\\/portal\\\/?p=190901\",\"name\":\"Confira a lista de deputados federais eleitos no Rio de Janeiro - Aconteceu no Vale\",\"isPartOf\":{\"@id\":\"https:\\\/\\\/aconteceunovale.com.br\\\/portal\\\/#website\"},\"primaryImageOfPage\":{\"@id\":\"https:\\\/\\\/aconteceunovale.com.br\\\/portal\\\/?p=190901#primaryimage\"},\"image\":{\"@id\":\"https:\\\/\\\/aconteceunovale.com.br\\\/portal\\\/?p=190901#primaryimage\"},\"thumbnailUrl\":\"https:\\\/\\\/aconteceunovale.com.br\\\/portal\\\/wp-content\\\/uploads\\\/2022\\\/10\\\/rio_de_janeiro.png\",\"datePublished\":\"2022-10-03T03:40:03+00:00\",\"dateModified\":\"2022-10-03T03:41:14+00:00\",\"author\":{\"@id\":\"https:\\\/\\\/aconteceunovale.com.br\\\/portal\\\/#\\\/schema\\\/person\\\/7d2f26d1483f8a63de73da1ee0754d35\"},\"breadcrumb\":{\"@id\":\"https:\\\/\\\/aconteceunovale.com.br\\\/portal\\\/?p=190901#breadcrumb\"},\"inLanguage\":\"pt-BR\",\"potentialAction\":[{\"@type\":\"ReadAction\",\"target\":[\"https:\\\/\\\/aconteceunovale.com.br\\\/portal\\\/?p=190901\"]}]},{\"@type\":\"ImageObject\",\"inLanguage\":\"pt-BR\",\"@id\":\"https:\\\/\\\/aconteceunovale.com.br\\\/portal\\\/?p=190901#primaryimage\",\"url\":\"https:\\\/\\\/aconteceunovale.com.br\\\/portal\\\/wp-content\\\/uploads\\\/2022\\\/10\\\/rio_de_janeiro.png\",\"contentUrl\":\"https:\\\/\\\/aconteceunovale.com.br\\\/portal\\\/wp-content\\\/uploads\\\/2022\\\/10\\\/rio_de_janeiro.png\",\"width\":678,\"height\":355},{\"@type\":\"BreadcrumbList\",\"@id\":\"https:\\\/\\\/aconteceunovale.com.br\\\/portal\\\/?p=190901#breadcrumb\",\"itemListElement\":[{\"@type\":\"ListItem\",\"position\":1,\"name\":\"In\u00edcio\",\"item\":\"https:\\\/\\\/aconteceunovale.com.br\\\/portal\\\/\"},{\"@type\":\"ListItem\",\"position\":2,\"name\":\"Confira a lista de deputados federais eleitos no Rio de Janeiro\"}]},{\"@type\":\"WebSite\",\"@id\":\"https:\\\/\\\/aconteceunovale.com.br\\\/portal\\\/#website\",\"url\":\"https:\\\/\\\/aconteceunovale.com.br\\\/portal\\\/\",\"name\":\"Aconteceu no Vale\",\"description\":\"Portal de Not\u00edcias\",\"potentialAction\":[{\"@type\":\"SearchAction\",\"target\":{\"@type\":\"EntryPoint\",\"urlTemplate\":\"https:\\\/\\\/aconteceunovale.com.br\\\/portal\\\/?s={search_term_string}\"},\"query-input\":{\"@type\":\"PropertyValueSpecification\",\"valueRequired\":true,\"valueName\":\"search_term_string\"}}],\"inLanguage\":\"pt-BR\"},{\"@type\":\"Person\",\"@id\":\"https:\\\/\\\/aconteceunovale.com.br\\\/portal\\\/#\\\/schema\\\/person\\\/7d2f26d1483f8a63de73da1ee0754d35\",\"name\":\"Reda\u00e7\u00e3o Aconteceu no Vale\",\"description\":\"Equipe de reportagem do Aconteceu no Vale, portal de not\u00edcias do Vale do Jequitinhonha, em Minas Gerais. Cobrimos as 51 cidades do Vale desde 2013. Sugest\u00f5es de pauta e pedidos de corre\u00e7\u00e3o: contato@aconteceunovale.com.br\",\"url\":\"https:\\\/\\\/aconteceunovale.com.br\\\/portal\\\/?author=4\"}]}<\/script>\n<!-- \/ Yoast SEO plugin. -->","yoast_head_json":{"title":"Confira a lista de deputados federais eleitos no Rio de Janeiro - Aconteceu no Vale","robots":{"index":"index","follow":"follow","max-snippet":"max-snippet:-1","max-image-preview":"max-image-preview:large","max-video-preview":"max-video-preview:-1"},"canonical":"https:\/\/aconteceunovale.com.br\/portal\/?p=190901","og_locale":"pt_BR","og_type":"article","og_title":"Confira a lista de deputados federais eleitos no Rio de Janeiro - Aconteceu no Vale","og_description":"Eleitores do Rio de Janeiro foram \u00e0s urnas neste domingo (2\/10\/2022) e elegeram 46 deputados federais.\u00a0Confira a lista: Daniela do Waguinho (Uni\u00e3o Brasil) &#8211; 213.706 votos General Pazuello (PL) &#8211; 205.324 votos Taliria Petrone (PSOL) &#8211; 198.548 votos Doutor Luizinho (PP) &#8211; 190.071 votos Altineu Cortes (PL) &#8211; 167.512 votos Tarc\u00edsio Motta (PSOL) &#8211; 159.928 [&hellip;]","og_url":"https:\/\/aconteceunovale.com.br\/portal\/?p=190901","og_site_name":"Aconteceu no Vale","article_publisher":"https:\/\/www.facebook.com\/aconteceunovale\/","article_published_time":"2022-10-03T03:40:03+00:00","article_modified_time":"2022-10-03T03:41:14+00:00","og_image":[{"width":678,"height":355,"url":"https:\/\/aconteceunovale.com.br\/portal\/wp-content\/uploads\/2022\/10\/rio_de_janeiro.png","type":"image\/png"}],"author":"Reda\u00e7\u00e3o Aconteceu no Vale","twitter_card":"summary_large_image","twitter_creator":"@noticiadosvales","twitter_site":"@noticiadosvales","twitter_misc":{"Escrito por":"Reda\u00e7\u00e3o Aconteceu no Vale","Est. tempo de leitura":"1 minuto"},"schema":{"@context":"https:\/\/schema.org","@graph":[{"@type":"Article","@id":"https:\/\/aconteceunovale.com.br\/portal\/?p=190901#article","isPartOf":{"@id":"https:\/\/aconteceunovale.com.br\/portal\/?p=190901"},"author":{"name":"Reda\u00e7\u00e3o Aconteceu no Vale","@id":"https:\/\/aconteceunovale.com.br\/portal\/#\/schema\/person\/7d2f26d1483f8a63de73da1ee0754d35"},"headline":"Confira a lista de deputados federais eleitos no Rio de Janeiro","datePublished":"2022-10-03T03:40:03+00:00","dateModified":"2022-10-03T03:41:14+00:00","mainEntityOfPage":{"@id":"https:\/\/aconteceunovale.com.br\/portal\/?p=190901"},"wordCount":339,"commentCount":0,"image":{"@id":"https:\/\/aconteceunovale.com.br\/portal\/?p=190901#primaryimage"},"thumbnailUrl":"https:\/\/aconteceunovale.com.br\/portal\/wp-content\/uploads\/2022\/10\/rio_de_janeiro.png","keywords":["Apura\u00e7\u00e3o das elei\u00e7\u00f5es","Apura\u00e7\u00e3o das elei\u00e7\u00f5es 2022","Apura\u00e7\u00e3o das elei\u00e7\u00f5es no Rio de Janeiro","Apura\u00e7\u00e3o dos votos","Apura\u00e7\u00e3o dos votos em tempo real","Apura\u00e7\u00e3o dos votos em tempo real no Rio de Janeiro","apura\u00e7\u00e3o dos votos no Rio de Janeiro","Apura\u00e7\u00e3o dos votos para deputado estadual no Rio de Janeiro","Apura\u00e7\u00e3o dos votos para deputado federal no Rio de Janeiro","Apura\u00e7\u00e3o dos votos para deputado no Rio de Janeiro","Apura\u00e7\u00e3o dos votos para Governador no Rio de Janeiro","Apura\u00e7\u00e3o dos votos para presidente no Rio de Janeiro","Apura\u00e7\u00e3o dos votos para senador no Rio de Janeiro","Confira a lista com nomes dos deputados estaduais eleitos no Rio de Janeiro","Confira a lista de deputados estaduais e federais eleitos no Rio de Janeiro","Confira a lista de deputados estaduais eleitos no Rio de Janeiro","Confira a lista de deputados federais eleitos no Rio de Janeiro","Confira a lista final de deputados estaduais eleitos no Rio de Janeiro","Conhe\u00e7a os deputados estaduais eleitos no Rio de Janeiro","conhecer os deputados eleitos","conhecer os deputados eleitos em Rio de Janeiro","deputados eleitos","deputados eleitos em Rio de Janeiro","deputados eleitos no Rio de Janeiro","deputados eleitos no Rio de Janeiro 2022","deputados eleitos Rio de Janeiro","deputados estaduais eleitos","deputados estaduais eleitos em Rio de Janeiro","deputados estaduais eleitos no Rio de Janeiro","deputados estaduais eleitos no Rio de Janeiro 2022","deputados estaduais eleitos Rio de Janeiro","deputados federais eleitos no Rio de Janeiro","Elei\u00e7\u00e3o para deputado estadual no Brasil","Elei\u00e7\u00e3o para deputado federal no Brasil","Elei\u00e7\u00e3o para governador no Brasil","Elei\u00e7\u00e3o para presidente no Brasil","Elei\u00e7\u00e3o para Senador no Brasil","Elei\u00e7\u00f5es","Elei\u00e7\u00f5es 2022","Elei\u00e7\u00f5es 2022 no Brasil","Elei\u00e7\u00f5es 2022 no Rio de Janeiro","Elei\u00e7\u00f5es no Brasil","elei\u00e7\u00f5es no Rio de Janeiro","Eleito Rio de Janeiro","Eleitos em Rio de Janeiro","governador eleito no rio de janeiro","informa\u00e7\u00f5es sobre os deputados eleitos em Rio de Janeiro","lista de deputados estaduais eleitos no Rio de Janeiro","nomes dos deputados eleitos no Rio de Janeiro","Resultado das elei\u00e7\u00f5es 2022 no Rio de Janeiro","resultado das elei\u00e7\u00f5es no rio de janeiro","resultado elei\u00e7\u00f5es 2022 no Rio de Janeiro","senador eleito no Rio de Janeiro","vota\u00e7\u00e3o para deputado no Rio de Janeiro","vota\u00e7\u00e3o para governador no Rio de Janeiro","vota\u00e7\u00e3o para senador no Rio de Janeiro"],"articleSection":["Brasil","Elei\u00e7\u00f5es 2022"],"inLanguage":"pt-BR","potentialAction":[{"@type":"CommentAction","name":"Comment","target":["https:\/\/aconteceunovale.com.br\/portal\/?p=190901#respond"]}]},{"@type":"WebPage","@id":"https:\/\/aconteceunovale.com.br\/portal\/?p=190901","url":"https:\/\/aconteceunovale.com.br\/portal\/?p=190901","name":"Confira a lista de deputados federais eleitos no Rio de Janeiro - Aconteceu no Vale","isPartOf":{"@id":"https:\/\/aconteceunovale.com.br\/portal\/#website"},"primaryImageOfPage":{"@id":"https:\/\/aconteceunovale.com.br\/portal\/?p=190901#primaryimage"},"image":{"@id":"https:\/\/aconteceunovale.com.br\/portal\/?p=190901#primaryimage"},"thumbnailUrl":"https:\/\/aconteceunovale.com.br\/portal\/wp-content\/uploads\/2022\/10\/rio_de_janeiro.png","datePublished":"2022-10-03T03:40:03+00:00","dateModified":"2022-10-03T03:41:14+00:00","author":{"@id":"https:\/\/aconteceunovale.com.br\/portal\/#\/schema\/person\/7d2f26d1483f8a63de73da1ee0754d35"},"breadcrumb":{"@id":"https:\/\/aconteceunovale.com.br\/portal\/?p=190901#breadcrumb"},"inLanguage":"pt-BR","potentialAction":[{"@type":"ReadAction","target":["https:\/\/aconteceunovale.com.br\/portal\/?p=190901"]}]},{"@type":"ImageObject","inLanguage":"pt-BR","@id":"https:\/\/aconteceunovale.com.br\/portal\/?p=190901#primaryimage","url":"https:\/\/aconteceunovale.com.br\/portal\/wp-content\/uploads\/2022\/10\/rio_de_janeiro.png","contentUrl":"https:\/\/aconteceunovale.com.br\/portal\/wp-content\/uploads\/2022\/10\/rio_de_janeiro.png","width":678,"height":355},{"@type":"BreadcrumbList","@id":"https:\/\/aconteceunovale.com.br\/portal\/?p=190901#breadcrumb","itemListElement":[{"@type":"ListItem","position":1,"name":"In\u00edcio","item":"https:\/\/aconteceunovale.com.br\/portal\/"},{"@type":"ListItem","position":2,"name":"Confira a lista de deputados federais eleitos no Rio de Janeiro"}]},{"@type":"WebSite","@id":"https:\/\/aconteceunovale.com.br\/portal\/#website","url":"https:\/\/aconteceunovale.com.br\/portal\/","name":"Aconteceu no Vale","description":"Portal de Not\u00edcias","potentialAction":[{"@type":"SearchAction","target":{"@type":"EntryPoint","urlTemplate":"https:\/\/aconteceunovale.com.br\/portal\/?s={search_term_string}"},"query-input":{"@type":"PropertyValueSpecification","valueRequired":true,"valueName":"search_term_string"}}],"inLanguage":"pt-BR"},{"@type":"Person","@id":"https:\/\/aconteceunovale.com.br\/portal\/#\/schema\/person\/7d2f26d1483f8a63de73da1ee0754d35","name":"Reda\u00e7\u00e3o Aconteceu no Vale","description":"Equipe de reportagem do Aconteceu no Vale, portal de not\u00edcias do Vale do Jequitinhonha, em Minas Gerais. Cobrimos as 51 cidades do Vale desde 2013. Sugest\u00f5es de pauta e pedidos de corre\u00e7\u00e3o: contato@aconteceunovale.com.br","url":"https:\/\/aconteceunovale.com.br\/portal\/?author=4"}]}},"_links":{"self":[{"href":"https:\/\/aconteceunovale.com.br\/portal\/index.php?rest_route=\/wp\/v2\/posts\/190901","targetHints":{"allow":["GET"]}}],"collection":[{"href":"https:\/\/aconteceunovale.com.br\/portal\/index.php?rest_route=\/wp\/v2\/posts"}],"about":[{"href":"https:\/\/aconteceunovale.com.br\/portal\/index.php?rest_route=\/wp\/v2\/types\/post"}],"author":[{"embeddable":true,"href":"https:\/\/aconteceunovale.com.br\/portal\/index.php?rest_route=\/wp\/v2\/users\/4"}],"replies":[{"embeddable":true,"href":"https:\/\/aconteceunovale.com.br\/portal\/index.php?rest_route=%2Fwp%2Fv2%2Fcomments&post=190901"}],"version-history":[{"count":1,"href":"https:\/\/aconteceunovale.com.br\/portal\/index.php?rest_route=\/wp\/v2\/posts\/190901\/revisions"}],"predecessor-version":[{"id":190903,"href":"https:\/\/aconteceunovale.com.br\/portal\/index.php?rest_route=\/wp\/v2\/posts\/190901\/revisions\/190903"}],"wp:featuredmedia":[{"embeddable":true,"href":"https:\/\/aconteceunovale.com.br\/portal\/index.php?rest_route=\/wp\/v2\/media\/190902"}],"wp:attachment":[{"href":"https:\/\/aconteceunovale.com.br\/portal\/index.php?rest_route=%2Fwp%2Fv2%2Fmedia&parent=190901"}],"wp:term":[{"taxonomy":"category","embeddable":true,"href":"https:\/\/aconteceunovale.com.br\/portal\/index.php?rest_route=%2Fwp%2Fv2%2Fcategories&post=190901"},{"taxonomy":"post_tag","embeddable":true,"href":"https:\/\/aconteceunovale.com.br\/portal\/index.php?rest_route=%2Fwp%2Fv2%2Ftags&post=190901"}],"curies":[{"name":"wp","href":"https:\/\/api.w.org\/{rel}","templated":true}]}}