{"id":190892,"date":"2022-10-03T00:20:03","date_gmt":"2022-10-03T03:20:03","guid":{"rendered":"https:\/\/aconteceunovale.com.br\/portal\/?p=190892"},"modified":"2022-10-03T00:20:43","modified_gmt":"2022-10-03T03:20:43","slug":"confira-a-lista-de-deputados-federais-eleitos-no-mato-grosso","status":"publish","type":"post","link":"https:\/\/aconteceunovale.com.br\/portal\/?p=190892","title":{"rendered":"Confira a lista de deputados federais eleitos no Mato Grosso"},"content":{"rendered":"\n<p class=\"wp-block-paragraph\">Eleitores do Mato Grosso foram \u00e0s urnas neste domingo (2\/10\/2022) e elegeram oito deputados federais.\u00a0Confira a lista:<\/p>\n\n\n\n<ul class=\"wp-block-list\"><li>F\u00e1bio Garcia (Uni\u00e3o Brasil) &#8211; 98.704 votos<\/li><li>Ab\u00edlio (PL) &#8211; 87.072 votos<\/li><li>Jos\u00e9 Medeiros (PL) &#8211; 82.182 votos<\/li><li>Juarez Costa (MDB) &#8211; 77.528 votos<\/li><li>Emanuelzinho (MDB) &#8211; 74.720 votos<\/li><li>Am\u00e1lia Barros (PL) &#8211; 70.294 votos<\/li><li>Coronel Fernanda (PL) &#8211; 60.304 votos<\/li><li>Coronel Assis (Uni\u00e3o Brasil) &#8211; 47.479 votos<\/li><\/ul>\n\n\n\n<p class=\"wp-block-paragraph\">Acompanhe a apura\u00e7\u00e3o completa e os resultados das Elei\u00e7\u00f5es 2022 em nossa p\u00e1gina (<strong><a rel=\"noreferrer noopener\" href=\"https:\/\/aconteceunovale.com.br\/portal\/?p=190684\" target=\"_blank\">confira aqui)<\/a><\/strong>.<\/p>\n\n\n\n<p class=\"wp-block-paragraph\">&#8212;&#8212;&#8212;&#8212;&#8212;&#8212;<br><br><strong>Sabia que o Aconteceu no Vale est\u00e1 tamb\u00e9m no Telegram? <a rel=\"noreferrer noopener\" href=\"https:\/\/t.me\/aconteceunovaleoficial\" target=\"_blank\">Inscreva-se no canal<\/a>.<\/strong><br><br><strong>J\u00e1 curtiu ou seguiu nossas p\u00e1ginas nas redes sociais?\u00a0Receba as not\u00edcias em primeira m\u00e3o:<\/strong><br>\u2022 <a rel=\"noreferrer noopener\" href=\"https:\/\/news.google.com\/publications\/CAAqBwgKMNjklQswi4etAw?hl=pt-BR&amp;gl=BR&amp;ceid=BR%3Apt-419\" target=\"_blank\">Google News<\/a><br>\u2022 <a rel=\"noreferrer noopener\" href=\"https:\/\/www.facebook.com\/aconteceunovale\/\" target=\"_blank\">Facebook<\/a><br>\u2022 <a rel=\"noreferrer noopener\" href=\"https:\/\/twitter.com\/noticiadosvales\" target=\"_blank\">Twitter<\/a><br>\u2022 <a rel=\"noreferrer noopener\" href=\"https:\/\/www.instagram.com\/aconteceunovale\" target=\"_blank\">Instagram<\/a><br>\u2022 <a rel=\"noreferrer noopener\" href=\"https:\/\/www.youtube.com\/AconteceunoValeOficial\" target=\"_blank\">Youtube<\/a><br>\u2022 <a rel=\"noreferrer noopener\" href=\"https:\/\/www.tiktok.com\/@aconteceunovale\" target=\"_blank\">TikTok<\/a><\/p>\n","protected":false},"excerpt":{"rendered":"<p>Eleitores do Mato Grosso foram \u00e0s urnas neste domingo (2\/10\/2022) e elegeram oito deputados federais.\u00a0Confira a lista: F\u00e1bio Garcia (Uni\u00e3o Brasil) &#8211; 98.704 votos Ab\u00edlio (PL) &#8211; 87.072 votos Jos\u00e9 Medeiros (PL) &#8211; 82.182 votos Juarez Costa (MDB) &#8211; 77.528 votos Emanuelzinho (MDB) &#8211; 74.720 votos Am\u00e1lia Barros (PL) &#8211; 70.294 votos Coronel Fernanda (PL) [&hellip;]<\/p>\n","protected":false},"author":4,"featured_media":190893,"comment_status":"open","ping_status":"closed","sticky":false,"template":"","format":"standard","meta":{"amp_status":"","footnotes":""},"categories":[6,249933],"tags":[230288,263770,182030,263766,263873,263901,182031,263902,263903,182032,263904,263905,263906,263907,263908,17932,263909,263910,263911,17651,17646,17548,17529,263913,17546,17930,263912,17538,17530,263915,17541,182047,263914,182054,263627,263626,263625,263624,263628,718,252238,263623,262252,261226,182058,263916,263765,263917,17648,182063,182065,263918,182072,263919,182076,182096,182097,182098],"class_list":["post-190892","post","type-post","status-publish","format-standard","has-post-thumbnail","hentry","category-br","category-eleicoes-2022","tag-apuracao-das-eleicoes","tag-apuracao-das-eleicoes-2022","tag-apuracao-das-eleicoes-no-mato-grosso","tag-apuracao-dos-votos","tag-apuracao-dos-votos-em-tempo-real","tag-apuracao-dos-votos-em-tempo-real-no-mato-grosso","tag-apuracao-dos-votos-no-mato-grosso","tag-apuracao-dos-votos-para-deputado-estadual-no-mato-grosso","tag-apuracao-dos-votos-para-deputado-federal-no-mato-grosso","tag-apuracao-dos-votos-para-deputado-no-mato-grosso","tag-apuracao-dos-votos-para-governador-no-mato-grosso","tag-apuracao-dos-votos-para-presidente-no-mato-grosso","tag-apuracao-dos-votos-para-senador-no-mato-grosso","tag-confira-a-lista-com-nomes-dos-deputados-estaduais-eleitos-no-mato-grosso","tag-confira-a-lista-de-deputados-estaduais-e-federais-eleitos-no-mato-grosso","tag-confira-a-lista-de-deputados-estaduais-eleitos-no-mato-grosso","tag-confira-a-lista-de-deputados-federais-eleitos-no-mato-grosso","tag-confira-a-lista-final-de-deputados-estaduais-eleitos-no-mato-grosso","tag-conheca-os-deputados-estaduais-eleitos-no-mato-grosso","tag-conhecer-os-deputados-eleitos","tag-conhecer-os-deputados-eleitos-em-minas","tag-deputados-eleitos","tag-deputados-eleitos-em-minas","tag-deputados-eleitos-mato-grosso","tag-deputados-eleitos-minas","tag-deputados-eleitos-no-mato-grosso","tag-deputados-eleitos-no-mato-grosso-2022","tag-deputados-estaduais-eleitos","tag-deputados-estaduais-eleitos-em-minas","tag-deputados-estaduais-eleitos-mato-grosso","tag-deputados-estaduais-eleitos-minas","tag-deputados-estaduais-eleitos-no-mato-grosso","tag-deputados-estaduais-eleitos-no-mato-grosso-2022","tag-deputados-federais-eleitos-no-mato-grosso","tag-eleicao-para-deputado-estadual-no-brasil","tag-eleicao-para-deputado-federal-no-brasil","tag-eleicao-para-governador-no-brasil","tag-eleicao-para-presidente-no-brasil","tag-eleicao-para-senador-no-brasil","tag-eleicoes","tag-eleicoes-2022","tag-eleicoes-2022-no-brasil","tag-eleicoes-2022-no-mato-grosso","tag-eleicoes-no-brasil","tag-eleicoes-no-mato-grosso","tag-eleito-mato-grosso","tag-eleitos-em-minas","tag-governador-eleito-no-mato-grosso","tag-informacoes-sobre-os-deputados-eleitos-em-minas","tag-lista-de-deputados-estaduais-eleitos-no-mato-grosso","tag-nomes-dos-deputados-eleitos-no-mato-grosso","tag-resultado-das-eleicoes-2022-no-mato-grosso","tag-resultado-das-eleicoes-no-mato-grosso","tag-resultado-eleicoes-2022-no-mato-grosso","tag-senador-eleito-no-mato-grosso","tag-votacao-para-deputado-no-mato-grosso","tag-votacao-para-governador-no-mato-grosso","tag-votacao-para-senador-no-mato-grosso"],"yoast_head":"<!-- This site is optimized with the Yoast SEO plugin v28.3 - https:\/\/yoast.com\/product\/yoast-seo-wordpress\/ -->\n<title>Confira a lista de deputados federais eleitos no Mato Grosso - Aconteceu no Vale<\/title>\n<meta name=\"robots\" content=\"index, follow, max-snippet:-1, max-image-preview:large, max-video-preview:-1\" \/>\n<link rel=\"canonical\" href=\"https:\/\/aconteceunovale.com.br\/portal\/?p=190892\" \/>\n<meta property=\"og:locale\" content=\"pt_BR\" \/>\n<meta property=\"og:type\" content=\"article\" \/>\n<meta property=\"og:title\" content=\"Confira a lista de deputados federais eleitos no Mato Grosso - Aconteceu no Vale\" \/>\n<meta property=\"og:description\" content=\"Eleitores do Mato Grosso foram \u00e0s urnas neste domingo (2\/10\/2022) e elegeram oito deputados federais.\u00a0Confira a lista: F\u00e1bio Garcia (Uni\u00e3o Brasil) &#8211; 98.704 votos Ab\u00edlio (PL) &#8211; 87.072 votos Jos\u00e9 Medeiros (PL) &#8211; 82.182 votos Juarez Costa (MDB) &#8211; 77.528 votos Emanuelzinho (MDB) &#8211; 74.720 votos Am\u00e1lia Barros (PL) &#8211; 70.294 votos Coronel Fernanda (PL) [&hellip;]\" \/>\n<meta property=\"og:url\" content=\"https:\/\/aconteceunovale.com.br\/portal\/?p=190892\" \/>\n<meta property=\"og:site_name\" content=\"Aconteceu no Vale\" \/>\n<meta property=\"article:publisher\" content=\"https:\/\/www.facebook.com\/aconteceunovale\/\" \/>\n<meta property=\"article:published_time\" content=\"2022-10-03T03:20:03+00:00\" \/>\n<meta property=\"article:modified_time\" content=\"2022-10-03T03:20:43+00:00\" \/>\n<meta property=\"og:image\" content=\"https:\/\/aconteceunovale.com.br\/portal\/wp-content\/uploads\/2022\/10\/mato_grosso.png\" \/>\n\t<meta property=\"og:image:width\" content=\"678\" \/>\n\t<meta property=\"og:image:height\" content=\"355\" \/>\n\t<meta property=\"og:image:type\" content=\"image\/png\" \/>\n<meta name=\"author\" content=\"Reda\u00e7\u00e3o Aconteceu no Vale\" \/>\n<meta name=\"twitter:card\" content=\"summary_large_image\" \/>\n<meta name=\"twitter:creator\" content=\"@noticiadosvales\" \/>\n<meta name=\"twitter:site\" content=\"@noticiadosvales\" \/>\n<meta name=\"twitter:label1\" content=\"Escrito por\" \/>\n\t<meta name=\"twitter:data1\" content=\"Reda\u00e7\u00e3o Aconteceu no Vale\" \/>\n\t<meta name=\"twitter:label2\" content=\"Est. tempo de leitura\" \/>\n\t<meta name=\"twitter:data2\" content=\"1 minuto\" \/>\n<script type=\"application\/ld+json\" class=\"yoast-schema-graph\">{\"@context\":\"https:\\\/\\\/schema.org\",\"@graph\":[{\"@type\":\"Article\",\"@id\":\"https:\\\/\\\/aconteceunovale.com.br\\\/portal\\\/?p=190892#article\",\"isPartOf\":{\"@id\":\"https:\\\/\\\/aconteceunovale.com.br\\\/portal\\\/?p=190892\"},\"author\":{\"name\":\"Reda\u00e7\u00e3o Aconteceu no Vale\",\"@id\":\"https:\\\/\\\/aconteceunovale.com.br\\\/portal\\\/#\\\/schema\\\/person\\\/7d2f26d1483f8a63de73da1ee0754d35\"},\"headline\":\"Confira a lista de deputados federais eleitos no Mato Grosso\",\"datePublished\":\"2022-10-03T03:20:03+00:00\",\"dateModified\":\"2022-10-03T03:20:43+00:00\",\"mainEntityOfPage\":{\"@id\":\"https:\\\/\\\/aconteceunovale.com.br\\\/portal\\\/?p=190892\"},\"wordCount\":129,\"commentCount\":0,\"image\":{\"@id\":\"https:\\\/\\\/aconteceunovale.com.br\\\/portal\\\/?p=190892#primaryimage\"},\"thumbnailUrl\":\"https:\\\/\\\/aconteceunovale.com.br\\\/portal\\\/wp-content\\\/uploads\\\/2022\\\/10\\\/mato_grosso.png\",\"keywords\":[\"Apura\u00e7\u00e3o das elei\u00e7\u00f5es\",\"Apura\u00e7\u00e3o das elei\u00e7\u00f5es 2022\",\"Apura\u00e7\u00e3o das elei\u00e7\u00f5es no Mato Grosso\",\"Apura\u00e7\u00e3o dos votos\",\"Apura\u00e7\u00e3o dos votos em tempo real\",\"Apura\u00e7\u00e3o dos votos em tempo real no Mato Grosso\",\"apura\u00e7\u00e3o dos votos no Mato Grosso\",\"Apura\u00e7\u00e3o dos votos para deputado estadual no Mato Grosso\",\"Apura\u00e7\u00e3o dos votos para deputado federal no Mato Grosso\",\"Apura\u00e7\u00e3o dos votos para deputado no Mato Grosso\",\"Apura\u00e7\u00e3o dos votos para Governador no Mato Grosso\",\"Apura\u00e7\u00e3o dos votos para presidente no Mato Grosso\",\"Apura\u00e7\u00e3o dos votos para senador no Mato Grosso\",\"Confira a lista com nomes dos deputados estaduais eleitos no Mato Grosso\",\"Confira a lista de deputados estaduais e federais eleitos no Mato Grosso\",\"Confira a lista de deputados estaduais eleitos no Mato Grosso\",\"Confira a lista de deputados federais eleitos no Mato Grosso\",\"Confira a lista final de deputados estaduais eleitos no Mato Grosso\",\"Conhe\u00e7a os deputados estaduais eleitos no Mato Grosso\",\"conhecer os deputados eleitos\",\"conhecer os deputados eleitos em minas\",\"deputados eleitos\",\"deputados eleitos em minas\",\"deputados eleitos Mato Grosso\",\"deputados eleitos minas\",\"deputados eleitos no Mato Grosso\",\"deputados eleitos no Mato Grosso 2022\",\"deputados estaduais eleitos\",\"deputados estaduais eleitos em minas\",\"deputados estaduais eleitos Mato Grosso\",\"deputados estaduais eleitos minas\",\"deputados estaduais eleitos no Mato Grosso\",\"deputados estaduais eleitos no Mato Grosso 2022\",\"deputados federais eleitos no Mato Grosso\",\"Elei\u00e7\u00e3o para deputado estadual no Brasil\",\"Elei\u00e7\u00e3o para deputado federal no Brasil\",\"Elei\u00e7\u00e3o para governador no Brasil\",\"Elei\u00e7\u00e3o para presidente no Brasil\",\"Elei\u00e7\u00e3o para Senador no Brasil\",\"Elei\u00e7\u00f5es\",\"Elei\u00e7\u00f5es 2022\",\"Elei\u00e7\u00f5es 2022 no Brasil\",\"Elei\u00e7\u00f5es 2022 no Mato Grosso\",\"Elei\u00e7\u00f5es no Brasil\",\"elei\u00e7\u00f5es no Mato Grosso\",\"Eleito Mato Grosso\",\"Eleitos em minas\",\"Governador eleito no Mato Grosso\",\"informa\u00e7\u00f5es sobre os deputados eleitos em minas\",\"lista de deputados estaduais eleitos no Mato Grosso\",\"nomes dos deputados eleitos no Mato Grosso\",\"Resultado das elei\u00e7\u00f5es 2022 no Mato Grosso\",\"resultado das elei\u00e7\u00f5es no Mato Grosso\",\"resultado elei\u00e7\u00f5es 2022 no Mato Grosso\",\"senador eleito no Mato Grosso\",\"vota\u00e7\u00e3o para deputado no Mato Grosso\",\"vota\u00e7\u00e3o para governador no Mato Grosso\",\"vota\u00e7\u00e3o para senador no Mato Grosso\"],\"articleSection\":[\"Brasil\",\"Elei\u00e7\u00f5es 2022\"],\"inLanguage\":\"pt-BR\",\"potentialAction\":[{\"@type\":\"CommentAction\",\"name\":\"Comment\",\"target\":[\"https:\\\/\\\/aconteceunovale.com.br\\\/portal\\\/?p=190892#respond\"]}]},{\"@type\":\"WebPage\",\"@id\":\"https:\\\/\\\/aconteceunovale.com.br\\\/portal\\\/?p=190892\",\"url\":\"https:\\\/\\\/aconteceunovale.com.br\\\/portal\\\/?p=190892\",\"name\":\"Confira a lista de deputados federais eleitos no Mato Grosso - Aconteceu no Vale\",\"isPartOf\":{\"@id\":\"https:\\\/\\\/aconteceunovale.com.br\\\/portal\\\/#website\"},\"primaryImageOfPage\":{\"@id\":\"https:\\\/\\\/aconteceunovale.com.br\\\/portal\\\/?p=190892#primaryimage\"},\"image\":{\"@id\":\"https:\\\/\\\/aconteceunovale.com.br\\\/portal\\\/?p=190892#primaryimage\"},\"thumbnailUrl\":\"https:\\\/\\\/aconteceunovale.com.br\\\/portal\\\/wp-content\\\/uploads\\\/2022\\\/10\\\/mato_grosso.png\",\"datePublished\":\"2022-10-03T03:20:03+00:00\",\"dateModified\":\"2022-10-03T03:20:43+00:00\",\"author\":{\"@id\":\"https:\\\/\\\/aconteceunovale.com.br\\\/portal\\\/#\\\/schema\\\/person\\\/7d2f26d1483f8a63de73da1ee0754d35\"},\"breadcrumb\":{\"@id\":\"https:\\\/\\\/aconteceunovale.com.br\\\/portal\\\/?p=190892#breadcrumb\"},\"inLanguage\":\"pt-BR\",\"potentialAction\":[{\"@type\":\"ReadAction\",\"target\":[\"https:\\\/\\\/aconteceunovale.com.br\\\/portal\\\/?p=190892\"]}]},{\"@type\":\"ImageObject\",\"inLanguage\":\"pt-BR\",\"@id\":\"https:\\\/\\\/aconteceunovale.com.br\\\/portal\\\/?p=190892#primaryimage\",\"url\":\"https:\\\/\\\/aconteceunovale.com.br\\\/portal\\\/wp-content\\\/uploads\\\/2022\\\/10\\\/mato_grosso.png\",\"contentUrl\":\"https:\\\/\\\/aconteceunovale.com.br\\\/portal\\\/wp-content\\\/uploads\\\/2022\\\/10\\\/mato_grosso.png\",\"width\":678,\"height\":355},{\"@type\":\"BreadcrumbList\",\"@id\":\"https:\\\/\\\/aconteceunovale.com.br\\\/portal\\\/?p=190892#breadcrumb\",\"itemListElement\":[{\"@type\":\"ListItem\",\"position\":1,\"name\":\"In\u00edcio\",\"item\":\"https:\\\/\\\/aconteceunovale.com.br\\\/portal\\\/\"},{\"@type\":\"ListItem\",\"position\":2,\"name\":\"Confira a lista de deputados federais eleitos no Mato Grosso\"}]},{\"@type\":\"WebSite\",\"@id\":\"https:\\\/\\\/aconteceunovale.com.br\\\/portal\\\/#website\",\"url\":\"https:\\\/\\\/aconteceunovale.com.br\\\/portal\\\/\",\"name\":\"Aconteceu no Vale\",\"description\":\"Portal de Not\u00edcias\",\"potentialAction\":[{\"@type\":\"SearchAction\",\"target\":{\"@type\":\"EntryPoint\",\"urlTemplate\":\"https:\\\/\\\/aconteceunovale.com.br\\\/portal\\\/?s={search_term_string}\"},\"query-input\":{\"@type\":\"PropertyValueSpecification\",\"valueRequired\":true,\"valueName\":\"search_term_string\"}}],\"inLanguage\":\"pt-BR\"},{\"@type\":\"Person\",\"@id\":\"https:\\\/\\\/aconteceunovale.com.br\\\/portal\\\/#\\\/schema\\\/person\\\/7d2f26d1483f8a63de73da1ee0754d35\",\"name\":\"Reda\u00e7\u00e3o Aconteceu no Vale\",\"description\":\"Equipe de reportagem do Aconteceu no Vale, portal de not\u00edcias do Vale do Jequitinhonha, em Minas Gerais. Cobrimos as 51 cidades do Vale desde 2013. Sugest\u00f5es de pauta e pedidos de corre\u00e7\u00e3o: contato@aconteceunovale.com.br\",\"url\":\"https:\\\/\\\/aconteceunovale.com.br\\\/portal\\\/?author=4\"}]}<\/script>\n<!-- \/ Yoast SEO plugin. -->","yoast_head_json":{"title":"Confira a lista de deputados federais eleitos no Mato Grosso - Aconteceu no Vale","robots":{"index":"index","follow":"follow","max-snippet":"max-snippet:-1","max-image-preview":"max-image-preview:large","max-video-preview":"max-video-preview:-1"},"canonical":"https:\/\/aconteceunovale.com.br\/portal\/?p=190892","og_locale":"pt_BR","og_type":"article","og_title":"Confira a lista de deputados federais eleitos no Mato Grosso - Aconteceu no Vale","og_description":"Eleitores do Mato Grosso foram \u00e0s urnas neste domingo (2\/10\/2022) e elegeram oito deputados federais.\u00a0Confira a lista: F\u00e1bio Garcia (Uni\u00e3o Brasil) &#8211; 98.704 votos Ab\u00edlio (PL) &#8211; 87.072 votos Jos\u00e9 Medeiros (PL) &#8211; 82.182 votos Juarez Costa (MDB) &#8211; 77.528 votos Emanuelzinho (MDB) &#8211; 74.720 votos Am\u00e1lia Barros (PL) &#8211; 70.294 votos Coronel Fernanda (PL) [&hellip;]","og_url":"https:\/\/aconteceunovale.com.br\/portal\/?p=190892","og_site_name":"Aconteceu no Vale","article_publisher":"https:\/\/www.facebook.com\/aconteceunovale\/","article_published_time":"2022-10-03T03:20:03+00:00","article_modified_time":"2022-10-03T03:20:43+00:00","og_image":[{"width":678,"height":355,"url":"https:\/\/aconteceunovale.com.br\/portal\/wp-content\/uploads\/2022\/10\/mato_grosso.png","type":"image\/png"}],"author":"Reda\u00e7\u00e3o Aconteceu no Vale","twitter_card":"summary_large_image","twitter_creator":"@noticiadosvales","twitter_site":"@noticiadosvales","twitter_misc":{"Escrito por":"Reda\u00e7\u00e3o Aconteceu no Vale","Est. tempo de leitura":"1 minuto"},"schema":{"@context":"https:\/\/schema.org","@graph":[{"@type":"Article","@id":"https:\/\/aconteceunovale.com.br\/portal\/?p=190892#article","isPartOf":{"@id":"https:\/\/aconteceunovale.com.br\/portal\/?p=190892"},"author":{"name":"Reda\u00e7\u00e3o Aconteceu no Vale","@id":"https:\/\/aconteceunovale.com.br\/portal\/#\/schema\/person\/7d2f26d1483f8a63de73da1ee0754d35"},"headline":"Confira a lista de deputados federais eleitos no Mato Grosso","datePublished":"2022-10-03T03:20:03+00:00","dateModified":"2022-10-03T03:20:43+00:00","mainEntityOfPage":{"@id":"https:\/\/aconteceunovale.com.br\/portal\/?p=190892"},"wordCount":129,"commentCount":0,"image":{"@id":"https:\/\/aconteceunovale.com.br\/portal\/?p=190892#primaryimage"},"thumbnailUrl":"https:\/\/aconteceunovale.com.br\/portal\/wp-content\/uploads\/2022\/10\/mato_grosso.png","keywords":["Apura\u00e7\u00e3o das elei\u00e7\u00f5es","Apura\u00e7\u00e3o das elei\u00e7\u00f5es 2022","Apura\u00e7\u00e3o das elei\u00e7\u00f5es no Mato Grosso","Apura\u00e7\u00e3o dos votos","Apura\u00e7\u00e3o dos votos em tempo real","Apura\u00e7\u00e3o dos votos em tempo real no Mato Grosso","apura\u00e7\u00e3o dos votos no Mato Grosso","Apura\u00e7\u00e3o dos votos para deputado estadual no Mato Grosso","Apura\u00e7\u00e3o dos votos para deputado federal no Mato Grosso","Apura\u00e7\u00e3o dos votos para deputado no Mato Grosso","Apura\u00e7\u00e3o dos votos para Governador no Mato Grosso","Apura\u00e7\u00e3o dos votos para presidente no Mato Grosso","Apura\u00e7\u00e3o dos votos para senador no Mato Grosso","Confira a lista com nomes dos deputados estaduais eleitos no Mato Grosso","Confira a lista de deputados estaduais e federais eleitos no Mato Grosso","Confira a lista de deputados estaduais eleitos no Mato Grosso","Confira a lista de deputados federais eleitos no Mato Grosso","Confira a lista final de deputados estaduais eleitos no Mato Grosso","Conhe\u00e7a os deputados estaduais eleitos no Mato Grosso","conhecer os deputados eleitos","conhecer os deputados eleitos em minas","deputados eleitos","deputados eleitos em minas","deputados eleitos Mato Grosso","deputados eleitos minas","deputados eleitos no Mato Grosso","deputados eleitos no Mato Grosso 2022","deputados estaduais eleitos","deputados estaduais eleitos em minas","deputados estaduais eleitos Mato Grosso","deputados estaduais eleitos minas","deputados estaduais eleitos no Mato Grosso","deputados estaduais eleitos no Mato Grosso 2022","deputados federais eleitos no Mato Grosso","Elei\u00e7\u00e3o para deputado estadual no Brasil","Elei\u00e7\u00e3o para deputado federal no Brasil","Elei\u00e7\u00e3o para governador no Brasil","Elei\u00e7\u00e3o para presidente no Brasil","Elei\u00e7\u00e3o para Senador no Brasil","Elei\u00e7\u00f5es","Elei\u00e7\u00f5es 2022","Elei\u00e7\u00f5es 2022 no Brasil","Elei\u00e7\u00f5es 2022 no Mato Grosso","Elei\u00e7\u00f5es no Brasil","elei\u00e7\u00f5es no Mato Grosso","Eleito Mato Grosso","Eleitos em minas","Governador eleito no Mato Grosso","informa\u00e7\u00f5es sobre os deputados eleitos em minas","lista de deputados estaduais eleitos no Mato Grosso","nomes dos deputados eleitos no Mato Grosso","Resultado das elei\u00e7\u00f5es 2022 no Mato Grosso","resultado das elei\u00e7\u00f5es no Mato Grosso","resultado elei\u00e7\u00f5es 2022 no Mato Grosso","senador eleito no Mato Grosso","vota\u00e7\u00e3o para deputado no Mato Grosso","vota\u00e7\u00e3o para governador no Mato Grosso","vota\u00e7\u00e3o para senador no Mato Grosso"],"articleSection":["Brasil","Elei\u00e7\u00f5es 2022"],"inLanguage":"pt-BR","potentialAction":[{"@type":"CommentAction","name":"Comment","target":["https:\/\/aconteceunovale.com.br\/portal\/?p=190892#respond"]}]},{"@type":"WebPage","@id":"https:\/\/aconteceunovale.com.br\/portal\/?p=190892","url":"https:\/\/aconteceunovale.com.br\/portal\/?p=190892","name":"Confira a lista de deputados federais eleitos no Mato Grosso - Aconteceu no Vale","isPartOf":{"@id":"https:\/\/aconteceunovale.com.br\/portal\/#website"},"primaryImageOfPage":{"@id":"https:\/\/aconteceunovale.com.br\/portal\/?p=190892#primaryimage"},"image":{"@id":"https:\/\/aconteceunovale.com.br\/portal\/?p=190892#primaryimage"},"thumbnailUrl":"https:\/\/aconteceunovale.com.br\/portal\/wp-content\/uploads\/2022\/10\/mato_grosso.png","datePublished":"2022-10-03T03:20:03+00:00","dateModified":"2022-10-03T03:20:43+00:00","author":{"@id":"https:\/\/aconteceunovale.com.br\/portal\/#\/schema\/person\/7d2f26d1483f8a63de73da1ee0754d35"},"breadcrumb":{"@id":"https:\/\/aconteceunovale.com.br\/portal\/?p=190892#breadcrumb"},"inLanguage":"pt-BR","potentialAction":[{"@type":"ReadAction","target":["https:\/\/aconteceunovale.com.br\/portal\/?p=190892"]}]},{"@type":"ImageObject","inLanguage":"pt-BR","@id":"https:\/\/aconteceunovale.com.br\/portal\/?p=190892#primaryimage","url":"https:\/\/aconteceunovale.com.br\/portal\/wp-content\/uploads\/2022\/10\/mato_grosso.png","contentUrl":"https:\/\/aconteceunovale.com.br\/portal\/wp-content\/uploads\/2022\/10\/mato_grosso.png","width":678,"height":355},{"@type":"BreadcrumbList","@id":"https:\/\/aconteceunovale.com.br\/portal\/?p=190892#breadcrumb","itemListElement":[{"@type":"ListItem","position":1,"name":"In\u00edcio","item":"https:\/\/aconteceunovale.com.br\/portal\/"},{"@type":"ListItem","position":2,"name":"Confira a lista de deputados federais eleitos no Mato Grosso"}]},{"@type":"WebSite","@id":"https:\/\/aconteceunovale.com.br\/portal\/#website","url":"https:\/\/aconteceunovale.com.br\/portal\/","name":"Aconteceu no Vale","description":"Portal de Not\u00edcias","potentialAction":[{"@type":"SearchAction","target":{"@type":"EntryPoint","urlTemplate":"https:\/\/aconteceunovale.com.br\/portal\/?s={search_term_string}"},"query-input":{"@type":"PropertyValueSpecification","valueRequired":true,"valueName":"search_term_string"}}],"inLanguage":"pt-BR"},{"@type":"Person","@id":"https:\/\/aconteceunovale.com.br\/portal\/#\/schema\/person\/7d2f26d1483f8a63de73da1ee0754d35","name":"Reda\u00e7\u00e3o Aconteceu no Vale","description":"Equipe de reportagem do Aconteceu no Vale, portal de not\u00edcias do Vale do Jequitinhonha, em Minas Gerais. Cobrimos as 51 cidades do Vale desde 2013. Sugest\u00f5es de pauta e pedidos de corre\u00e7\u00e3o: contato@aconteceunovale.com.br","url":"https:\/\/aconteceunovale.com.br\/portal\/?author=4"}]}},"_links":{"self":[{"href":"https:\/\/aconteceunovale.com.br\/portal\/index.php?rest_route=\/wp\/v2\/posts\/190892","targetHints":{"allow":["GET"]}}],"collection":[{"href":"https:\/\/aconteceunovale.com.br\/portal\/index.php?rest_route=\/wp\/v2\/posts"}],"about":[{"href":"https:\/\/aconteceunovale.com.br\/portal\/index.php?rest_route=\/wp\/v2\/types\/post"}],"author":[{"embeddable":true,"href":"https:\/\/aconteceunovale.com.br\/portal\/index.php?rest_route=\/wp\/v2\/users\/4"}],"replies":[{"embeddable":true,"href":"https:\/\/aconteceunovale.com.br\/portal\/index.php?rest_route=%2Fwp%2Fv2%2Fcomments&post=190892"}],"version-history":[{"count":1,"href":"https:\/\/aconteceunovale.com.br\/portal\/index.php?rest_route=\/wp\/v2\/posts\/190892\/revisions"}],"predecessor-version":[{"id":190894,"href":"https:\/\/aconteceunovale.com.br\/portal\/index.php?rest_route=\/wp\/v2\/posts\/190892\/revisions\/190894"}],"wp:featuredmedia":[{"embeddable":true,"href":"https:\/\/aconteceunovale.com.br\/portal\/index.php?rest_route=\/wp\/v2\/media\/190893"}],"wp:attachment":[{"href":"https:\/\/aconteceunovale.com.br\/portal\/index.php?rest_route=%2Fwp%2Fv2%2Fmedia&parent=190892"}],"wp:term":[{"taxonomy":"category","embeddable":true,"href":"https:\/\/aconteceunovale.com.br\/portal\/index.php?rest_route=%2Fwp%2Fv2%2Fcategories&post=190892"},{"taxonomy":"post_tag","embeddable":true,"href":"https:\/\/aconteceunovale.com.br\/portal\/index.php?rest_route=%2Fwp%2Fv2%2Ftags&post=190892"}],"curies":[{"name":"wp","href":"https:\/\/api.w.org\/{rel}","templated":true}]}}