{"id":190880,"date":"2022-10-02T23:58:27","date_gmt":"2022-10-03T02:58:27","guid":{"rendered":"https:\/\/aconteceunovale.com.br\/portal\/?p=190880"},"modified":"2022-10-03T00:07:40","modified_gmt":"2022-10-03T03:07:40","slug":"confira-a-lista-de-deputados-federais-eleitos-no-amapa","status":"publish","type":"post","link":"https:\/\/aconteceunovale.com.br\/portal\/?p=190880","title":{"rendered":"Confira a lista de deputados federais eleitos no Amap\u00e1"},"content":{"rendered":"\n<p class=\"wp-block-paragraph\">Eleitores do Amap\u00e1 foram \u00e0s urnas neste domingo (2\/10\/2022) e elegeram oito deputados federais.\u00a0Confira a lista:<\/p>\n\n\n\n<ul class=\"wp-block-list\"><li>Josenildo (PDT) &#8211; 27.112 votos<\/li><li>Ac\u00e1cio Favacho (MDB) &#8211; 24.064 votos<\/li><li>Vin\u00edcius Gurgel (PL) &#8211; 13.253 votos<\/li><li>Dorivaldo Malafaia (PDT) &#8211; 11.473 votos<\/li><li>Sonize Barbosa (PL) &#8211; 9.200 votos<\/li><li>Professora Goreth (PDT) &#8211; 8.409 votos<\/li><li>Dr. Pupio (MDB) &#8211; 5.787 votos<\/li><li>Silvia Wai\u00e3pi (PL) &#8211; 5.435 votos<\/li><\/ul>\n\n\n\n<p class=\"wp-block-paragraph\">Acompanhe a apura\u00e7\u00e3o completa e os resultados das Elei\u00e7\u00f5es 2022 em nossa p\u00e1gina (<strong><a rel=\"noreferrer noopener\" href=\"https:\/\/aconteceunovale.com.br\/portal\/?p=190684\" target=\"_blank\">confira aqui)<\/a><\/strong>.<\/p>\n\n\n\n<p class=\"wp-block-paragraph\">&#8212;&#8212;&#8212;&#8212;&#8212;&#8212;<br><br><strong>Sabia que o Aconteceu no Vale est\u00e1 tamb\u00e9m no Telegram? <a rel=\"noreferrer noopener\" href=\"https:\/\/t.me\/aconteceunovaleoficial\" target=\"_blank\">Inscreva-se no canal<\/a>.<\/strong><br><br><strong>J\u00e1 curtiu ou seguiu nossas p\u00e1ginas nas redes sociais?\u00a0Receba as not\u00edcias em primeira m\u00e3o:<\/strong><br>\u2022 <a rel=\"noreferrer noopener\" href=\"https:\/\/news.google.com\/publications\/CAAqBwgKMNjklQswi4etAw?hl=pt-BR&amp;gl=BR&amp;ceid=BR%3Apt-419\" target=\"_blank\">Google News<\/a><br>\u2022 <a rel=\"noreferrer noopener\" href=\"https:\/\/www.facebook.com\/aconteceunovale\/\" target=\"_blank\">Facebook<\/a><br>\u2022 <a rel=\"noreferrer noopener\" href=\"https:\/\/twitter.com\/noticiadosvales\" target=\"_blank\">Twitter<\/a><br>\u2022 <a rel=\"noreferrer noopener\" href=\"https:\/\/www.instagram.com\/aconteceunovale\" target=\"_blank\">Instagram<\/a><br>\u2022 <a rel=\"noreferrer noopener\" href=\"https:\/\/www.youtube.com\/AconteceunoValeOficial\" target=\"_blank\">Youtube<\/a><br>\u2022 <a rel=\"noreferrer noopener\" href=\"https:\/\/www.tiktok.com\/@aconteceunovale\" target=\"_blank\">TikTok<\/a><\/p>\n","protected":false},"excerpt":{"rendered":"<p>Eleitores do Amap\u00e1 foram \u00e0s urnas neste domingo (2\/10\/2022) e elegeram oito deputados federais.\u00a0Confira a lista: Josenildo (PDT) &#8211; 27.112 votos Ac\u00e1cio Favacho (MDB) &#8211; 24.064 votos Vin\u00edcius Gurgel (PL) &#8211; 13.253 votos Dorivaldo Malafaia (PDT) &#8211; 11.473 votos Sonize Barbosa (PL) &#8211; 9.200 votos Professora Goreth (PDT) &#8211; 8.409 votos Dr. Pupio (MDB) &#8211; [&hellip;]<\/p>\n","protected":false},"author":4,"featured_media":190881,"comment_status":"open","ping_status":"closed","sticky":false,"template":"","format":"standard","meta":{"amp_status":"","footnotes":""},"categories":[6,249933],"tags":[230288,263770,182504,263766,263873,263831,182505,263832,263833,182506,263834,263835,263836,263837,263838,17908,263839,263840,263841,17651,17646,17548,263843,17529,17546,17906,263842,17538,263845,17530,17541,182521,263844,182528,263627,263626,263625,263624,263628,718,252238,262336,263623,182532,261226,263846,263765,20456,17648,182537,182539,263847,20511,263848,182549,182569,182570,182571],"class_list":["post-190880","post","type-post","status-publish","format-standard","has-post-thumbnail","hentry","category-br","category-eleicoes-2022","tag-apuracao-das-eleicoes","tag-apuracao-das-eleicoes-2022","tag-apuracao-das-eleicoes-no-amapa","tag-apuracao-dos-votos","tag-apuracao-dos-votos-em-tempo-real","tag-apuracao-dos-votos-em-tempo-real-no-amapa","tag-apuracao-dos-votos-no-amapa","tag-apuracao-dos-votos-para-deputado-estadual-no-amapa","tag-apuracao-dos-votos-para-deputado-federal-no-amapa","tag-apuracao-dos-votos-para-deputado-no-amapa","tag-apuracao-dos-votos-para-governador-no-amapa","tag-apuracao-dos-votos-para-presidente-no-amapa","tag-apuracao-dos-votos-para-senador-no-amapa","tag-confira-a-lista-com-nomes-dos-deputados-estaduais-eleitos-no-amapa","tag-confira-a-lista-de-deputados-estaduais-e-federais-eleitos-no-amapa","tag-confira-a-lista-de-deputados-estaduais-eleitos-no-amapa","tag-confira-a-lista-de-deputados-federais-eleitos-no-amapa","tag-confira-a-lista-final-de-deputados-estaduais-eleitos-no-amapa","tag-conheca-os-deputados-estaduais-eleitos-no-amapa","tag-conhecer-os-deputados-eleitos","tag-conhecer-os-deputados-eleitos-em-minas","tag-deputados-eleitos","tag-deputados-eleitos-amapa","tag-deputados-eleitos-em-minas","tag-deputados-eleitos-minas","tag-deputados-eleitos-no-amapa","tag-deputados-eleitos-no-amapa-2022","tag-deputados-estaduais-eleitos","tag-deputados-estaduais-eleitos-amapa","tag-deputados-estaduais-eleitos-em-minas","tag-deputados-estaduais-eleitos-minas","tag-deputados-estaduais-eleitos-no-amapa","tag-deputados-estaduais-eleitos-no-amapa-2022","tag-deputados-federais-eleitos-no-amapa","tag-eleicao-para-deputado-estadual-no-brasil","tag-eleicao-para-deputado-federal-no-brasil","tag-eleicao-para-governador-no-brasil","tag-eleicao-para-presidente-no-brasil","tag-eleicao-para-senador-no-brasil","tag-eleicoes","tag-eleicoes-2022","tag-eleicoes-2022-no-amapa","tag-eleicoes-2022-no-brasil","tag-eleicoes-no-amapa","tag-eleicoes-no-brasil","tag-eleito-amapa","tag-eleitos-em-minas","tag-governador-eleito-no-amapa","tag-informacoes-sobre-os-deputados-eleitos-em-minas","tag-lista-de-deputados-estaduais-eleitos-no-amapa","tag-nomes-dos-deputados-eleitos-no-amapa","tag-resultado-das-eleicoes-2022-no-amapa","tag-resultado-das-eleicoes-no-amapa","tag-resultado-eleicoes-2022-no-amapa","tag-senador-eleito-no-amapa","tag-votacao-para-deputado-no-amapa","tag-votacao-para-governador-no-amapa","tag-votacao-para-senador-no-amapa"],"yoast_head":"<!-- This site is optimized with the Yoast SEO plugin v28.3 - https:\/\/yoast.com\/product\/yoast-seo-wordpress\/ -->\n<title>Confira a lista de deputados federais eleitos no Amap\u00e1 - Aconteceu no Vale<\/title>\n<meta name=\"robots\" content=\"index, follow, max-snippet:-1, max-image-preview:large, max-video-preview:-1\" \/>\n<link rel=\"canonical\" href=\"https:\/\/aconteceunovale.com.br\/portal\/?p=190880\" \/>\n<meta property=\"og:locale\" content=\"pt_BR\" \/>\n<meta property=\"og:type\" content=\"article\" \/>\n<meta property=\"og:title\" content=\"Confira a lista de deputados federais eleitos no Amap\u00e1 - Aconteceu no Vale\" \/>\n<meta property=\"og:description\" content=\"Eleitores do Amap\u00e1 foram \u00e0s urnas neste domingo (2\/10\/2022) e elegeram oito deputados federais.\u00a0Confira a lista: Josenildo (PDT) &#8211; 27.112 votos Ac\u00e1cio Favacho (MDB) &#8211; 24.064 votos Vin\u00edcius Gurgel (PL) &#8211; 13.253 votos Dorivaldo Malafaia (PDT) &#8211; 11.473 votos Sonize Barbosa (PL) &#8211; 9.200 votos Professora Goreth (PDT) &#8211; 8.409 votos Dr. Pupio (MDB) &#8211; [&hellip;]\" \/>\n<meta property=\"og:url\" content=\"https:\/\/aconteceunovale.com.br\/portal\/?p=190880\" \/>\n<meta property=\"og:site_name\" content=\"Aconteceu no Vale\" \/>\n<meta property=\"article:publisher\" content=\"https:\/\/www.facebook.com\/aconteceunovale\/\" \/>\n<meta property=\"article:published_time\" content=\"2022-10-03T02:58:27+00:00\" \/>\n<meta property=\"article:modified_time\" content=\"2022-10-03T03:07:40+00:00\" \/>\n<meta property=\"og:image\" content=\"https:\/\/aconteceunovale.com.br\/portal\/wp-content\/uploads\/2022\/10\/amapa.jpg\" \/>\n\t<meta property=\"og:image:width\" content=\"678\" \/>\n\t<meta property=\"og:image:height\" content=\"355\" \/>\n\t<meta property=\"og:image:type\" content=\"image\/jpeg\" \/>\n<meta name=\"author\" content=\"Reda\u00e7\u00e3o Aconteceu no Vale\" \/>\n<meta name=\"twitter:card\" content=\"summary_large_image\" \/>\n<meta name=\"twitter:creator\" content=\"@noticiadosvales\" \/>\n<meta name=\"twitter:site\" content=\"@noticiadosvales\" \/>\n<meta name=\"twitter:label1\" content=\"Escrito por\" \/>\n\t<meta name=\"twitter:data1\" content=\"Reda\u00e7\u00e3o Aconteceu no Vale\" \/>\n\t<meta name=\"twitter:label2\" content=\"Est. tempo de leitura\" \/>\n\t<meta name=\"twitter:data2\" content=\"1 minuto\" \/>\n<script type=\"application\/ld+json\" class=\"yoast-schema-graph\">{\"@context\":\"https:\\\/\\\/schema.org\",\"@graph\":[{\"@type\":\"Article\",\"@id\":\"https:\\\/\\\/aconteceunovale.com.br\\\/portal\\\/?p=190880#article\",\"isPartOf\":{\"@id\":\"https:\\\/\\\/aconteceunovale.com.br\\\/portal\\\/?p=190880\"},\"author\":{\"name\":\"Reda\u00e7\u00e3o Aconteceu no Vale\",\"@id\":\"https:\\\/\\\/aconteceunovale.com.br\\\/portal\\\/#\\\/schema\\\/person\\\/7d2f26d1483f8a63de73da1ee0754d35\"},\"headline\":\"Confira a lista de deputados federais eleitos no Amap\u00e1\",\"datePublished\":\"2022-10-03T02:58:27+00:00\",\"dateModified\":\"2022-10-03T03:07:40+00:00\",\"mainEntityOfPage\":{\"@id\":\"https:\\\/\\\/aconteceunovale.com.br\\\/portal\\\/?p=190880\"},\"wordCount\":124,\"commentCount\":0,\"image\":{\"@id\":\"https:\\\/\\\/aconteceunovale.com.br\\\/portal\\\/?p=190880#primaryimage\"},\"thumbnailUrl\":\"https:\\\/\\\/aconteceunovale.com.br\\\/portal\\\/wp-content\\\/uploads\\\/2022\\\/10\\\/amapa.jpg\",\"keywords\":[\"Apura\u00e7\u00e3o das elei\u00e7\u00f5es\",\"Apura\u00e7\u00e3o das elei\u00e7\u00f5es 2022\",\"Apura\u00e7\u00e3o das elei\u00e7\u00f5es no Amap\u00e1\",\"Apura\u00e7\u00e3o dos votos\",\"Apura\u00e7\u00e3o dos votos em tempo real\",\"Apura\u00e7\u00e3o dos votos em tempo real no Amap\u00e1\",\"apura\u00e7\u00e3o dos votos no Amap\u00e1\",\"Apura\u00e7\u00e3o dos votos para deputado estadual no Amap\u00e1\",\"Apura\u00e7\u00e3o dos votos para deputado federal no Amap\u00e1\",\"Apura\u00e7\u00e3o dos votos para deputado no Amap\u00e1\",\"Apura\u00e7\u00e3o dos votos para Governador no Amap\u00e1\",\"Apura\u00e7\u00e3o dos votos para presidente no Amap\u00e1\",\"Apura\u00e7\u00e3o dos votos para senador no Amap\u00e1\",\"Confira a lista com nomes dos deputados estaduais eleitos no Amap\u00e1\",\"Confira a lista de deputados estaduais e federais eleitos no Amap\u00e1\",\"Confira a lista de deputados estaduais eleitos no amap\u00e1\",\"Confira a lista de deputados federais eleitos no Amap\u00e1\",\"Confira a lista final de deputados estaduais eleitos no Amap\u00e1\",\"Conhe\u00e7a os deputados estaduais eleitos no Amap\u00e1\",\"conhecer os deputados eleitos\",\"conhecer os deputados eleitos em minas\",\"deputados eleitos\",\"deputados eleitos Amap\u00e1\",\"deputados eleitos em minas\",\"deputados eleitos minas\",\"deputados eleitos no amap\u00e1\",\"deputados eleitos no Amap\u00e1 2022\",\"deputados estaduais eleitos\",\"deputados estaduais eleitos Amap\u00e1\",\"deputados estaduais eleitos em minas\",\"deputados estaduais eleitos minas\",\"deputados estaduais eleitos no Amap\u00e1\",\"deputados estaduais eleitos no Amap\u00e1 2022\",\"deputados federais eleitos no Amap\u00e1\",\"Elei\u00e7\u00e3o para deputado estadual no Brasil\",\"Elei\u00e7\u00e3o para deputado federal no Brasil\",\"Elei\u00e7\u00e3o para governador no Brasil\",\"Elei\u00e7\u00e3o para presidente no Brasil\",\"Elei\u00e7\u00e3o para Senador no Brasil\",\"Elei\u00e7\u00f5es\",\"Elei\u00e7\u00f5es 2022\",\"Elei\u00e7\u00f5es 2022 no Amap\u00e1\",\"Elei\u00e7\u00f5es 2022 no Brasil\",\"elei\u00e7\u00f5es no Amap\u00e1\",\"Elei\u00e7\u00f5es no Brasil\",\"Eleito Amap\u00e1\",\"Eleitos em minas\",\"governador eleito no amap\u00e1\",\"informa\u00e7\u00f5es sobre os deputados eleitos em minas\",\"lista de deputados estaduais eleitos no Amap\u00e1\",\"nomes dos deputados eleitos no Amap\u00e1\",\"Resultado das elei\u00e7\u00f5es 2022 no Amap\u00e1\",\"resultado das elei\u00e7\u00f5es no amap\u00e1\",\"resultado elei\u00e7\u00f5es 2022 no Amap\u00e1\",\"senador eleito no Amap\u00e1\",\"vota\u00e7\u00e3o para deputado no Amap\u00e1\",\"vota\u00e7\u00e3o para governador no Amap\u00e1\",\"vota\u00e7\u00e3o para senador no Amap\u00e1\"],\"articleSection\":[\"Brasil\",\"Elei\u00e7\u00f5es 2022\"],\"inLanguage\":\"pt-BR\",\"potentialAction\":[{\"@type\":\"CommentAction\",\"name\":\"Comment\",\"target\":[\"https:\\\/\\\/aconteceunovale.com.br\\\/portal\\\/?p=190880#respond\"]}]},{\"@type\":\"WebPage\",\"@id\":\"https:\\\/\\\/aconteceunovale.com.br\\\/portal\\\/?p=190880\",\"url\":\"https:\\\/\\\/aconteceunovale.com.br\\\/portal\\\/?p=190880\",\"name\":\"Confira a lista de deputados federais eleitos no Amap\u00e1 - Aconteceu no Vale\",\"isPartOf\":{\"@id\":\"https:\\\/\\\/aconteceunovale.com.br\\\/portal\\\/#website\"},\"primaryImageOfPage\":{\"@id\":\"https:\\\/\\\/aconteceunovale.com.br\\\/portal\\\/?p=190880#primaryimage\"},\"image\":{\"@id\":\"https:\\\/\\\/aconteceunovale.com.br\\\/portal\\\/?p=190880#primaryimage\"},\"thumbnailUrl\":\"https:\\\/\\\/aconteceunovale.com.br\\\/portal\\\/wp-content\\\/uploads\\\/2022\\\/10\\\/amapa.jpg\",\"datePublished\":\"2022-10-03T02:58:27+00:00\",\"dateModified\":\"2022-10-03T03:07:40+00:00\",\"author\":{\"@id\":\"https:\\\/\\\/aconteceunovale.com.br\\\/portal\\\/#\\\/schema\\\/person\\\/7d2f26d1483f8a63de73da1ee0754d35\"},\"breadcrumb\":{\"@id\":\"https:\\\/\\\/aconteceunovale.com.br\\\/portal\\\/?p=190880#breadcrumb\"},\"inLanguage\":\"pt-BR\",\"potentialAction\":[{\"@type\":\"ReadAction\",\"target\":[\"https:\\\/\\\/aconteceunovale.com.br\\\/portal\\\/?p=190880\"]}]},{\"@type\":\"ImageObject\",\"inLanguage\":\"pt-BR\",\"@id\":\"https:\\\/\\\/aconteceunovale.com.br\\\/portal\\\/?p=190880#primaryimage\",\"url\":\"https:\\\/\\\/aconteceunovale.com.br\\\/portal\\\/wp-content\\\/uploads\\\/2022\\\/10\\\/amapa.jpg\",\"contentUrl\":\"https:\\\/\\\/aconteceunovale.com.br\\\/portal\\\/wp-content\\\/uploads\\\/2022\\\/10\\\/amapa.jpg\",\"width\":678,\"height\":355},{\"@type\":\"BreadcrumbList\",\"@id\":\"https:\\\/\\\/aconteceunovale.com.br\\\/portal\\\/?p=190880#breadcrumb\",\"itemListElement\":[{\"@type\":\"ListItem\",\"position\":1,\"name\":\"In\u00edcio\",\"item\":\"https:\\\/\\\/aconteceunovale.com.br\\\/portal\\\/\"},{\"@type\":\"ListItem\",\"position\":2,\"name\":\"Confira a lista de deputados federais eleitos no Amap\u00e1\"}]},{\"@type\":\"WebSite\",\"@id\":\"https:\\\/\\\/aconteceunovale.com.br\\\/portal\\\/#website\",\"url\":\"https:\\\/\\\/aconteceunovale.com.br\\\/portal\\\/\",\"name\":\"Aconteceu no Vale\",\"description\":\"Portal de Not\u00edcias\",\"potentialAction\":[{\"@type\":\"SearchAction\",\"target\":{\"@type\":\"EntryPoint\",\"urlTemplate\":\"https:\\\/\\\/aconteceunovale.com.br\\\/portal\\\/?s={search_term_string}\"},\"query-input\":{\"@type\":\"PropertyValueSpecification\",\"valueRequired\":true,\"valueName\":\"search_term_string\"}}],\"inLanguage\":\"pt-BR\"},{\"@type\":\"Person\",\"@id\":\"https:\\\/\\\/aconteceunovale.com.br\\\/portal\\\/#\\\/schema\\\/person\\\/7d2f26d1483f8a63de73da1ee0754d35\",\"name\":\"Reda\u00e7\u00e3o Aconteceu no Vale\",\"description\":\"Equipe de reportagem do Aconteceu no Vale, portal de not\u00edcias do Vale do Jequitinhonha, em Minas Gerais. Cobrimos as 51 cidades do Vale desde 2013. Sugest\u00f5es de pauta e pedidos de corre\u00e7\u00e3o: contato@aconteceunovale.com.br\",\"url\":\"https:\\\/\\\/aconteceunovale.com.br\\\/portal\\\/?author=4\"}]}<\/script>\n<!-- \/ Yoast SEO plugin. -->","yoast_head_json":{"title":"Confira a lista de deputados federais eleitos no Amap\u00e1 - Aconteceu no Vale","robots":{"index":"index","follow":"follow","max-snippet":"max-snippet:-1","max-image-preview":"max-image-preview:large","max-video-preview":"max-video-preview:-1"},"canonical":"https:\/\/aconteceunovale.com.br\/portal\/?p=190880","og_locale":"pt_BR","og_type":"article","og_title":"Confira a lista de deputados federais eleitos no Amap\u00e1 - Aconteceu no Vale","og_description":"Eleitores do Amap\u00e1 foram \u00e0s urnas neste domingo (2\/10\/2022) e elegeram oito deputados federais.\u00a0Confira a lista: Josenildo (PDT) &#8211; 27.112 votos Ac\u00e1cio Favacho (MDB) &#8211; 24.064 votos Vin\u00edcius Gurgel (PL) &#8211; 13.253 votos Dorivaldo Malafaia (PDT) &#8211; 11.473 votos Sonize Barbosa (PL) &#8211; 9.200 votos Professora Goreth (PDT) &#8211; 8.409 votos Dr. Pupio (MDB) &#8211; [&hellip;]","og_url":"https:\/\/aconteceunovale.com.br\/portal\/?p=190880","og_site_name":"Aconteceu no Vale","article_publisher":"https:\/\/www.facebook.com\/aconteceunovale\/","article_published_time":"2022-10-03T02:58:27+00:00","article_modified_time":"2022-10-03T03:07:40+00:00","og_image":[{"width":678,"height":355,"url":"https:\/\/aconteceunovale.com.br\/portal\/wp-content\/uploads\/2022\/10\/amapa.jpg","type":"image\/jpeg"}],"author":"Reda\u00e7\u00e3o Aconteceu no Vale","twitter_card":"summary_large_image","twitter_creator":"@noticiadosvales","twitter_site":"@noticiadosvales","twitter_misc":{"Escrito por":"Reda\u00e7\u00e3o Aconteceu no Vale","Est. tempo de leitura":"1 minuto"},"schema":{"@context":"https:\/\/schema.org","@graph":[{"@type":"Article","@id":"https:\/\/aconteceunovale.com.br\/portal\/?p=190880#article","isPartOf":{"@id":"https:\/\/aconteceunovale.com.br\/portal\/?p=190880"},"author":{"name":"Reda\u00e7\u00e3o Aconteceu no Vale","@id":"https:\/\/aconteceunovale.com.br\/portal\/#\/schema\/person\/7d2f26d1483f8a63de73da1ee0754d35"},"headline":"Confira a lista de deputados federais eleitos no Amap\u00e1","datePublished":"2022-10-03T02:58:27+00:00","dateModified":"2022-10-03T03:07:40+00:00","mainEntityOfPage":{"@id":"https:\/\/aconteceunovale.com.br\/portal\/?p=190880"},"wordCount":124,"commentCount":0,"image":{"@id":"https:\/\/aconteceunovale.com.br\/portal\/?p=190880#primaryimage"},"thumbnailUrl":"https:\/\/aconteceunovale.com.br\/portal\/wp-content\/uploads\/2022\/10\/amapa.jpg","keywords":["Apura\u00e7\u00e3o das elei\u00e7\u00f5es","Apura\u00e7\u00e3o das elei\u00e7\u00f5es 2022","Apura\u00e7\u00e3o das elei\u00e7\u00f5es no Amap\u00e1","Apura\u00e7\u00e3o dos votos","Apura\u00e7\u00e3o dos votos em tempo real","Apura\u00e7\u00e3o dos votos em tempo real no Amap\u00e1","apura\u00e7\u00e3o dos votos no Amap\u00e1","Apura\u00e7\u00e3o dos votos para deputado estadual no Amap\u00e1","Apura\u00e7\u00e3o dos votos para deputado federal no Amap\u00e1","Apura\u00e7\u00e3o dos votos para deputado no Amap\u00e1","Apura\u00e7\u00e3o dos votos para Governador no Amap\u00e1","Apura\u00e7\u00e3o dos votos para presidente no Amap\u00e1","Apura\u00e7\u00e3o dos votos para senador no Amap\u00e1","Confira a lista com nomes dos deputados estaduais eleitos no Amap\u00e1","Confira a lista de deputados estaduais e federais eleitos no Amap\u00e1","Confira a lista de deputados estaduais eleitos no amap\u00e1","Confira a lista de deputados federais eleitos no Amap\u00e1","Confira a lista final de deputados estaduais eleitos no Amap\u00e1","Conhe\u00e7a os deputados estaduais eleitos no Amap\u00e1","conhecer os deputados eleitos","conhecer os deputados eleitos em minas","deputados eleitos","deputados eleitos Amap\u00e1","deputados eleitos em minas","deputados eleitos minas","deputados eleitos no amap\u00e1","deputados eleitos no Amap\u00e1 2022","deputados estaduais eleitos","deputados estaduais eleitos Amap\u00e1","deputados estaduais eleitos em minas","deputados estaduais eleitos minas","deputados estaduais eleitos no Amap\u00e1","deputados estaduais eleitos no Amap\u00e1 2022","deputados federais eleitos no Amap\u00e1","Elei\u00e7\u00e3o para deputado estadual no Brasil","Elei\u00e7\u00e3o para deputado federal no Brasil","Elei\u00e7\u00e3o para governador no Brasil","Elei\u00e7\u00e3o para presidente no Brasil","Elei\u00e7\u00e3o para Senador no Brasil","Elei\u00e7\u00f5es","Elei\u00e7\u00f5es 2022","Elei\u00e7\u00f5es 2022 no Amap\u00e1","Elei\u00e7\u00f5es 2022 no Brasil","elei\u00e7\u00f5es no Amap\u00e1","Elei\u00e7\u00f5es no Brasil","Eleito Amap\u00e1","Eleitos em minas","governador eleito no amap\u00e1","informa\u00e7\u00f5es sobre os deputados eleitos em minas","lista de deputados estaduais eleitos no Amap\u00e1","nomes dos deputados eleitos no Amap\u00e1","Resultado das elei\u00e7\u00f5es 2022 no Amap\u00e1","resultado das elei\u00e7\u00f5es no amap\u00e1","resultado elei\u00e7\u00f5es 2022 no Amap\u00e1","senador eleito no Amap\u00e1","vota\u00e7\u00e3o para deputado no Amap\u00e1","vota\u00e7\u00e3o para governador no Amap\u00e1","vota\u00e7\u00e3o para senador no Amap\u00e1"],"articleSection":["Brasil","Elei\u00e7\u00f5es 2022"],"inLanguage":"pt-BR","potentialAction":[{"@type":"CommentAction","name":"Comment","target":["https:\/\/aconteceunovale.com.br\/portal\/?p=190880#respond"]}]},{"@type":"WebPage","@id":"https:\/\/aconteceunovale.com.br\/portal\/?p=190880","url":"https:\/\/aconteceunovale.com.br\/portal\/?p=190880","name":"Confira a lista de deputados federais eleitos no Amap\u00e1 - Aconteceu no Vale","isPartOf":{"@id":"https:\/\/aconteceunovale.com.br\/portal\/#website"},"primaryImageOfPage":{"@id":"https:\/\/aconteceunovale.com.br\/portal\/?p=190880#primaryimage"},"image":{"@id":"https:\/\/aconteceunovale.com.br\/portal\/?p=190880#primaryimage"},"thumbnailUrl":"https:\/\/aconteceunovale.com.br\/portal\/wp-content\/uploads\/2022\/10\/amapa.jpg","datePublished":"2022-10-03T02:58:27+00:00","dateModified":"2022-10-03T03:07:40+00:00","author":{"@id":"https:\/\/aconteceunovale.com.br\/portal\/#\/schema\/person\/7d2f26d1483f8a63de73da1ee0754d35"},"breadcrumb":{"@id":"https:\/\/aconteceunovale.com.br\/portal\/?p=190880#breadcrumb"},"inLanguage":"pt-BR","potentialAction":[{"@type":"ReadAction","target":["https:\/\/aconteceunovale.com.br\/portal\/?p=190880"]}]},{"@type":"ImageObject","inLanguage":"pt-BR","@id":"https:\/\/aconteceunovale.com.br\/portal\/?p=190880#primaryimage","url":"https:\/\/aconteceunovale.com.br\/portal\/wp-content\/uploads\/2022\/10\/amapa.jpg","contentUrl":"https:\/\/aconteceunovale.com.br\/portal\/wp-content\/uploads\/2022\/10\/amapa.jpg","width":678,"height":355},{"@type":"BreadcrumbList","@id":"https:\/\/aconteceunovale.com.br\/portal\/?p=190880#breadcrumb","itemListElement":[{"@type":"ListItem","position":1,"name":"In\u00edcio","item":"https:\/\/aconteceunovale.com.br\/portal\/"},{"@type":"ListItem","position":2,"name":"Confira a lista de deputados federais eleitos no Amap\u00e1"}]},{"@type":"WebSite","@id":"https:\/\/aconteceunovale.com.br\/portal\/#website","url":"https:\/\/aconteceunovale.com.br\/portal\/","name":"Aconteceu no Vale","description":"Portal de Not\u00edcias","potentialAction":[{"@type":"SearchAction","target":{"@type":"EntryPoint","urlTemplate":"https:\/\/aconteceunovale.com.br\/portal\/?s={search_term_string}"},"query-input":{"@type":"PropertyValueSpecification","valueRequired":true,"valueName":"search_term_string"}}],"inLanguage":"pt-BR"},{"@type":"Person","@id":"https:\/\/aconteceunovale.com.br\/portal\/#\/schema\/person\/7d2f26d1483f8a63de73da1ee0754d35","name":"Reda\u00e7\u00e3o Aconteceu no Vale","description":"Equipe de reportagem do Aconteceu no Vale, portal de not\u00edcias do Vale do Jequitinhonha, em Minas Gerais. Cobrimos as 51 cidades do Vale desde 2013. Sugest\u00f5es de pauta e pedidos de corre\u00e7\u00e3o: contato@aconteceunovale.com.br","url":"https:\/\/aconteceunovale.com.br\/portal\/?author=4"}]}},"_links":{"self":[{"href":"https:\/\/aconteceunovale.com.br\/portal\/index.php?rest_route=\/wp\/v2\/posts\/190880","targetHints":{"allow":["GET"]}}],"collection":[{"href":"https:\/\/aconteceunovale.com.br\/portal\/index.php?rest_route=\/wp\/v2\/posts"}],"about":[{"href":"https:\/\/aconteceunovale.com.br\/portal\/index.php?rest_route=\/wp\/v2\/types\/post"}],"author":[{"embeddable":true,"href":"https:\/\/aconteceunovale.com.br\/portal\/index.php?rest_route=\/wp\/v2\/users\/4"}],"replies":[{"embeddable":true,"href":"https:\/\/aconteceunovale.com.br\/portal\/index.php?rest_route=%2Fwp%2Fv2%2Fcomments&post=190880"}],"version-history":[{"count":1,"href":"https:\/\/aconteceunovale.com.br\/portal\/index.php?rest_route=\/wp\/v2\/posts\/190880\/revisions"}],"predecessor-version":[{"id":190882,"href":"https:\/\/aconteceunovale.com.br\/portal\/index.php?rest_route=\/wp\/v2\/posts\/190880\/revisions\/190882"}],"wp:featuredmedia":[{"embeddable":true,"href":"https:\/\/aconteceunovale.com.br\/portal\/index.php?rest_route=\/wp\/v2\/media\/190881"}],"wp:attachment":[{"href":"https:\/\/aconteceunovale.com.br\/portal\/index.php?rest_route=%2Fwp%2Fv2%2Fmedia&parent=190880"}],"wp:term":[{"taxonomy":"category","embeddable":true,"href":"https:\/\/aconteceunovale.com.br\/portal\/index.php?rest_route=%2Fwp%2Fv2%2Fcategories&post=190880"},{"taxonomy":"post_tag","embeddable":true,"href":"https:\/\/aconteceunovale.com.br\/portal\/index.php?rest_route=%2Fwp%2Fv2%2Ftags&post=190880"}],"curies":[{"name":"wp","href":"https:\/\/api.w.org\/{rel}","templated":true}]}}