{"id":19088,"date":"2014-01-22T15:37:20","date_gmt":"2014-01-22T17:37:20","guid":{"rendered":"http:\/\/aconteceunovale.com.br\/portal\/?p=19088"},"modified":"2014-01-22T15:37:20","modified_gmt":"2014-01-22T17:37:20","slug":"apos-desentendimento-dono-de-farmacia-atira-contra-caminhoneiro-em-sao-jose-da-safira","status":"publish","type":"post","link":"https:\/\/aconteceunovale.com.br\/portal\/?p=19088","title":{"rendered":"Ap\u00f3s desentendimento, dono de farm\u00e1cia atira contra caminhoneiro em S\u00e3o Jos\u00e9 da Safira"},"content":{"rendered":"<p>O crime aconteceu na segunda-feira (20\/01). Segundo a PM, durante o turno de servi\u00e7o, os militares foram informados por populares de que um comerciante de 59 anos teria atirado contra um homem de 49 anos.<\/p>\n<p>A guarni\u00e7\u00e3o foi para o local, onde a v\u00edtima havia sido socorrida por terceiros. De l\u00e1, seguiram para a casa do suposto autor, que foi preso em flagrante e com ele apreendido um revolver calibre 38.<\/p>\n<p>Segundo o autor, a v\u00edtima, condutor de um caminh\u00e3o, teria estacionado o ve\u00edculo em frente a sua farm\u00e1cia, ocupando a frente da garagem de sua casa, quando gerou um desentendimento entre eles. O autor ainda alegou que a v\u00edtima teria o ofendido com palavras de baixo cal\u00e3o, momento em que perdeu a raz\u00e3o e efetuou quatro disparos contra o ela, atingindo-a com tr\u00eas disparos no abd\u00f4men e uma na perna direita.<\/p>\n<p>Ap\u00f3s os primeiros socorros no hospital local, o caminhoneiro foi encaminhado para ao hospital de Governador Valadares. <\/p>\n<p>Segundo uma testemunha, que tamb\u00e9m trabalhava no mesmo caminh\u00e3o, o colega estacionou o ve\u00edculo ocupando a garagem, foi quando o autor gritou em tom alto, questionando se ela n\u00e3o iria retirar o caminh\u00e3o do local. <\/p>\n<p>A v\u00edtima ent\u00e3o respondeu que iria apenas fazer uma entrega, momento em que os envolvidos come\u00e7aram a discuss\u00e3o que culminou na fatalidade. Ainda n\u00e3o se tem informa\u00e7\u00f5es sobre o quadro de sa\u00fade da v\u00edtima. O crime ser\u00e1 investigado pela Pol\u00edcia Civil.<\/p>\n<p><em>(Imagem ilustrativa)<\/em><br \/>\n<img decoding=\"async\" src=\"http:\/\/aconteceunovale.com.br\/portal\/wp-content\/uploads\/2014\/01\/sao_jose_da_safira.jpg\" alt=\"\" \/><\/p>\n<p><em>(Informa\u00e7\u00f5es da Folha de Guanh\u00e3es)<\/em><\/p>\n","protected":false},"excerpt":{"rendered":"<p>O crime aconteceu na segunda-feira (20\/01). Segundo a PM, durante o turno de servi\u00e7o, os militares foram informados por populares de que um comerciante de 59 anos teria atirado contra um homem de 49 anos. A guarni\u00e7\u00e3o foi para o local, onde a v\u00edtima havia sido socorrida por terceiros. De l\u00e1, seguiram para a casa [&hellip;]<\/p>\n","protected":false},"author":1,"featured_media":19089,"comment_status":"open","ping_status":"closed","sticky":false,"template":"","format":"standard","meta":{"amp_status":"","footnotes":""},"categories":[121],"tags":[3335,319],"class_list":["post-19088","post","type-post","status-publish","format-standard","has-post-thumbnail","hentry","category-leste","tag-apos-desentendimento-dono-de-farmacia-atira-contra-caminhoneiro-em-sao-jose-da-safira","tag-sao-jose-da-safira"],"_links":{"self":[{"href":"https:\/\/aconteceunovale.com.br\/portal\/index.php?rest_route=\/wp\/v2\/posts\/19088","targetHints":{"allow":["GET"]}}],"collection":[{"href":"https:\/\/aconteceunovale.com.br\/portal\/index.php?rest_route=\/wp\/v2\/posts"}],"about":[{"href":"https:\/\/aconteceunovale.com.br\/portal\/index.php?rest_route=\/wp\/v2\/types\/post"}],"author":[{"embeddable":true,"href":"https:\/\/aconteceunovale.com.br\/portal\/index.php?rest_route=\/wp\/v2\/users\/1"}],"replies":[{"embeddable":true,"href":"https:\/\/aconteceunovale.com.br\/portal\/index.php?rest_route=%2Fwp%2Fv2%2Fcomments&post=19088"}],"version-history":[{"count":0,"href":"https:\/\/aconteceunovale.com.br\/portal\/index.php?rest_route=\/wp\/v2\/posts\/19088\/revisions"}],"wp:featuredmedia":[{"embeddable":true,"href":"https:\/\/aconteceunovale.com.br\/portal\/index.php?rest_route=\/wp\/v2\/media\/19089"}],"wp:attachment":[{"href":"https:\/\/aconteceunovale.com.br\/portal\/index.php?rest_route=%2Fwp%2Fv2%2Fmedia&parent=19088"}],"wp:term":[{"taxonomy":"category","embeddable":true,"href":"https:\/\/aconteceunovale.com.br\/portal\/index.php?rest_route=%2Fwp%2Fv2%2Fcategories&post=19088"},{"taxonomy":"post_tag","embeddable":true,"href":"https:\/\/aconteceunovale.com.br\/portal\/index.php?rest_route=%2Fwp%2Fv2%2Ftags&post=19088"}],"curies":[{"name":"wp","href":"https:\/\/api.w.org\/{rel}","templated":true}]}}