{"id":190874,"date":"2022-10-02T23:42:45","date_gmt":"2022-10-03T02:42:45","guid":{"rendered":"https:\/\/aconteceunovale.com.br\/portal\/?p=190874"},"modified":"2022-10-03T00:08:06","modified_gmt":"2022-10-03T03:08:06","slug":"confira-a-lista-de-deputados-federais-eleitos-no-acre","status":"publish","type":"post","link":"https:\/\/aconteceunovale.com.br\/portal\/?p=190874","title":{"rendered":"Confira a lista de deputados federais eleitos no Acre"},"content":{"rendered":"\n<p class=\"wp-block-paragraph\">Eleitores do Acre foram \u00e0s urnas neste domingo (2\/10\/2022) e elegeram oito deputados federais.\u00a0Confira a lista:<\/p>\n\n\n\n<ul class=\"wp-block-list\"><li><strong>Socorro Neri<\/strong> &#8211; Maria do Socorro Neri Medeiros de souza (PP) &#8211; 25.842 votos<\/li><li><strong>Meire Serafim<\/strong> &#8211; Rozimeire Ribeiro Andrade (Uni\u00e3o Brasil) &#8211; 21.285 votos<\/li><li><strong>Coronel Ulysses<\/strong> &#8211; Ulysses Freitas Pereira de Ara\u00fajo (Uni\u00e3o Brasil) &#8211; 21.075 votos<\/li><li><strong>Zezinho Barbary<\/strong> &#8211; Jos\u00e9 Estephan Barbary Filho (PP) &#8211; 19.958 votos<\/li><li><strong>Gehlen Diniz<\/strong> &#8211; Gehlen Diniz Andrade (PP) &#8211; 19.560 votos<\/li><li><strong>Dr. Eduardo Velloso<\/strong> &#8211; Eduardo Ov\u00eddio Borges de Velloso Viana (Uni\u00e3o Brasil) &#8211; 16.786 votos<\/li><li><strong>Ant\u00f4nia L\u00facia <\/strong>&#8211; Ant\u00f4nia Lucil\u00e9ia Cruz Ramos C\u00e2mara (Republicanos) &#8211; 16.280 votos<\/li><li><strong>Roberto Duarte<\/strong> &#8211; Roberto Duarte J\u00fanior (Republicanos) &#8211; 14.522 votos<\/li><\/ul>\n\n\n\n<p class=\"wp-block-paragraph\">Acompanhe a apura\u00e7\u00e3o completa e os resultados das Elei\u00e7\u00f5es 2022 em nossa p\u00e1gina (<strong><a rel=\"noreferrer noopener\" href=\"https:\/\/aconteceunovale.com.br\/portal\/?p=190684\" target=\"_blank\">confira aqui)<\/a><\/strong>.<\/p>\n\n\n\n<p class=\"wp-block-paragraph\">&#8212;&#8212;&#8212;&#8212;&#8212;&#8212;<br><br><strong>Sabia que o Aconteceu no Vale est\u00e1 tamb\u00e9m no Telegram? <a rel=\"noreferrer noopener\" href=\"https:\/\/t.me\/aconteceunovaleoficial\" target=\"_blank\">Inscreva-se no canal<\/a>.<\/strong><br><br><strong>J\u00e1 curtiu ou seguiu nossas p\u00e1ginas nas redes sociais?\u00a0Receba as not\u00edcias em primeira m\u00e3o:<\/strong><br>\u2022 <a rel=\"noreferrer noopener\" href=\"https:\/\/news.google.com\/publications\/CAAqBwgKMNjklQswi4etAw?hl=pt-BR&amp;gl=BR&amp;ceid=BR%3Apt-419\" target=\"_blank\">Google News<\/a><br>\u2022 <a rel=\"noreferrer noopener\" href=\"https:\/\/www.facebook.com\/aconteceunovale\/\" target=\"_blank\">Facebook<\/a><br>\u2022 <a rel=\"noreferrer noopener\" href=\"https:\/\/twitter.com\/noticiadosvales\" target=\"_blank\">Twitter<\/a><br>\u2022 <a rel=\"noreferrer noopener\" href=\"https:\/\/www.instagram.com\/aconteceunovale\" target=\"_blank\">Instagram<\/a><br>\u2022 <a rel=\"noreferrer noopener\" href=\"https:\/\/www.youtube.com\/AconteceunoValeOficial\" target=\"_blank\">Youtube<\/a><br>\u2022 <a rel=\"noreferrer noopener\" href=\"https:\/\/www.tiktok.com\/@aconteceunovale\" target=\"_blank\">TikTok<\/a><\/p>\n","protected":false},"excerpt":{"rendered":"<p>Eleitores do Acre foram \u00e0s urnas neste domingo (2\/10\/2022) e elegeram oito deputados federais.\u00a0Confira a lista: Socorro Neri &#8211; Maria do Socorro Neri Medeiros de souza (PP) &#8211; 25.842 votos Meire Serafim &#8211; Rozimeire Ribeiro Andrade (Uni\u00e3o Brasil) &#8211; 21.285 votos Coronel Ulysses &#8211; Ulysses Freitas Pereira de Ara\u00fajo (Uni\u00e3o Brasil) &#8211; 21.075 votos Zezinho [&hellip;]<\/p>\n","protected":false},"author":4,"featured_media":190875,"comment_status":"open","ping_status":"closed","sticky":false,"template":"","format":"standard","meta":{"amp_status":"","footnotes":""},"categories":[6,249933],"tags":[230288,263770,182302,263766,263777,263873,263776,182303,263778,263779,182304,263780,263781,263782,263783,263784,17674,263785,263786,263787,17651,17646,17653,17655,17652,17618,17654,17548,263788,182315,263791,182311,182313,263789,17529,17546,17531,17668,263790,17538,263792,182322,263795,182320,263793,17530,17541,17532,182318,263794,182327,182326,182325,263627,263626,263625,263624,263628,718,252238,262353,263623,182329,261226,263796,263775,263765,20455,17648,182334,182336,263797,20601,263799,263798,182346,17677,182366,182367],"class_list":["post-190874","post","type-post","status-publish","format-standard","has-post-thumbnail","hentry","category-br","category-eleicoes-2022","tag-apuracao-das-eleicoes","tag-apuracao-das-eleicoes-2022","tag-apuracao-das-eleicoes-no-acre","tag-apuracao-dos-votos","tag-apuracao-dos-votos-ac","tag-apuracao-dos-votos-em-tempo-real","tag-apuracao-dos-votos-em-tempo-real-no-acre","tag-apuracao-dos-votos-no-acre","tag-apuracao-dos-votos-para-deputado-estadual-no-acre","tag-apuracao-dos-votos-para-deputado-federal-no-acre","tag-apuracao-dos-votos-para-deputado-no-acre","tag-apuracao-dos-votos-para-governador-no-acre","tag-apuracao-dos-votos-para-presidente-no-acre","tag-apuracao-dos-votos-para-senador-no-acre","tag-confira-a-lista-com-nomes-dos-deputados-estaduais-eleitos-no-acre","tag-confira-a-lista-de-deputados-estaduais-e-federais-eleitos-no-acre","tag-confira-a-lista-de-deputados-estaduais-eleitos-no-acre","tag-confira-a-lista-de-deputados-federais-eleitos-no-acre","tag-confira-a-lista-final-de-deputados-estaduais-eleitos-no-acre","tag-conheca-os-deputados-estaduais-eleitos-no-acre","tag-conhecer-os-deputados-eleitos","tag-conhecer-os-deputados-eleitos-em-minas","tag-deputado-mais-votado-no-norte-de-minas","tag-deputado-mais-votado-no-vale-do-aco","tag-deputado-mais-votado-no-vale-do-jequitinhonha","tag-deputado-mais-votado-no-vale-do-mucuri","tag-deputado-mais-votado-no-vale-do-rio-doce","tag-deputados-eleitos","tag-deputados-eleitos-2022-ac","tag-deputados-eleitos-ac","tag-deputados-eleitos-ac-2022","tag-deputados-eleitos-de-ac","tag-deputados-eleitos-em-ac","tag-deputados-eleitos-em-ac-2022","tag-deputados-eleitos-em-minas","tag-deputados-eleitos-minas","tag-deputados-eleitos-minas-gerais","tag-deputados-eleitos-no-acre","tag-deputados-eleitos-no-acre-2022","tag-deputados-estaduais-eleitos","tag-deputados-estaduais-eleitos-2022-ac","tag-deputados-estaduais-eleitos-ac","tag-deputados-estaduais-eleitos-ac-2022","tag-deputados-estaduais-eleitos-em-ac","tag-deputados-estaduais-eleitos-em-ac-2022","tag-deputados-estaduais-eleitos-em-minas","tag-deputados-estaduais-eleitos-minas","tag-deputados-estaduais-eleitos-minas-gerais","tag-deputados-estaduais-eleitos-no-acre","tag-deputados-estaduais-eleitos-no-acre-2022","tag-deputados-federais-eleitos-ac","tag-deputados-federais-eleitos-em-ac","tag-deputados-federais-eleitos-no-acre","tag-eleicao-para-deputado-estadual-no-brasil","tag-eleicao-para-deputado-federal-no-brasil","tag-eleicao-para-governador-no-brasil","tag-eleicao-para-presidente-no-brasil","tag-eleicao-para-senador-no-brasil","tag-eleicoes","tag-eleicoes-2022","tag-eleicoes-2022-no-acre","tag-eleicoes-2022-no-brasil","tag-eleicoes-no-acre","tag-eleicoes-no-brasil","tag-eleito-ac","tag-eleito-minas-gerais","tag-eleitos-em-minas","tag-governador-eleito-no-acre","tag-informacoes-sobre-os-deputados-eleitos-em-minas","tag-lista-de-deputados-estaduais-eleitos-no-acre","tag-nomes-dos-deputados-eleitos-no-acre","tag-resultado-das-eleicoes-2022-no-acre","tag-resultado-das-eleicoes-no-acre","tag-resultado-eleicoes-2022-ac","tag-resultado-eleicoes-2022-no-acre","tag-senador-eleito-no-acre","tag-votacao-para-deputado-no-acre","tag-votacao-para-governador-no-acre","tag-votacao-para-senador-no-acre"],"yoast_head":"<!-- This site is optimized with the Yoast SEO plugin v28.3 - https:\/\/yoast.com\/product\/yoast-seo-wordpress\/ -->\n<title>Confira a lista de deputados federais eleitos no Acre - Aconteceu no Vale<\/title>\n<meta name=\"robots\" content=\"index, follow, max-snippet:-1, max-image-preview:large, max-video-preview:-1\" \/>\n<link rel=\"canonical\" href=\"https:\/\/aconteceunovale.com.br\/portal\/?p=190874\" \/>\n<meta property=\"og:locale\" content=\"pt_BR\" \/>\n<meta property=\"og:type\" content=\"article\" \/>\n<meta property=\"og:title\" content=\"Confira a lista de deputados federais eleitos no Acre - Aconteceu no Vale\" \/>\n<meta property=\"og:description\" content=\"Eleitores do Acre foram \u00e0s urnas neste domingo (2\/10\/2022) e elegeram oito deputados federais.\u00a0Confira a lista: Socorro Neri &#8211; Maria do Socorro Neri Medeiros de souza (PP) &#8211; 25.842 votos Meire Serafim &#8211; Rozimeire Ribeiro Andrade (Uni\u00e3o Brasil) &#8211; 21.285 votos Coronel Ulysses &#8211; Ulysses Freitas Pereira de Ara\u00fajo (Uni\u00e3o Brasil) &#8211; 21.075 votos Zezinho [&hellip;]\" \/>\n<meta property=\"og:url\" content=\"https:\/\/aconteceunovale.com.br\/portal\/?p=190874\" \/>\n<meta property=\"og:site_name\" content=\"Aconteceu no Vale\" \/>\n<meta property=\"article:publisher\" content=\"https:\/\/www.facebook.com\/aconteceunovale\/\" \/>\n<meta property=\"article:published_time\" content=\"2022-10-03T02:42:45+00:00\" \/>\n<meta property=\"article:modified_time\" content=\"2022-10-03T03:08:06+00:00\" \/>\n<meta property=\"og:image\" content=\"https:\/\/aconteceunovale.com.br\/portal\/wp-content\/uploads\/2022\/10\/acre.jpg\" \/>\n\t<meta property=\"og:image:width\" content=\"678\" \/>\n\t<meta property=\"og:image:height\" content=\"355\" \/>\n\t<meta property=\"og:image:type\" content=\"image\/jpeg\" \/>\n<meta name=\"author\" content=\"Reda\u00e7\u00e3o Aconteceu no Vale\" \/>\n<meta name=\"twitter:card\" content=\"summary_large_image\" \/>\n<meta name=\"twitter:creator\" content=\"@noticiadosvales\" \/>\n<meta name=\"twitter:site\" content=\"@noticiadosvales\" \/>\n<meta name=\"twitter:label1\" content=\"Escrito por\" \/>\n\t<meta name=\"twitter:data1\" content=\"Reda\u00e7\u00e3o Aconteceu no Vale\" \/>\n\t<meta name=\"twitter:label2\" content=\"Est. tempo de leitura\" \/>\n\t<meta name=\"twitter:data2\" content=\"1 minuto\" \/>\n<script type=\"application\/ld+json\" class=\"yoast-schema-graph\">{\"@context\":\"https:\\\/\\\/schema.org\",\"@graph\":[{\"@type\":\"Article\",\"@id\":\"https:\\\/\\\/aconteceunovale.com.br\\\/portal\\\/?p=190874#article\",\"isPartOf\":{\"@id\":\"https:\\\/\\\/aconteceunovale.com.br\\\/portal\\\/?p=190874\"},\"author\":{\"name\":\"Reda\u00e7\u00e3o Aconteceu no Vale\",\"@id\":\"https:\\\/\\\/aconteceunovale.com.br\\\/portal\\\/#\\\/schema\\\/person\\\/7d2f26d1483f8a63de73da1ee0754d35\"},\"headline\":\"Confira a lista de deputados federais eleitos no Acre\",\"datePublished\":\"2022-10-03T02:42:45+00:00\",\"dateModified\":\"2022-10-03T03:08:06+00:00\",\"mainEntityOfPage\":{\"@id\":\"https:\\\/\\\/aconteceunovale.com.br\\\/portal\\\/?p=190874\"},\"wordCount\":181,\"commentCount\":0,\"image\":{\"@id\":\"https:\\\/\\\/aconteceunovale.com.br\\\/portal\\\/?p=190874#primaryimage\"},\"thumbnailUrl\":\"https:\\\/\\\/aconteceunovale.com.br\\\/portal\\\/wp-content\\\/uploads\\\/2022\\\/10\\\/acre.jpg\",\"keywords\":[\"Apura\u00e7\u00e3o das elei\u00e7\u00f5es\",\"Apura\u00e7\u00e3o das elei\u00e7\u00f5es 2022\",\"Apura\u00e7\u00e3o das elei\u00e7\u00f5es no Acre\",\"Apura\u00e7\u00e3o dos votos\",\"Apura\u00e7\u00e3o dos votos AC\",\"Apura\u00e7\u00e3o dos votos em tempo real\",\"Apura\u00e7\u00e3o dos votos em tempo real no acre\",\"apura\u00e7\u00e3o dos votos no Acre\",\"Apura\u00e7\u00e3o dos votos para deputado estadual no acre\",\"Apura\u00e7\u00e3o dos votos para deputado federal no acre\",\"Apura\u00e7\u00e3o dos votos para deputado no Acre\",\"Apura\u00e7\u00e3o dos votos para Governador no acre\",\"Apura\u00e7\u00e3o dos votos para presidente no acre\",\"Apura\u00e7\u00e3o dos votos para senador no acre\",\"Confira a lista com nomes dos deputados estaduais eleitos no acre\",\"Confira a lista de deputados estaduais e federais eleitos no acre\",\"Confira a lista de deputados estaduais eleitos no acre\",\"Confira a lista de deputados federais eleitos no acre\",\"Confira a lista final de deputados estaduais eleitos no acre\",\"Conhe\u00e7a os deputados estaduais eleitos no acre\",\"conhecer os deputados eleitos\",\"conhecer os deputados eleitos em minas\",\"deputado mais votado no norte de minas\",\"deputado mais votado no vale do a\u00e7o\",\"deputado mais votado no vale do jequitinhonha\",\"deputado mais votado no vale do mucuri\",\"deputado mais votado no vale do rio doce\",\"deputados eleitos\",\"deputados eleitos 2022 ac\",\"deputados eleitos ac\",\"deputados eleitos ac 2022\",\"deputados eleitos de ac\",\"deputados eleitos em ac\",\"deputados eleitos em ac 2022\",\"deputados eleitos em minas\",\"deputados eleitos minas\",\"deputados eleitos minas gerais\",\"deputados eleitos no acre\",\"deputados eleitos no acre 2022\",\"deputados estaduais eleitos\",\"deputados estaduais eleitos 2022 ac\",\"deputados estaduais eleitos ac\",\"deputados estaduais eleitos ac 2022\",\"deputados estaduais eleitos em ac\",\"deputados estaduais eleitos em ac 2022\",\"deputados estaduais eleitos em minas\",\"deputados estaduais eleitos minas\",\"deputados estaduais eleitos minas gerais\",\"deputados estaduais eleitos no Acre\",\"deputados estaduais eleitos no acre 2022\",\"deputados federais eleitos ac\",\"deputados federais eleitos em ac\",\"deputados federais eleitos no Acre\",\"Elei\u00e7\u00e3o para deputado estadual no Brasil\",\"Elei\u00e7\u00e3o para deputado federal no Brasil\",\"Elei\u00e7\u00e3o para governador no Brasil\",\"Elei\u00e7\u00e3o para presidente no Brasil\",\"Elei\u00e7\u00e3o para Senador no Brasil\",\"Elei\u00e7\u00f5es\",\"Elei\u00e7\u00f5es 2022\",\"Elei\u00e7\u00f5es 2022 no Acre\",\"Elei\u00e7\u00f5es 2022 no Brasil\",\"elei\u00e7\u00f5es no Acre\",\"Elei\u00e7\u00f5es no Brasil\",\"Eleito AC\",\"Eleito Minas Gerais\",\"Eleitos em minas\",\"governador eleito no acre\",\"informa\u00e7\u00f5es sobre os deputados eleitos em minas\",\"lista de deputados estaduais eleitos no Acre\",\"nomes dos deputados eleitos no Acre\",\"Resultado das elei\u00e7\u00f5es 2022 no acre\",\"resultado das elei\u00e7\u00f5es no acre\",\"resultado elei\u00e7\u00f5es 2022 ac\",\"resultado elei\u00e7\u00f5es 2022 no acre\",\"senador eleito no Acre\",\"vota\u00e7\u00e3o para deputado no acre\",\"vota\u00e7\u00e3o para governador no Acre\",\"vota\u00e7\u00e3o para senador no Acre\"],\"articleSection\":[\"Brasil\",\"Elei\u00e7\u00f5es 2022\"],\"inLanguage\":\"pt-BR\",\"potentialAction\":[{\"@type\":\"CommentAction\",\"name\":\"Comment\",\"target\":[\"https:\\\/\\\/aconteceunovale.com.br\\\/portal\\\/?p=190874#respond\"]}]},{\"@type\":\"WebPage\",\"@id\":\"https:\\\/\\\/aconteceunovale.com.br\\\/portal\\\/?p=190874\",\"url\":\"https:\\\/\\\/aconteceunovale.com.br\\\/portal\\\/?p=190874\",\"name\":\"Confira a lista de deputados federais eleitos no Acre - Aconteceu no Vale\",\"isPartOf\":{\"@id\":\"https:\\\/\\\/aconteceunovale.com.br\\\/portal\\\/#website\"},\"primaryImageOfPage\":{\"@id\":\"https:\\\/\\\/aconteceunovale.com.br\\\/portal\\\/?p=190874#primaryimage\"},\"image\":{\"@id\":\"https:\\\/\\\/aconteceunovale.com.br\\\/portal\\\/?p=190874#primaryimage\"},\"thumbnailUrl\":\"https:\\\/\\\/aconteceunovale.com.br\\\/portal\\\/wp-content\\\/uploads\\\/2022\\\/10\\\/acre.jpg\",\"datePublished\":\"2022-10-03T02:42:45+00:00\",\"dateModified\":\"2022-10-03T03:08:06+00:00\",\"author\":{\"@id\":\"https:\\\/\\\/aconteceunovale.com.br\\\/portal\\\/#\\\/schema\\\/person\\\/7d2f26d1483f8a63de73da1ee0754d35\"},\"breadcrumb\":{\"@id\":\"https:\\\/\\\/aconteceunovale.com.br\\\/portal\\\/?p=190874#breadcrumb\"},\"inLanguage\":\"pt-BR\",\"potentialAction\":[{\"@type\":\"ReadAction\",\"target\":[\"https:\\\/\\\/aconteceunovale.com.br\\\/portal\\\/?p=190874\"]}]},{\"@type\":\"ImageObject\",\"inLanguage\":\"pt-BR\",\"@id\":\"https:\\\/\\\/aconteceunovale.com.br\\\/portal\\\/?p=190874#primaryimage\",\"url\":\"https:\\\/\\\/aconteceunovale.com.br\\\/portal\\\/wp-content\\\/uploads\\\/2022\\\/10\\\/acre.jpg\",\"contentUrl\":\"https:\\\/\\\/aconteceunovale.com.br\\\/portal\\\/wp-content\\\/uploads\\\/2022\\\/10\\\/acre.jpg\",\"width\":678,\"height\":355},{\"@type\":\"BreadcrumbList\",\"@id\":\"https:\\\/\\\/aconteceunovale.com.br\\\/portal\\\/?p=190874#breadcrumb\",\"itemListElement\":[{\"@type\":\"ListItem\",\"position\":1,\"name\":\"In\u00edcio\",\"item\":\"https:\\\/\\\/aconteceunovale.com.br\\\/portal\\\/\"},{\"@type\":\"ListItem\",\"position\":2,\"name\":\"Confira a lista de deputados federais eleitos no Acre\"}]},{\"@type\":\"WebSite\",\"@id\":\"https:\\\/\\\/aconteceunovale.com.br\\\/portal\\\/#website\",\"url\":\"https:\\\/\\\/aconteceunovale.com.br\\\/portal\\\/\",\"name\":\"Aconteceu no Vale\",\"description\":\"Portal de Not\u00edcias\",\"potentialAction\":[{\"@type\":\"SearchAction\",\"target\":{\"@type\":\"EntryPoint\",\"urlTemplate\":\"https:\\\/\\\/aconteceunovale.com.br\\\/portal\\\/?s={search_term_string}\"},\"query-input\":{\"@type\":\"PropertyValueSpecification\",\"valueRequired\":true,\"valueName\":\"search_term_string\"}}],\"inLanguage\":\"pt-BR\"},{\"@type\":\"Person\",\"@id\":\"https:\\\/\\\/aconteceunovale.com.br\\\/portal\\\/#\\\/schema\\\/person\\\/7d2f26d1483f8a63de73da1ee0754d35\",\"name\":\"Reda\u00e7\u00e3o Aconteceu no Vale\",\"description\":\"Equipe de reportagem do Aconteceu no Vale, portal de not\u00edcias do Vale do Jequitinhonha, em Minas Gerais. Cobrimos as 51 cidades do Vale desde 2013. Sugest\u00f5es de pauta e pedidos de corre\u00e7\u00e3o: contato@aconteceunovale.com.br\",\"url\":\"https:\\\/\\\/aconteceunovale.com.br\\\/portal\\\/?author=4\"}]}<\/script>\n<!-- \/ Yoast SEO plugin. -->","yoast_head_json":{"title":"Confira a lista de deputados federais eleitos no Acre - Aconteceu no Vale","robots":{"index":"index","follow":"follow","max-snippet":"max-snippet:-1","max-image-preview":"max-image-preview:large","max-video-preview":"max-video-preview:-1"},"canonical":"https:\/\/aconteceunovale.com.br\/portal\/?p=190874","og_locale":"pt_BR","og_type":"article","og_title":"Confira a lista de deputados federais eleitos no Acre - Aconteceu no Vale","og_description":"Eleitores do Acre foram \u00e0s urnas neste domingo (2\/10\/2022) e elegeram oito deputados federais.\u00a0Confira a lista: Socorro Neri &#8211; Maria do Socorro Neri Medeiros de souza (PP) &#8211; 25.842 votos Meire Serafim &#8211; Rozimeire Ribeiro Andrade (Uni\u00e3o Brasil) &#8211; 21.285 votos Coronel Ulysses &#8211; Ulysses Freitas Pereira de Ara\u00fajo (Uni\u00e3o Brasil) &#8211; 21.075 votos Zezinho [&hellip;]","og_url":"https:\/\/aconteceunovale.com.br\/portal\/?p=190874","og_site_name":"Aconteceu no Vale","article_publisher":"https:\/\/www.facebook.com\/aconteceunovale\/","article_published_time":"2022-10-03T02:42:45+00:00","article_modified_time":"2022-10-03T03:08:06+00:00","og_image":[{"width":678,"height":355,"url":"https:\/\/aconteceunovale.com.br\/portal\/wp-content\/uploads\/2022\/10\/acre.jpg","type":"image\/jpeg"}],"author":"Reda\u00e7\u00e3o Aconteceu no Vale","twitter_card":"summary_large_image","twitter_creator":"@noticiadosvales","twitter_site":"@noticiadosvales","twitter_misc":{"Escrito por":"Reda\u00e7\u00e3o Aconteceu no Vale","Est. tempo de leitura":"1 minuto"},"schema":{"@context":"https:\/\/schema.org","@graph":[{"@type":"Article","@id":"https:\/\/aconteceunovale.com.br\/portal\/?p=190874#article","isPartOf":{"@id":"https:\/\/aconteceunovale.com.br\/portal\/?p=190874"},"author":{"name":"Reda\u00e7\u00e3o Aconteceu no Vale","@id":"https:\/\/aconteceunovale.com.br\/portal\/#\/schema\/person\/7d2f26d1483f8a63de73da1ee0754d35"},"headline":"Confira a lista de deputados federais eleitos no Acre","datePublished":"2022-10-03T02:42:45+00:00","dateModified":"2022-10-03T03:08:06+00:00","mainEntityOfPage":{"@id":"https:\/\/aconteceunovale.com.br\/portal\/?p=190874"},"wordCount":181,"commentCount":0,"image":{"@id":"https:\/\/aconteceunovale.com.br\/portal\/?p=190874#primaryimage"},"thumbnailUrl":"https:\/\/aconteceunovale.com.br\/portal\/wp-content\/uploads\/2022\/10\/acre.jpg","keywords":["Apura\u00e7\u00e3o das elei\u00e7\u00f5es","Apura\u00e7\u00e3o das elei\u00e7\u00f5es 2022","Apura\u00e7\u00e3o das elei\u00e7\u00f5es no Acre","Apura\u00e7\u00e3o dos votos","Apura\u00e7\u00e3o dos votos AC","Apura\u00e7\u00e3o dos votos em tempo real","Apura\u00e7\u00e3o dos votos em tempo real no acre","apura\u00e7\u00e3o dos votos no Acre","Apura\u00e7\u00e3o dos votos para deputado estadual no acre","Apura\u00e7\u00e3o dos votos para deputado federal no acre","Apura\u00e7\u00e3o dos votos para deputado no Acre","Apura\u00e7\u00e3o dos votos para Governador no acre","Apura\u00e7\u00e3o dos votos para presidente no acre","Apura\u00e7\u00e3o dos votos para senador no acre","Confira a lista com nomes dos deputados estaduais eleitos no acre","Confira a lista de deputados estaduais e federais eleitos no acre","Confira a lista de deputados estaduais eleitos no acre","Confira a lista de deputados federais eleitos no acre","Confira a lista final de deputados estaduais eleitos no acre","Conhe\u00e7a os deputados estaduais eleitos no acre","conhecer os deputados eleitos","conhecer os deputados eleitos em minas","deputado mais votado no norte de minas","deputado mais votado no vale do a\u00e7o","deputado mais votado no vale do jequitinhonha","deputado mais votado no vale do mucuri","deputado mais votado no vale do rio doce","deputados eleitos","deputados eleitos 2022 ac","deputados eleitos ac","deputados eleitos ac 2022","deputados eleitos de ac","deputados eleitos em ac","deputados eleitos em ac 2022","deputados eleitos em minas","deputados eleitos minas","deputados eleitos minas gerais","deputados eleitos no acre","deputados eleitos no acre 2022","deputados estaduais eleitos","deputados estaduais eleitos 2022 ac","deputados estaduais eleitos ac","deputados estaduais eleitos ac 2022","deputados estaduais eleitos em ac","deputados estaduais eleitos em ac 2022","deputados estaduais eleitos em minas","deputados estaduais eleitos minas","deputados estaduais eleitos minas gerais","deputados estaduais eleitos no Acre","deputados estaduais eleitos no acre 2022","deputados federais eleitos ac","deputados federais eleitos em ac","deputados federais eleitos no Acre","Elei\u00e7\u00e3o para deputado estadual no Brasil","Elei\u00e7\u00e3o para deputado federal no Brasil","Elei\u00e7\u00e3o para governador no Brasil","Elei\u00e7\u00e3o para presidente no Brasil","Elei\u00e7\u00e3o para Senador no Brasil","Elei\u00e7\u00f5es","Elei\u00e7\u00f5es 2022","Elei\u00e7\u00f5es 2022 no Acre","Elei\u00e7\u00f5es 2022 no Brasil","elei\u00e7\u00f5es no Acre","Elei\u00e7\u00f5es no Brasil","Eleito AC","Eleito Minas Gerais","Eleitos em minas","governador eleito no acre","informa\u00e7\u00f5es sobre os deputados eleitos em minas","lista de deputados estaduais eleitos no Acre","nomes dos deputados eleitos no Acre","Resultado das elei\u00e7\u00f5es 2022 no acre","resultado das elei\u00e7\u00f5es no acre","resultado elei\u00e7\u00f5es 2022 ac","resultado elei\u00e7\u00f5es 2022 no acre","senador eleito no Acre","vota\u00e7\u00e3o para deputado no acre","vota\u00e7\u00e3o para governador no Acre","vota\u00e7\u00e3o para senador no Acre"],"articleSection":["Brasil","Elei\u00e7\u00f5es 2022"],"inLanguage":"pt-BR","potentialAction":[{"@type":"CommentAction","name":"Comment","target":["https:\/\/aconteceunovale.com.br\/portal\/?p=190874#respond"]}]},{"@type":"WebPage","@id":"https:\/\/aconteceunovale.com.br\/portal\/?p=190874","url":"https:\/\/aconteceunovale.com.br\/portal\/?p=190874","name":"Confira a lista de deputados federais eleitos no Acre - Aconteceu no Vale","isPartOf":{"@id":"https:\/\/aconteceunovale.com.br\/portal\/#website"},"primaryImageOfPage":{"@id":"https:\/\/aconteceunovale.com.br\/portal\/?p=190874#primaryimage"},"image":{"@id":"https:\/\/aconteceunovale.com.br\/portal\/?p=190874#primaryimage"},"thumbnailUrl":"https:\/\/aconteceunovale.com.br\/portal\/wp-content\/uploads\/2022\/10\/acre.jpg","datePublished":"2022-10-03T02:42:45+00:00","dateModified":"2022-10-03T03:08:06+00:00","author":{"@id":"https:\/\/aconteceunovale.com.br\/portal\/#\/schema\/person\/7d2f26d1483f8a63de73da1ee0754d35"},"breadcrumb":{"@id":"https:\/\/aconteceunovale.com.br\/portal\/?p=190874#breadcrumb"},"inLanguage":"pt-BR","potentialAction":[{"@type":"ReadAction","target":["https:\/\/aconteceunovale.com.br\/portal\/?p=190874"]}]},{"@type":"ImageObject","inLanguage":"pt-BR","@id":"https:\/\/aconteceunovale.com.br\/portal\/?p=190874#primaryimage","url":"https:\/\/aconteceunovale.com.br\/portal\/wp-content\/uploads\/2022\/10\/acre.jpg","contentUrl":"https:\/\/aconteceunovale.com.br\/portal\/wp-content\/uploads\/2022\/10\/acre.jpg","width":678,"height":355},{"@type":"BreadcrumbList","@id":"https:\/\/aconteceunovale.com.br\/portal\/?p=190874#breadcrumb","itemListElement":[{"@type":"ListItem","position":1,"name":"In\u00edcio","item":"https:\/\/aconteceunovale.com.br\/portal\/"},{"@type":"ListItem","position":2,"name":"Confira a lista de deputados federais eleitos no Acre"}]},{"@type":"WebSite","@id":"https:\/\/aconteceunovale.com.br\/portal\/#website","url":"https:\/\/aconteceunovale.com.br\/portal\/","name":"Aconteceu no Vale","description":"Portal de Not\u00edcias","potentialAction":[{"@type":"SearchAction","target":{"@type":"EntryPoint","urlTemplate":"https:\/\/aconteceunovale.com.br\/portal\/?s={search_term_string}"},"query-input":{"@type":"PropertyValueSpecification","valueRequired":true,"valueName":"search_term_string"}}],"inLanguage":"pt-BR"},{"@type":"Person","@id":"https:\/\/aconteceunovale.com.br\/portal\/#\/schema\/person\/7d2f26d1483f8a63de73da1ee0754d35","name":"Reda\u00e7\u00e3o Aconteceu no Vale","description":"Equipe de reportagem do Aconteceu no Vale, portal de not\u00edcias do Vale do Jequitinhonha, em Minas Gerais. Cobrimos as 51 cidades do Vale desde 2013. Sugest\u00f5es de pauta e pedidos de corre\u00e7\u00e3o: contato@aconteceunovale.com.br","url":"https:\/\/aconteceunovale.com.br\/portal\/?author=4"}]}},"_links":{"self":[{"href":"https:\/\/aconteceunovale.com.br\/portal\/index.php?rest_route=\/wp\/v2\/posts\/190874","targetHints":{"allow":["GET"]}}],"collection":[{"href":"https:\/\/aconteceunovale.com.br\/portal\/index.php?rest_route=\/wp\/v2\/posts"}],"about":[{"href":"https:\/\/aconteceunovale.com.br\/portal\/index.php?rest_route=\/wp\/v2\/types\/post"}],"author":[{"embeddable":true,"href":"https:\/\/aconteceunovale.com.br\/portal\/index.php?rest_route=\/wp\/v2\/users\/4"}],"replies":[{"embeddable":true,"href":"https:\/\/aconteceunovale.com.br\/portal\/index.php?rest_route=%2Fwp%2Fv2%2Fcomments&post=190874"}],"version-history":[{"count":1,"href":"https:\/\/aconteceunovale.com.br\/portal\/index.php?rest_route=\/wp\/v2\/posts\/190874\/revisions"}],"predecessor-version":[{"id":190876,"href":"https:\/\/aconteceunovale.com.br\/portal\/index.php?rest_route=\/wp\/v2\/posts\/190874\/revisions\/190876"}],"wp:featuredmedia":[{"embeddable":true,"href":"https:\/\/aconteceunovale.com.br\/portal\/index.php?rest_route=\/wp\/v2\/media\/190875"}],"wp:attachment":[{"href":"https:\/\/aconteceunovale.com.br\/portal\/index.php?rest_route=%2Fwp%2Fv2%2Fmedia&parent=190874"}],"wp:term":[{"taxonomy":"category","embeddable":true,"href":"https:\/\/aconteceunovale.com.br\/portal\/index.php?rest_route=%2Fwp%2Fv2%2Fcategories&post=190874"},{"taxonomy":"post_tag","embeddable":true,"href":"https:\/\/aconteceunovale.com.br\/portal\/index.php?rest_route=%2Fwp%2Fv2%2Ftags&post=190874"}],"curies":[{"name":"wp","href":"https:\/\/api.w.org\/{rel}","templated":true}]}}