{"id":190862,"date":"2022-10-02T21:30:31","date_gmt":"2022-10-03T00:30:31","guid":{"rendered":"https:\/\/aconteceunovale.com.br\/portal\/?p=190862"},"modified":"2022-10-03T01:26:03","modified_gmt":"2022-10-03T04:26:03","slug":"romeu-zema-e-reeleito-governador-de-minas-gerais","status":"publish","type":"post","link":"https:\/\/aconteceunovale.com.br\/portal\/?p=190862","title":{"rendered":"Romeu Zema \u00e9 reeleito governador de Minas Gerais"},"content":{"rendered":"\n<p class=\"wp-block-paragraph\">O atual governador Romeu Zema (NOVO) foi reeleito em Minas Gerais. O ex-prefeito de Belo Horizonte, Alexandre Kalil (PSD), ficou em segundo lugar.<\/p>\n\n\n\n<figure class=\"wp-block-gallery has-nested-images columns-default is-cropped wp-block-gallery-1 is-layout-flex wp-block-gallery-is-layout-flex\">\n<figure class=\"wp-block-image size-large\"><img loading=\"lazy\" decoding=\"async\" width=\"647\" height=\"450\" data-id=\"190863\" src=\"https:\/\/aconteceunovale.com.br\/portal\/wp-content\/uploads\/2022\/10\/zema_reeleito.jpg\" alt=\"\" class=\"wp-image-190863\" srcset=\"https:\/\/aconteceunovale.com.br\/portal\/wp-content\/uploads\/2022\/10\/zema_reeleito.jpg 647w, https:\/\/aconteceunovale.com.br\/portal\/wp-content\/uploads\/2022\/10\/zema_reeleito-300x209.jpg 300w, https:\/\/aconteceunovale.com.br\/portal\/wp-content\/uploads\/2022\/10\/zema_reeleito-100x70.jpg 100w, https:\/\/aconteceunovale.com.br\/portal\/wp-content\/uploads\/2022\/10\/zema_reeleito-604x420.jpg 604w\" sizes=\"auto, (max-width: 647px) 100vw, 647px\" \/><figcaption><em><sub>Foto: Divulga\u00e7\u00e3o \/ Romeu Zema<\/sub><\/em><\/figcaption><\/figure>\n<\/figure>\n\n\n\n<p class=\"wp-block-paragraph\">Confira o resultado:<\/p>\n\n\n\n<ul class=\"wp-block-list\"><li><strong>Romeu Zema (NOVO) &#8211; 6.094.136 votos (56,18%)<\/strong><\/li><li>Alexandre Kalil (PSD) &#8211; 3.805.182 votos (35,08%)<\/li><li>Carlos Viana (PL) &#8211; 783.800 votos (7,23%)<\/li><li>Marcus Pestana (PSDB) &#8211; 60.637 votos (0,56%)<\/li><li>Lorene Figueiredo (PSOL) &#8211; 44.898 votos (0,41%)<\/li><li>Cabo Trist\u00e3o (PMB) &#8211; 15.774 votos (0,15%)<\/li><li>Indira Xavier (UP) &#8211; 15.604 votos (0,14%)<\/li><li>Renata Regina (PCB) &#8211; 12.514 votos (0,12%)<\/li><li>Vanessa Portugal (PSTU) &#8211; 12.009 votos (0,11%)<\/li><li>Lourdes Francisco (PCO) &#8211; 2.012 votos (0,02%) &#8211; anulado sub judice<\/li><\/ul>\n\n\n\n<p class=\"wp-block-paragraph\">Acompanhe a apura\u00e7\u00e3o completa e os resultados das Elei\u00e7\u00f5es 2022 em nossa p\u00e1gina (<a href=\"https:\/\/aconteceunovale.com.br\/portal\/?p=190684\" target=\"_blank\" rel=\"noreferrer noopener\">confira aqui<\/a>).<\/p>\n\n\n\n<p class=\"wp-block-paragraph\">&#8212;&#8212;&#8212;&#8212;&#8212;&#8212;<br><br><strong>Sabia que o Aconteceu no Vale est\u00e1 tamb\u00e9m no Telegram? <a rel=\"noreferrer noopener\" href=\"https:\/\/t.me\/aconteceunovaleoficial\" target=\"_blank\">Inscreva-se no canal<\/a>.<\/strong><br><br><strong>J\u00e1 curtiu ou seguiu nossas p\u00e1ginas nas redes sociais?&nbsp;Receba as not\u00edcias em primeira m\u00e3o:<\/strong><br>\u2022 <a rel=\"noreferrer noopener\" href=\"https:\/\/news.google.com\/publications\/CAAqBwgKMNjklQswi4etAw?hl=pt-BR&amp;gl=BR&amp;ceid=BR%3Apt-419\" target=\"_blank\">Google News<\/a><br>\u2022 <a rel=\"noreferrer noopener\" href=\"https:\/\/www.facebook.com\/aconteceunovale\/\" target=\"_blank\">Facebook<\/a><br>\u2022 <a rel=\"noreferrer noopener\" href=\"https:\/\/twitter.com\/noticiadosvales\" target=\"_blank\">Twitter<\/a><br>\u2022 <a rel=\"noreferrer noopener\" href=\"https:\/\/www.instagram.com\/aconteceunovale\" target=\"_blank\">Instagram<\/a><br>\u2022 <a rel=\"noreferrer noopener\" href=\"https:\/\/www.youtube.com\/AconteceunoValeOficial\" target=\"_blank\">Youtube<\/a><br>\u2022 <a rel=\"noreferrer noopener\" href=\"https:\/\/www.tiktok.com\/@aconteceunovale\" target=\"_blank\">TikTok<\/a><\/p>\n","protected":false},"excerpt":{"rendered":"<p>O atual governador Romeu Zema (NOVO) foi reeleito em Minas Gerais. O ex-prefeito de Belo Horizonte, Alexandre Kalil (PSD), ficou em segundo lugar. Confira o resultado: Romeu Zema (NOVO) &#8211; 6.094.136 votos (56,18%) Alexandre Kalil (PSD) &#8211; 3.805.182 votos (35,08%) Carlos Viana (PL) &#8211; 783.800 votos (7,23%) Marcus Pestana (PSDB) &#8211; 60.637 votos (0,56%) Lorene [&hellip;]<\/p>\n","protected":false},"author":4,"featured_media":190863,"comment_status":"open","ping_status":"closed","sticky":false,"template":"","format":"standard","meta":{"amp_status":"","footnotes":""},"categories":[249933,123,40240],"tags":[25087,181660,178438,1018,263743,17334,181706,51191,40917,131,263744,6307,263745,263746,178207,263747,21010],"class_list":["post-190862","post","type-post","status-publish","format-standard","has-post-thumbnail","hentry","category-eleicoes-2022","category-gerais","category-politica","tag-alexandre-kalil","tag-apuracao-dos-votos-em-minas-gerais","tag-carlos-viana","tag-destaque","tag-eleito-em-minas-gerais","tag-governador-de-minas-gerais","tag-governador-eleito-em-minas-gerais","tag-governo-de-minas-gerais","tag-mg","tag-minas-gerais","tag-novo-governador-de-mg","tag-novo-governador-de-minas-gerais","tag-resultado-da-eleicao-em-minas-gerais","tag-resultado-em-minas-gerais","tag-romeu-zema","tag-romeu-zema-e-reeleito-governador-de-minas-gerais","tag-votacao-em-minas-gerais"],"yoast_head":"<!-- This site is optimized with the Yoast SEO plugin v28.3 - https:\/\/yoast.com\/product\/yoast-seo-wordpress\/ -->\n<title>Romeu Zema \u00e9 reeleito governador de Minas Gerais - Aconteceu no Vale<\/title>\n<meta name=\"robots\" content=\"index, follow, max-snippet:-1, max-image-preview:large, max-video-preview:-1\" \/>\n<link rel=\"canonical\" href=\"https:\/\/aconteceunovale.com.br\/portal\/?p=190862\" \/>\n<meta property=\"og:locale\" content=\"pt_BR\" \/>\n<meta property=\"og:type\" content=\"article\" \/>\n<meta property=\"og:title\" content=\"Romeu Zema \u00e9 reeleito governador de Minas Gerais - Aconteceu no Vale\" \/>\n<meta property=\"og:description\" content=\"O atual governador Romeu Zema (NOVO) foi reeleito em Minas Gerais. O ex-prefeito de Belo Horizonte, Alexandre Kalil (PSD), ficou em segundo lugar. Confira o resultado: Romeu Zema (NOVO) &#8211; 6.094.136 votos (56,18%) Alexandre Kalil (PSD) &#8211; 3.805.182 votos (35,08%) Carlos Viana (PL) &#8211; 783.800 votos (7,23%) Marcus Pestana (PSDB) &#8211; 60.637 votos (0,56%) Lorene [&hellip;]\" \/>\n<meta property=\"og:url\" content=\"https:\/\/aconteceunovale.com.br\/portal\/?p=190862\" \/>\n<meta property=\"og:site_name\" content=\"Aconteceu no Vale\" \/>\n<meta property=\"article:publisher\" content=\"https:\/\/www.facebook.com\/aconteceunovale\/\" \/>\n<meta property=\"article:published_time\" content=\"2022-10-03T00:30:31+00:00\" \/>\n<meta property=\"article:modified_time\" content=\"2022-10-03T04:26:03+00:00\" \/>\n<meta property=\"og:image\" content=\"https:\/\/aconteceunovale.com.br\/portal\/wp-content\/uploads\/2022\/10\/zema_reeleito.jpg\" \/>\n\t<meta property=\"og:image:width\" content=\"647\" \/>\n\t<meta property=\"og:image:height\" content=\"450\" \/>\n\t<meta property=\"og:image:type\" content=\"image\/jpeg\" \/>\n<meta name=\"author\" content=\"Reda\u00e7\u00e3o Aconteceu no Vale\" \/>\n<meta name=\"twitter:card\" content=\"summary_large_image\" \/>\n<meta name=\"twitter:creator\" content=\"@noticiadosvales\" \/>\n<meta name=\"twitter:site\" content=\"@noticiadosvales\" \/>\n<meta name=\"twitter:label1\" content=\"Escrito por\" \/>\n\t<meta name=\"twitter:data1\" content=\"Reda\u00e7\u00e3o Aconteceu no Vale\" \/>\n\t<meta name=\"twitter:label2\" content=\"Est. tempo de leitura\" \/>\n\t<meta name=\"twitter:data2\" content=\"1 minuto\" \/>\n<script type=\"application\/ld+json\" class=\"yoast-schema-graph\">{\"@context\":\"https:\\\/\\\/schema.org\",\"@graph\":[{\"@type\":\"Article\",\"@id\":\"https:\\\/\\\/aconteceunovale.com.br\\\/portal\\\/?p=190862#article\",\"isPartOf\":{\"@id\":\"https:\\\/\\\/aconteceunovale.com.br\\\/portal\\\/?p=190862\"},\"author\":{\"name\":\"Reda\u00e7\u00e3o Aconteceu no Vale\",\"@id\":\"https:\\\/\\\/aconteceunovale.com.br\\\/portal\\\/#\\\/schema\\\/person\\\/7d2f26d1483f8a63de73da1ee0754d35\"},\"headline\":\"Romeu Zema \u00e9 reeleito governador de Minas Gerais\",\"datePublished\":\"2022-10-03T00:30:31+00:00\",\"dateModified\":\"2022-10-03T04:26:03+00:00\",\"mainEntityOfPage\":{\"@id\":\"https:\\\/\\\/aconteceunovale.com.br\\\/portal\\\/?p=190862\"},\"wordCount\":151,\"commentCount\":0,\"image\":{\"@id\":\"https:\\\/\\\/aconteceunovale.com.br\\\/portal\\\/?p=190862#primaryimage\"},\"thumbnailUrl\":\"https:\\\/\\\/aconteceunovale.com.br\\\/portal\\\/wp-content\\\/uploads\\\/2022\\\/10\\\/zema_reeleito.jpg\",\"keywords\":[\"Alexandre Kalil\",\"apura\u00e7\u00e3o dos votos em Minas Gerais\",\"Carlos Viana\",\"destaque\",\"Eleito em minas gerais\",\"governador de minas gerais\",\"Governador eleito em minas gerais\",\"Governo de Minas Gerais\",\"MG\",\"Minas Gerais\",\"Novo governador de MG\",\"novo governador de minas gerais\",\"Resultado da elei\u00e7\u00e3o em minas gerais\",\"Resultado em Minas Gerais\",\"Romeu Zema\",\"Romeu Zema \u00e9 reeleito governador de Minas Gerais\",\"vota\u00e7\u00e3o em minas gerais\"],\"articleSection\":[\"Elei\u00e7\u00f5es 2022\",\"Minas Gerais\",\"Pol\u00edtica\"],\"inLanguage\":\"pt-BR\",\"potentialAction\":[{\"@type\":\"CommentAction\",\"name\":\"Comment\",\"target\":[\"https:\\\/\\\/aconteceunovale.com.br\\\/portal\\\/?p=190862#respond\"]}]},{\"@type\":\"WebPage\",\"@id\":\"https:\\\/\\\/aconteceunovale.com.br\\\/portal\\\/?p=190862\",\"url\":\"https:\\\/\\\/aconteceunovale.com.br\\\/portal\\\/?p=190862\",\"name\":\"Romeu Zema \u00e9 reeleito governador de Minas Gerais - Aconteceu no Vale\",\"isPartOf\":{\"@id\":\"https:\\\/\\\/aconteceunovale.com.br\\\/portal\\\/#website\"},\"primaryImageOfPage\":{\"@id\":\"https:\\\/\\\/aconteceunovale.com.br\\\/portal\\\/?p=190862#primaryimage\"},\"image\":{\"@id\":\"https:\\\/\\\/aconteceunovale.com.br\\\/portal\\\/?p=190862#primaryimage\"},\"thumbnailUrl\":\"https:\\\/\\\/aconteceunovale.com.br\\\/portal\\\/wp-content\\\/uploads\\\/2022\\\/10\\\/zema_reeleito.jpg\",\"datePublished\":\"2022-10-03T00:30:31+00:00\",\"dateModified\":\"2022-10-03T04:26:03+00:00\",\"author\":{\"@id\":\"https:\\\/\\\/aconteceunovale.com.br\\\/portal\\\/#\\\/schema\\\/person\\\/7d2f26d1483f8a63de73da1ee0754d35\"},\"breadcrumb\":{\"@id\":\"https:\\\/\\\/aconteceunovale.com.br\\\/portal\\\/?p=190862#breadcrumb\"},\"inLanguage\":\"pt-BR\",\"potentialAction\":[{\"@type\":\"ReadAction\",\"target\":[\"https:\\\/\\\/aconteceunovale.com.br\\\/portal\\\/?p=190862\"]}]},{\"@type\":\"ImageObject\",\"inLanguage\":\"pt-BR\",\"@id\":\"https:\\\/\\\/aconteceunovale.com.br\\\/portal\\\/?p=190862#primaryimage\",\"url\":\"https:\\\/\\\/aconteceunovale.com.br\\\/portal\\\/wp-content\\\/uploads\\\/2022\\\/10\\\/zema_reeleito.jpg\",\"contentUrl\":\"https:\\\/\\\/aconteceunovale.com.br\\\/portal\\\/wp-content\\\/uploads\\\/2022\\\/10\\\/zema_reeleito.jpg\",\"width\":647,\"height\":450},{\"@type\":\"BreadcrumbList\",\"@id\":\"https:\\\/\\\/aconteceunovale.com.br\\\/portal\\\/?p=190862#breadcrumb\",\"itemListElement\":[{\"@type\":\"ListItem\",\"position\":1,\"name\":\"In\u00edcio\",\"item\":\"https:\\\/\\\/aconteceunovale.com.br\\\/portal\\\/\"},{\"@type\":\"ListItem\",\"position\":2,\"name\":\"Romeu Zema \u00e9 reeleito governador de Minas Gerais\"}]},{\"@type\":\"WebSite\",\"@id\":\"https:\\\/\\\/aconteceunovale.com.br\\\/portal\\\/#website\",\"url\":\"https:\\\/\\\/aconteceunovale.com.br\\\/portal\\\/\",\"name\":\"Aconteceu no Vale\",\"description\":\"Portal de Not\u00edcias\",\"potentialAction\":[{\"@type\":\"SearchAction\",\"target\":{\"@type\":\"EntryPoint\",\"urlTemplate\":\"https:\\\/\\\/aconteceunovale.com.br\\\/portal\\\/?s={search_term_string}\"},\"query-input\":{\"@type\":\"PropertyValueSpecification\",\"valueRequired\":true,\"valueName\":\"search_term_string\"}}],\"inLanguage\":\"pt-BR\"},{\"@type\":\"Person\",\"@id\":\"https:\\\/\\\/aconteceunovale.com.br\\\/portal\\\/#\\\/schema\\\/person\\\/7d2f26d1483f8a63de73da1ee0754d35\",\"name\":\"Reda\u00e7\u00e3o Aconteceu no Vale\",\"description\":\"Equipe de reportagem do Aconteceu no Vale, portal de not\u00edcias do Vale do Jequitinhonha, em Minas Gerais. Cobrimos as 51 cidades do Vale desde 2013. Sugest\u00f5es de pauta e pedidos de corre\u00e7\u00e3o: contato@aconteceunovale.com.br\",\"url\":\"https:\\\/\\\/aconteceunovale.com.br\\\/portal\\\/?author=4\"}]}<\/script>\n<!-- \/ Yoast SEO plugin. -->","yoast_head_json":{"title":"Romeu Zema \u00e9 reeleito governador de Minas Gerais - Aconteceu no Vale","robots":{"index":"index","follow":"follow","max-snippet":"max-snippet:-1","max-image-preview":"max-image-preview:large","max-video-preview":"max-video-preview:-1"},"canonical":"https:\/\/aconteceunovale.com.br\/portal\/?p=190862","og_locale":"pt_BR","og_type":"article","og_title":"Romeu Zema \u00e9 reeleito governador de Minas Gerais - Aconteceu no Vale","og_description":"O atual governador Romeu Zema (NOVO) foi reeleito em Minas Gerais. O ex-prefeito de Belo Horizonte, Alexandre Kalil (PSD), ficou em segundo lugar. Confira o resultado: Romeu Zema (NOVO) &#8211; 6.094.136 votos (56,18%) Alexandre Kalil (PSD) &#8211; 3.805.182 votos (35,08%) Carlos Viana (PL) &#8211; 783.800 votos (7,23%) Marcus Pestana (PSDB) &#8211; 60.637 votos (0,56%) Lorene [&hellip;]","og_url":"https:\/\/aconteceunovale.com.br\/portal\/?p=190862","og_site_name":"Aconteceu no Vale","article_publisher":"https:\/\/www.facebook.com\/aconteceunovale\/","article_published_time":"2022-10-03T00:30:31+00:00","article_modified_time":"2022-10-03T04:26:03+00:00","og_image":[{"width":647,"height":450,"url":"https:\/\/aconteceunovale.com.br\/portal\/wp-content\/uploads\/2022\/10\/zema_reeleito.jpg","type":"image\/jpeg"}],"author":"Reda\u00e7\u00e3o Aconteceu no Vale","twitter_card":"summary_large_image","twitter_creator":"@noticiadosvales","twitter_site":"@noticiadosvales","twitter_misc":{"Escrito por":"Reda\u00e7\u00e3o Aconteceu no Vale","Est. tempo de leitura":"1 minuto"},"schema":{"@context":"https:\/\/schema.org","@graph":[{"@type":"Article","@id":"https:\/\/aconteceunovale.com.br\/portal\/?p=190862#article","isPartOf":{"@id":"https:\/\/aconteceunovale.com.br\/portal\/?p=190862"},"author":{"name":"Reda\u00e7\u00e3o Aconteceu no Vale","@id":"https:\/\/aconteceunovale.com.br\/portal\/#\/schema\/person\/7d2f26d1483f8a63de73da1ee0754d35"},"headline":"Romeu Zema \u00e9 reeleito governador de Minas Gerais","datePublished":"2022-10-03T00:30:31+00:00","dateModified":"2022-10-03T04:26:03+00:00","mainEntityOfPage":{"@id":"https:\/\/aconteceunovale.com.br\/portal\/?p=190862"},"wordCount":151,"commentCount":0,"image":{"@id":"https:\/\/aconteceunovale.com.br\/portal\/?p=190862#primaryimage"},"thumbnailUrl":"https:\/\/aconteceunovale.com.br\/portal\/wp-content\/uploads\/2022\/10\/zema_reeleito.jpg","keywords":["Alexandre Kalil","apura\u00e7\u00e3o dos votos em Minas Gerais","Carlos Viana","destaque","Eleito em minas gerais","governador de minas gerais","Governador eleito em minas gerais","Governo de Minas Gerais","MG","Minas Gerais","Novo governador de MG","novo governador de minas gerais","Resultado da elei\u00e7\u00e3o em minas gerais","Resultado em Minas Gerais","Romeu Zema","Romeu Zema \u00e9 reeleito governador de Minas Gerais","vota\u00e7\u00e3o em minas gerais"],"articleSection":["Elei\u00e7\u00f5es 2022","Minas Gerais","Pol\u00edtica"],"inLanguage":"pt-BR","potentialAction":[{"@type":"CommentAction","name":"Comment","target":["https:\/\/aconteceunovale.com.br\/portal\/?p=190862#respond"]}]},{"@type":"WebPage","@id":"https:\/\/aconteceunovale.com.br\/portal\/?p=190862","url":"https:\/\/aconteceunovale.com.br\/portal\/?p=190862","name":"Romeu Zema \u00e9 reeleito governador de Minas Gerais - Aconteceu no Vale","isPartOf":{"@id":"https:\/\/aconteceunovale.com.br\/portal\/#website"},"primaryImageOfPage":{"@id":"https:\/\/aconteceunovale.com.br\/portal\/?p=190862#primaryimage"},"image":{"@id":"https:\/\/aconteceunovale.com.br\/portal\/?p=190862#primaryimage"},"thumbnailUrl":"https:\/\/aconteceunovale.com.br\/portal\/wp-content\/uploads\/2022\/10\/zema_reeleito.jpg","datePublished":"2022-10-03T00:30:31+00:00","dateModified":"2022-10-03T04:26:03+00:00","author":{"@id":"https:\/\/aconteceunovale.com.br\/portal\/#\/schema\/person\/7d2f26d1483f8a63de73da1ee0754d35"},"breadcrumb":{"@id":"https:\/\/aconteceunovale.com.br\/portal\/?p=190862#breadcrumb"},"inLanguage":"pt-BR","potentialAction":[{"@type":"ReadAction","target":["https:\/\/aconteceunovale.com.br\/portal\/?p=190862"]}]},{"@type":"ImageObject","inLanguage":"pt-BR","@id":"https:\/\/aconteceunovale.com.br\/portal\/?p=190862#primaryimage","url":"https:\/\/aconteceunovale.com.br\/portal\/wp-content\/uploads\/2022\/10\/zema_reeleito.jpg","contentUrl":"https:\/\/aconteceunovale.com.br\/portal\/wp-content\/uploads\/2022\/10\/zema_reeleito.jpg","width":647,"height":450},{"@type":"BreadcrumbList","@id":"https:\/\/aconteceunovale.com.br\/portal\/?p=190862#breadcrumb","itemListElement":[{"@type":"ListItem","position":1,"name":"In\u00edcio","item":"https:\/\/aconteceunovale.com.br\/portal\/"},{"@type":"ListItem","position":2,"name":"Romeu Zema \u00e9 reeleito governador de Minas Gerais"}]},{"@type":"WebSite","@id":"https:\/\/aconteceunovale.com.br\/portal\/#website","url":"https:\/\/aconteceunovale.com.br\/portal\/","name":"Aconteceu no Vale","description":"Portal de Not\u00edcias","potentialAction":[{"@type":"SearchAction","target":{"@type":"EntryPoint","urlTemplate":"https:\/\/aconteceunovale.com.br\/portal\/?s={search_term_string}"},"query-input":{"@type":"PropertyValueSpecification","valueRequired":true,"valueName":"search_term_string"}}],"inLanguage":"pt-BR"},{"@type":"Person","@id":"https:\/\/aconteceunovale.com.br\/portal\/#\/schema\/person\/7d2f26d1483f8a63de73da1ee0754d35","name":"Reda\u00e7\u00e3o Aconteceu no Vale","description":"Equipe de reportagem do Aconteceu no Vale, portal de not\u00edcias do Vale do Jequitinhonha, em Minas Gerais. Cobrimos as 51 cidades do Vale desde 2013. Sugest\u00f5es de pauta e pedidos de corre\u00e7\u00e3o: contato@aconteceunovale.com.br","url":"https:\/\/aconteceunovale.com.br\/portal\/?author=4"}]}},"_links":{"self":[{"href":"https:\/\/aconteceunovale.com.br\/portal\/index.php?rest_route=\/wp\/v2\/posts\/190862","targetHints":{"allow":["GET"]}}],"collection":[{"href":"https:\/\/aconteceunovale.com.br\/portal\/index.php?rest_route=\/wp\/v2\/posts"}],"about":[{"href":"https:\/\/aconteceunovale.com.br\/portal\/index.php?rest_route=\/wp\/v2\/types\/post"}],"author":[{"embeddable":true,"href":"https:\/\/aconteceunovale.com.br\/portal\/index.php?rest_route=\/wp\/v2\/users\/4"}],"replies":[{"embeddable":true,"href":"https:\/\/aconteceunovale.com.br\/portal\/index.php?rest_route=%2Fwp%2Fv2%2Fcomments&post=190862"}],"version-history":[{"count":3,"href":"https:\/\/aconteceunovale.com.br\/portal\/index.php?rest_route=\/wp\/v2\/posts\/190862\/revisions"}],"predecessor-version":[{"id":190909,"href":"https:\/\/aconteceunovale.com.br\/portal\/index.php?rest_route=\/wp\/v2\/posts\/190862\/revisions\/190909"}],"wp:featuredmedia":[{"embeddable":true,"href":"https:\/\/aconteceunovale.com.br\/portal\/index.php?rest_route=\/wp\/v2\/media\/190863"}],"wp:attachment":[{"href":"https:\/\/aconteceunovale.com.br\/portal\/index.php?rest_route=%2Fwp%2Fv2%2Fmedia&parent=190862"}],"wp:term":[{"taxonomy":"category","embeddable":true,"href":"https:\/\/aconteceunovale.com.br\/portal\/index.php?rest_route=%2Fwp%2Fv2%2Fcategories&post=190862"},{"taxonomy":"post_tag","embeddable":true,"href":"https:\/\/aconteceunovale.com.br\/portal\/index.php?rest_route=%2Fwp%2Fv2%2Ftags&post=190862"}],"curies":[{"name":"wp","href":"https:\/\/api.w.org\/{rel}","templated":true}]}}