{"id":190852,"date":"2022-10-02T12:16:00","date_gmt":"2022-10-02T15:16:00","guid":{"rendered":"https:\/\/aconteceunovale.com.br\/portal\/?p=190852"},"modified":"2022-10-02T13:35:17","modified_gmt":"2022-10-02T16:35:17","slug":"alexandre-de-moraes-manda-retirar-noticia-que-liga-marcola-a-lula","status":"publish","type":"post","link":"https:\/\/aconteceunovale.com.br\/portal\/?p=190852","title":{"rendered":"Alexandre de Moraes manda retirar not\u00edcia que liga Marcola a Lula"},"content":{"rendered":"\n<p class=\"wp-block-paragraph\">O presidente do Tribunal Superior Eleitoral (TSE), ministro Alexandre de Moraes, determinou hoje (2) que o site\u00a0<em>O Antagonista<\/em>\u00a0tire do ar uma publica\u00e7\u00e3o segundo a qual o l\u00edder da organiza\u00e7\u00e3o criminosa Primeiro Comando da Capital (PCC), Marcos Camacho, o Marcola, teria declarado voto no ex-presidente Luiz In\u00e1cio Lula da Silva, candidato \u00e0 Presid\u00eancia.<\/p>\n\n\n\n<p class=\"wp-block-paragraph\">Ap\u00f3s analisar pedido da campanha de Lula, Moraes afirmou que a publica\u00e7\u00e3o veicula \u201cfato sabidamente inver\u00eddico, com grave descontextualiza\u00e7\u00e3o\u201d, com a inten\u00e7\u00e3o aparente de vincular o candidato \u00e0 organiza\u00e7\u00e3o criminosa.<\/p>\n\n\n\n<p class=\"wp-block-paragraph\">O ministro frisou que o TSE j\u00e1 julgou outros casos em que enfrentou a suposta liga\u00e7\u00e3o entre o PCC e Lula, concluindo pela falsidade das informa\u00e7\u00f5es. Voltar a publicar informa\u00e7\u00f5es inver\u00eddicas sobre o assunto configura \u201cevidente intuito de comprometer a lisura das elei\u00e7\u00f5es, tendo em vista a higidez das informa\u00e7\u00f5es a respeito dos candidatos\u201d, escreveu Moraes.<\/p>\n\n\n\n<p class=\"wp-block-paragraph\">A publica\u00e7\u00e3o foi ontem (1\u00ba), com o t\u00edtulo \u201cExclusivo: em intercepta\u00e7\u00e3o da PF, Marcola declara voto em Lula\u201d. Moraes, por\u00e9m, concluiu que \u201ca partir da leitura da reportagem, n\u00e3o se constata qualquer declara\u00e7\u00e3o de voto de Marcola no candidato Luiz In\u00e1cio Lula da Silva\u201d.<\/p>\n\n\n\n<p class=\"wp-block-paragraph\">\u201cNa verdade, os di\u00e1logos transcritos, al\u00e9m de se relacionarem a condi\u00e7\u00f5es carcer\u00e1rias, apresentam apenas conota\u00e7\u00e3o pol\u00edtica, pois retratam suposta discuss\u00e3o de Marcola e outros interlocutores a respeito de Luiz In\u00e1cio Lula da Silva e Jair Messias Bolsonaro\u201d, ressaltou Moraes. \u201cEmbora o teor dos di\u00e1logos revele uma discuss\u00e3o comparativa entre os candidatos, n\u00e3o existe declara\u00e7\u00e3o de voto, fato constante no pr\u00f3prio t\u00edtulo da not\u00edcia\u201d, acrescentou o ministro.<\/p>\n\n\n\n<p class=\"wp-block-paragraph\">A decis\u00e3o de Moraes atinge tamb\u00e9m outros ve\u00edculos que replicaram a not\u00edcia, como a&nbsp;<em>R\u00e1dio Jovem Pan<\/em>&nbsp;e o portal&nbsp;<em>Terra<\/em>, e tamb\u00e9m perfis do presidente Jair Bolsonaro, candidato \u00e0 reelei\u00e7\u00e3o, entre outras p\u00e1ginas na internet. O ministro estabeleceu multa di\u00e1ria de R$ 100 mil em caso de descumprimento e de R$ 15 mil em caso de reincid\u00eancia.<\/p>\n\n\n\n<p class=\"wp-block-paragraph\">Em nota,\u00a0<em>O Antagonista<\/em>\u00a0classificou a liminar como \u201ccensura\u201d e disse que \u201ca decis\u00e3o de Moraes acolhe, sem direito ao contradit\u00f3rio, argumentos dos advogados da campanha do petista\u201d.<\/p>\n\n\n\n<p class=\"wp-block-paragraph\">&#8212;&#8212;&#8212;&#8212;&#8212;&#8212;<br><br><strong>Sabia que o Aconteceu no Vale est\u00e1 tamb\u00e9m no Telegram? <a rel=\"noreferrer noopener\" href=\"https:\/\/t.me\/aconteceunovaleoficial\" target=\"_blank\">Inscreva-se no canal<\/a>.<\/strong><br><br><strong>J\u00e1 curtiu ou seguiu nossas p\u00e1ginas nas redes sociais?\u00a0Receba as not\u00edcias em primeira m\u00e3o:<\/strong><br>\u2022 <a rel=\"noreferrer noopener\" href=\"https:\/\/news.google.com\/publications\/CAAqBwgKMNjklQswi4etAw?hl=pt-BR&amp;gl=BR&amp;ceid=BR%3Apt-419\" target=\"_blank\">Google News<\/a><br>\u2022 <a rel=\"noreferrer noopener\" href=\"https:\/\/www.facebook.com\/aconteceunovale\/\" target=\"_blank\">Facebook<\/a><br>\u2022 <a rel=\"noreferrer noopener\" href=\"https:\/\/twitter.com\/noticiadosvales\" target=\"_blank\">Twitter<\/a><br>\u2022 <a rel=\"noreferrer noopener\" href=\"https:\/\/www.instagram.com\/aconteceunovale\" target=\"_blank\">Instagram<\/a><br>\u2022 <a rel=\"noreferrer noopener\" href=\"https:\/\/www.youtube.com\/AconteceunoValeOficial\" target=\"_blank\">Youtube<\/a><br>\u2022 <a rel=\"noreferrer noopener\" href=\"https:\/\/www.tiktok.com\/@aconteceunovale\" target=\"_blank\">TikTok<\/a><\/p>\n","protected":false},"excerpt":{"rendered":"<p>O presidente do Tribunal Superior Eleitoral (TSE), ministro Alexandre de Moraes, determinou hoje (2) que o site\u00a0O Antagonista\u00a0tire do ar uma publica\u00e7\u00e3o segundo a qual o l\u00edder da organiza\u00e7\u00e3o criminosa Primeiro Comando da Capital (PCC), Marcos Camacho, o Marcola, teria declarado voto no ex-presidente Luiz In\u00e1cio Lula da Silva, candidato \u00e0 Presid\u00eancia. Ap\u00f3s analisar pedido [&hellip;]<\/p>\n","protected":false},"author":4,"featured_media":189776,"comment_status":"open","ping_status":"closed","sticky":false,"template":"","format":"standard","meta":{"amp_status":"","footnotes":""},"categories":[6,249933,40240],"tags":[35211,263733,1018,263627,263626,263625,263624,263628,718,252238,263623,261226,263734,263735,14124,263736,263737,94054,267],"class_list":["post-190852","post","type-post","status-publish","format-standard","has-post-thumbnail","hentry","category-br","category-eleicoes-2022","category-politica","tag-alexandre-de-moraes","tag-alexandre-de-moraes-manda-retirar-noticia-que-liga-marcola-a-lula","tag-destaque","tag-eleicao-para-deputado-estadual-no-brasil","tag-eleicao-para-deputado-federal-no-brasil","tag-eleicao-para-governador-no-brasil","tag-eleicao-para-presidente-no-brasil","tag-eleicao-para-senador-no-brasil","tag-eleicoes","tag-eleicoes-2022","tag-eleicoes-2022-no-brasil","tag-eleicoes-no-brasil","tag-ligacao-entre-lula-e-marcola","tag-ligacao-entre-marcola-e-lula","tag-luiz-inacio-lula-da-silva","tag-marcola","tag-marcos-camacho","tag-presidente-do-tse","tag-tse"],"yoast_head":"<!-- This site is optimized with the Yoast SEO plugin v28.3 - https:\/\/yoast.com\/product\/yoast-seo-wordpress\/ -->\n<title>Alexandre de Moraes manda retirar not\u00edcia que liga Marcola a Lula - Aconteceu no Vale<\/title>\n<meta name=\"robots\" content=\"index, follow, max-snippet:-1, max-image-preview:large, max-video-preview:-1\" \/>\n<link rel=\"canonical\" href=\"https:\/\/aconteceunovale.com.br\/portal\/?p=190852\" \/>\n<meta property=\"og:locale\" content=\"pt_BR\" \/>\n<meta property=\"og:type\" content=\"article\" \/>\n<meta property=\"og:title\" content=\"Alexandre de Moraes manda retirar not\u00edcia que liga Marcola a Lula - Aconteceu no Vale\" \/>\n<meta property=\"og:description\" content=\"O presidente do Tribunal Superior Eleitoral (TSE), ministro Alexandre de Moraes, determinou hoje (2) que o site\u00a0O Antagonista\u00a0tire do ar uma publica\u00e7\u00e3o segundo a qual o l\u00edder da organiza\u00e7\u00e3o criminosa Primeiro Comando da Capital (PCC), Marcos Camacho, o Marcola, teria declarado voto no ex-presidente Luiz In\u00e1cio Lula da Silva, candidato \u00e0 Presid\u00eancia. Ap\u00f3s analisar pedido [&hellip;]\" \/>\n<meta property=\"og:url\" content=\"https:\/\/aconteceunovale.com.br\/portal\/?p=190852\" \/>\n<meta property=\"og:site_name\" content=\"Aconteceu no Vale\" \/>\n<meta property=\"article:publisher\" content=\"https:\/\/www.facebook.com\/aconteceunovale\/\" \/>\n<meta property=\"article:published_time\" content=\"2022-10-02T15:16:00+00:00\" \/>\n<meta property=\"article:modified_time\" content=\"2022-10-02T16:35:17+00:00\" \/>\n<meta property=\"og:image\" content=\"https:\/\/aconteceunovale.com.br\/portal\/wp-content\/uploads\/2022\/08\/tse_placa3.jpg\" \/>\n\t<meta property=\"og:image:width\" content=\"678\" \/>\n\t<meta property=\"og:image:height\" content=\"406\" \/>\n\t<meta property=\"og:image:type\" content=\"image\/jpeg\" \/>\n<meta name=\"author\" content=\"Reda\u00e7\u00e3o Aconteceu no Vale\" \/>\n<meta name=\"twitter:card\" content=\"summary_large_image\" \/>\n<meta name=\"twitter:creator\" content=\"@noticiadosvales\" \/>\n<meta name=\"twitter:site\" content=\"@noticiadosvales\" \/>\n<meta name=\"twitter:label1\" content=\"Escrito por\" \/>\n\t<meta name=\"twitter:data1\" content=\"Reda\u00e7\u00e3o Aconteceu no Vale\" \/>\n\t<meta name=\"twitter:label2\" content=\"Est. tempo de leitura\" \/>\n\t<meta name=\"twitter:data2\" content=\"2 minutos\" \/>\n<script type=\"application\/ld+json\" class=\"yoast-schema-graph\">{\"@context\":\"https:\\\/\\\/schema.org\",\"@graph\":[{\"@type\":\"Article\",\"@id\":\"https:\\\/\\\/aconteceunovale.com.br\\\/portal\\\/?p=190852#article\",\"isPartOf\":{\"@id\":\"https:\\\/\\\/aconteceunovale.com.br\\\/portal\\\/?p=190852\"},\"author\":{\"name\":\"Reda\u00e7\u00e3o Aconteceu no Vale\",\"@id\":\"https:\\\/\\\/aconteceunovale.com.br\\\/portal\\\/#\\\/schema\\\/person\\\/7d2f26d1483f8a63de73da1ee0754d35\"},\"headline\":\"Alexandre de Moraes manda retirar not\u00edcia que liga Marcola a Lula\",\"datePublished\":\"2022-10-02T15:16:00+00:00\",\"dateModified\":\"2022-10-02T16:35:17+00:00\",\"mainEntityOfPage\":{\"@id\":\"https:\\\/\\\/aconteceunovale.com.br\\\/portal\\\/?p=190852\"},\"wordCount\":435,\"commentCount\":0,\"image\":{\"@id\":\"https:\\\/\\\/aconteceunovale.com.br\\\/portal\\\/?p=190852#primaryimage\"},\"thumbnailUrl\":\"https:\\\/\\\/aconteceunovale.com.br\\\/portal\\\/wp-content\\\/uploads\\\/2022\\\/08\\\/tse_placa3.jpg\",\"keywords\":[\"Alexandre de Moraes\",\"Alexandre de Moraes manda retirar not\u00edcia que liga Marcola a Lula\",\"destaque\",\"Elei\u00e7\u00e3o para deputado estadual no Brasil\",\"Elei\u00e7\u00e3o para deputado federal no Brasil\",\"Elei\u00e7\u00e3o para governador no Brasil\",\"Elei\u00e7\u00e3o para presidente no Brasil\",\"Elei\u00e7\u00e3o para Senador no Brasil\",\"Elei\u00e7\u00f5es\",\"Elei\u00e7\u00f5es 2022\",\"Elei\u00e7\u00f5es 2022 no Brasil\",\"Elei\u00e7\u00f5es no Brasil\",\"Liga\u00e7\u00e3o entre Lula e Marcola\",\"Liga\u00e7\u00e3o entre Marcola e Lula\",\"Luiz In\u00e1cio Lula da Silva\",\"Marcola\",\"Marcos Camacho\",\"presidente do TSE\",\"TSE\"],\"articleSection\":[\"Brasil\",\"Elei\u00e7\u00f5es 2022\",\"Pol\u00edtica\"],\"inLanguage\":\"pt-BR\",\"potentialAction\":[{\"@type\":\"CommentAction\",\"name\":\"Comment\",\"target\":[\"https:\\\/\\\/aconteceunovale.com.br\\\/portal\\\/?p=190852#respond\"]}]},{\"@type\":\"WebPage\",\"@id\":\"https:\\\/\\\/aconteceunovale.com.br\\\/portal\\\/?p=190852\",\"url\":\"https:\\\/\\\/aconteceunovale.com.br\\\/portal\\\/?p=190852\",\"name\":\"Alexandre de Moraes manda retirar not\u00edcia que liga Marcola a Lula - Aconteceu no Vale\",\"isPartOf\":{\"@id\":\"https:\\\/\\\/aconteceunovale.com.br\\\/portal\\\/#website\"},\"primaryImageOfPage\":{\"@id\":\"https:\\\/\\\/aconteceunovale.com.br\\\/portal\\\/?p=190852#primaryimage\"},\"image\":{\"@id\":\"https:\\\/\\\/aconteceunovale.com.br\\\/portal\\\/?p=190852#primaryimage\"},\"thumbnailUrl\":\"https:\\\/\\\/aconteceunovale.com.br\\\/portal\\\/wp-content\\\/uploads\\\/2022\\\/08\\\/tse_placa3.jpg\",\"datePublished\":\"2022-10-02T15:16:00+00:00\",\"dateModified\":\"2022-10-02T16:35:17+00:00\",\"author\":{\"@id\":\"https:\\\/\\\/aconteceunovale.com.br\\\/portal\\\/#\\\/schema\\\/person\\\/7d2f26d1483f8a63de73da1ee0754d35\"},\"breadcrumb\":{\"@id\":\"https:\\\/\\\/aconteceunovale.com.br\\\/portal\\\/?p=190852#breadcrumb\"},\"inLanguage\":\"pt-BR\",\"potentialAction\":[{\"@type\":\"ReadAction\",\"target\":[\"https:\\\/\\\/aconteceunovale.com.br\\\/portal\\\/?p=190852\"]}]},{\"@type\":\"ImageObject\",\"inLanguage\":\"pt-BR\",\"@id\":\"https:\\\/\\\/aconteceunovale.com.br\\\/portal\\\/?p=190852#primaryimage\",\"url\":\"https:\\\/\\\/aconteceunovale.com.br\\\/portal\\\/wp-content\\\/uploads\\\/2022\\\/08\\\/tse_placa3.jpg\",\"contentUrl\":\"https:\\\/\\\/aconteceunovale.com.br\\\/portal\\\/wp-content\\\/uploads\\\/2022\\\/08\\\/tse_placa3.jpg\",\"width\":678,\"height\":406,\"caption\":\"Edif\u00edcio sede do Tribunal Superior Eleitoral (TSE).\"},{\"@type\":\"BreadcrumbList\",\"@id\":\"https:\\\/\\\/aconteceunovale.com.br\\\/portal\\\/?p=190852#breadcrumb\",\"itemListElement\":[{\"@type\":\"ListItem\",\"position\":1,\"name\":\"In\u00edcio\",\"item\":\"https:\\\/\\\/aconteceunovale.com.br\\\/portal\\\/\"},{\"@type\":\"ListItem\",\"position\":2,\"name\":\"Alexandre de Moraes manda retirar not\u00edcia que liga Marcola a Lula\"}]},{\"@type\":\"WebSite\",\"@id\":\"https:\\\/\\\/aconteceunovale.com.br\\\/portal\\\/#website\",\"url\":\"https:\\\/\\\/aconteceunovale.com.br\\\/portal\\\/\",\"name\":\"Aconteceu no Vale\",\"description\":\"Portal de Not\u00edcias\",\"potentialAction\":[{\"@type\":\"SearchAction\",\"target\":{\"@type\":\"EntryPoint\",\"urlTemplate\":\"https:\\\/\\\/aconteceunovale.com.br\\\/portal\\\/?s={search_term_string}\"},\"query-input\":{\"@type\":\"PropertyValueSpecification\",\"valueRequired\":true,\"valueName\":\"search_term_string\"}}],\"inLanguage\":\"pt-BR\"},{\"@type\":\"Person\",\"@id\":\"https:\\\/\\\/aconteceunovale.com.br\\\/portal\\\/#\\\/schema\\\/person\\\/7d2f26d1483f8a63de73da1ee0754d35\",\"name\":\"Reda\u00e7\u00e3o Aconteceu no Vale\",\"description\":\"Equipe de reportagem do Aconteceu no Vale, portal de not\u00edcias do Vale do Jequitinhonha, em Minas Gerais. Cobrimos as 51 cidades do Vale desde 2013. Sugest\u00f5es de pauta e pedidos de corre\u00e7\u00e3o: contato@aconteceunovale.com.br\",\"url\":\"https:\\\/\\\/aconteceunovale.com.br\\\/portal\\\/?author=4\"}]}<\/script>\n<!-- \/ Yoast SEO plugin. -->","yoast_head_json":{"title":"Alexandre de Moraes manda retirar not\u00edcia que liga Marcola a Lula - Aconteceu no Vale","robots":{"index":"index","follow":"follow","max-snippet":"max-snippet:-1","max-image-preview":"max-image-preview:large","max-video-preview":"max-video-preview:-1"},"canonical":"https:\/\/aconteceunovale.com.br\/portal\/?p=190852","og_locale":"pt_BR","og_type":"article","og_title":"Alexandre de Moraes manda retirar not\u00edcia que liga Marcola a Lula - Aconteceu no Vale","og_description":"O presidente do Tribunal Superior Eleitoral (TSE), ministro Alexandre de Moraes, determinou hoje (2) que o site\u00a0O Antagonista\u00a0tire do ar uma publica\u00e7\u00e3o segundo a qual o l\u00edder da organiza\u00e7\u00e3o criminosa Primeiro Comando da Capital (PCC), Marcos Camacho, o Marcola, teria declarado voto no ex-presidente Luiz In\u00e1cio Lula da Silva, candidato \u00e0 Presid\u00eancia. Ap\u00f3s analisar pedido [&hellip;]","og_url":"https:\/\/aconteceunovale.com.br\/portal\/?p=190852","og_site_name":"Aconteceu no Vale","article_publisher":"https:\/\/www.facebook.com\/aconteceunovale\/","article_published_time":"2022-10-02T15:16:00+00:00","article_modified_time":"2022-10-02T16:35:17+00:00","og_image":[{"width":678,"height":406,"url":"https:\/\/aconteceunovale.com.br\/portal\/wp-content\/uploads\/2022\/08\/tse_placa3.jpg","type":"image\/jpeg"}],"author":"Reda\u00e7\u00e3o Aconteceu no Vale","twitter_card":"summary_large_image","twitter_creator":"@noticiadosvales","twitter_site":"@noticiadosvales","twitter_misc":{"Escrito por":"Reda\u00e7\u00e3o Aconteceu no Vale","Est. tempo de leitura":"2 minutos"},"schema":{"@context":"https:\/\/schema.org","@graph":[{"@type":"Article","@id":"https:\/\/aconteceunovale.com.br\/portal\/?p=190852#article","isPartOf":{"@id":"https:\/\/aconteceunovale.com.br\/portal\/?p=190852"},"author":{"name":"Reda\u00e7\u00e3o Aconteceu no Vale","@id":"https:\/\/aconteceunovale.com.br\/portal\/#\/schema\/person\/7d2f26d1483f8a63de73da1ee0754d35"},"headline":"Alexandre de Moraes manda retirar not\u00edcia que liga Marcola a Lula","datePublished":"2022-10-02T15:16:00+00:00","dateModified":"2022-10-02T16:35:17+00:00","mainEntityOfPage":{"@id":"https:\/\/aconteceunovale.com.br\/portal\/?p=190852"},"wordCount":435,"commentCount":0,"image":{"@id":"https:\/\/aconteceunovale.com.br\/portal\/?p=190852#primaryimage"},"thumbnailUrl":"https:\/\/aconteceunovale.com.br\/portal\/wp-content\/uploads\/2022\/08\/tse_placa3.jpg","keywords":["Alexandre de Moraes","Alexandre de Moraes manda retirar not\u00edcia que liga Marcola a Lula","destaque","Elei\u00e7\u00e3o para deputado estadual no Brasil","Elei\u00e7\u00e3o para deputado federal no Brasil","Elei\u00e7\u00e3o para governador no Brasil","Elei\u00e7\u00e3o para presidente no Brasil","Elei\u00e7\u00e3o para Senador no Brasil","Elei\u00e7\u00f5es","Elei\u00e7\u00f5es 2022","Elei\u00e7\u00f5es 2022 no Brasil","Elei\u00e7\u00f5es no Brasil","Liga\u00e7\u00e3o entre Lula e Marcola","Liga\u00e7\u00e3o entre Marcola e Lula","Luiz In\u00e1cio Lula da Silva","Marcola","Marcos Camacho","presidente do TSE","TSE"],"articleSection":["Brasil","Elei\u00e7\u00f5es 2022","Pol\u00edtica"],"inLanguage":"pt-BR","potentialAction":[{"@type":"CommentAction","name":"Comment","target":["https:\/\/aconteceunovale.com.br\/portal\/?p=190852#respond"]}]},{"@type":"WebPage","@id":"https:\/\/aconteceunovale.com.br\/portal\/?p=190852","url":"https:\/\/aconteceunovale.com.br\/portal\/?p=190852","name":"Alexandre de Moraes manda retirar not\u00edcia que liga Marcola a Lula - Aconteceu no Vale","isPartOf":{"@id":"https:\/\/aconteceunovale.com.br\/portal\/#website"},"primaryImageOfPage":{"@id":"https:\/\/aconteceunovale.com.br\/portal\/?p=190852#primaryimage"},"image":{"@id":"https:\/\/aconteceunovale.com.br\/portal\/?p=190852#primaryimage"},"thumbnailUrl":"https:\/\/aconteceunovale.com.br\/portal\/wp-content\/uploads\/2022\/08\/tse_placa3.jpg","datePublished":"2022-10-02T15:16:00+00:00","dateModified":"2022-10-02T16:35:17+00:00","author":{"@id":"https:\/\/aconteceunovale.com.br\/portal\/#\/schema\/person\/7d2f26d1483f8a63de73da1ee0754d35"},"breadcrumb":{"@id":"https:\/\/aconteceunovale.com.br\/portal\/?p=190852#breadcrumb"},"inLanguage":"pt-BR","potentialAction":[{"@type":"ReadAction","target":["https:\/\/aconteceunovale.com.br\/portal\/?p=190852"]}]},{"@type":"ImageObject","inLanguage":"pt-BR","@id":"https:\/\/aconteceunovale.com.br\/portal\/?p=190852#primaryimage","url":"https:\/\/aconteceunovale.com.br\/portal\/wp-content\/uploads\/2022\/08\/tse_placa3.jpg","contentUrl":"https:\/\/aconteceunovale.com.br\/portal\/wp-content\/uploads\/2022\/08\/tse_placa3.jpg","width":678,"height":406,"caption":"Edif\u00edcio sede do Tribunal Superior Eleitoral (TSE)."},{"@type":"BreadcrumbList","@id":"https:\/\/aconteceunovale.com.br\/portal\/?p=190852#breadcrumb","itemListElement":[{"@type":"ListItem","position":1,"name":"In\u00edcio","item":"https:\/\/aconteceunovale.com.br\/portal\/"},{"@type":"ListItem","position":2,"name":"Alexandre de Moraes manda retirar not\u00edcia que liga Marcola a Lula"}]},{"@type":"WebSite","@id":"https:\/\/aconteceunovale.com.br\/portal\/#website","url":"https:\/\/aconteceunovale.com.br\/portal\/","name":"Aconteceu no Vale","description":"Portal de Not\u00edcias","potentialAction":[{"@type":"SearchAction","target":{"@type":"EntryPoint","urlTemplate":"https:\/\/aconteceunovale.com.br\/portal\/?s={search_term_string}"},"query-input":{"@type":"PropertyValueSpecification","valueRequired":true,"valueName":"search_term_string"}}],"inLanguage":"pt-BR"},{"@type":"Person","@id":"https:\/\/aconteceunovale.com.br\/portal\/#\/schema\/person\/7d2f26d1483f8a63de73da1ee0754d35","name":"Reda\u00e7\u00e3o Aconteceu no Vale","description":"Equipe de reportagem do Aconteceu no Vale, portal de not\u00edcias do Vale do Jequitinhonha, em Minas Gerais. Cobrimos as 51 cidades do Vale desde 2013. Sugest\u00f5es de pauta e pedidos de corre\u00e7\u00e3o: contato@aconteceunovale.com.br","url":"https:\/\/aconteceunovale.com.br\/portal\/?author=4"}]}},"_links":{"self":[{"href":"https:\/\/aconteceunovale.com.br\/portal\/index.php?rest_route=\/wp\/v2\/posts\/190852","targetHints":{"allow":["GET"]}}],"collection":[{"href":"https:\/\/aconteceunovale.com.br\/portal\/index.php?rest_route=\/wp\/v2\/posts"}],"about":[{"href":"https:\/\/aconteceunovale.com.br\/portal\/index.php?rest_route=\/wp\/v2\/types\/post"}],"author":[{"embeddable":true,"href":"https:\/\/aconteceunovale.com.br\/portal\/index.php?rest_route=\/wp\/v2\/users\/4"}],"replies":[{"embeddable":true,"href":"https:\/\/aconteceunovale.com.br\/portal\/index.php?rest_route=%2Fwp%2Fv2%2Fcomments&post=190852"}],"version-history":[{"count":1,"href":"https:\/\/aconteceunovale.com.br\/portal\/index.php?rest_route=\/wp\/v2\/posts\/190852\/revisions"}],"predecessor-version":[{"id":190853,"href":"https:\/\/aconteceunovale.com.br\/portal\/index.php?rest_route=\/wp\/v2\/posts\/190852\/revisions\/190853"}],"wp:featuredmedia":[{"embeddable":true,"href":"https:\/\/aconteceunovale.com.br\/portal\/index.php?rest_route=\/wp\/v2\/media\/189776"}],"wp:attachment":[{"href":"https:\/\/aconteceunovale.com.br\/portal\/index.php?rest_route=%2Fwp%2Fv2%2Fmedia&parent=190852"}],"wp:term":[{"taxonomy":"category","embeddable":true,"href":"https:\/\/aconteceunovale.com.br\/portal\/index.php?rest_route=%2Fwp%2Fv2%2Fcategories&post=190852"},{"taxonomy":"post_tag","embeddable":true,"href":"https:\/\/aconteceunovale.com.br\/portal\/index.php?rest_route=%2Fwp%2Fv2%2Ftags&post=190852"}],"curies":[{"name":"wp","href":"https:\/\/api.w.org\/{rel}","templated":true}]}}