{"id":19084,"date":"2014-01-22T15:29:39","date_gmt":"2014-01-22T17:29:39","guid":{"rendered":"http:\/\/aconteceunovale.com.br\/portal\/?p=19084"},"modified":"2014-01-22T15:29:55","modified_gmt":"2014-01-22T17:29:55","slug":"pm-atira-e-mata-homem-que-nao-parou-em-abordagem-policial-em-joaima","status":"publish","type":"post","link":"https:\/\/aconteceunovale.com.br\/portal\/?p=19084","title":{"rendered":"PM atira e mata homem que n\u00e3o parou em abordagem policial em Joa\u00edma"},"content":{"rendered":"<p>Um homem  de 36  anos foi morto com um tiro  de pistola  calibre 40, na noite de s\u00e1bado (18\/01)  durante uma abordagem da Pol\u00edcia Militar (PM) em Joaima, na regi\u00e3o do Baixo Jequitinhonha.  Clemisson Francisco da Costa  morava no Bairro Bela Vista, pr\u00f3ximo \u00e0 \u00e1rea onde foi morto.<\/p>\n<p><img decoding=\"async\" src=\"http:\/\/aconteceunovale.com.br\/portal\/wp-content\/uploads\/2014\/01\/batalhao_pm_almenara.jpg\" alt=\"\" \/><br \/>\n<em>O soldado est\u00e1 preso no Batalh\u00e3o da Pol\u00edcia Militar em Almenara<\/em><\/p>\n<p>Segundo o Boletim de Ocorr\u00eancia, dois policiais militares que o abordaram alegaram terem reagido ao que seria uma tentativa da v\u00edtima de sacar uma arma.<\/p>\n<p>A viatura estava sendo conduzida pelo soldado Ricardo Patrizzio Batista de Melo, de 28 anos.<\/p>\n<p>O homem foi morto pelo soldado Junio Pereira Murta de Oliveira, de 24 anos. Ele est\u00e1 preso  e \u00e1 disposi\u00e7\u00e3o da Justi\u00e7a, no Batalh\u00e3o da Pol\u00edcia Militar em Almenara, tamb\u00e9m no Vale do Jequitinhonha. A arma  que ele usava foi recolhida A v\u00edtima foi socorrida pelos pr\u00f3prios policiais mas n\u00e3o resistiu e morreu ao dar entrada no hospital de Joaima.<\/p>\n<p>Quando foi morto, Clemisson estava na garupa de uma moto, conduzida por  Jo\u00e3o Paulo de Sousa Santos, de 22 anos. Ele contou que fugiu da abordagem policial porque n\u00e3o tem habilita\u00e7\u00e3o e temia ser multado.<\/p>\n<p>O caso est\u00e1 sendo investigado. A Pol\u00edcia Militar informou que  j\u00e1 abriu um procedimento para apurar como foi feita a abordagem por parte dos policiais.<\/p>\n<p><em>(Fonte: Gazeta de Ara\u00e7ua\u00ed)<\/em><\/p>\n","protected":false},"excerpt":{"rendered":"<p>Um homem de 36 anos foi morto com um tiro de pistola calibre 40, na noite de s\u00e1bado (18\/01) durante uma abordagem da Pol\u00edcia Militar (PM) em Joaima, na regi\u00e3o do Baixo Jequitinhonha. Clemisson Francisco da Costa morava no Bairro Bela Vista, pr\u00f3ximo \u00e0 \u00e1rea onde foi morto. O soldado est\u00e1 preso no Batalh\u00e3o da [&hellip;]<\/p>\n","protected":false},"author":1,"featured_media":19085,"comment_status":"open","ping_status":"closed","sticky":false,"template":"","format":"standard","meta":{"amp_status":"","footnotes":""},"categories":[120],"tags":[142,3331,611,3334,3333,3330,3332],"class_list":["post-19084","post","type-post","status-publish","format-standard","has-post-thumbnail","hentry","category-jequi","tag-almenara","tag-clemisson-francisco-da-costa","tag-joaima","tag-joao-paulo-de-sousa-santos","tag-junio-pereira-murta-de-oliveira","tag-pm-atira-e-mata-homem-que-nao-parou-em-abordagem-policial-em-joaima","tag-ricardo-patrizzio-batista-de-melo"],"_links":{"self":[{"href":"https:\/\/aconteceunovale.com.br\/portal\/index.php?rest_route=\/wp\/v2\/posts\/19084","targetHints":{"allow":["GET"]}}],"collection":[{"href":"https:\/\/aconteceunovale.com.br\/portal\/index.php?rest_route=\/wp\/v2\/posts"}],"about":[{"href":"https:\/\/aconteceunovale.com.br\/portal\/index.php?rest_route=\/wp\/v2\/types\/post"}],"author":[{"embeddable":true,"href":"https:\/\/aconteceunovale.com.br\/portal\/index.php?rest_route=\/wp\/v2\/users\/1"}],"replies":[{"embeddable":true,"href":"https:\/\/aconteceunovale.com.br\/portal\/index.php?rest_route=%2Fwp%2Fv2%2Fcomments&post=19084"}],"version-history":[{"count":0,"href":"https:\/\/aconteceunovale.com.br\/portal\/index.php?rest_route=\/wp\/v2\/posts\/19084\/revisions"}],"wp:featuredmedia":[{"embeddable":true,"href":"https:\/\/aconteceunovale.com.br\/portal\/index.php?rest_route=\/wp\/v2\/media\/19085"}],"wp:attachment":[{"href":"https:\/\/aconteceunovale.com.br\/portal\/index.php?rest_route=%2Fwp%2Fv2%2Fmedia&parent=19084"}],"wp:term":[{"taxonomy":"category","embeddable":true,"href":"https:\/\/aconteceunovale.com.br\/portal\/index.php?rest_route=%2Fwp%2Fv2%2Fcategories&post=19084"},{"taxonomy":"post_tag","embeddable":true,"href":"https:\/\/aconteceunovale.com.br\/portal\/index.php?rest_route=%2Fwp%2Fv2%2Ftags&post=19084"}],"curies":[{"name":"wp","href":"https:\/\/api.w.org\/{rel}","templated":true}]}}