{"id":190830,"date":"2022-10-02T23:17:35","date_gmt":"2022-10-03T02:17:35","guid":{"rendered":"https:\/\/aconteceunovale.com.br\/portal\/?p=190830"},"modified":"2022-10-03T01:11:28","modified_gmt":"2022-10-03T04:11:28","slug":"confira-a-lista-de-deputados-estaduais-eleitos-em-minas-gerais-2","status":"publish","type":"post","link":"https:\/\/aconteceunovale.com.br\/portal\/?p=190830","title":{"rendered":"Confira a lista de deputados estaduais eleitos em Minas Gerais"},"content":{"rendered":"\n<p class=\"wp-block-paragraph\">Eleitores de Minas Gerais foram \u00e0s urnas neste domingo (2\/10\/2022) e elegeram 77 deputados estaduais.\u00a0Confira a lista:<\/p>\n\n\n\n<ul class=\"wp-block-list\"><li>Bruno Engler (PL) &#8211; 637.412 votos<\/li><li>Beatriz Cerqueira (PT) &#8211; 248.664 votos<\/li><li>C\u00e1ssio Soares (PSD) &#8211; 132.382 votos<\/li><li>Ant\u00f4nio Carlos Arantes (PL) &#8211; 119.686 votos<\/li><li>Mauro Tramonte (Republicanos) &#8211; 110.741 votos<\/li><li>Arlen Santiago (Avante) &#8211; 107.236 votos<\/li><li>Noraldino J\u00fanior (PSC) &#8211; 104.552 votos<\/li><li>Leandro Genaro (PSD) &#8211; 101.190 votos<\/li><li>F\u00e1bio Avelar (Avante) &#8211; 99.317 votos<\/li><li>Tadeuzinho (MDB) &#8211; 96.862 votos<\/li><li>Tito Torres (PSD) &#8211; 96.811 votos<\/li><li>Gustavo Valadares (PMN) &#8211; 96.714 votos<\/li><li>Ulysses Gomes (PT) &#8211; 95.598 votos<\/li><li>Eduardo Azevedo (PSC) &#8211; 92.624 votos<\/li><li>Cristiano Silveira (PT) &#8211; 90.271 votos<\/li><li>Gil Pereira (PSD) &#8211; 88.393 votos<\/li><li>Neilando Pimenta (PSB) &#8211; 85.364 votos<\/li><li>Dr. Jean Freire (PT) &#8211; 84.489 votos<\/li><li>Delegado Christiano Xavier (PSD) &#8211; 83.535 votos<\/li><li>Elismar Prado (PROS) &#8211; 83.344 votos<\/li><li>Carlos Henrique (Republicanos) &#8211; 82.881 votos)<\/li><li>Ione Pinheiro (Uni\u00e3o Brasil) &#8211; 80.136 votos<\/li><li>M\u00e1rio Henrique Caixa (PV) &#8211; 76.360 votos<\/li><li>Raul Bel\u00e9m (Cidadania) &#8211; 76.329 votos<\/li><li>Sargento Rodrigues (PL) &#8211; 76.039 votos<\/li><li>Jo\u00e3o Magalh\u00e3es (MDB) &#8211; 75.285 votos<\/li><li>Doorgal Andrada (Patriota) &#8211; 73.338 votos<\/li><li>Z\u00e9 Guilherme (PP) &#8211; 72.376 votos<\/li><li>Duarte (PSD) &#8211; 71.880 votos<\/li><li>Bosco (Cidadania) &#8211; 70.807 votos<\/li><li>Dr. Paulo (Patriota) &#8211; 70.569 votos<\/li><li>Enes C\u00e2ndido (PMN) &#8211; 70.472 votos<\/li><li>Maquinho Lemos (PT) &#8211; 69.374 votos<\/li><li>Leon\u00eddio Rebo\u00e7as (PSDB) &#8211; 69.355 votos<\/li><li>Lohanna (PV) &#8211; 67.178 votos<\/li><li>Doutor Wilson Batista (PSD) &#8211; 66.481 votos<\/li><li>Leninha (PT) &#8211; 65.864 votos<\/li><li>Coronel Sandro (PL) &#8211; 65.173 votos<\/li><li>Thiago Cota (PDT) &#8211; 64.944 votos<\/li><li>Douglas Melo (PSD) &#8211; 64.170 votos<\/li><li>Jo\u00e3o Vitor Xavier (Cidadania) &#8211; 62.597 votos<\/li><li>Bet\u00e3o (PT) &#8211; 62.169 votos<\/li><li>Charles Santos (Republicanos) &#8211; 61.727 votos<\/li><li>Arnaldo (Uni\u00e3o Brasil) &#8211; 61.059 votos<\/li><li>Alencar da Silveira Jr (PDT) &#8211; 60.283 votos<\/li><li>Rafael Martins (PSD) &#8211; 60.142 votos<\/li><li>Lud Falc\u00e3o (Podemos) &#8211; 59.381 votos<\/li><li>Delegada Sheila (PL) &#8211; 58.003 votos<\/li><li>Bim da Ambul\u00e2ncia (Avante) &#8211; 57.217 votos<\/li><li>Roberto Andrade (Patriota) &#8211; 54.120 votos<\/li><li>Vit\u00f3rio Junior (PP) &#8211; 53.135 votos<\/li><li>Caporezzo (PL) &#8211; 52.168 votos<\/li><li>Dr. Maur\u00edcio (NOVO) &#8211; 52.025 votos<\/li><li>Z\u00e9 Laviola (NOVO) &#8211; 51.913 votos<\/li><li>Andreia de Jesus (PT) &#8211; 51.120 votos<\/li><li>Maca\u00e9 Evaristo (PT) &#8211; 50.416 votos<\/li><li>Luizinho (PT) &#8211; 47.644 votos<\/li><li>Professor Cleiton (PV) &#8211; 47.184 votos<\/li><li>Betinho Pinto Coelho Alberto (PV) &#8211; 45.113 votos<\/li><li>Professor Wendel Mesquita (Solidariedade) &#8211; 44.885 votos<\/li><li>Nayara Rocha (PP) &#8211; 44.619 votos<\/li><li>Celinho Sintrocel (PC do B) &#8211; 44.262 votos<\/li><li>Bella Gon\u00e7alves (PSOL) &#8211; 43.768 votos<\/li><li>Ricardo Campos (PT) &#8211; 43.690 votos<\/li><li>Gustavo Santana (PL) &#8211; 43.282 votos<\/li><li>Leleco Pimentel (PT) &#8211; 43.143 votos<\/li><li>Maria Clara Marra (Democracia Crist\u00e3) &#8211; 42.415 votos<\/li><li>Al\u00ea Portelal (PL) &#8211; 42.179 votos<\/li><li>Grego (PMN) &#8211; 38.936 votos<\/li><li>Oscar Teixeira (PP) &#8211; 34.442 votos<\/li><li>Coronel Henrique (PL) &#8211; 34.336 votos<\/li><li>Adriano Alvarenga (PP) &#8211; 34.303 votos<\/li><li>Chiara Biondini (PP) &#8211; 34.126 votos<\/li><li>Lucas Lasmar (Rede) &#8211; 34.092 votos<\/li><li>Ana Paula Siqueira (Rede) &#8211; 33.621 votos<\/li><li>Marli Ribeiro (PSC) &#8211; 31.340 votos<\/li><li>Rodrigo Lopes (Uni\u00e3o Brasil) &#8211; 28.270 votos<\/li><\/ul>\n\n\n\n<p class=\"wp-block-paragraph\">Acompanhe a apura\u00e7\u00e3o completa e os resultados das Elei\u00e7\u00f5es 2022 em nossa p\u00e1gina (<strong><a rel=\"noreferrer noopener\" href=\"https:\/\/aconteceunovale.com.br\/portal\/?p=190684\" target=\"_blank\">confira aqui)<\/a><\/strong>.<\/p>\n\n\n\n<p class=\"wp-block-paragraph\">&#8212;&#8212;&#8212;&#8212;&#8212;&#8212;<br><br><strong>Sabia que o Aconteceu no Vale est\u00e1 tamb\u00e9m no Telegram? <a rel=\"noreferrer noopener\" href=\"https:\/\/t.me\/aconteceunovaleoficial\" target=\"_blank\">Inscreva-se no canal<\/a>.<\/strong><br><br><strong>J\u00e1 curtiu ou seguiu nossas p\u00e1ginas nas redes sociais?&nbsp;Receba as not\u00edcias em primeira m\u00e3o:<\/strong><br>\u2022 <a rel=\"noreferrer noopener\" href=\"https:\/\/news.google.com\/publications\/CAAqBwgKMNjklQswi4etAw?hl=pt-BR&amp;gl=BR&amp;ceid=BR%3Apt-419\" target=\"_blank\">Google News<\/a><br>\u2022 <a rel=\"noreferrer noopener\" href=\"https:\/\/www.facebook.com\/aconteceunovale\/\" target=\"_blank\">Facebook<\/a><br>\u2022 <a rel=\"noreferrer noopener\" href=\"https:\/\/twitter.com\/noticiadosvales\" target=\"_blank\">Twitter<\/a><br>\u2022 <a rel=\"noreferrer noopener\" href=\"https:\/\/www.instagram.com\/aconteceunovale\" target=\"_blank\">Instagram<\/a><br>\u2022 <a rel=\"noreferrer noopener\" href=\"https:\/\/www.youtube.com\/AconteceunoValeOficial\" target=\"_blank\">Youtube<\/a><br>\u2022 <a rel=\"noreferrer noopener\" href=\"https:\/\/www.tiktok.com\/@aconteceunovale\" target=\"_blank\">TikTok<\/a><\/p>\n","protected":false},"excerpt":{"rendered":"<p>Eleitores de Minas Gerais foram \u00e0s urnas neste domingo (2\/10\/2022) e elegeram 77 deputados estaduais.\u00a0Confira a lista: Bruno Engler (PL) &#8211; 637.412 votos Beatriz Cerqueira (PT) &#8211; 248.664 votos C\u00e1ssio Soares (PSD) &#8211; 132.382 votos Ant\u00f4nio Carlos Arantes (PL) &#8211; 119.686 votos Mauro Tramonte (Republicanos) &#8211; 110.741 votos Arlen Santiago (Avante) &#8211; 107.236 votos Noraldino [&hellip;]<\/p>\n","protected":false},"author":4,"featured_media":190828,"comment_status":"open","ping_status":"closed","sticky":false,"template":"","format":"standard","meta":{"amp_status":"","footnotes":""},"categories":[249933,123],"tags":[230288,263770,181662,263766,181660,263873,263769,263767,181661,263773,263772,184044,184074,263771,181713,181651,17379,17458,263755,263756,17651,17646,17653,17655,17652,17618,17654,17548,263757,17539,17525,263758,17529,17360,263515,17526,263759,17546,17531,17538,263760,17527,263761,17530,17375,263516,17528,263762,17541,17532,17533,17459,17543,1018,263627,263626,263625,263624,263628,718,252238,252244,263623,17377,261226,263774,263775,263765,181706,17648,17378,17376,263525,17374,263763,263764,181709,181710,181707,181708],"class_list":["post-190830","post","type-post","status-publish","format-standard","has-post-thumbnail","hentry","category-eleicoes-2022","category-gerais","tag-apuracao-das-eleicoes","tag-apuracao-das-eleicoes-2022","tag-apuracao-das-eleicoes-em-minas-gerais","tag-apuracao-dos-votos","tag-apuracao-dos-votos-em-minas-gerais","tag-apuracao-dos-votos-em-tempo-real","tag-apuracao-dos-votos-em-tempo-real-em-minas-gerais","tag-apuracao-dos-votos-mg","tag-apuracao-dos-votos-para-deputado-em-minas-gerais","tag-apuracao-dos-votos-para-deputado-estadual-em-minas-gerais","tag-apuracao-dos-votos-para-deputado-federal-em-minas-gerais","tag-apuracao-dos-votos-para-governador-em-minas-gerais","tag-apuracao-dos-votos-para-presidente-em-minas-gerais","tag-apuracao-dos-votos-para-senador-em-minas-gerais","tag-confira-a-lista-com-nomes-dos-deputados-estaduais-eleitos-em-minas-gerais","tag-confira-a-lista-de-deputados-estaduais-e-federais-eleitos-em-minas-gerais","tag-confira-a-lista-de-deputados-estaduais-eleitos-em-minas-gerais","tag-confira-a-lista-de-deputados-federais-eleitos-em-minas-gerais","tag-confira-a-lista-final-de-deputados-estaduais-eleitos-em-minas-gerais","tag-conheca-os-deputados-estaduais-eleitos-em-minas-gerais","tag-conhecer-os-deputados-eleitos","tag-conhecer-os-deputados-eleitos-em-minas","tag-deputado-mais-votado-no-norte-de-minas","tag-deputado-mais-votado-no-vale-do-aco","tag-deputado-mais-votado-no-vale-do-jequitinhonha","tag-deputado-mais-votado-no-vale-do-mucuri","tag-deputado-mais-votado-no-vale-do-rio-doce","tag-deputados-eleitos","tag-deputados-eleitos-2022-mg","tag-deputados-eleitos-de-mg","tag-deputados-eleitos-em-mg","tag-deputados-eleitos-em-mg-2022","tag-deputados-eleitos-em-minas","tag-deputados-eleitos-em-minas-gerais","tag-deputados-eleitos-em-minas-gerais-2022","tag-deputados-eleitos-mg","tag-deputados-eleitos-mg-2022","tag-deputados-eleitos-minas","tag-deputados-eleitos-minas-gerais","tag-deputados-estaduais-eleitos","tag-deputados-estaduais-eleitos-2022-mg","tag-deputados-estaduais-eleitos-em-mg","tag-deputados-estaduais-eleitos-em-mg-2022","tag-deputados-estaduais-eleitos-em-minas","tag-deputados-estaduais-eleitos-em-minas-gerais","tag-deputados-estaduais-eleitos-em-minas-gerais-2022","tag-deputados-estaduais-eleitos-mg","tag-deputados-estaduais-eleitos-mg-2022","tag-deputados-estaduais-eleitos-minas","tag-deputados-estaduais-eleitos-minas-gerais","tag-deputados-federais-eleitos-em-mg","tag-deputados-federais-eleitos-em-minas-gerais","tag-deputados-federais-eleitos-mg","tag-destaque","tag-eleicao-para-deputado-estadual-no-brasil","tag-eleicao-para-deputado-federal-no-brasil","tag-eleicao-para-governador-no-brasil","tag-eleicao-para-presidente-no-brasil","tag-eleicao-para-senador-no-brasil","tag-eleicoes","tag-eleicoes-2022","tag-eleicoes-2022-em-minas-gerais","tag-eleicoes-2022-no-brasil","tag-eleicoes-em-minas-gerais","tag-eleicoes-no-brasil","tag-eleito-mg","tag-eleito-minas-gerais","tag-eleitos-em-minas","tag-governador-eleito-em-minas-gerais","tag-informacoes-sobre-os-deputados-eleitos-em-minas","tag-lista-de-deputados-estaduais-eleitos-em-minas-gerais","tag-nomes-dos-deputados-eleitos-em-minas-gerais","tag-resultado-das-eleicoes-2022-em-minas-gerais","tag-resultado-das-eleicoes-em-minas-gerais","tag-resultado-eleicoes-2022-em-minas-gerais","tag-resultado-eleicoes-2022-mg","tag-senador-eleito-em-minas-gerais","tag-votacao-para-deputado-em-minas-gerais","tag-votacao-para-governador-em-minas-gerais","tag-votacao-para-senador-em-minas-gerais"],"yoast_head":"<!-- This site is optimized with the Yoast SEO plugin v28.3 - https:\/\/yoast.com\/product\/yoast-seo-wordpress\/ -->\n<title>Confira a lista de deputados estaduais eleitos em Minas Gerais - Aconteceu no Vale<\/title>\n<meta name=\"robots\" content=\"index, follow, max-snippet:-1, max-image-preview:large, max-video-preview:-1\" \/>\n<link rel=\"canonical\" href=\"https:\/\/aconteceunovale.com.br\/portal\/?p=190830\" \/>\n<meta property=\"og:locale\" content=\"pt_BR\" \/>\n<meta property=\"og:type\" content=\"article\" \/>\n<meta property=\"og:title\" content=\"Confira a lista de deputados estaduais eleitos em Minas Gerais - Aconteceu no Vale\" \/>\n<meta property=\"og:description\" content=\"Eleitores de Minas Gerais foram \u00e0s urnas neste domingo (2\/10\/2022) e elegeram 77 deputados estaduais.\u00a0Confira a lista: Bruno Engler (PL) &#8211; 637.412 votos Beatriz Cerqueira (PT) &#8211; 248.664 votos C\u00e1ssio Soares (PSD) &#8211; 132.382 votos Ant\u00f4nio Carlos Arantes (PL) &#8211; 119.686 votos Mauro Tramonte (Republicanos) &#8211; 110.741 votos Arlen Santiago (Avante) &#8211; 107.236 votos Noraldino [&hellip;]\" \/>\n<meta property=\"og:url\" content=\"https:\/\/aconteceunovale.com.br\/portal\/?p=190830\" \/>\n<meta property=\"og:site_name\" content=\"Aconteceu no Vale\" \/>\n<meta property=\"article:publisher\" content=\"https:\/\/www.facebook.com\/aconteceunovale\/\" \/>\n<meta property=\"article:published_time\" content=\"2022-10-03T02:17:35+00:00\" \/>\n<meta property=\"article:modified_time\" content=\"2022-10-03T04:11:28+00:00\" \/>\n<meta property=\"og:image\" content=\"https:\/\/aconteceunovale.com.br\/portal\/wp-content\/uploads\/2022\/10\/minas_gerais.png\" \/>\n\t<meta property=\"og:image:width\" content=\"678\" \/>\n\t<meta property=\"og:image:height\" content=\"355\" \/>\n\t<meta property=\"og:image:type\" content=\"image\/png\" \/>\n<meta name=\"author\" content=\"Reda\u00e7\u00e3o Aconteceu no Vale\" \/>\n<meta name=\"twitter:card\" content=\"summary_large_image\" \/>\n<meta name=\"twitter:creator\" content=\"@noticiadosvales\" \/>\n<meta name=\"twitter:site\" content=\"@noticiadosvales\" \/>\n<meta name=\"twitter:label1\" content=\"Escrito por\" \/>\n\t<meta name=\"twitter:data1\" content=\"Reda\u00e7\u00e3o Aconteceu no Vale\" \/>\n\t<meta name=\"twitter:label2\" content=\"Est. tempo de leitura\" \/>\n\t<meta name=\"twitter:data2\" content=\"2 minutos\" \/>\n<script type=\"application\/ld+json\" class=\"yoast-schema-graph\">{\"@context\":\"https:\\\/\\\/schema.org\",\"@graph\":[{\"@type\":\"Article\",\"@id\":\"https:\\\/\\\/aconteceunovale.com.br\\\/portal\\\/?p=190830#article\",\"isPartOf\":{\"@id\":\"https:\\\/\\\/aconteceunovale.com.br\\\/portal\\\/?p=190830\"},\"author\":{\"name\":\"Reda\u00e7\u00e3o Aconteceu no Vale\",\"@id\":\"https:\\\/\\\/aconteceunovale.com.br\\\/portal\\\/#\\\/schema\\\/person\\\/7d2f26d1483f8a63de73da1ee0754d35\"},\"headline\":\"Confira a lista de deputados estaduais eleitos em Minas Gerais\",\"datePublished\":\"2022-10-03T02:17:35+00:00\",\"dateModified\":\"2022-10-03T04:11:28+00:00\",\"mainEntityOfPage\":{\"@id\":\"https:\\\/\\\/aconteceunovale.com.br\\\/portal\\\/?p=190830\"},\"wordCount\":501,\"commentCount\":0,\"image\":{\"@id\":\"https:\\\/\\\/aconteceunovale.com.br\\\/portal\\\/?p=190830#primaryimage\"},\"thumbnailUrl\":\"https:\\\/\\\/aconteceunovale.com.br\\\/portal\\\/wp-content\\\/uploads\\\/2022\\\/10\\\/minas_gerais.png\",\"keywords\":[\"Apura\u00e7\u00e3o das elei\u00e7\u00f5es\",\"Apura\u00e7\u00e3o das elei\u00e7\u00f5es 2022\",\"Apura\u00e7\u00e3o das elei\u00e7\u00f5es em Minas Gerais\",\"Apura\u00e7\u00e3o dos votos\",\"apura\u00e7\u00e3o dos votos em Minas Gerais\",\"Apura\u00e7\u00e3o dos votos em tempo real\",\"Apura\u00e7\u00e3o dos votos em tempo real em Minas Gerais\",\"Apura\u00e7\u00e3o dos votos MG\",\"Apura\u00e7\u00e3o dos votos para deputado em Minas Gerais\",\"Apura\u00e7\u00e3o dos votos para deputado estadual em Minas Gerais\",\"Apura\u00e7\u00e3o dos votos para deputado federal em Minas Gerais\",\"Apura\u00e7\u00e3o dos votos para Governador em Minas Gerais\",\"Apura\u00e7\u00e3o dos votos para presidente em Minas Gerais\",\"Apura\u00e7\u00e3o dos votos para senador em Minas Gerais\",\"Confira a lista com nomes dos deputados estaduais eleitos em Minas Gerais\",\"Confira a lista de deputados estaduais e federais eleitos em Minas Gerais\",\"Confira a lista de deputados estaduais eleitos em Minas Gerais\",\"Confira a lista de deputados federais eleitos em Minas Gerais\",\"Confira a lista final de deputados estaduais eleitos em Minas Gerais\",\"Conhe\u00e7a os deputados estaduais eleitos em Minas Gerais\",\"conhecer os deputados eleitos\",\"conhecer os deputados eleitos em minas\",\"deputado mais votado no norte de minas\",\"deputado mais votado no vale do a\u00e7o\",\"deputado mais votado no vale do jequitinhonha\",\"deputado mais votado no vale do mucuri\",\"deputado mais votado no vale do rio doce\",\"deputados eleitos\",\"deputados eleitos 2022 mg\",\"deputados eleitos de mg\",\"deputados eleitos em mg\",\"deputados eleitos em mg 2022\",\"deputados eleitos em minas\",\"deputados eleitos em minas gerais\",\"deputados eleitos em Minas Gerais 2022\",\"deputados eleitos mg\",\"deputados eleitos mg 2022\",\"deputados eleitos minas\",\"deputados eleitos minas gerais\",\"deputados estaduais eleitos\",\"deputados estaduais eleitos 2022 mg\",\"deputados estaduais eleitos em mg\",\"deputados estaduais eleitos em mg 2022\",\"deputados estaduais eleitos em minas\",\"deputados estaduais eleitos em minas gerais\",\"deputados estaduais eleitos em Minas Gerais 2022\",\"deputados estaduais eleitos mg\",\"deputados estaduais eleitos mg 2022\",\"deputados estaduais eleitos minas\",\"deputados estaduais eleitos minas gerais\",\"deputados federais eleitos em mg\",\"deputados federais eleitos em minas gerais\",\"deputados federais eleitos mg\",\"destaque\",\"Elei\u00e7\u00e3o para deputado estadual no Brasil\",\"Elei\u00e7\u00e3o para deputado federal no Brasil\",\"Elei\u00e7\u00e3o para governador no Brasil\",\"Elei\u00e7\u00e3o para presidente no Brasil\",\"Elei\u00e7\u00e3o para Senador no Brasil\",\"Elei\u00e7\u00f5es\",\"Elei\u00e7\u00f5es 2022\",\"Elei\u00e7\u00f5es 2022 em Minas Gerais\",\"Elei\u00e7\u00f5es 2022 no Brasil\",\"elei\u00e7\u00f5es em minas gerais\",\"Elei\u00e7\u00f5es no Brasil\",\"Eleito MG\",\"Eleito Minas Gerais\",\"Eleitos em minas\",\"Governador eleito em minas gerais\",\"informa\u00e7\u00f5es sobre os deputados eleitos em minas\",\"lista de deputados estaduais eleitos em minas gerais\",\"nomes dos deputados eleitos em minas gerais\",\"Resultado das elei\u00e7\u00f5es 2022 em Minas Gerais\",\"resultado das elei\u00e7\u00f5es em minas gerais\",\"resultado elei\u00e7\u00f5es 2022 em minas gerais\",\"resultado elei\u00e7\u00f5es 2022 mg\",\"senador eleito em minas gerais\",\"vota\u00e7\u00e3o para deputado em minas gerais\",\"vota\u00e7\u00e3o para governador em minas gerais\",\"vota\u00e7\u00e3o para senador em minas gerais\"],\"articleSection\":[\"Elei\u00e7\u00f5es 2022\",\"Minas Gerais\"],\"inLanguage\":\"pt-BR\",\"potentialAction\":[{\"@type\":\"CommentAction\",\"name\":\"Comment\",\"target\":[\"https:\\\/\\\/aconteceunovale.com.br\\\/portal\\\/?p=190830#respond\"]}]},{\"@type\":\"WebPage\",\"@id\":\"https:\\\/\\\/aconteceunovale.com.br\\\/portal\\\/?p=190830\",\"url\":\"https:\\\/\\\/aconteceunovale.com.br\\\/portal\\\/?p=190830\",\"name\":\"Confira a lista de deputados estaduais eleitos em Minas Gerais - Aconteceu no Vale\",\"isPartOf\":{\"@id\":\"https:\\\/\\\/aconteceunovale.com.br\\\/portal\\\/#website\"},\"primaryImageOfPage\":{\"@id\":\"https:\\\/\\\/aconteceunovale.com.br\\\/portal\\\/?p=190830#primaryimage\"},\"image\":{\"@id\":\"https:\\\/\\\/aconteceunovale.com.br\\\/portal\\\/?p=190830#primaryimage\"},\"thumbnailUrl\":\"https:\\\/\\\/aconteceunovale.com.br\\\/portal\\\/wp-content\\\/uploads\\\/2022\\\/10\\\/minas_gerais.png\",\"datePublished\":\"2022-10-03T02:17:35+00:00\",\"dateModified\":\"2022-10-03T04:11:28+00:00\",\"author\":{\"@id\":\"https:\\\/\\\/aconteceunovale.com.br\\\/portal\\\/#\\\/schema\\\/person\\\/7d2f26d1483f8a63de73da1ee0754d35\"},\"breadcrumb\":{\"@id\":\"https:\\\/\\\/aconteceunovale.com.br\\\/portal\\\/?p=190830#breadcrumb\"},\"inLanguage\":\"pt-BR\",\"potentialAction\":[{\"@type\":\"ReadAction\",\"target\":[\"https:\\\/\\\/aconteceunovale.com.br\\\/portal\\\/?p=190830\"]}]},{\"@type\":\"ImageObject\",\"inLanguage\":\"pt-BR\",\"@id\":\"https:\\\/\\\/aconteceunovale.com.br\\\/portal\\\/?p=190830#primaryimage\",\"url\":\"https:\\\/\\\/aconteceunovale.com.br\\\/portal\\\/wp-content\\\/uploads\\\/2022\\\/10\\\/minas_gerais.png\",\"contentUrl\":\"https:\\\/\\\/aconteceunovale.com.br\\\/portal\\\/wp-content\\\/uploads\\\/2022\\\/10\\\/minas_gerais.png\",\"width\":678,\"height\":355},{\"@type\":\"BreadcrumbList\",\"@id\":\"https:\\\/\\\/aconteceunovale.com.br\\\/portal\\\/?p=190830#breadcrumb\",\"itemListElement\":[{\"@type\":\"ListItem\",\"position\":1,\"name\":\"In\u00edcio\",\"item\":\"https:\\\/\\\/aconteceunovale.com.br\\\/portal\\\/\"},{\"@type\":\"ListItem\",\"position\":2,\"name\":\"Confira a lista de deputados estaduais eleitos em Minas Gerais\"}]},{\"@type\":\"WebSite\",\"@id\":\"https:\\\/\\\/aconteceunovale.com.br\\\/portal\\\/#website\",\"url\":\"https:\\\/\\\/aconteceunovale.com.br\\\/portal\\\/\",\"name\":\"Aconteceu no Vale\",\"description\":\"Portal de Not\u00edcias\",\"potentialAction\":[{\"@type\":\"SearchAction\",\"target\":{\"@type\":\"EntryPoint\",\"urlTemplate\":\"https:\\\/\\\/aconteceunovale.com.br\\\/portal\\\/?s={search_term_string}\"},\"query-input\":{\"@type\":\"PropertyValueSpecification\",\"valueRequired\":true,\"valueName\":\"search_term_string\"}}],\"inLanguage\":\"pt-BR\"},{\"@type\":\"Person\",\"@id\":\"https:\\\/\\\/aconteceunovale.com.br\\\/portal\\\/#\\\/schema\\\/person\\\/7d2f26d1483f8a63de73da1ee0754d35\",\"name\":\"Reda\u00e7\u00e3o Aconteceu no Vale\",\"description\":\"Equipe de reportagem do Aconteceu no Vale, portal de not\u00edcias do Vale do Jequitinhonha, em Minas Gerais. Cobrimos as 51 cidades do Vale desde 2013. Sugest\u00f5es de pauta e pedidos de corre\u00e7\u00e3o: contato@aconteceunovale.com.br\",\"url\":\"https:\\\/\\\/aconteceunovale.com.br\\\/portal\\\/?author=4\"}]}<\/script>\n<!-- \/ Yoast SEO plugin. -->","yoast_head_json":{"title":"Confira a lista de deputados estaduais eleitos em Minas Gerais - Aconteceu no Vale","robots":{"index":"index","follow":"follow","max-snippet":"max-snippet:-1","max-image-preview":"max-image-preview:large","max-video-preview":"max-video-preview:-1"},"canonical":"https:\/\/aconteceunovale.com.br\/portal\/?p=190830","og_locale":"pt_BR","og_type":"article","og_title":"Confira a lista de deputados estaduais eleitos em Minas Gerais - Aconteceu no Vale","og_description":"Eleitores de Minas Gerais foram \u00e0s urnas neste domingo (2\/10\/2022) e elegeram 77 deputados estaduais.\u00a0Confira a lista: Bruno Engler (PL) &#8211; 637.412 votos Beatriz Cerqueira (PT) &#8211; 248.664 votos C\u00e1ssio Soares (PSD) &#8211; 132.382 votos Ant\u00f4nio Carlos Arantes (PL) &#8211; 119.686 votos Mauro Tramonte (Republicanos) &#8211; 110.741 votos Arlen Santiago (Avante) &#8211; 107.236 votos Noraldino [&hellip;]","og_url":"https:\/\/aconteceunovale.com.br\/portal\/?p=190830","og_site_name":"Aconteceu no Vale","article_publisher":"https:\/\/www.facebook.com\/aconteceunovale\/","article_published_time":"2022-10-03T02:17:35+00:00","article_modified_time":"2022-10-03T04:11:28+00:00","og_image":[{"width":678,"height":355,"url":"https:\/\/aconteceunovale.com.br\/portal\/wp-content\/uploads\/2022\/10\/minas_gerais.png","type":"image\/png"}],"author":"Reda\u00e7\u00e3o Aconteceu no Vale","twitter_card":"summary_large_image","twitter_creator":"@noticiadosvales","twitter_site":"@noticiadosvales","twitter_misc":{"Escrito por":"Reda\u00e7\u00e3o Aconteceu no Vale","Est. tempo de leitura":"2 minutos"},"schema":{"@context":"https:\/\/schema.org","@graph":[{"@type":"Article","@id":"https:\/\/aconteceunovale.com.br\/portal\/?p=190830#article","isPartOf":{"@id":"https:\/\/aconteceunovale.com.br\/portal\/?p=190830"},"author":{"name":"Reda\u00e7\u00e3o Aconteceu no Vale","@id":"https:\/\/aconteceunovale.com.br\/portal\/#\/schema\/person\/7d2f26d1483f8a63de73da1ee0754d35"},"headline":"Confira a lista de deputados estaduais eleitos em Minas Gerais","datePublished":"2022-10-03T02:17:35+00:00","dateModified":"2022-10-03T04:11:28+00:00","mainEntityOfPage":{"@id":"https:\/\/aconteceunovale.com.br\/portal\/?p=190830"},"wordCount":501,"commentCount":0,"image":{"@id":"https:\/\/aconteceunovale.com.br\/portal\/?p=190830#primaryimage"},"thumbnailUrl":"https:\/\/aconteceunovale.com.br\/portal\/wp-content\/uploads\/2022\/10\/minas_gerais.png","keywords":["Apura\u00e7\u00e3o das elei\u00e7\u00f5es","Apura\u00e7\u00e3o das elei\u00e7\u00f5es 2022","Apura\u00e7\u00e3o das elei\u00e7\u00f5es em Minas Gerais","Apura\u00e7\u00e3o dos votos","apura\u00e7\u00e3o dos votos em Minas Gerais","Apura\u00e7\u00e3o dos votos em tempo real","Apura\u00e7\u00e3o dos votos em tempo real em Minas Gerais","Apura\u00e7\u00e3o dos votos MG","Apura\u00e7\u00e3o dos votos para deputado em Minas Gerais","Apura\u00e7\u00e3o dos votos para deputado estadual em Minas Gerais","Apura\u00e7\u00e3o dos votos para deputado federal em Minas Gerais","Apura\u00e7\u00e3o dos votos para Governador em Minas Gerais","Apura\u00e7\u00e3o dos votos para presidente em Minas Gerais","Apura\u00e7\u00e3o dos votos para senador em Minas Gerais","Confira a lista com nomes dos deputados estaduais eleitos em Minas Gerais","Confira a lista de deputados estaduais e federais eleitos em Minas Gerais","Confira a lista de deputados estaduais eleitos em Minas Gerais","Confira a lista de deputados federais eleitos em Minas Gerais","Confira a lista final de deputados estaduais eleitos em Minas Gerais","Conhe\u00e7a os deputados estaduais eleitos em Minas Gerais","conhecer os deputados eleitos","conhecer os deputados eleitos em minas","deputado mais votado no norte de minas","deputado mais votado no vale do a\u00e7o","deputado mais votado no vale do jequitinhonha","deputado mais votado no vale do mucuri","deputado mais votado no vale do rio doce","deputados eleitos","deputados eleitos 2022 mg","deputados eleitos de mg","deputados eleitos em mg","deputados eleitos em mg 2022","deputados eleitos em minas","deputados eleitos em minas gerais","deputados eleitos em Minas Gerais 2022","deputados eleitos mg","deputados eleitos mg 2022","deputados eleitos minas","deputados eleitos minas gerais","deputados estaduais eleitos","deputados estaduais eleitos 2022 mg","deputados estaduais eleitos em mg","deputados estaduais eleitos em mg 2022","deputados estaduais eleitos em minas","deputados estaduais eleitos em minas gerais","deputados estaduais eleitos em Minas Gerais 2022","deputados estaduais eleitos mg","deputados estaduais eleitos mg 2022","deputados estaduais eleitos minas","deputados estaduais eleitos minas gerais","deputados federais eleitos em mg","deputados federais eleitos em minas gerais","deputados federais eleitos mg","destaque","Elei\u00e7\u00e3o para deputado estadual no Brasil","Elei\u00e7\u00e3o para deputado federal no Brasil","Elei\u00e7\u00e3o para governador no Brasil","Elei\u00e7\u00e3o para presidente no Brasil","Elei\u00e7\u00e3o para Senador no Brasil","Elei\u00e7\u00f5es","Elei\u00e7\u00f5es 2022","Elei\u00e7\u00f5es 2022 em Minas Gerais","Elei\u00e7\u00f5es 2022 no Brasil","elei\u00e7\u00f5es em minas gerais","Elei\u00e7\u00f5es no Brasil","Eleito MG","Eleito Minas Gerais","Eleitos em minas","Governador eleito em minas gerais","informa\u00e7\u00f5es sobre os deputados eleitos em minas","lista de deputados estaduais eleitos em minas gerais","nomes dos deputados eleitos em minas gerais","Resultado das elei\u00e7\u00f5es 2022 em Minas Gerais","resultado das elei\u00e7\u00f5es em minas gerais","resultado elei\u00e7\u00f5es 2022 em minas gerais","resultado elei\u00e7\u00f5es 2022 mg","senador eleito em minas gerais","vota\u00e7\u00e3o para deputado em minas gerais","vota\u00e7\u00e3o para governador em minas gerais","vota\u00e7\u00e3o para senador em minas gerais"],"articleSection":["Elei\u00e7\u00f5es 2022","Minas Gerais"],"inLanguage":"pt-BR","potentialAction":[{"@type":"CommentAction","name":"Comment","target":["https:\/\/aconteceunovale.com.br\/portal\/?p=190830#respond"]}]},{"@type":"WebPage","@id":"https:\/\/aconteceunovale.com.br\/portal\/?p=190830","url":"https:\/\/aconteceunovale.com.br\/portal\/?p=190830","name":"Confira a lista de deputados estaduais eleitos em Minas Gerais - Aconteceu no Vale","isPartOf":{"@id":"https:\/\/aconteceunovale.com.br\/portal\/#website"},"primaryImageOfPage":{"@id":"https:\/\/aconteceunovale.com.br\/portal\/?p=190830#primaryimage"},"image":{"@id":"https:\/\/aconteceunovale.com.br\/portal\/?p=190830#primaryimage"},"thumbnailUrl":"https:\/\/aconteceunovale.com.br\/portal\/wp-content\/uploads\/2022\/10\/minas_gerais.png","datePublished":"2022-10-03T02:17:35+00:00","dateModified":"2022-10-03T04:11:28+00:00","author":{"@id":"https:\/\/aconteceunovale.com.br\/portal\/#\/schema\/person\/7d2f26d1483f8a63de73da1ee0754d35"},"breadcrumb":{"@id":"https:\/\/aconteceunovale.com.br\/portal\/?p=190830#breadcrumb"},"inLanguage":"pt-BR","potentialAction":[{"@type":"ReadAction","target":["https:\/\/aconteceunovale.com.br\/portal\/?p=190830"]}]},{"@type":"ImageObject","inLanguage":"pt-BR","@id":"https:\/\/aconteceunovale.com.br\/portal\/?p=190830#primaryimage","url":"https:\/\/aconteceunovale.com.br\/portal\/wp-content\/uploads\/2022\/10\/minas_gerais.png","contentUrl":"https:\/\/aconteceunovale.com.br\/portal\/wp-content\/uploads\/2022\/10\/minas_gerais.png","width":678,"height":355},{"@type":"BreadcrumbList","@id":"https:\/\/aconteceunovale.com.br\/portal\/?p=190830#breadcrumb","itemListElement":[{"@type":"ListItem","position":1,"name":"In\u00edcio","item":"https:\/\/aconteceunovale.com.br\/portal\/"},{"@type":"ListItem","position":2,"name":"Confira a lista de deputados estaduais eleitos em Minas Gerais"}]},{"@type":"WebSite","@id":"https:\/\/aconteceunovale.com.br\/portal\/#website","url":"https:\/\/aconteceunovale.com.br\/portal\/","name":"Aconteceu no Vale","description":"Portal de Not\u00edcias","potentialAction":[{"@type":"SearchAction","target":{"@type":"EntryPoint","urlTemplate":"https:\/\/aconteceunovale.com.br\/portal\/?s={search_term_string}"},"query-input":{"@type":"PropertyValueSpecification","valueRequired":true,"valueName":"search_term_string"}}],"inLanguage":"pt-BR"},{"@type":"Person","@id":"https:\/\/aconteceunovale.com.br\/portal\/#\/schema\/person\/7d2f26d1483f8a63de73da1ee0754d35","name":"Reda\u00e7\u00e3o Aconteceu no Vale","description":"Equipe de reportagem do Aconteceu no Vale, portal de not\u00edcias do Vale do Jequitinhonha, em Minas Gerais. Cobrimos as 51 cidades do Vale desde 2013. Sugest\u00f5es de pauta e pedidos de corre\u00e7\u00e3o: contato@aconteceunovale.com.br","url":"https:\/\/aconteceunovale.com.br\/portal\/?author=4"}]}},"_links":{"self":[{"href":"https:\/\/aconteceunovale.com.br\/portal\/index.php?rest_route=\/wp\/v2\/posts\/190830","targetHints":{"allow":["GET"]}}],"collection":[{"href":"https:\/\/aconteceunovale.com.br\/portal\/index.php?rest_route=\/wp\/v2\/posts"}],"about":[{"href":"https:\/\/aconteceunovale.com.br\/portal\/index.php?rest_route=\/wp\/v2\/types\/post"}],"author":[{"embeddable":true,"href":"https:\/\/aconteceunovale.com.br\/portal\/index.php?rest_route=\/wp\/v2\/users\/4"}],"replies":[{"embeddable":true,"href":"https:\/\/aconteceunovale.com.br\/portal\/index.php?rest_route=%2Fwp%2Fv2%2Fcomments&post=190830"}],"version-history":[{"count":4,"href":"https:\/\/aconteceunovale.com.br\/portal\/index.php?rest_route=\/wp\/v2\/posts\/190830\/revisions"}],"predecessor-version":[{"id":190905,"href":"https:\/\/aconteceunovale.com.br\/portal\/index.php?rest_route=\/wp\/v2\/posts\/190830\/revisions\/190905"}],"wp:featuredmedia":[{"embeddable":true,"href":"https:\/\/aconteceunovale.com.br\/portal\/index.php?rest_route=\/wp\/v2\/media\/190828"}],"wp:attachment":[{"href":"https:\/\/aconteceunovale.com.br\/portal\/index.php?rest_route=%2Fwp%2Fv2%2Fmedia&parent=190830"}],"wp:term":[{"taxonomy":"category","embeddable":true,"href":"https:\/\/aconteceunovale.com.br\/portal\/index.php?rest_route=%2Fwp%2Fv2%2Fcategories&post=190830"},{"taxonomy":"post_tag","embeddable":true,"href":"https:\/\/aconteceunovale.com.br\/portal\/index.php?rest_route=%2Fwp%2Fv2%2Ftags&post=190830"}],"curies":[{"name":"wp","href":"https:\/\/api.w.org\/{rel}","templated":true}]}}