{"id":190823,"date":"2022-10-02T22:34:03","date_gmt":"2022-10-03T01:34:03","guid":{"rendered":"https:\/\/aconteceunovale.com.br\/portal\/?p=190823"},"modified":"2022-10-03T00:53:56","modified_gmt":"2022-10-03T03:53:56","slug":"confira-a-lista-de-deputados-federais-eleitos-em-minas-gerais-3","status":"publish","type":"post","link":"https:\/\/aconteceunovale.com.br\/portal\/?p=190823","title":{"rendered":"Confira a lista de deputados federais eleitos em Minas Gerais"},"content":{"rendered":"\n<p class=\"wp-block-paragraph\">Eleitores de Minas Gerais foram \u00e0s urnas neste domingo (2\/10\/2022) e elegeram 53 deputados federais.\u00a0Confira a lista:<\/p>\n\n\n\n<ul class=\"wp-block-list\"><li>Nikolas Ferreira (PL) &#8211; 1.492.047 votos<\/li><li>Andr\u00e9 Janones (Avante) &#8211; 238.967 votos<\/li><li>Duda Salabert (PDT) &#8211; 208.332 votos<\/li><li>Reginaldo Lopes (PT) &#8211; 196.760 votos<\/li><li>Rog\u00e9rio Correia (PT) &#8211; 185.918 votos<\/li><li>Diego Andrade (PSD) &#8211; 170.181 votos<\/li><li>Fred Costa (Patriota) &#8211; 158.453 votos<\/li><li>Z\u00e9 Vitor (PL) &#8211; 152.748 votos<\/li><li>Misael Varella (PSD) &#8211; 149.398 votos<\/li><li>Rafael Sim\u00f5es (Uni\u00e3o Brasil) &#8211; 144.924 votos<\/li><li>Pinheirinho (PP) &#8211; 136.575 votos<\/li><li>Paulo Guedes (PT) &#8211; 134.494 votos<\/li><li>Odair Cunha (PT) &#8211; 129.146 votos<\/li><li>Weliton Prado (PROS) &#8211; 126.214 votos<\/li><li>Gilberto Abramo (Republicanos) &#8211; 123.370 votos<\/li><li>Herc\u00edlio Coelho Diniz (MDB) &#8211; 122.819 votos<\/li><li>Rodrigo de Castro (Uni\u00e3o Brasil) &#8211; 122.571 votos<\/li><li>Emidinho Madeira (PL) &#8211; 119.101 votos<\/li><li>Greyce Elias (Avante) &#8211; 110.346 votos<\/li><li>Luis Tib\u00e9 (Avante) &#8211; 107.523 votos<\/li><li>Paulo Abi-Ackel (PSDB) &#8211; 105.383 votos<\/li><li>Newton Cardoso Jr (MDB) &#8211; 103.056 votos<\/li><li>Euclydes Pettersen (PSC) &#8211; 101.892 votos<\/li><li>C\u00e9lia Xakriab\u00e1 (PSOL) &#8211; 101.154 votos<\/li><li>Bruno Farias (Avante) &#8211; 97.246 votos<\/li><li>Stefano Aguiar (PSD) &#8211; 96.503 votos<\/li><li>Dimas Fabiano (PP) &#8211; 96.395 votos<\/li><li>Domingos S\u00e1vio (PL) &#8211; 90.236 votos<\/li><li>Pedro Aihara (Patriota) &#8211; 89.404 votos<\/li><li>Patrus Ananias (PT) &#8211; 87.893 votos<\/li><li>Z\u00e9 Silva (Solidariedade) &#8211; 86.042 votos<\/li><li>Dandara (PT) &#8211; 86.034 votos<\/li><li>Padre Jo\u00e3o (PT) &#8211; 85.718 votos<\/li><li>A\u00e9cio Neves (PSDB) &#8211; 85.341 votos<\/li><li>Dr. Frederico (Patriota) &#8211; 84.771 votos<\/li><li>Miguel \u00c2ngelo (PT) &#8211; 84.173 votos<\/li><li>Maur\u00edcio do V\u00f4lei (PL) &#8211; 83.396 votos<\/li><li>Delegado Marcelo Freitas (Uni\u00e3o Brasil) &#8211; 82.894 votos<\/li><li>Leonardo Monteiro (PT) &#8211; 81.008 votos<\/li><li>Ana Paula Junqueira Le\u00e3o (PP) &#8211; 77.990 votos<\/li><li>Eros Biondini (PL) &#8211; 77.900 votos<\/li><li>Igor Timo (Podemos) &#8211; 74.465 votos<\/li><li>Ana Pimentel (PT) &#8211; 72.698 votos<\/li><li>Dr. M\u00e1rio Heringer (PDT) &#8211; 68.717 votos<\/li><li>Lafayette Andrada (Republicanos) &#8211; 68.677 votos<\/li><li>Luiz Fernando (PSD) &#8211; 68.550 votos<\/li><li>Nely Aquino (Podemos) &#8211; 66.866 votos<\/li><li>Samuel Viana (PL) &#8211; 62.704 votos<\/li><li>Junio Amaral (PL) &#8211; 59.297 votos<\/li><li>Delegada Ione Barbosa (Avante) &#8211; 52.630 votos<\/li><li>Lincoln Portela (PL) &#8211; 42.328 votos<\/li><li>Ros\u00e2ngela Reis (PL) &#8211; 42.009 votos<\/li><li>Marcelo \u00c1lvaro Ant\u00f4nio (PL) &#8211; 31.025 votos<\/li><\/ul>\n\n\n\n<p class=\"wp-block-paragraph\">Acompanhe a apura\u00e7\u00e3o completa e os resultados das Elei\u00e7\u00f5es 2022 em nossa p\u00e1gina (<a rel=\"noreferrer noopener\" href=\"https:\/\/aconteceunovale.com.br\/portal\/?p=190684\" target=\"_blank\">confira aqui)<\/a>.<\/p>\n\n\n\n<p class=\"wp-block-paragraph\">&#8212;&#8212;&#8212;&#8212;&#8212;&#8212;<br><br><strong>Sabia que o Aconteceu no Vale est\u00e1 tamb\u00e9m no Telegram? <a rel=\"noreferrer noopener\" href=\"https:\/\/t.me\/aconteceunovaleoficial\" target=\"_blank\">Inscreva-se no canal<\/a>.<\/strong><br><br><strong>J\u00e1 curtiu ou seguiu nossas p\u00e1ginas nas redes sociais?&nbsp;Receba as not\u00edcias em primeira m\u00e3o:<\/strong><br>\u2022 <a rel=\"noreferrer noopener\" href=\"https:\/\/news.google.com\/publications\/CAAqBwgKMNjklQswi4etAw?hl=pt-BR&amp;gl=BR&amp;ceid=BR%3Apt-419\" target=\"_blank\">Google News<\/a><br>\u2022 <a rel=\"noreferrer noopener\" href=\"https:\/\/www.facebook.com\/aconteceunovale\/\" target=\"_blank\">Facebook<\/a><br>\u2022 <a rel=\"noreferrer noopener\" href=\"https:\/\/twitter.com\/noticiadosvales\" target=\"_blank\">Twitter<\/a><br>\u2022 <a rel=\"noreferrer noopener\" href=\"https:\/\/www.instagram.com\/aconteceunovale\" target=\"_blank\">Instagram<\/a><br>\u2022 <a rel=\"noreferrer noopener\" href=\"https:\/\/www.youtube.com\/AconteceunoValeOficial\" target=\"_blank\">Youtube<\/a><br>\u2022 <a rel=\"noreferrer noopener\" href=\"https:\/\/www.tiktok.com\/@aconteceunovale\" target=\"_blank\">TikTok<\/a><\/p>\n","protected":false},"excerpt":{"rendered":"<p>Eleitores de Minas Gerais foram \u00e0s urnas neste domingo (2\/10\/2022) e elegeram 53 deputados federais.\u00a0Confira a lista: Nikolas Ferreira (PL) &#8211; 1.492.047 votos Andr\u00e9 Janones (Avante) &#8211; 238.967 votos Duda Salabert (PDT) &#8211; 208.332 votos Reginaldo Lopes (PT) &#8211; 196.760 votos Rog\u00e9rio Correia (PT) &#8211; 185.918 votos Diego Andrade (PSD) &#8211; 170.181 votos Fred Costa [&hellip;]<\/p>\n","protected":false},"author":4,"featured_media":190828,"comment_status":"open","ping_status":"closed","sticky":false,"template":"","format":"standard","meta":{"amp_status":"","footnotes":""},"categories":[249933,123],"tags":[230288,263770,181662,263766,181660,263873,263769,263767,181661,263773,263772,184044,184074,263771,181713,181651,17379,17458,263755,263756,17651,17646,17653,17655,17652,17618,17654,17548,263757,17539,17525,263758,17529,17360,263515,17526,263759,17546,17531,17538,263760,17527,263761,17530,17375,263516,17528,263762,17541,17532,17533,17459,17543,1018,263627,263626,263625,263624,263628,718,252238,252244,263623,17377,261226,263774,263775,263765,181706,17648,17378,17376,263525,17374,263763,263764,181709,181710,181707,181708],"class_list":["post-190823","post","type-post","status-publish","format-standard","has-post-thumbnail","hentry","category-eleicoes-2022","category-gerais","tag-apuracao-das-eleicoes","tag-apuracao-das-eleicoes-2022","tag-apuracao-das-eleicoes-em-minas-gerais","tag-apuracao-dos-votos","tag-apuracao-dos-votos-em-minas-gerais","tag-apuracao-dos-votos-em-tempo-real","tag-apuracao-dos-votos-em-tempo-real-em-minas-gerais","tag-apuracao-dos-votos-mg","tag-apuracao-dos-votos-para-deputado-em-minas-gerais","tag-apuracao-dos-votos-para-deputado-estadual-em-minas-gerais","tag-apuracao-dos-votos-para-deputado-federal-em-minas-gerais","tag-apuracao-dos-votos-para-governador-em-minas-gerais","tag-apuracao-dos-votos-para-presidente-em-minas-gerais","tag-apuracao-dos-votos-para-senador-em-minas-gerais","tag-confira-a-lista-com-nomes-dos-deputados-estaduais-eleitos-em-minas-gerais","tag-confira-a-lista-de-deputados-estaduais-e-federais-eleitos-em-minas-gerais","tag-confira-a-lista-de-deputados-estaduais-eleitos-em-minas-gerais","tag-confira-a-lista-de-deputados-federais-eleitos-em-minas-gerais","tag-confira-a-lista-final-de-deputados-estaduais-eleitos-em-minas-gerais","tag-conheca-os-deputados-estaduais-eleitos-em-minas-gerais","tag-conhecer-os-deputados-eleitos","tag-conhecer-os-deputados-eleitos-em-minas","tag-deputado-mais-votado-no-norte-de-minas","tag-deputado-mais-votado-no-vale-do-aco","tag-deputado-mais-votado-no-vale-do-jequitinhonha","tag-deputado-mais-votado-no-vale-do-mucuri","tag-deputado-mais-votado-no-vale-do-rio-doce","tag-deputados-eleitos","tag-deputados-eleitos-2022-mg","tag-deputados-eleitos-de-mg","tag-deputados-eleitos-em-mg","tag-deputados-eleitos-em-mg-2022","tag-deputados-eleitos-em-minas","tag-deputados-eleitos-em-minas-gerais","tag-deputados-eleitos-em-minas-gerais-2022","tag-deputados-eleitos-mg","tag-deputados-eleitos-mg-2022","tag-deputados-eleitos-minas","tag-deputados-eleitos-minas-gerais","tag-deputados-estaduais-eleitos","tag-deputados-estaduais-eleitos-2022-mg","tag-deputados-estaduais-eleitos-em-mg","tag-deputados-estaduais-eleitos-em-mg-2022","tag-deputados-estaduais-eleitos-em-minas","tag-deputados-estaduais-eleitos-em-minas-gerais","tag-deputados-estaduais-eleitos-em-minas-gerais-2022","tag-deputados-estaduais-eleitos-mg","tag-deputados-estaduais-eleitos-mg-2022","tag-deputados-estaduais-eleitos-minas","tag-deputados-estaduais-eleitos-minas-gerais","tag-deputados-federais-eleitos-em-mg","tag-deputados-federais-eleitos-em-minas-gerais","tag-deputados-federais-eleitos-mg","tag-destaque","tag-eleicao-para-deputado-estadual-no-brasil","tag-eleicao-para-deputado-federal-no-brasil","tag-eleicao-para-governador-no-brasil","tag-eleicao-para-presidente-no-brasil","tag-eleicao-para-senador-no-brasil","tag-eleicoes","tag-eleicoes-2022","tag-eleicoes-2022-em-minas-gerais","tag-eleicoes-2022-no-brasil","tag-eleicoes-em-minas-gerais","tag-eleicoes-no-brasil","tag-eleito-mg","tag-eleito-minas-gerais","tag-eleitos-em-minas","tag-governador-eleito-em-minas-gerais","tag-informacoes-sobre-os-deputados-eleitos-em-minas","tag-lista-de-deputados-estaduais-eleitos-em-minas-gerais","tag-nomes-dos-deputados-eleitos-em-minas-gerais","tag-resultado-das-eleicoes-2022-em-minas-gerais","tag-resultado-das-eleicoes-em-minas-gerais","tag-resultado-eleicoes-2022-em-minas-gerais","tag-resultado-eleicoes-2022-mg","tag-senador-eleito-em-minas-gerais","tag-votacao-para-deputado-em-minas-gerais","tag-votacao-para-governador-em-minas-gerais","tag-votacao-para-senador-em-minas-gerais"],"yoast_head":"<!-- This site is optimized with the Yoast SEO plugin v28.3 - https:\/\/yoast.com\/product\/yoast-seo-wordpress\/ -->\n<title>Confira a lista de deputados federais eleitos em Minas Gerais - Aconteceu no Vale<\/title>\n<meta name=\"robots\" content=\"index, follow, max-snippet:-1, max-image-preview:large, max-video-preview:-1\" \/>\n<link rel=\"canonical\" href=\"https:\/\/aconteceunovale.com.br\/portal\/?p=190823\" \/>\n<meta property=\"og:locale\" content=\"pt_BR\" \/>\n<meta property=\"og:type\" content=\"article\" \/>\n<meta property=\"og:title\" content=\"Confira a lista de deputados federais eleitos em Minas Gerais - Aconteceu no Vale\" \/>\n<meta property=\"og:description\" content=\"Eleitores de Minas Gerais foram \u00e0s urnas neste domingo (2\/10\/2022) e elegeram 53 deputados federais.\u00a0Confira a lista: Nikolas Ferreira (PL) &#8211; 1.492.047 votos Andr\u00e9 Janones (Avante) &#8211; 238.967 votos Duda Salabert (PDT) &#8211; 208.332 votos Reginaldo Lopes (PT) &#8211; 196.760 votos Rog\u00e9rio Correia (PT) &#8211; 185.918 votos Diego Andrade (PSD) &#8211; 170.181 votos Fred Costa [&hellip;]\" \/>\n<meta property=\"og:url\" content=\"https:\/\/aconteceunovale.com.br\/portal\/?p=190823\" \/>\n<meta property=\"og:site_name\" content=\"Aconteceu no Vale\" \/>\n<meta property=\"article:publisher\" content=\"https:\/\/www.facebook.com\/aconteceunovale\/\" \/>\n<meta property=\"article:published_time\" content=\"2022-10-03T01:34:03+00:00\" \/>\n<meta property=\"article:modified_time\" content=\"2022-10-03T03:53:56+00:00\" \/>\n<meta property=\"og:image\" content=\"https:\/\/aconteceunovale.com.br\/portal\/wp-content\/uploads\/2022\/10\/minas_gerais.png\" \/>\n\t<meta property=\"og:image:width\" content=\"678\" \/>\n\t<meta property=\"og:image:height\" content=\"355\" \/>\n\t<meta property=\"og:image:type\" content=\"image\/png\" \/>\n<meta name=\"author\" content=\"Reda\u00e7\u00e3o Aconteceu no Vale\" \/>\n<meta name=\"twitter:card\" content=\"summary_large_image\" \/>\n<meta name=\"twitter:creator\" content=\"@noticiadosvales\" \/>\n<meta name=\"twitter:site\" content=\"@noticiadosvales\" \/>\n<meta name=\"twitter:label1\" content=\"Escrito por\" \/>\n\t<meta name=\"twitter:data1\" content=\"Reda\u00e7\u00e3o Aconteceu no Vale\" \/>\n\t<meta name=\"twitter:label2\" content=\"Est. tempo de leitura\" \/>\n\t<meta name=\"twitter:data2\" content=\"2 minutos\" \/>\n<script type=\"application\/ld+json\" class=\"yoast-schema-graph\">{\"@context\":\"https:\\\/\\\/schema.org\",\"@graph\":[{\"@type\":\"Article\",\"@id\":\"https:\\\/\\\/aconteceunovale.com.br\\\/portal\\\/?p=190823#article\",\"isPartOf\":{\"@id\":\"https:\\\/\\\/aconteceunovale.com.br\\\/portal\\\/?p=190823\"},\"author\":{\"name\":\"Reda\u00e7\u00e3o Aconteceu no Vale\",\"@id\":\"https:\\\/\\\/aconteceunovale.com.br\\\/portal\\\/#\\\/schema\\\/person\\\/7d2f26d1483f8a63de73da1ee0754d35\"},\"headline\":\"Confira a lista de deputados federais eleitos em Minas Gerais\",\"datePublished\":\"2022-10-03T01:34:03+00:00\",\"dateModified\":\"2022-10-03T03:53:56+00:00\",\"mainEntityOfPage\":{\"@id\":\"https:\\\/\\\/aconteceunovale.com.br\\\/portal\\\/?p=190823\"},\"wordCount\":376,\"commentCount\":0,\"image\":{\"@id\":\"https:\\\/\\\/aconteceunovale.com.br\\\/portal\\\/?p=190823#primaryimage\"},\"thumbnailUrl\":\"https:\\\/\\\/aconteceunovale.com.br\\\/portal\\\/wp-content\\\/uploads\\\/2022\\\/10\\\/minas_gerais.png\",\"keywords\":[\"Apura\u00e7\u00e3o das elei\u00e7\u00f5es\",\"Apura\u00e7\u00e3o das elei\u00e7\u00f5es 2022\",\"Apura\u00e7\u00e3o das elei\u00e7\u00f5es em Minas Gerais\",\"Apura\u00e7\u00e3o dos votos\",\"apura\u00e7\u00e3o dos votos em Minas Gerais\",\"Apura\u00e7\u00e3o dos votos em tempo real\",\"Apura\u00e7\u00e3o dos votos em tempo real em Minas Gerais\",\"Apura\u00e7\u00e3o dos votos MG\",\"Apura\u00e7\u00e3o dos votos para deputado em Minas Gerais\",\"Apura\u00e7\u00e3o dos votos para deputado estadual em Minas Gerais\",\"Apura\u00e7\u00e3o dos votos para deputado federal em Minas Gerais\",\"Apura\u00e7\u00e3o dos votos para Governador em Minas Gerais\",\"Apura\u00e7\u00e3o dos votos para presidente em Minas Gerais\",\"Apura\u00e7\u00e3o dos votos para senador em Minas Gerais\",\"Confira a lista com nomes dos deputados estaduais eleitos em Minas Gerais\",\"Confira a lista de deputados estaduais e federais eleitos em Minas Gerais\",\"Confira a lista de deputados estaduais eleitos em Minas Gerais\",\"Confira a lista de deputados federais eleitos em Minas Gerais\",\"Confira a lista final de deputados estaduais eleitos em Minas Gerais\",\"Conhe\u00e7a os deputados estaduais eleitos em Minas Gerais\",\"conhecer os deputados eleitos\",\"conhecer os deputados eleitos em minas\",\"deputado mais votado no norte de minas\",\"deputado mais votado no vale do a\u00e7o\",\"deputado mais votado no vale do jequitinhonha\",\"deputado mais votado no vale do mucuri\",\"deputado mais votado no vale do rio doce\",\"deputados eleitos\",\"deputados eleitos 2022 mg\",\"deputados eleitos de mg\",\"deputados eleitos em mg\",\"deputados eleitos em mg 2022\",\"deputados eleitos em minas\",\"deputados eleitos em minas gerais\",\"deputados eleitos em Minas Gerais 2022\",\"deputados eleitos mg\",\"deputados eleitos mg 2022\",\"deputados eleitos minas\",\"deputados eleitos minas gerais\",\"deputados estaduais eleitos\",\"deputados estaduais eleitos 2022 mg\",\"deputados estaduais eleitos em mg\",\"deputados estaduais eleitos em mg 2022\",\"deputados estaduais eleitos em minas\",\"deputados estaduais eleitos em minas gerais\",\"deputados estaduais eleitos em Minas Gerais 2022\",\"deputados estaduais eleitos mg\",\"deputados estaduais eleitos mg 2022\",\"deputados estaduais eleitos minas\",\"deputados estaduais eleitos minas gerais\",\"deputados federais eleitos em mg\",\"deputados federais eleitos em minas gerais\",\"deputados federais eleitos mg\",\"destaque\",\"Elei\u00e7\u00e3o para deputado estadual no Brasil\",\"Elei\u00e7\u00e3o para deputado federal no Brasil\",\"Elei\u00e7\u00e3o para governador no Brasil\",\"Elei\u00e7\u00e3o para presidente no Brasil\",\"Elei\u00e7\u00e3o para Senador no Brasil\",\"Elei\u00e7\u00f5es\",\"Elei\u00e7\u00f5es 2022\",\"Elei\u00e7\u00f5es 2022 em Minas Gerais\",\"Elei\u00e7\u00f5es 2022 no Brasil\",\"elei\u00e7\u00f5es em minas gerais\",\"Elei\u00e7\u00f5es no Brasil\",\"Eleito MG\",\"Eleito Minas Gerais\",\"Eleitos em minas\",\"Governador eleito em minas gerais\",\"informa\u00e7\u00f5es sobre os deputados eleitos em minas\",\"lista de deputados estaduais eleitos em minas gerais\",\"nomes dos deputados eleitos em minas gerais\",\"Resultado das elei\u00e7\u00f5es 2022 em Minas Gerais\",\"resultado das elei\u00e7\u00f5es em minas gerais\",\"resultado elei\u00e7\u00f5es 2022 em minas gerais\",\"resultado elei\u00e7\u00f5es 2022 mg\",\"senador eleito em minas gerais\",\"vota\u00e7\u00e3o para deputado em minas gerais\",\"vota\u00e7\u00e3o para governador em minas gerais\",\"vota\u00e7\u00e3o para senador em minas gerais\"],\"articleSection\":[\"Elei\u00e7\u00f5es 2022\",\"Minas Gerais\"],\"inLanguage\":\"pt-BR\",\"potentialAction\":[{\"@type\":\"CommentAction\",\"name\":\"Comment\",\"target\":[\"https:\\\/\\\/aconteceunovale.com.br\\\/portal\\\/?p=190823#respond\"]}]},{\"@type\":\"WebPage\",\"@id\":\"https:\\\/\\\/aconteceunovale.com.br\\\/portal\\\/?p=190823\",\"url\":\"https:\\\/\\\/aconteceunovale.com.br\\\/portal\\\/?p=190823\",\"name\":\"Confira a lista de deputados federais eleitos em Minas Gerais - Aconteceu no Vale\",\"isPartOf\":{\"@id\":\"https:\\\/\\\/aconteceunovale.com.br\\\/portal\\\/#website\"},\"primaryImageOfPage\":{\"@id\":\"https:\\\/\\\/aconteceunovale.com.br\\\/portal\\\/?p=190823#primaryimage\"},\"image\":{\"@id\":\"https:\\\/\\\/aconteceunovale.com.br\\\/portal\\\/?p=190823#primaryimage\"},\"thumbnailUrl\":\"https:\\\/\\\/aconteceunovale.com.br\\\/portal\\\/wp-content\\\/uploads\\\/2022\\\/10\\\/minas_gerais.png\",\"datePublished\":\"2022-10-03T01:34:03+00:00\",\"dateModified\":\"2022-10-03T03:53:56+00:00\",\"author\":{\"@id\":\"https:\\\/\\\/aconteceunovale.com.br\\\/portal\\\/#\\\/schema\\\/person\\\/7d2f26d1483f8a63de73da1ee0754d35\"},\"breadcrumb\":{\"@id\":\"https:\\\/\\\/aconteceunovale.com.br\\\/portal\\\/?p=190823#breadcrumb\"},\"inLanguage\":\"pt-BR\",\"potentialAction\":[{\"@type\":\"ReadAction\",\"target\":[\"https:\\\/\\\/aconteceunovale.com.br\\\/portal\\\/?p=190823\"]}]},{\"@type\":\"ImageObject\",\"inLanguage\":\"pt-BR\",\"@id\":\"https:\\\/\\\/aconteceunovale.com.br\\\/portal\\\/?p=190823#primaryimage\",\"url\":\"https:\\\/\\\/aconteceunovale.com.br\\\/portal\\\/wp-content\\\/uploads\\\/2022\\\/10\\\/minas_gerais.png\",\"contentUrl\":\"https:\\\/\\\/aconteceunovale.com.br\\\/portal\\\/wp-content\\\/uploads\\\/2022\\\/10\\\/minas_gerais.png\",\"width\":678,\"height\":355},{\"@type\":\"BreadcrumbList\",\"@id\":\"https:\\\/\\\/aconteceunovale.com.br\\\/portal\\\/?p=190823#breadcrumb\",\"itemListElement\":[{\"@type\":\"ListItem\",\"position\":1,\"name\":\"In\u00edcio\",\"item\":\"https:\\\/\\\/aconteceunovale.com.br\\\/portal\\\/\"},{\"@type\":\"ListItem\",\"position\":2,\"name\":\"Confira a lista de deputados federais eleitos em Minas Gerais\"}]},{\"@type\":\"WebSite\",\"@id\":\"https:\\\/\\\/aconteceunovale.com.br\\\/portal\\\/#website\",\"url\":\"https:\\\/\\\/aconteceunovale.com.br\\\/portal\\\/\",\"name\":\"Aconteceu no Vale\",\"description\":\"Portal de Not\u00edcias\",\"potentialAction\":[{\"@type\":\"SearchAction\",\"target\":{\"@type\":\"EntryPoint\",\"urlTemplate\":\"https:\\\/\\\/aconteceunovale.com.br\\\/portal\\\/?s={search_term_string}\"},\"query-input\":{\"@type\":\"PropertyValueSpecification\",\"valueRequired\":true,\"valueName\":\"search_term_string\"}}],\"inLanguage\":\"pt-BR\"},{\"@type\":\"Person\",\"@id\":\"https:\\\/\\\/aconteceunovale.com.br\\\/portal\\\/#\\\/schema\\\/person\\\/7d2f26d1483f8a63de73da1ee0754d35\",\"name\":\"Reda\u00e7\u00e3o Aconteceu no Vale\",\"description\":\"Equipe de reportagem do Aconteceu no Vale, portal de not\u00edcias do Vale do Jequitinhonha, em Minas Gerais. Cobrimos as 51 cidades do Vale desde 2013. Sugest\u00f5es de pauta e pedidos de corre\u00e7\u00e3o: contato@aconteceunovale.com.br\",\"url\":\"https:\\\/\\\/aconteceunovale.com.br\\\/portal\\\/?author=4\"}]}<\/script>\n<!-- \/ Yoast SEO plugin. -->","yoast_head_json":{"title":"Confira a lista de deputados federais eleitos em Minas Gerais - Aconteceu no Vale","robots":{"index":"index","follow":"follow","max-snippet":"max-snippet:-1","max-image-preview":"max-image-preview:large","max-video-preview":"max-video-preview:-1"},"canonical":"https:\/\/aconteceunovale.com.br\/portal\/?p=190823","og_locale":"pt_BR","og_type":"article","og_title":"Confira a lista de deputados federais eleitos em Minas Gerais - Aconteceu no Vale","og_description":"Eleitores de Minas Gerais foram \u00e0s urnas neste domingo (2\/10\/2022) e elegeram 53 deputados federais.\u00a0Confira a lista: Nikolas Ferreira (PL) &#8211; 1.492.047 votos Andr\u00e9 Janones (Avante) &#8211; 238.967 votos Duda Salabert (PDT) &#8211; 208.332 votos Reginaldo Lopes (PT) &#8211; 196.760 votos Rog\u00e9rio Correia (PT) &#8211; 185.918 votos Diego Andrade (PSD) &#8211; 170.181 votos Fred Costa [&hellip;]","og_url":"https:\/\/aconteceunovale.com.br\/portal\/?p=190823","og_site_name":"Aconteceu no Vale","article_publisher":"https:\/\/www.facebook.com\/aconteceunovale\/","article_published_time":"2022-10-03T01:34:03+00:00","article_modified_time":"2022-10-03T03:53:56+00:00","og_image":[{"width":678,"height":355,"url":"https:\/\/aconteceunovale.com.br\/portal\/wp-content\/uploads\/2022\/10\/minas_gerais.png","type":"image\/png"}],"author":"Reda\u00e7\u00e3o Aconteceu no Vale","twitter_card":"summary_large_image","twitter_creator":"@noticiadosvales","twitter_site":"@noticiadosvales","twitter_misc":{"Escrito por":"Reda\u00e7\u00e3o Aconteceu no Vale","Est. tempo de leitura":"2 minutos"},"schema":{"@context":"https:\/\/schema.org","@graph":[{"@type":"Article","@id":"https:\/\/aconteceunovale.com.br\/portal\/?p=190823#article","isPartOf":{"@id":"https:\/\/aconteceunovale.com.br\/portal\/?p=190823"},"author":{"name":"Reda\u00e7\u00e3o Aconteceu no Vale","@id":"https:\/\/aconteceunovale.com.br\/portal\/#\/schema\/person\/7d2f26d1483f8a63de73da1ee0754d35"},"headline":"Confira a lista de deputados federais eleitos em Minas Gerais","datePublished":"2022-10-03T01:34:03+00:00","dateModified":"2022-10-03T03:53:56+00:00","mainEntityOfPage":{"@id":"https:\/\/aconteceunovale.com.br\/portal\/?p=190823"},"wordCount":376,"commentCount":0,"image":{"@id":"https:\/\/aconteceunovale.com.br\/portal\/?p=190823#primaryimage"},"thumbnailUrl":"https:\/\/aconteceunovale.com.br\/portal\/wp-content\/uploads\/2022\/10\/minas_gerais.png","keywords":["Apura\u00e7\u00e3o das elei\u00e7\u00f5es","Apura\u00e7\u00e3o das elei\u00e7\u00f5es 2022","Apura\u00e7\u00e3o das elei\u00e7\u00f5es em Minas Gerais","Apura\u00e7\u00e3o dos votos","apura\u00e7\u00e3o dos votos em Minas Gerais","Apura\u00e7\u00e3o dos votos em tempo real","Apura\u00e7\u00e3o dos votos em tempo real em Minas Gerais","Apura\u00e7\u00e3o dos votos MG","Apura\u00e7\u00e3o dos votos para deputado em Minas Gerais","Apura\u00e7\u00e3o dos votos para deputado estadual em Minas Gerais","Apura\u00e7\u00e3o dos votos para deputado federal em Minas Gerais","Apura\u00e7\u00e3o dos votos para Governador em Minas Gerais","Apura\u00e7\u00e3o dos votos para presidente em Minas Gerais","Apura\u00e7\u00e3o dos votos para senador em Minas Gerais","Confira a lista com nomes dos deputados estaduais eleitos em Minas Gerais","Confira a lista de deputados estaduais e federais eleitos em Minas Gerais","Confira a lista de deputados estaduais eleitos em Minas Gerais","Confira a lista de deputados federais eleitos em Minas Gerais","Confira a lista final de deputados estaduais eleitos em Minas Gerais","Conhe\u00e7a os deputados estaduais eleitos em Minas Gerais","conhecer os deputados eleitos","conhecer os deputados eleitos em minas","deputado mais votado no norte de minas","deputado mais votado no vale do a\u00e7o","deputado mais votado no vale do jequitinhonha","deputado mais votado no vale do mucuri","deputado mais votado no vale do rio doce","deputados eleitos","deputados eleitos 2022 mg","deputados eleitos de mg","deputados eleitos em mg","deputados eleitos em mg 2022","deputados eleitos em minas","deputados eleitos em minas gerais","deputados eleitos em Minas Gerais 2022","deputados eleitos mg","deputados eleitos mg 2022","deputados eleitos minas","deputados eleitos minas gerais","deputados estaduais eleitos","deputados estaduais eleitos 2022 mg","deputados estaduais eleitos em mg","deputados estaduais eleitos em mg 2022","deputados estaduais eleitos em minas","deputados estaduais eleitos em minas gerais","deputados estaduais eleitos em Minas Gerais 2022","deputados estaduais eleitos mg","deputados estaduais eleitos mg 2022","deputados estaduais eleitos minas","deputados estaduais eleitos minas gerais","deputados federais eleitos em mg","deputados federais eleitos em minas gerais","deputados federais eleitos mg","destaque","Elei\u00e7\u00e3o para deputado estadual no Brasil","Elei\u00e7\u00e3o para deputado federal no Brasil","Elei\u00e7\u00e3o para governador no Brasil","Elei\u00e7\u00e3o para presidente no Brasil","Elei\u00e7\u00e3o para Senador no Brasil","Elei\u00e7\u00f5es","Elei\u00e7\u00f5es 2022","Elei\u00e7\u00f5es 2022 em Minas Gerais","Elei\u00e7\u00f5es 2022 no Brasil","elei\u00e7\u00f5es em minas gerais","Elei\u00e7\u00f5es no Brasil","Eleito MG","Eleito Minas Gerais","Eleitos em minas","Governador eleito em minas gerais","informa\u00e7\u00f5es sobre os deputados eleitos em minas","lista de deputados estaduais eleitos em minas gerais","nomes dos deputados eleitos em minas gerais","Resultado das elei\u00e7\u00f5es 2022 em Minas Gerais","resultado das elei\u00e7\u00f5es em minas gerais","resultado elei\u00e7\u00f5es 2022 em minas gerais","resultado elei\u00e7\u00f5es 2022 mg","senador eleito em minas gerais","vota\u00e7\u00e3o para deputado em minas gerais","vota\u00e7\u00e3o para governador em minas gerais","vota\u00e7\u00e3o para senador em minas gerais"],"articleSection":["Elei\u00e7\u00f5es 2022","Minas Gerais"],"inLanguage":"pt-BR","potentialAction":[{"@type":"CommentAction","name":"Comment","target":["https:\/\/aconteceunovale.com.br\/portal\/?p=190823#respond"]}]},{"@type":"WebPage","@id":"https:\/\/aconteceunovale.com.br\/portal\/?p=190823","url":"https:\/\/aconteceunovale.com.br\/portal\/?p=190823","name":"Confira a lista de deputados federais eleitos em Minas Gerais - Aconteceu no Vale","isPartOf":{"@id":"https:\/\/aconteceunovale.com.br\/portal\/#website"},"primaryImageOfPage":{"@id":"https:\/\/aconteceunovale.com.br\/portal\/?p=190823#primaryimage"},"image":{"@id":"https:\/\/aconteceunovale.com.br\/portal\/?p=190823#primaryimage"},"thumbnailUrl":"https:\/\/aconteceunovale.com.br\/portal\/wp-content\/uploads\/2022\/10\/minas_gerais.png","datePublished":"2022-10-03T01:34:03+00:00","dateModified":"2022-10-03T03:53:56+00:00","author":{"@id":"https:\/\/aconteceunovale.com.br\/portal\/#\/schema\/person\/7d2f26d1483f8a63de73da1ee0754d35"},"breadcrumb":{"@id":"https:\/\/aconteceunovale.com.br\/portal\/?p=190823#breadcrumb"},"inLanguage":"pt-BR","potentialAction":[{"@type":"ReadAction","target":["https:\/\/aconteceunovale.com.br\/portal\/?p=190823"]}]},{"@type":"ImageObject","inLanguage":"pt-BR","@id":"https:\/\/aconteceunovale.com.br\/portal\/?p=190823#primaryimage","url":"https:\/\/aconteceunovale.com.br\/portal\/wp-content\/uploads\/2022\/10\/minas_gerais.png","contentUrl":"https:\/\/aconteceunovale.com.br\/portal\/wp-content\/uploads\/2022\/10\/minas_gerais.png","width":678,"height":355},{"@type":"BreadcrumbList","@id":"https:\/\/aconteceunovale.com.br\/portal\/?p=190823#breadcrumb","itemListElement":[{"@type":"ListItem","position":1,"name":"In\u00edcio","item":"https:\/\/aconteceunovale.com.br\/portal\/"},{"@type":"ListItem","position":2,"name":"Confira a lista de deputados federais eleitos em Minas Gerais"}]},{"@type":"WebSite","@id":"https:\/\/aconteceunovale.com.br\/portal\/#website","url":"https:\/\/aconteceunovale.com.br\/portal\/","name":"Aconteceu no Vale","description":"Portal de Not\u00edcias","potentialAction":[{"@type":"SearchAction","target":{"@type":"EntryPoint","urlTemplate":"https:\/\/aconteceunovale.com.br\/portal\/?s={search_term_string}"},"query-input":{"@type":"PropertyValueSpecification","valueRequired":true,"valueName":"search_term_string"}}],"inLanguage":"pt-BR"},{"@type":"Person","@id":"https:\/\/aconteceunovale.com.br\/portal\/#\/schema\/person\/7d2f26d1483f8a63de73da1ee0754d35","name":"Reda\u00e7\u00e3o Aconteceu no Vale","description":"Equipe de reportagem do Aconteceu no Vale, portal de not\u00edcias do Vale do Jequitinhonha, em Minas Gerais. Cobrimos as 51 cidades do Vale desde 2013. Sugest\u00f5es de pauta e pedidos de corre\u00e7\u00e3o: contato@aconteceunovale.com.br","url":"https:\/\/aconteceunovale.com.br\/portal\/?author=4"}]}},"_links":{"self":[{"href":"https:\/\/aconteceunovale.com.br\/portal\/index.php?rest_route=\/wp\/v2\/posts\/190823","targetHints":{"allow":["GET"]}}],"collection":[{"href":"https:\/\/aconteceunovale.com.br\/portal\/index.php?rest_route=\/wp\/v2\/posts"}],"about":[{"href":"https:\/\/aconteceunovale.com.br\/portal\/index.php?rest_route=\/wp\/v2\/types\/post"}],"author":[{"embeddable":true,"href":"https:\/\/aconteceunovale.com.br\/portal\/index.php?rest_route=\/wp\/v2\/users\/4"}],"replies":[{"embeddable":true,"href":"https:\/\/aconteceunovale.com.br\/portal\/index.php?rest_route=%2Fwp%2Fv2%2Fcomments&post=190823"}],"version-history":[{"count":3,"href":"https:\/\/aconteceunovale.com.br\/portal\/index.php?rest_route=\/wp\/v2\/posts\/190823\/revisions"}],"predecessor-version":[{"id":190904,"href":"https:\/\/aconteceunovale.com.br\/portal\/index.php?rest_route=\/wp\/v2\/posts\/190823\/revisions\/190904"}],"wp:featuredmedia":[{"embeddable":true,"href":"https:\/\/aconteceunovale.com.br\/portal\/index.php?rest_route=\/wp\/v2\/media\/190828"}],"wp:attachment":[{"href":"https:\/\/aconteceunovale.com.br\/portal\/index.php?rest_route=%2Fwp%2Fv2%2Fmedia&parent=190823"}],"wp:term":[{"taxonomy":"category","embeddable":true,"href":"https:\/\/aconteceunovale.com.br\/portal\/index.php?rest_route=%2Fwp%2Fv2%2Fcategories&post=190823"},{"taxonomy":"post_tag","embeddable":true,"href":"https:\/\/aconteceunovale.com.br\/portal\/index.php?rest_route=%2Fwp%2Fv2%2Ftags&post=190823"}],"curies":[{"name":"wp","href":"https:\/\/api.w.org\/{rel}","templated":true}]}}