{"id":190815,"date":"2022-10-02T07:19:17","date_gmt":"2022-10-02T10:19:17","guid":{"rendered":"https:\/\/aconteceunovale.com.br\/portal\/?p=190815"},"modified":"2022-10-02T09:19:54","modified_gmt":"2022-10-02T12:19:54","slug":"domingo-de-eleicao-tera-pancadas-de-chuva-em-boa-parte-do-brasil","status":"publish","type":"post","link":"https:\/\/aconteceunovale.com.br\/portal\/?p=190815","title":{"rendered":"Domingo de elei\u00e7\u00e3o ter\u00e1 pancadas de chuva em boa parte do Brasil"},"content":{"rendered":"\n<p class=\"wp-block-paragraph\">Al\u00e9m da documenta\u00e7\u00e3o exigida para o voto, o eleitor brasileiro deve preparar tamb\u00e9m o guarda-chuva. De acordo com o Instituto Nacional de Meteorologia (Inmet), a previs\u00e3o para o pr\u00f3ximo domingo (2), dia de primeiro turno, \u00e9 de pancadas de chuva em boa parte do pa\u00eds.<\/p>\n\n\n\n<p class=\"wp-block-paragraph\">Em entrevista \u00e0\u00a0Ag\u00eancia Brasil, o meteorologista Her\u00e1clio Alves explicou que os quatro estados do Sudeste devem registrar chuva no dia do pleito. A previs\u00e3o \u00e9 de temporais mais intensos em Minas Gerais, incluindo a capital Belo Horizonte, onde o tempo deve permanecer fechado.<\/p>\n\n\n\n<p class=\"wp-block-paragraph\">Centro-Oeste, Mato Grosso, Goi\u00e1s e Distrito Federal devem registrar muitas nuvens e pancadas de chuva a qualquer hora do dia. Os hor\u00e1rios de temperatura mais alta, segundo o meteorologista, aumentam as chances de chuva, principalmente \u00e0 tarde.<\/p>\n\n\n\n<p class=\"wp-block-paragraph\">No Norte, exceto no Tocantins, o domingo tamb\u00e9m deve ser de chuva e alta umidade. H\u00e1 chances de pancadas de chuvas mais intensas em Rond\u00f4nia, no Acre e em Roraima, incluindo as respectivas capitais.<\/p>\n\n\n\n<p class=\"wp-block-paragraph\">Sul e Nordeste s\u00e3o as \u00fanicas regi\u00f5es do pa\u00eds que devem registrar pouca nebulosidade e pouca chuva no dia de hoje, com predom\u00ednio de tempo ensolarado.<\/p>\n\n\n\n<p class=\"wp-block-paragraph\">&#8212;&#8212;&#8212;&#8212;&#8212;&#8212;<br><br><strong>Sabia que o Aconteceu no Vale est\u00e1 tamb\u00e9m no Telegram? <a rel=\"noreferrer noopener\" href=\"https:\/\/t.me\/aconteceunovaleoficial\" target=\"_blank\">Inscreva-se no canal<\/a>.<\/strong><br><br><strong>J\u00e1 curtiu ou seguiu nossas p\u00e1ginas nas redes sociais?\u00a0Receba as not\u00edcias em primeira m\u00e3o:<\/strong><br>\u2022 <a rel=\"noreferrer noopener\" href=\"https:\/\/news.google.com\/publications\/CAAqBwgKMNjklQswi4etAw?hl=pt-BR&amp;gl=BR&amp;ceid=BR%3Apt-419\" target=\"_blank\">Google News<\/a><br>\u2022 <a rel=\"noreferrer noopener\" href=\"https:\/\/www.facebook.com\/aconteceunovale\/\" target=\"_blank\">Facebook<\/a><br>\u2022 <a rel=\"noreferrer noopener\" href=\"https:\/\/twitter.com\/noticiadosvales\" target=\"_blank\">Twitter<\/a><br>\u2022 <a rel=\"noreferrer noopener\" href=\"https:\/\/www.instagram.com\/aconteceunovale\" target=\"_blank\">Instagram<\/a><br>\u2022 <a rel=\"noreferrer noopener\" href=\"https:\/\/www.youtube.com\/AconteceunoValeOficial\" target=\"_blank\">Youtube<\/a><br>\u2022 <a rel=\"noreferrer noopener\" href=\"https:\/\/www.tiktok.com\/@aconteceunovale\" target=\"_blank\">TikTok<\/a><\/p>\n","protected":false},"excerpt":{"rendered":"<p>Al\u00e9m da documenta\u00e7\u00e3o exigida para o voto, o eleitor brasileiro deve preparar tamb\u00e9m o guarda-chuva. De acordo com o Instituto Nacional de Meteorologia (Inmet), a previs\u00e3o para o pr\u00f3ximo domingo (2), dia de primeiro turno, \u00e9 de pancadas de chuva em boa parte do pa\u00eds. Em entrevista \u00e0\u00a0Ag\u00eancia Brasil, o meteorologista Her\u00e1clio Alves explicou que [&hellip;]<\/p>\n","protected":false},"author":4,"featured_media":190816,"comment_status":"open","ping_status":"closed","sticky":false,"template":"","format":"standard","meta":{"amp_status":"","footnotes":""},"categories":[6,249933],"tags":[263711,263710,263709,236750,54659,263712],"class_list":["post-190815","post","type-post","status-publish","format-standard","has-post-thumbnail","hentry","category-br","category-eleicoes-2022","tag-chuva-no-domingo-de-eleicao","tag-domingo-de-eleicao","tag-domingo-de-eleicao-tera-pancadas-de-chuva-em-boa-parte-do-brasil","tag-heraclio-alves","tag-inmet","tag-previsao-do-tempo-para-o-domingo-de-eleicao"],"yoast_head":"<!-- This site is optimized with the Yoast SEO plugin v28.3 - https:\/\/yoast.com\/product\/yoast-seo-wordpress\/ -->\n<title>Domingo de elei\u00e7\u00e3o ter\u00e1 pancadas de chuva em boa parte do Brasil - Aconteceu no Vale<\/title>\n<meta name=\"robots\" content=\"index, follow, max-snippet:-1, max-image-preview:large, max-video-preview:-1\" \/>\n<link rel=\"canonical\" href=\"https:\/\/aconteceunovale.com.br\/portal\/?p=190815\" \/>\n<meta property=\"og:locale\" content=\"pt_BR\" \/>\n<meta property=\"og:type\" content=\"article\" \/>\n<meta property=\"og:title\" content=\"Domingo de elei\u00e7\u00e3o ter\u00e1 pancadas de chuva em boa parte do Brasil - Aconteceu no Vale\" \/>\n<meta property=\"og:description\" content=\"Al\u00e9m da documenta\u00e7\u00e3o exigida para o voto, o eleitor brasileiro deve preparar tamb\u00e9m o guarda-chuva. De acordo com o Instituto Nacional de Meteorologia (Inmet), a previs\u00e3o para o pr\u00f3ximo domingo (2), dia de primeiro turno, \u00e9 de pancadas de chuva em boa parte do pa\u00eds. Em entrevista \u00e0\u00a0Ag\u00eancia Brasil, o meteorologista Her\u00e1clio Alves explicou que [&hellip;]\" \/>\n<meta property=\"og:url\" content=\"https:\/\/aconteceunovale.com.br\/portal\/?p=190815\" \/>\n<meta property=\"og:site_name\" content=\"Aconteceu no Vale\" \/>\n<meta property=\"article:publisher\" content=\"https:\/\/www.facebook.com\/aconteceunovale\/\" \/>\n<meta property=\"article:published_time\" content=\"2022-10-02T10:19:17+00:00\" \/>\n<meta property=\"article:modified_time\" content=\"2022-10-02T12:19:54+00:00\" \/>\n<meta property=\"og:image\" content=\"https:\/\/aconteceunovale.com.br\/portal\/wp-content\/uploads\/2022\/10\/guarda_chuva.jpg\" \/>\n\t<meta property=\"og:image:width\" content=\"678\" \/>\n\t<meta property=\"og:image:height\" content=\"406\" \/>\n\t<meta property=\"og:image:type\" content=\"image\/jpeg\" \/>\n<meta name=\"author\" content=\"Reda\u00e7\u00e3o Aconteceu no Vale\" \/>\n<meta name=\"twitter:card\" content=\"summary_large_image\" \/>\n<meta name=\"twitter:creator\" content=\"@noticiadosvales\" \/>\n<meta name=\"twitter:site\" content=\"@noticiadosvales\" \/>\n<meta name=\"twitter:label1\" content=\"Escrito por\" \/>\n\t<meta name=\"twitter:data1\" content=\"Reda\u00e7\u00e3o Aconteceu no Vale\" \/>\n\t<meta name=\"twitter:label2\" content=\"Est. tempo de leitura\" \/>\n\t<meta name=\"twitter:data2\" content=\"1 minuto\" \/>\n<script type=\"application\/ld+json\" class=\"yoast-schema-graph\">{\"@context\":\"https:\\\/\\\/schema.org\",\"@graph\":[{\"@type\":\"Article\",\"@id\":\"https:\\\/\\\/aconteceunovale.com.br\\\/portal\\\/?p=190815#article\",\"isPartOf\":{\"@id\":\"https:\\\/\\\/aconteceunovale.com.br\\\/portal\\\/?p=190815\"},\"author\":{\"name\":\"Reda\u00e7\u00e3o Aconteceu no Vale\",\"@id\":\"https:\\\/\\\/aconteceunovale.com.br\\\/portal\\\/#\\\/schema\\\/person\\\/7d2f26d1483f8a63de73da1ee0754d35\"},\"headline\":\"Domingo de elei\u00e7\u00e3o ter\u00e1 pancadas de chuva em boa parte do Brasil\",\"datePublished\":\"2022-10-02T10:19:17+00:00\",\"dateModified\":\"2022-10-02T12:19:54+00:00\",\"mainEntityOfPage\":{\"@id\":\"https:\\\/\\\/aconteceunovale.com.br\\\/portal\\\/?p=190815\"},\"wordCount\":251,\"commentCount\":0,\"image\":{\"@id\":\"https:\\\/\\\/aconteceunovale.com.br\\\/portal\\\/?p=190815#primaryimage\"},\"thumbnailUrl\":\"https:\\\/\\\/aconteceunovale.com.br\\\/portal\\\/wp-content\\\/uploads\\\/2022\\\/10\\\/guarda_chuva.jpg\",\"keywords\":[\"Chuva no domingo de elei\u00e7\u00e3o\",\"Domingo de elei\u00e7\u00e3o\",\"Domingo de elei\u00e7\u00e3o ter\u00e1 pancadas de chuva em boa parte do Brasil\",\"Her\u00e1clio Alves\",\"Inmet\",\"Previs\u00e3o do tempo para o domingo de elei\u00e7\u00e3o\"],\"articleSection\":[\"Brasil\",\"Elei\u00e7\u00f5es 2022\"],\"inLanguage\":\"pt-BR\",\"potentialAction\":[{\"@type\":\"CommentAction\",\"name\":\"Comment\",\"target\":[\"https:\\\/\\\/aconteceunovale.com.br\\\/portal\\\/?p=190815#respond\"]}]},{\"@type\":\"WebPage\",\"@id\":\"https:\\\/\\\/aconteceunovale.com.br\\\/portal\\\/?p=190815\",\"url\":\"https:\\\/\\\/aconteceunovale.com.br\\\/portal\\\/?p=190815\",\"name\":\"Domingo de elei\u00e7\u00e3o ter\u00e1 pancadas de chuva em boa parte do Brasil - Aconteceu no Vale\",\"isPartOf\":{\"@id\":\"https:\\\/\\\/aconteceunovale.com.br\\\/portal\\\/#website\"},\"primaryImageOfPage\":{\"@id\":\"https:\\\/\\\/aconteceunovale.com.br\\\/portal\\\/?p=190815#primaryimage\"},\"image\":{\"@id\":\"https:\\\/\\\/aconteceunovale.com.br\\\/portal\\\/?p=190815#primaryimage\"},\"thumbnailUrl\":\"https:\\\/\\\/aconteceunovale.com.br\\\/portal\\\/wp-content\\\/uploads\\\/2022\\\/10\\\/guarda_chuva.jpg\",\"datePublished\":\"2022-10-02T10:19:17+00:00\",\"dateModified\":\"2022-10-02T12:19:54+00:00\",\"author\":{\"@id\":\"https:\\\/\\\/aconteceunovale.com.br\\\/portal\\\/#\\\/schema\\\/person\\\/7d2f26d1483f8a63de73da1ee0754d35\"},\"breadcrumb\":{\"@id\":\"https:\\\/\\\/aconteceunovale.com.br\\\/portal\\\/?p=190815#breadcrumb\"},\"inLanguage\":\"pt-BR\",\"potentialAction\":[{\"@type\":\"ReadAction\",\"target\":[\"https:\\\/\\\/aconteceunovale.com.br\\\/portal\\\/?p=190815\"]}]},{\"@type\":\"ImageObject\",\"inLanguage\":\"pt-BR\",\"@id\":\"https:\\\/\\\/aconteceunovale.com.br\\\/portal\\\/?p=190815#primaryimage\",\"url\":\"https:\\\/\\\/aconteceunovale.com.br\\\/portal\\\/wp-content\\\/uploads\\\/2022\\\/10\\\/guarda_chuva.jpg\",\"contentUrl\":\"https:\\\/\\\/aconteceunovale.com.br\\\/portal\\\/wp-content\\\/uploads\\\/2022\\\/10\\\/guarda_chuva.jpg\",\"width\":678,\"height\":406,\"caption\":\"Chuva em S\u00e3o Paulo\"},{\"@type\":\"BreadcrumbList\",\"@id\":\"https:\\\/\\\/aconteceunovale.com.br\\\/portal\\\/?p=190815#breadcrumb\",\"itemListElement\":[{\"@type\":\"ListItem\",\"position\":1,\"name\":\"In\u00edcio\",\"item\":\"https:\\\/\\\/aconteceunovale.com.br\\\/portal\\\/\"},{\"@type\":\"ListItem\",\"position\":2,\"name\":\"Domingo de elei\u00e7\u00e3o ter\u00e1 pancadas de chuva em boa parte do Brasil\"}]},{\"@type\":\"WebSite\",\"@id\":\"https:\\\/\\\/aconteceunovale.com.br\\\/portal\\\/#website\",\"url\":\"https:\\\/\\\/aconteceunovale.com.br\\\/portal\\\/\",\"name\":\"Aconteceu no Vale\",\"description\":\"Portal de Not\u00edcias\",\"potentialAction\":[{\"@type\":\"SearchAction\",\"target\":{\"@type\":\"EntryPoint\",\"urlTemplate\":\"https:\\\/\\\/aconteceunovale.com.br\\\/portal\\\/?s={search_term_string}\"},\"query-input\":{\"@type\":\"PropertyValueSpecification\",\"valueRequired\":true,\"valueName\":\"search_term_string\"}}],\"inLanguage\":\"pt-BR\"},{\"@type\":\"Person\",\"@id\":\"https:\\\/\\\/aconteceunovale.com.br\\\/portal\\\/#\\\/schema\\\/person\\\/7d2f26d1483f8a63de73da1ee0754d35\",\"name\":\"Reda\u00e7\u00e3o Aconteceu no Vale\",\"description\":\"Equipe de reportagem do Aconteceu no Vale, portal de not\u00edcias do Vale do Jequitinhonha, em Minas Gerais. Cobrimos as 51 cidades do Vale desde 2013. Sugest\u00f5es de pauta e pedidos de corre\u00e7\u00e3o: contato@aconteceunovale.com.br\",\"url\":\"https:\\\/\\\/aconteceunovale.com.br\\\/portal\\\/?author=4\"}]}<\/script>\n<!-- \/ Yoast SEO plugin. -->","yoast_head_json":{"title":"Domingo de elei\u00e7\u00e3o ter\u00e1 pancadas de chuva em boa parte do Brasil - Aconteceu no Vale","robots":{"index":"index","follow":"follow","max-snippet":"max-snippet:-1","max-image-preview":"max-image-preview:large","max-video-preview":"max-video-preview:-1"},"canonical":"https:\/\/aconteceunovale.com.br\/portal\/?p=190815","og_locale":"pt_BR","og_type":"article","og_title":"Domingo de elei\u00e7\u00e3o ter\u00e1 pancadas de chuva em boa parte do Brasil - Aconteceu no Vale","og_description":"Al\u00e9m da documenta\u00e7\u00e3o exigida para o voto, o eleitor brasileiro deve preparar tamb\u00e9m o guarda-chuva. De acordo com o Instituto Nacional de Meteorologia (Inmet), a previs\u00e3o para o pr\u00f3ximo domingo (2), dia de primeiro turno, \u00e9 de pancadas de chuva em boa parte do pa\u00eds. Em entrevista \u00e0\u00a0Ag\u00eancia Brasil, o meteorologista Her\u00e1clio Alves explicou que [&hellip;]","og_url":"https:\/\/aconteceunovale.com.br\/portal\/?p=190815","og_site_name":"Aconteceu no Vale","article_publisher":"https:\/\/www.facebook.com\/aconteceunovale\/","article_published_time":"2022-10-02T10:19:17+00:00","article_modified_time":"2022-10-02T12:19:54+00:00","og_image":[{"width":678,"height":406,"url":"https:\/\/aconteceunovale.com.br\/portal\/wp-content\/uploads\/2022\/10\/guarda_chuva.jpg","type":"image\/jpeg"}],"author":"Reda\u00e7\u00e3o Aconteceu no Vale","twitter_card":"summary_large_image","twitter_creator":"@noticiadosvales","twitter_site":"@noticiadosvales","twitter_misc":{"Escrito por":"Reda\u00e7\u00e3o Aconteceu no Vale","Est. tempo de leitura":"1 minuto"},"schema":{"@context":"https:\/\/schema.org","@graph":[{"@type":"Article","@id":"https:\/\/aconteceunovale.com.br\/portal\/?p=190815#article","isPartOf":{"@id":"https:\/\/aconteceunovale.com.br\/portal\/?p=190815"},"author":{"name":"Reda\u00e7\u00e3o Aconteceu no Vale","@id":"https:\/\/aconteceunovale.com.br\/portal\/#\/schema\/person\/7d2f26d1483f8a63de73da1ee0754d35"},"headline":"Domingo de elei\u00e7\u00e3o ter\u00e1 pancadas de chuva em boa parte do Brasil","datePublished":"2022-10-02T10:19:17+00:00","dateModified":"2022-10-02T12:19:54+00:00","mainEntityOfPage":{"@id":"https:\/\/aconteceunovale.com.br\/portal\/?p=190815"},"wordCount":251,"commentCount":0,"image":{"@id":"https:\/\/aconteceunovale.com.br\/portal\/?p=190815#primaryimage"},"thumbnailUrl":"https:\/\/aconteceunovale.com.br\/portal\/wp-content\/uploads\/2022\/10\/guarda_chuva.jpg","keywords":["Chuva no domingo de elei\u00e7\u00e3o","Domingo de elei\u00e7\u00e3o","Domingo de elei\u00e7\u00e3o ter\u00e1 pancadas de chuva em boa parte do Brasil","Her\u00e1clio Alves","Inmet","Previs\u00e3o do tempo para o domingo de elei\u00e7\u00e3o"],"articleSection":["Brasil","Elei\u00e7\u00f5es 2022"],"inLanguage":"pt-BR","potentialAction":[{"@type":"CommentAction","name":"Comment","target":["https:\/\/aconteceunovale.com.br\/portal\/?p=190815#respond"]}]},{"@type":"WebPage","@id":"https:\/\/aconteceunovale.com.br\/portal\/?p=190815","url":"https:\/\/aconteceunovale.com.br\/portal\/?p=190815","name":"Domingo de elei\u00e7\u00e3o ter\u00e1 pancadas de chuva em boa parte do Brasil - Aconteceu no Vale","isPartOf":{"@id":"https:\/\/aconteceunovale.com.br\/portal\/#website"},"primaryImageOfPage":{"@id":"https:\/\/aconteceunovale.com.br\/portal\/?p=190815#primaryimage"},"image":{"@id":"https:\/\/aconteceunovale.com.br\/portal\/?p=190815#primaryimage"},"thumbnailUrl":"https:\/\/aconteceunovale.com.br\/portal\/wp-content\/uploads\/2022\/10\/guarda_chuva.jpg","datePublished":"2022-10-02T10:19:17+00:00","dateModified":"2022-10-02T12:19:54+00:00","author":{"@id":"https:\/\/aconteceunovale.com.br\/portal\/#\/schema\/person\/7d2f26d1483f8a63de73da1ee0754d35"},"breadcrumb":{"@id":"https:\/\/aconteceunovale.com.br\/portal\/?p=190815#breadcrumb"},"inLanguage":"pt-BR","potentialAction":[{"@type":"ReadAction","target":["https:\/\/aconteceunovale.com.br\/portal\/?p=190815"]}]},{"@type":"ImageObject","inLanguage":"pt-BR","@id":"https:\/\/aconteceunovale.com.br\/portal\/?p=190815#primaryimage","url":"https:\/\/aconteceunovale.com.br\/portal\/wp-content\/uploads\/2022\/10\/guarda_chuva.jpg","contentUrl":"https:\/\/aconteceunovale.com.br\/portal\/wp-content\/uploads\/2022\/10\/guarda_chuva.jpg","width":678,"height":406,"caption":"Chuva em S\u00e3o Paulo"},{"@type":"BreadcrumbList","@id":"https:\/\/aconteceunovale.com.br\/portal\/?p=190815#breadcrumb","itemListElement":[{"@type":"ListItem","position":1,"name":"In\u00edcio","item":"https:\/\/aconteceunovale.com.br\/portal\/"},{"@type":"ListItem","position":2,"name":"Domingo de elei\u00e7\u00e3o ter\u00e1 pancadas de chuva em boa parte do Brasil"}]},{"@type":"WebSite","@id":"https:\/\/aconteceunovale.com.br\/portal\/#website","url":"https:\/\/aconteceunovale.com.br\/portal\/","name":"Aconteceu no Vale","description":"Portal de Not\u00edcias","potentialAction":[{"@type":"SearchAction","target":{"@type":"EntryPoint","urlTemplate":"https:\/\/aconteceunovale.com.br\/portal\/?s={search_term_string}"},"query-input":{"@type":"PropertyValueSpecification","valueRequired":true,"valueName":"search_term_string"}}],"inLanguage":"pt-BR"},{"@type":"Person","@id":"https:\/\/aconteceunovale.com.br\/portal\/#\/schema\/person\/7d2f26d1483f8a63de73da1ee0754d35","name":"Reda\u00e7\u00e3o Aconteceu no Vale","description":"Equipe de reportagem do Aconteceu no Vale, portal de not\u00edcias do Vale do Jequitinhonha, em Minas Gerais. Cobrimos as 51 cidades do Vale desde 2013. Sugest\u00f5es de pauta e pedidos de corre\u00e7\u00e3o: contato@aconteceunovale.com.br","url":"https:\/\/aconteceunovale.com.br\/portal\/?author=4"}]}},"_links":{"self":[{"href":"https:\/\/aconteceunovale.com.br\/portal\/index.php?rest_route=\/wp\/v2\/posts\/190815","targetHints":{"allow":["GET"]}}],"collection":[{"href":"https:\/\/aconteceunovale.com.br\/portal\/index.php?rest_route=\/wp\/v2\/posts"}],"about":[{"href":"https:\/\/aconteceunovale.com.br\/portal\/index.php?rest_route=\/wp\/v2\/types\/post"}],"author":[{"embeddable":true,"href":"https:\/\/aconteceunovale.com.br\/portal\/index.php?rest_route=\/wp\/v2\/users\/4"}],"replies":[{"embeddable":true,"href":"https:\/\/aconteceunovale.com.br\/portal\/index.php?rest_route=%2Fwp%2Fv2%2Fcomments&post=190815"}],"version-history":[{"count":1,"href":"https:\/\/aconteceunovale.com.br\/portal\/index.php?rest_route=\/wp\/v2\/posts\/190815\/revisions"}],"predecessor-version":[{"id":190817,"href":"https:\/\/aconteceunovale.com.br\/portal\/index.php?rest_route=\/wp\/v2\/posts\/190815\/revisions\/190817"}],"wp:featuredmedia":[{"embeddable":true,"href":"https:\/\/aconteceunovale.com.br\/portal\/index.php?rest_route=\/wp\/v2\/media\/190816"}],"wp:attachment":[{"href":"https:\/\/aconteceunovale.com.br\/portal\/index.php?rest_route=%2Fwp%2Fv2%2Fmedia&parent=190815"}],"wp:term":[{"taxonomy":"category","embeddable":true,"href":"https:\/\/aconteceunovale.com.br\/portal\/index.php?rest_route=%2Fwp%2Fv2%2Fcategories&post=190815"},{"taxonomy":"post_tag","embeddable":true,"href":"https:\/\/aconteceunovale.com.br\/portal\/index.php?rest_route=%2Fwp%2Fv2%2Ftags&post=190815"}],"curies":[{"name":"wp","href":"https:\/\/api.w.org\/{rel}","templated":true}]}}