{"id":190810,"date":"2022-10-01T16:19:38","date_gmt":"2022-10-01T19:19:38","guid":{"rendered":"https:\/\/aconteceunovale.com.br\/portal\/?p=190810"},"modified":"2022-10-01T23:20:50","modified_gmt":"2022-10-02T02:20:50","slug":"condutores-de-tratores-e-maquinas-agricolas-agora-devem-portar-registro","status":"publish","type":"post","link":"https:\/\/aconteceunovale.com.br\/portal\/?p=190810","title":{"rendered":"Condutores de tratores e m\u00e1quinas agr\u00edcolas agora devem portar registro"},"content":{"rendered":"\n<p class=\"wp-block-paragraph\">A partir de hoje (1\/10), os condutores de m\u00e1quinas agr\u00edcolas ou tratores fabricados antes de 2016 dever\u00e3o estar com o Registro Oficial de Tratores e M\u00e1quinas Agr\u00edcolas (Renagro) quando forem se locomover ou estacionar em via p\u00fablica. A obriga\u00e7\u00e3o, que entra em vigor neste m\u00eas, foi estabelecida por meio do Decreto 11.014\/2022, publicado pelo governo federal em maio desse ano.<\/p>\n\n\n\n<figure class=\"wp-block-gallery has-nested-images columns-default is-cropped wp-block-gallery-1 is-layout-flex wp-block-gallery-is-layout-flex\">\n<figure class=\"wp-block-image size-large\"><img loading=\"lazy\" decoding=\"async\" width=\"678\" height=\"406\" data-id=\"190811\" src=\"https:\/\/aconteceunovale.com.br\/portal\/wp-content\/uploads\/2022\/10\/trator.jpg\" alt=\"\" class=\"wp-image-190811\" srcset=\"https:\/\/aconteceunovale.com.br\/portal\/wp-content\/uploads\/2022\/10\/trator.jpg 678w, https:\/\/aconteceunovale.com.br\/portal\/wp-content\/uploads\/2022\/10\/trator-300x180.jpg 300w\" sizes=\"auto, (max-width: 678px) 100vw, 678px\" \/><figcaption><em><sub>Colheita de trigo &#8211; Foto: CNA\/Wenderson Araujo\/Trlux<\/sub><\/em><\/figcaption><\/figure>\n<\/figure>\n\n\n\n<p class=\"wp-block-paragraph\">O Renagro garante a propriedade do ve\u00edculo e d\u00e1 mais seguran\u00e7a na comercializa\u00e7\u00e3o, al\u00e9m de facilitar a rastreabilidade e a fiscaliza\u00e7\u00e3o para coibir furtos e roubos. Cada documento cont\u00e9m um c\u00f3digo espec\u00edfico e traz informa\u00e7\u00f5es b\u00e1sicas sobre a m\u00e1quina e o propriet\u00e1rio e tem validade em todo o territ\u00f3rio nacional.<\/p>\n\n\n\n<p class=\"wp-block-paragraph\">A solicita\u00e7\u00e3o \u00e9 realizada de forma online e a emiss\u00e3o \u00e9 feita sem custos pelo Minist\u00e9rio da Agricultura, Pecu\u00e1ria e Abastecimento (Mapa). O propriet\u00e1rio dever\u00e1 enviar a nota fiscal e uma grava\u00e7\u00e3o do c\u00f3digo do chassi sem ind\u00edcios de adultera\u00e7\u00e3o. Importadores, fabricantes e concession\u00e1rios s\u00e3o respons\u00e1veis por pr\u00e9-cadastrar as m\u00e1quinas.&nbsp;<\/p>\n\n\n\n<p class=\"wp-block-paragraph\">Embora o Renagro seja similar ao Certificado de Registro e Licenciamento de Ve\u00edculo (CRLV), emitido para os demais ve\u00edculos, ele n\u00e3o prev\u00ea emplacamento. Os propriet\u00e1rios tamb\u00e9m s\u00e3o isentos do licenciamento anual e do Imposto Sobre Propriedade de Ve\u00edculos Automotores (IPVA). Para as m\u00e1quinas fabricadas antes de 2016 ou que n\u00e3o transitem em via p\u00fablica, a emiss\u00e3o do documento \u00e9 facultativa.<\/p>\n\n\n\n<p class=\"wp-block-paragraph\">&#8212;&#8212;&#8212;&#8212;&#8212;&#8212;<br><br><strong>Sabia que o Aconteceu no Vale est\u00e1 tamb\u00e9m no Telegram? <a rel=\"noreferrer noopener\" href=\"https:\/\/t.me\/aconteceunovaleoficial\" target=\"_blank\">Inscreva-se no canal<\/a>.<\/strong><br><br><strong>J\u00e1 curtiu ou seguiu nossas p\u00e1ginas nas redes sociais?\u00a0Receba as not\u00edcias em primeira m\u00e3o:<\/strong><br>\u2022 <a rel=\"noreferrer noopener\" href=\"https:\/\/news.google.com\/publications\/CAAqBwgKMNjklQswi4etAw?hl=pt-BR&amp;gl=BR&amp;ceid=BR%3Apt-419\" target=\"_blank\">Google News<\/a><br>\u2022 <a rel=\"noreferrer noopener\" href=\"https:\/\/www.facebook.com\/aconteceunovale\/\" target=\"_blank\">Facebook<\/a><br>\u2022 <a rel=\"noreferrer noopener\" href=\"https:\/\/twitter.com\/noticiadosvales\" target=\"_blank\">Twitter<\/a><br>\u2022 <a rel=\"noreferrer noopener\" href=\"https:\/\/www.instagram.com\/aconteceunovale\" target=\"_blank\">Instagram<\/a><br>\u2022 <a rel=\"noreferrer noopener\" href=\"https:\/\/www.youtube.com\/AconteceunoValeOficial\" target=\"_blank\">Youtube<\/a><br>\u2022 <a rel=\"noreferrer noopener\" href=\"https:\/\/www.tiktok.com\/@aconteceunovale\" target=\"_blank\">TikTok<\/a><\/p>\n","protected":false},"excerpt":{"rendered":"<p>A partir de hoje (1\/10), os condutores de m\u00e1quinas agr\u00edcolas ou tratores fabricados antes de 2016 dever\u00e3o estar com o Registro Oficial de Tratores e M\u00e1quinas Agr\u00edcolas (Renagro) quando forem se locomover ou estacionar em via p\u00fablica. A obriga\u00e7\u00e3o, que entra em vigor neste m\u00eas, foi estabelecida por meio do Decreto 11.014\/2022, publicado pelo governo [&hellip;]<\/p>\n","protected":false},"author":4,"featured_media":190811,"comment_status":"open","ping_status":"closed","sticky":false,"template":"","format":"standard","meta":{"amp_status":"","footnotes":""},"categories":[6],"tags":[263703,1018,263708,23235,91974,263705,263704,263707,263706],"class_list":["post-190810","post","type-post","status-publish","format-standard","has-post-thumbnail","hentry","category-br","tag-condutores-de-tratores-e-maquinas-agricolas-agora-devem-portar-registro","tag-destaque","tag-lei-11-014-2022","tag-mapa","tag-ministerio-da-agricultura","tag-registro-de-condutor-de-maquina-agricola","tag-registro-de-condutor-de-trator","tag-registro-oficial-de-tratores-e-maquinas-agricolas","tag-renagro"],"yoast_head":"<!-- This site is optimized with the Yoast SEO plugin v28.3 - https:\/\/yoast.com\/product\/yoast-seo-wordpress\/ -->\n<title>Condutores de tratores e m\u00e1quinas agr\u00edcolas agora devem portar registro - Aconteceu no Vale<\/title>\n<meta name=\"robots\" content=\"index, follow, max-snippet:-1, max-image-preview:large, max-video-preview:-1\" \/>\n<link rel=\"canonical\" href=\"https:\/\/aconteceunovale.com.br\/portal\/?p=190810\" \/>\n<meta property=\"og:locale\" content=\"pt_BR\" \/>\n<meta property=\"og:type\" content=\"article\" \/>\n<meta property=\"og:title\" content=\"Condutores de tratores e m\u00e1quinas agr\u00edcolas agora devem portar registro - Aconteceu no Vale\" \/>\n<meta property=\"og:description\" content=\"A partir de hoje (1\/10), os condutores de m\u00e1quinas agr\u00edcolas ou tratores fabricados antes de 2016 dever\u00e3o estar com o Registro Oficial de Tratores e M\u00e1quinas Agr\u00edcolas (Renagro) quando forem se locomover ou estacionar em via p\u00fablica. A obriga\u00e7\u00e3o, que entra em vigor neste m\u00eas, foi estabelecida por meio do Decreto 11.014\/2022, publicado pelo governo [&hellip;]\" \/>\n<meta property=\"og:url\" content=\"https:\/\/aconteceunovale.com.br\/portal\/?p=190810\" \/>\n<meta property=\"og:site_name\" content=\"Aconteceu no Vale\" \/>\n<meta property=\"article:publisher\" content=\"https:\/\/www.facebook.com\/aconteceunovale\/\" \/>\n<meta property=\"article:published_time\" content=\"2022-10-01T19:19:38+00:00\" \/>\n<meta property=\"article:modified_time\" content=\"2022-10-02T02:20:50+00:00\" \/>\n<meta property=\"og:image\" content=\"https:\/\/aconteceunovale.com.br\/portal\/wp-content\/uploads\/2022\/10\/trator.jpg\" \/>\n\t<meta property=\"og:image:width\" content=\"678\" \/>\n\t<meta property=\"og:image:height\" content=\"406\" \/>\n\t<meta property=\"og:image:type\" content=\"image\/jpeg\" \/>\n<meta name=\"author\" content=\"Reda\u00e7\u00e3o Aconteceu no Vale\" \/>\n<meta name=\"twitter:card\" content=\"summary_large_image\" \/>\n<meta name=\"twitter:creator\" content=\"@noticiadosvales\" \/>\n<meta name=\"twitter:site\" content=\"@noticiadosvales\" \/>\n<meta name=\"twitter:label1\" content=\"Escrito por\" \/>\n\t<meta name=\"twitter:data1\" content=\"Reda\u00e7\u00e3o Aconteceu no Vale\" \/>\n\t<meta name=\"twitter:label2\" content=\"Est. tempo de leitura\" \/>\n\t<meta name=\"twitter:data2\" content=\"2 minutos\" \/>\n<script type=\"application\/ld+json\" class=\"yoast-schema-graph\">{\"@context\":\"https:\\\/\\\/schema.org\",\"@graph\":[{\"@type\":\"Article\",\"@id\":\"https:\\\/\\\/aconteceunovale.com.br\\\/portal\\\/?p=190810#article\",\"isPartOf\":{\"@id\":\"https:\\\/\\\/aconteceunovale.com.br\\\/portal\\\/?p=190810\"},\"author\":{\"name\":\"Reda\u00e7\u00e3o Aconteceu no Vale\",\"@id\":\"https:\\\/\\\/aconteceunovale.com.br\\\/portal\\\/#\\\/schema\\\/person\\\/7d2f26d1483f8a63de73da1ee0754d35\"},\"headline\":\"Condutores de tratores e m\u00e1quinas agr\u00edcolas agora devem portar registro\",\"datePublished\":\"2022-10-01T19:19:38+00:00\",\"dateModified\":\"2022-10-02T02:20:50+00:00\",\"mainEntityOfPage\":{\"@id\":\"https:\\\/\\\/aconteceunovale.com.br\\\/portal\\\/?p=190810\"},\"wordCount\":321,\"commentCount\":0,\"image\":{\"@id\":\"https:\\\/\\\/aconteceunovale.com.br\\\/portal\\\/?p=190810#primaryimage\"},\"thumbnailUrl\":\"https:\\\/\\\/aconteceunovale.com.br\\\/portal\\\/wp-content\\\/uploads\\\/2022\\\/10\\\/trator.jpg\",\"keywords\":[\"Condutores de tratores e m\u00e1quinas agr\u00edcolas agora devem portar registro\",\"destaque\",\"Lei 11.014-2022\",\"Mapa\",\"Minist\u00e9rio da Agricultura\",\"Registro de condutor de m\u00e1quina agr\u00edcola\",\"Registro de condutor de trator\",\"Registro Oficial de Tratores e M\u00e1quinas Agr\u00edcolas\",\"Renagro\"],\"articleSection\":[\"Brasil\"],\"inLanguage\":\"pt-BR\",\"potentialAction\":[{\"@type\":\"CommentAction\",\"name\":\"Comment\",\"target\":[\"https:\\\/\\\/aconteceunovale.com.br\\\/portal\\\/?p=190810#respond\"]}]},{\"@type\":\"WebPage\",\"@id\":\"https:\\\/\\\/aconteceunovale.com.br\\\/portal\\\/?p=190810\",\"url\":\"https:\\\/\\\/aconteceunovale.com.br\\\/portal\\\/?p=190810\",\"name\":\"Condutores de tratores e m\u00e1quinas agr\u00edcolas agora devem portar registro - Aconteceu no Vale\",\"isPartOf\":{\"@id\":\"https:\\\/\\\/aconteceunovale.com.br\\\/portal\\\/#website\"},\"primaryImageOfPage\":{\"@id\":\"https:\\\/\\\/aconteceunovale.com.br\\\/portal\\\/?p=190810#primaryimage\"},\"image\":{\"@id\":\"https:\\\/\\\/aconteceunovale.com.br\\\/portal\\\/?p=190810#primaryimage\"},\"thumbnailUrl\":\"https:\\\/\\\/aconteceunovale.com.br\\\/portal\\\/wp-content\\\/uploads\\\/2022\\\/10\\\/trator.jpg\",\"datePublished\":\"2022-10-01T19:19:38+00:00\",\"dateModified\":\"2022-10-02T02:20:50+00:00\",\"author\":{\"@id\":\"https:\\\/\\\/aconteceunovale.com.br\\\/portal\\\/#\\\/schema\\\/person\\\/7d2f26d1483f8a63de73da1ee0754d35\"},\"breadcrumb\":{\"@id\":\"https:\\\/\\\/aconteceunovale.com.br\\\/portal\\\/?p=190810#breadcrumb\"},\"inLanguage\":\"pt-BR\",\"potentialAction\":[{\"@type\":\"ReadAction\",\"target\":[\"https:\\\/\\\/aconteceunovale.com.br\\\/portal\\\/?p=190810\"]}]},{\"@type\":\"ImageObject\",\"inLanguage\":\"pt-BR\",\"@id\":\"https:\\\/\\\/aconteceunovale.com.br\\\/portal\\\/?p=190810#primaryimage\",\"url\":\"https:\\\/\\\/aconteceunovale.com.br\\\/portal\\\/wp-content\\\/uploads\\\/2022\\\/10\\\/trator.jpg\",\"contentUrl\":\"https:\\\/\\\/aconteceunovale.com.br\\\/portal\\\/wp-content\\\/uploads\\\/2022\\\/10\\\/trator.jpg\",\"width\":678,\"height\":406,\"caption\":\"Colheita de trigo\"},{\"@type\":\"BreadcrumbList\",\"@id\":\"https:\\\/\\\/aconteceunovale.com.br\\\/portal\\\/?p=190810#breadcrumb\",\"itemListElement\":[{\"@type\":\"ListItem\",\"position\":1,\"name\":\"In\u00edcio\",\"item\":\"https:\\\/\\\/aconteceunovale.com.br\\\/portal\\\/\"},{\"@type\":\"ListItem\",\"position\":2,\"name\":\"Condutores de tratores e m\u00e1quinas agr\u00edcolas agora devem portar registro\"}]},{\"@type\":\"WebSite\",\"@id\":\"https:\\\/\\\/aconteceunovale.com.br\\\/portal\\\/#website\",\"url\":\"https:\\\/\\\/aconteceunovale.com.br\\\/portal\\\/\",\"name\":\"Aconteceu no Vale\",\"description\":\"Portal de Not\u00edcias\",\"potentialAction\":[{\"@type\":\"SearchAction\",\"target\":{\"@type\":\"EntryPoint\",\"urlTemplate\":\"https:\\\/\\\/aconteceunovale.com.br\\\/portal\\\/?s={search_term_string}\"},\"query-input\":{\"@type\":\"PropertyValueSpecification\",\"valueRequired\":true,\"valueName\":\"search_term_string\"}}],\"inLanguage\":\"pt-BR\"},{\"@type\":\"Person\",\"@id\":\"https:\\\/\\\/aconteceunovale.com.br\\\/portal\\\/#\\\/schema\\\/person\\\/7d2f26d1483f8a63de73da1ee0754d35\",\"name\":\"Reda\u00e7\u00e3o Aconteceu no Vale\",\"description\":\"Equipe de reportagem do Aconteceu no Vale, portal de not\u00edcias do Vale do Jequitinhonha, em Minas Gerais. Cobrimos as 51 cidades do Vale desde 2013. Sugest\u00f5es de pauta e pedidos de corre\u00e7\u00e3o: contato@aconteceunovale.com.br\",\"url\":\"https:\\\/\\\/aconteceunovale.com.br\\\/portal\\\/?author=4\"}]}<\/script>\n<!-- \/ Yoast SEO plugin. -->","yoast_head_json":{"title":"Condutores de tratores e m\u00e1quinas agr\u00edcolas agora devem portar registro - Aconteceu no Vale","robots":{"index":"index","follow":"follow","max-snippet":"max-snippet:-1","max-image-preview":"max-image-preview:large","max-video-preview":"max-video-preview:-1"},"canonical":"https:\/\/aconteceunovale.com.br\/portal\/?p=190810","og_locale":"pt_BR","og_type":"article","og_title":"Condutores de tratores e m\u00e1quinas agr\u00edcolas agora devem portar registro - Aconteceu no Vale","og_description":"A partir de hoje (1\/10), os condutores de m\u00e1quinas agr\u00edcolas ou tratores fabricados antes de 2016 dever\u00e3o estar com o Registro Oficial de Tratores e M\u00e1quinas Agr\u00edcolas (Renagro) quando forem se locomover ou estacionar em via p\u00fablica. A obriga\u00e7\u00e3o, que entra em vigor neste m\u00eas, foi estabelecida por meio do Decreto 11.014\/2022, publicado pelo governo [&hellip;]","og_url":"https:\/\/aconteceunovale.com.br\/portal\/?p=190810","og_site_name":"Aconteceu no Vale","article_publisher":"https:\/\/www.facebook.com\/aconteceunovale\/","article_published_time":"2022-10-01T19:19:38+00:00","article_modified_time":"2022-10-02T02:20:50+00:00","og_image":[{"width":678,"height":406,"url":"https:\/\/aconteceunovale.com.br\/portal\/wp-content\/uploads\/2022\/10\/trator.jpg","type":"image\/jpeg"}],"author":"Reda\u00e7\u00e3o Aconteceu no Vale","twitter_card":"summary_large_image","twitter_creator":"@noticiadosvales","twitter_site":"@noticiadosvales","twitter_misc":{"Escrito por":"Reda\u00e7\u00e3o Aconteceu no Vale","Est. tempo de leitura":"2 minutos"},"schema":{"@context":"https:\/\/schema.org","@graph":[{"@type":"Article","@id":"https:\/\/aconteceunovale.com.br\/portal\/?p=190810#article","isPartOf":{"@id":"https:\/\/aconteceunovale.com.br\/portal\/?p=190810"},"author":{"name":"Reda\u00e7\u00e3o Aconteceu no Vale","@id":"https:\/\/aconteceunovale.com.br\/portal\/#\/schema\/person\/7d2f26d1483f8a63de73da1ee0754d35"},"headline":"Condutores de tratores e m\u00e1quinas agr\u00edcolas agora devem portar registro","datePublished":"2022-10-01T19:19:38+00:00","dateModified":"2022-10-02T02:20:50+00:00","mainEntityOfPage":{"@id":"https:\/\/aconteceunovale.com.br\/portal\/?p=190810"},"wordCount":321,"commentCount":0,"image":{"@id":"https:\/\/aconteceunovale.com.br\/portal\/?p=190810#primaryimage"},"thumbnailUrl":"https:\/\/aconteceunovale.com.br\/portal\/wp-content\/uploads\/2022\/10\/trator.jpg","keywords":["Condutores de tratores e m\u00e1quinas agr\u00edcolas agora devem portar registro","destaque","Lei 11.014-2022","Mapa","Minist\u00e9rio da Agricultura","Registro de condutor de m\u00e1quina agr\u00edcola","Registro de condutor de trator","Registro Oficial de Tratores e M\u00e1quinas Agr\u00edcolas","Renagro"],"articleSection":["Brasil"],"inLanguage":"pt-BR","potentialAction":[{"@type":"CommentAction","name":"Comment","target":["https:\/\/aconteceunovale.com.br\/portal\/?p=190810#respond"]}]},{"@type":"WebPage","@id":"https:\/\/aconteceunovale.com.br\/portal\/?p=190810","url":"https:\/\/aconteceunovale.com.br\/portal\/?p=190810","name":"Condutores de tratores e m\u00e1quinas agr\u00edcolas agora devem portar registro - Aconteceu no Vale","isPartOf":{"@id":"https:\/\/aconteceunovale.com.br\/portal\/#website"},"primaryImageOfPage":{"@id":"https:\/\/aconteceunovale.com.br\/portal\/?p=190810#primaryimage"},"image":{"@id":"https:\/\/aconteceunovale.com.br\/portal\/?p=190810#primaryimage"},"thumbnailUrl":"https:\/\/aconteceunovale.com.br\/portal\/wp-content\/uploads\/2022\/10\/trator.jpg","datePublished":"2022-10-01T19:19:38+00:00","dateModified":"2022-10-02T02:20:50+00:00","author":{"@id":"https:\/\/aconteceunovale.com.br\/portal\/#\/schema\/person\/7d2f26d1483f8a63de73da1ee0754d35"},"breadcrumb":{"@id":"https:\/\/aconteceunovale.com.br\/portal\/?p=190810#breadcrumb"},"inLanguage":"pt-BR","potentialAction":[{"@type":"ReadAction","target":["https:\/\/aconteceunovale.com.br\/portal\/?p=190810"]}]},{"@type":"ImageObject","inLanguage":"pt-BR","@id":"https:\/\/aconteceunovale.com.br\/portal\/?p=190810#primaryimage","url":"https:\/\/aconteceunovale.com.br\/portal\/wp-content\/uploads\/2022\/10\/trator.jpg","contentUrl":"https:\/\/aconteceunovale.com.br\/portal\/wp-content\/uploads\/2022\/10\/trator.jpg","width":678,"height":406,"caption":"Colheita de trigo"},{"@type":"BreadcrumbList","@id":"https:\/\/aconteceunovale.com.br\/portal\/?p=190810#breadcrumb","itemListElement":[{"@type":"ListItem","position":1,"name":"In\u00edcio","item":"https:\/\/aconteceunovale.com.br\/portal\/"},{"@type":"ListItem","position":2,"name":"Condutores de tratores e m\u00e1quinas agr\u00edcolas agora devem portar registro"}]},{"@type":"WebSite","@id":"https:\/\/aconteceunovale.com.br\/portal\/#website","url":"https:\/\/aconteceunovale.com.br\/portal\/","name":"Aconteceu no Vale","description":"Portal de Not\u00edcias","potentialAction":[{"@type":"SearchAction","target":{"@type":"EntryPoint","urlTemplate":"https:\/\/aconteceunovale.com.br\/portal\/?s={search_term_string}"},"query-input":{"@type":"PropertyValueSpecification","valueRequired":true,"valueName":"search_term_string"}}],"inLanguage":"pt-BR"},{"@type":"Person","@id":"https:\/\/aconteceunovale.com.br\/portal\/#\/schema\/person\/7d2f26d1483f8a63de73da1ee0754d35","name":"Reda\u00e7\u00e3o Aconteceu no Vale","description":"Equipe de reportagem do Aconteceu no Vale, portal de not\u00edcias do Vale do Jequitinhonha, em Minas Gerais. Cobrimos as 51 cidades do Vale desde 2013. Sugest\u00f5es de pauta e pedidos de corre\u00e7\u00e3o: contato@aconteceunovale.com.br","url":"https:\/\/aconteceunovale.com.br\/portal\/?author=4"}]}},"_links":{"self":[{"href":"https:\/\/aconteceunovale.com.br\/portal\/index.php?rest_route=\/wp\/v2\/posts\/190810","targetHints":{"allow":["GET"]}}],"collection":[{"href":"https:\/\/aconteceunovale.com.br\/portal\/index.php?rest_route=\/wp\/v2\/posts"}],"about":[{"href":"https:\/\/aconteceunovale.com.br\/portal\/index.php?rest_route=\/wp\/v2\/types\/post"}],"author":[{"embeddable":true,"href":"https:\/\/aconteceunovale.com.br\/portal\/index.php?rest_route=\/wp\/v2\/users\/4"}],"replies":[{"embeddable":true,"href":"https:\/\/aconteceunovale.com.br\/portal\/index.php?rest_route=%2Fwp%2Fv2%2Fcomments&post=190810"}],"version-history":[{"count":1,"href":"https:\/\/aconteceunovale.com.br\/portal\/index.php?rest_route=\/wp\/v2\/posts\/190810\/revisions"}],"predecessor-version":[{"id":190812,"href":"https:\/\/aconteceunovale.com.br\/portal\/index.php?rest_route=\/wp\/v2\/posts\/190810\/revisions\/190812"}],"wp:featuredmedia":[{"embeddable":true,"href":"https:\/\/aconteceunovale.com.br\/portal\/index.php?rest_route=\/wp\/v2\/media\/190811"}],"wp:attachment":[{"href":"https:\/\/aconteceunovale.com.br\/portal\/index.php?rest_route=%2Fwp%2Fv2%2Fmedia&parent=190810"}],"wp:term":[{"taxonomy":"category","embeddable":true,"href":"https:\/\/aconteceunovale.com.br\/portal\/index.php?rest_route=%2Fwp%2Fv2%2Fcategories&post=190810"},{"taxonomy":"post_tag","embeddable":true,"href":"https:\/\/aconteceunovale.com.br\/portal\/index.php?rest_route=%2Fwp%2Fv2%2Ftags&post=190810"}],"curies":[{"name":"wp","href":"https:\/\/api.w.org\/{rel}","templated":true}]}}