{"id":190808,"date":"2022-10-01T17:15:42","date_gmt":"2022-10-01T20:15:42","guid":{"rendered":"https:\/\/aconteceunovale.com.br\/portal\/?p=190808"},"modified":"2022-10-01T23:16:26","modified_gmt":"2022-10-02T02:16:26","slug":"micro-e-pequenas-empresas-criaram-mais-de-70-dos-empregos-de-agosto","status":"publish","type":"post","link":"https:\/\/aconteceunovale.com.br\/portal\/?p=190808","title":{"rendered":"Micro e pequenas empresas criaram mais de 70% dos empregos de agosto"},"content":{"rendered":"\n<p class=\"wp-block-paragraph\">No m\u00eas de agosto, as micro e pequenas empresas (MPE) foram respons\u00e1veis por mais de 70% do total de empregos criados no pa\u00eds, mostra levantamento do Servi\u00e7o Brasileiro de Apoio \u00e0s Micro e Pequenas Empresas (Sebrae) com base em dados do Cadastro Geral de Empregados e Desempregados (Caged). Do\u00a0saldo de 278,6 mil contrata\u00e7\u00f5es\u00a0no per\u00edodo, 199,6 mil vagas formais foram criadas por essas empresas.<\/p>\n\n\n\n<p class=\"wp-block-paragraph\">\u201cS\u00e3o o segmento com melhores condi\u00e7\u00f5es para responder ao desafio da cria\u00e7\u00e3o de empregos no pa\u00eds. Agosto foi o oitavo m\u00eas consecutivo que os pequenos neg\u00f3cios apresentaram saldo positivo\u201d, apontou o presidente do Sebrae, Carlos Melles. Ele destacou que a m\u00e9dia mensal de empregos gerados pelos pequenos neg\u00f3cios, desde o in\u00edcio do ano, \u00e9 superior a 160 mil.&nbsp;<\/p>\n\n\n\n<p class=\"wp-block-paragraph\">No acumulado do ano, o pa\u00eds gerou 1,8 milh\u00e3o de empregos, sendo as micro e pequenas empresas respons\u00e1veis por 1,3 milh\u00e3o (71,7%). As m\u00e9dias e grandes, por sua vez, criaram 400 mil postos de trabalho, o que corresponde a 21,5% do total.<\/p>\n\n\n\n<p class=\"wp-block-paragraph\">De acordo com o levantamento, o setor de servi\u00e7os das micro e pequenas empresas concentra a maior parte das contrata\u00e7\u00f5es. Foram 96,2 mil em agosto, o que representa 35%. Os setores de com\u00e9rcio e constru\u00e7\u00e3o civil ocupam a segunda e terceira posi\u00e7\u00e3o, respectivamente, na cria\u00e7\u00e3o de postos de trabalho entre as MPEs.<\/p>\n\n\n\n<p class=\"wp-block-paragraph\">Melles explica que essa propor\u00e7\u00e3o entre os tipos de neg\u00f3cios e as vagas dispon\u00edveis se repete. \u201cEm 2021, os pequenos neg\u00f3cios foram respons\u00e1veis por oito a cada dez novas vagas de emprego. Neste ano, estamos mantendo uma m\u00e9dia mensal de mais de 70%\u201d, relembrou.<\/p>\n\n\n\n<p class=\"wp-block-paragraph\">Ele destacou ainda que no primeiro ano da pandemia o pa\u00eds teve um saldo total negativo de 191.455 contrata\u00e7\u00f5es, mas entre as micro e pequenas empresas o saldo foi positivo. \u201c[Foram] mais de 56 mil empregos. O resultado ruim \u00e9 atribu\u00eddo \u00e0s m\u00e9dias e grandes, que foram respons\u00e1veis por -274.220 postos de trabalho.\u201d<\/p>\n\n\n\n<p class=\"wp-block-paragraph\">Para o presidente do Sebrae, essa tend\u00eancia de mais contrata\u00e7\u00f5es em MPEs deve se manter. Melles acredita que novos cr\u00e9ditos dispon\u00edveis pelo Programa Nacional de Apoio \u00e0s Microempresas e Empresas de Pequeno Porte (Pronampe) podem aliviar as contas desse segmento.<\/p>\n\n\n\n<p class=\"wp-block-paragraph\">\u201cPermitindo que as micro e pequenas respirem um pouco melhor e fa\u00e7am os investimentos necess\u00e1rios para aumentar a sua produtividade e, consequentemente, continuarem sendo as principais respons\u00e1veis pela gera\u00e7\u00e3o de empregos no pa\u00eds\u201d, avalia.<\/p>\n\n\n\n<p class=\"wp-block-paragraph\">&#8212;&#8212;&#8212;&#8212;&#8212;&#8212;<br><br><strong>Sabia que o Aconteceu no Vale est\u00e1 tamb\u00e9m no Telegram? <a rel=\"noreferrer noopener\" href=\"https:\/\/t.me\/aconteceunovaleoficial\" target=\"_blank\">Inscreva-se no canal<\/a>.<\/strong><br><br><strong>J\u00e1 curtiu ou seguiu nossas p\u00e1ginas nas redes sociais?\u00a0Receba as not\u00edcias em primeira m\u00e3o:<\/strong><br>\u2022 <a rel=\"noreferrer noopener\" href=\"https:\/\/news.google.com\/publications\/CAAqBwgKMNjklQswi4etAw?hl=pt-BR&amp;gl=BR&amp;ceid=BR%3Apt-419\" target=\"_blank\">Google News<\/a><br>\u2022 <a rel=\"noreferrer noopener\" href=\"https:\/\/www.facebook.com\/aconteceunovale\/\" target=\"_blank\">Facebook<\/a><br>\u2022 <a rel=\"noreferrer noopener\" href=\"https:\/\/twitter.com\/noticiadosvales\" target=\"_blank\">Twitter<\/a><br>\u2022 <a rel=\"noreferrer noopener\" href=\"https:\/\/www.instagram.com\/aconteceunovale\" target=\"_blank\">Instagram<\/a><br>\u2022 <a rel=\"noreferrer noopener\" href=\"https:\/\/www.youtube.com\/AconteceunoValeOficial\" target=\"_blank\">Youtube<\/a><br>\u2022 <a rel=\"noreferrer noopener\" href=\"https:\/\/www.tiktok.com\/@aconteceunovale\" target=\"_blank\">TikTok<\/a><\/p>\n","protected":false},"excerpt":{"rendered":"<p>No m\u00eas de agosto, as micro e pequenas empresas (MPE) foram respons\u00e1veis por mais de 70% do total de empregos criados no pa\u00eds, mostra levantamento do Servi\u00e7o Brasileiro de Apoio \u00e0s Micro e Pequenas Empresas (Sebrae) com base em dados do Cadastro Geral de Empregados e Desempregados (Caged). Do\u00a0saldo de 278,6 mil contrata\u00e7\u00f5es\u00a0no per\u00edodo, 199,6 [&hellip;]<\/p>\n","protected":false},"author":4,"featured_media":133149,"comment_status":"open","ping_status":"closed","sticky":false,"template":"","format":"standard","meta":{"amp_status":"","footnotes":""},"categories":[6,40236],"tags":[19007,263702,231166,207797,207798,263701,176],"class_list":["post-190808","post","type-post","status-publish","format-standard","has-post-thumbnail","hentry","category-br","category-empregos-2","tag-caged","tag-caged-de-agosto","tag-criacao-de-empregos-no-brasil","tag-empregos-no-brasil","tag-geracao-de-empregos-no-brasil","tag-micro-e-pequenas-empresas-criaram-mais-de-70-dos-empregos-de-agosto","tag-sebrae"],"yoast_head":"<!-- This site is optimized with the Yoast SEO plugin v28.3 - https:\/\/yoast.com\/product\/yoast-seo-wordpress\/ -->\n<title>Micro e pequenas empresas criaram mais de 70% dos empregos de agosto - Aconteceu no Vale<\/title>\n<meta name=\"robots\" content=\"index, follow, max-snippet:-1, max-image-preview:large, max-video-preview:-1\" \/>\n<link rel=\"canonical\" href=\"https:\/\/aconteceunovale.com.br\/portal\/?p=190808\" \/>\n<meta property=\"og:locale\" content=\"pt_BR\" \/>\n<meta property=\"og:type\" content=\"article\" \/>\n<meta property=\"og:title\" content=\"Micro e pequenas empresas criaram mais de 70% dos empregos de agosto - Aconteceu no Vale\" \/>\n<meta property=\"og:description\" content=\"No m\u00eas de agosto, as micro e pequenas empresas (MPE) foram respons\u00e1veis por mais de 70% do total de empregos criados no pa\u00eds, mostra levantamento do Servi\u00e7o Brasileiro de Apoio \u00e0s Micro e Pequenas Empresas (Sebrae) com base em dados do Cadastro Geral de Empregados e Desempregados (Caged). Do\u00a0saldo de 278,6 mil contrata\u00e7\u00f5es\u00a0no per\u00edodo, 199,6 [&hellip;]\" \/>\n<meta property=\"og:url\" content=\"https:\/\/aconteceunovale.com.br\/portal\/?p=190808\" \/>\n<meta property=\"og:site_name\" content=\"Aconteceu no Vale\" \/>\n<meta property=\"article:publisher\" content=\"https:\/\/www.facebook.com\/aconteceunovale\/\" \/>\n<meta property=\"article:published_time\" content=\"2022-10-01T20:15:42+00:00\" \/>\n<meta property=\"article:modified_time\" content=\"2022-10-02T02:16:26+00:00\" \/>\n<meta property=\"og:image\" content=\"https:\/\/aconteceunovale.com.br\/portal\/wp-content\/uploads\/2018\/06\/ctps_dinheiro.png\" \/>\n\t<meta property=\"og:image:width\" content=\"600\" \/>\n\t<meta property=\"og:image:height\" content=\"314\" \/>\n\t<meta property=\"og:image:type\" content=\"image\/png\" \/>\n<meta name=\"author\" content=\"Reda\u00e7\u00e3o Aconteceu no Vale\" \/>\n<meta name=\"twitter:card\" content=\"summary_large_image\" \/>\n<meta name=\"twitter:creator\" content=\"@noticiadosvales\" \/>\n<meta name=\"twitter:site\" content=\"@noticiadosvales\" \/>\n<meta name=\"twitter:label1\" content=\"Escrito por\" \/>\n\t<meta name=\"twitter:data1\" content=\"Reda\u00e7\u00e3o Aconteceu no Vale\" \/>\n\t<meta name=\"twitter:label2\" content=\"Est. tempo de leitura\" \/>\n\t<meta name=\"twitter:data2\" content=\"2 minutos\" \/>\n<script type=\"application\/ld+json\" class=\"yoast-schema-graph\">{\"@context\":\"https:\\\/\\\/schema.org\",\"@graph\":[{\"@type\":\"Article\",\"@id\":\"https:\\\/\\\/aconteceunovale.com.br\\\/portal\\\/?p=190808#article\",\"isPartOf\":{\"@id\":\"https:\\\/\\\/aconteceunovale.com.br\\\/portal\\\/?p=190808\"},\"author\":{\"name\":\"Reda\u00e7\u00e3o Aconteceu no Vale\",\"@id\":\"https:\\\/\\\/aconteceunovale.com.br\\\/portal\\\/#\\\/schema\\\/person\\\/7d2f26d1483f8a63de73da1ee0754d35\"},\"headline\":\"Micro e pequenas empresas criaram mais de 70% dos empregos de agosto\",\"datePublished\":\"2022-10-01T20:15:42+00:00\",\"dateModified\":\"2022-10-02T02:16:26+00:00\",\"mainEntityOfPage\":{\"@id\":\"https:\\\/\\\/aconteceunovale.com.br\\\/portal\\\/?p=190808\"},\"wordCount\":469,\"commentCount\":0,\"image\":{\"@id\":\"https:\\\/\\\/aconteceunovale.com.br\\\/portal\\\/?p=190808#primaryimage\"},\"thumbnailUrl\":\"https:\\\/\\\/aconteceunovale.com.br\\\/portal\\\/wp-content\\\/uploads\\\/2018\\\/06\\\/ctps_dinheiro.png\",\"keywords\":[\"Caged\",\"Caged de agosto\",\"Cria\u00e7\u00e3o de empregos no Brasil\",\"Empregos no Brasil\",\"Gera\u00e7\u00e3o de empregos no Brasil\",\"Micro e pequenas empresas criaram mais de 70% dos empregos de agosto\",\"Sebrae\"],\"articleSection\":[\"Brasil\",\"Empregos\"],\"inLanguage\":\"pt-BR\",\"potentialAction\":[{\"@type\":\"CommentAction\",\"name\":\"Comment\",\"target\":[\"https:\\\/\\\/aconteceunovale.com.br\\\/portal\\\/?p=190808#respond\"]}]},{\"@type\":\"WebPage\",\"@id\":\"https:\\\/\\\/aconteceunovale.com.br\\\/portal\\\/?p=190808\",\"url\":\"https:\\\/\\\/aconteceunovale.com.br\\\/portal\\\/?p=190808\",\"name\":\"Micro e pequenas empresas criaram mais de 70% dos empregos de agosto - Aconteceu no Vale\",\"isPartOf\":{\"@id\":\"https:\\\/\\\/aconteceunovale.com.br\\\/portal\\\/#website\"},\"primaryImageOfPage\":{\"@id\":\"https:\\\/\\\/aconteceunovale.com.br\\\/portal\\\/?p=190808#primaryimage\"},\"image\":{\"@id\":\"https:\\\/\\\/aconteceunovale.com.br\\\/portal\\\/?p=190808#primaryimage\"},\"thumbnailUrl\":\"https:\\\/\\\/aconteceunovale.com.br\\\/portal\\\/wp-content\\\/uploads\\\/2018\\\/06\\\/ctps_dinheiro.png\",\"datePublished\":\"2022-10-01T20:15:42+00:00\",\"dateModified\":\"2022-10-02T02:16:26+00:00\",\"author\":{\"@id\":\"https:\\\/\\\/aconteceunovale.com.br\\\/portal\\\/#\\\/schema\\\/person\\\/7d2f26d1483f8a63de73da1ee0754d35\"},\"breadcrumb\":{\"@id\":\"https:\\\/\\\/aconteceunovale.com.br\\\/portal\\\/?p=190808#breadcrumb\"},\"inLanguage\":\"pt-BR\",\"potentialAction\":[{\"@type\":\"ReadAction\",\"target\":[\"https:\\\/\\\/aconteceunovale.com.br\\\/portal\\\/?p=190808\"]}]},{\"@type\":\"ImageObject\",\"inLanguage\":\"pt-BR\",\"@id\":\"https:\\\/\\\/aconteceunovale.com.br\\\/portal\\\/?p=190808#primaryimage\",\"url\":\"https:\\\/\\\/aconteceunovale.com.br\\\/portal\\\/wp-content\\\/uploads\\\/2018\\\/06\\\/ctps_dinheiro.png\",\"contentUrl\":\"https:\\\/\\\/aconteceunovale.com.br\\\/portal\\\/wp-content\\\/uploads\\\/2018\\\/06\\\/ctps_dinheiro.png\",\"width\":600,\"height\":314},{\"@type\":\"BreadcrumbList\",\"@id\":\"https:\\\/\\\/aconteceunovale.com.br\\\/portal\\\/?p=190808#breadcrumb\",\"itemListElement\":[{\"@type\":\"ListItem\",\"position\":1,\"name\":\"In\u00edcio\",\"item\":\"https:\\\/\\\/aconteceunovale.com.br\\\/portal\\\/\"},{\"@type\":\"ListItem\",\"position\":2,\"name\":\"Micro e pequenas empresas criaram mais de 70% dos empregos de agosto\"}]},{\"@type\":\"WebSite\",\"@id\":\"https:\\\/\\\/aconteceunovale.com.br\\\/portal\\\/#website\",\"url\":\"https:\\\/\\\/aconteceunovale.com.br\\\/portal\\\/\",\"name\":\"Aconteceu no Vale\",\"description\":\"Portal de Not\u00edcias\",\"potentialAction\":[{\"@type\":\"SearchAction\",\"target\":{\"@type\":\"EntryPoint\",\"urlTemplate\":\"https:\\\/\\\/aconteceunovale.com.br\\\/portal\\\/?s={search_term_string}\"},\"query-input\":{\"@type\":\"PropertyValueSpecification\",\"valueRequired\":true,\"valueName\":\"search_term_string\"}}],\"inLanguage\":\"pt-BR\"},{\"@type\":\"Person\",\"@id\":\"https:\\\/\\\/aconteceunovale.com.br\\\/portal\\\/#\\\/schema\\\/person\\\/7d2f26d1483f8a63de73da1ee0754d35\",\"name\":\"Reda\u00e7\u00e3o Aconteceu no Vale\",\"description\":\"Equipe de reportagem do Aconteceu no Vale, portal de not\u00edcias do Vale do Jequitinhonha, em Minas Gerais. Cobrimos as 51 cidades do Vale desde 2013. Sugest\u00f5es de pauta e pedidos de corre\u00e7\u00e3o: contato@aconteceunovale.com.br\",\"url\":\"https:\\\/\\\/aconteceunovale.com.br\\\/portal\\\/?author=4\"}]}<\/script>\n<!-- \/ Yoast SEO plugin. -->","yoast_head_json":{"title":"Micro e pequenas empresas criaram mais de 70% dos empregos de agosto - Aconteceu no Vale","robots":{"index":"index","follow":"follow","max-snippet":"max-snippet:-1","max-image-preview":"max-image-preview:large","max-video-preview":"max-video-preview:-1"},"canonical":"https:\/\/aconteceunovale.com.br\/portal\/?p=190808","og_locale":"pt_BR","og_type":"article","og_title":"Micro e pequenas empresas criaram mais de 70% dos empregos de agosto - Aconteceu no Vale","og_description":"No m\u00eas de agosto, as micro e pequenas empresas (MPE) foram respons\u00e1veis por mais de 70% do total de empregos criados no pa\u00eds, mostra levantamento do Servi\u00e7o Brasileiro de Apoio \u00e0s Micro e Pequenas Empresas (Sebrae) com base em dados do Cadastro Geral de Empregados e Desempregados (Caged). Do\u00a0saldo de 278,6 mil contrata\u00e7\u00f5es\u00a0no per\u00edodo, 199,6 [&hellip;]","og_url":"https:\/\/aconteceunovale.com.br\/portal\/?p=190808","og_site_name":"Aconteceu no Vale","article_publisher":"https:\/\/www.facebook.com\/aconteceunovale\/","article_published_time":"2022-10-01T20:15:42+00:00","article_modified_time":"2022-10-02T02:16:26+00:00","og_image":[{"width":600,"height":314,"url":"https:\/\/aconteceunovale.com.br\/portal\/wp-content\/uploads\/2018\/06\/ctps_dinheiro.png","type":"image\/png"}],"author":"Reda\u00e7\u00e3o Aconteceu no Vale","twitter_card":"summary_large_image","twitter_creator":"@noticiadosvales","twitter_site":"@noticiadosvales","twitter_misc":{"Escrito por":"Reda\u00e7\u00e3o Aconteceu no Vale","Est. tempo de leitura":"2 minutos"},"schema":{"@context":"https:\/\/schema.org","@graph":[{"@type":"Article","@id":"https:\/\/aconteceunovale.com.br\/portal\/?p=190808#article","isPartOf":{"@id":"https:\/\/aconteceunovale.com.br\/portal\/?p=190808"},"author":{"name":"Reda\u00e7\u00e3o Aconteceu no Vale","@id":"https:\/\/aconteceunovale.com.br\/portal\/#\/schema\/person\/7d2f26d1483f8a63de73da1ee0754d35"},"headline":"Micro e pequenas empresas criaram mais de 70% dos empregos de agosto","datePublished":"2022-10-01T20:15:42+00:00","dateModified":"2022-10-02T02:16:26+00:00","mainEntityOfPage":{"@id":"https:\/\/aconteceunovale.com.br\/portal\/?p=190808"},"wordCount":469,"commentCount":0,"image":{"@id":"https:\/\/aconteceunovale.com.br\/portal\/?p=190808#primaryimage"},"thumbnailUrl":"https:\/\/aconteceunovale.com.br\/portal\/wp-content\/uploads\/2018\/06\/ctps_dinheiro.png","keywords":["Caged","Caged de agosto","Cria\u00e7\u00e3o de empregos no Brasil","Empregos no Brasil","Gera\u00e7\u00e3o de empregos no Brasil","Micro e pequenas empresas criaram mais de 70% dos empregos de agosto","Sebrae"],"articleSection":["Brasil","Empregos"],"inLanguage":"pt-BR","potentialAction":[{"@type":"CommentAction","name":"Comment","target":["https:\/\/aconteceunovale.com.br\/portal\/?p=190808#respond"]}]},{"@type":"WebPage","@id":"https:\/\/aconteceunovale.com.br\/portal\/?p=190808","url":"https:\/\/aconteceunovale.com.br\/portal\/?p=190808","name":"Micro e pequenas empresas criaram mais de 70% dos empregos de agosto - Aconteceu no Vale","isPartOf":{"@id":"https:\/\/aconteceunovale.com.br\/portal\/#website"},"primaryImageOfPage":{"@id":"https:\/\/aconteceunovale.com.br\/portal\/?p=190808#primaryimage"},"image":{"@id":"https:\/\/aconteceunovale.com.br\/portal\/?p=190808#primaryimage"},"thumbnailUrl":"https:\/\/aconteceunovale.com.br\/portal\/wp-content\/uploads\/2018\/06\/ctps_dinheiro.png","datePublished":"2022-10-01T20:15:42+00:00","dateModified":"2022-10-02T02:16:26+00:00","author":{"@id":"https:\/\/aconteceunovale.com.br\/portal\/#\/schema\/person\/7d2f26d1483f8a63de73da1ee0754d35"},"breadcrumb":{"@id":"https:\/\/aconteceunovale.com.br\/portal\/?p=190808#breadcrumb"},"inLanguage":"pt-BR","potentialAction":[{"@type":"ReadAction","target":["https:\/\/aconteceunovale.com.br\/portal\/?p=190808"]}]},{"@type":"ImageObject","inLanguage":"pt-BR","@id":"https:\/\/aconteceunovale.com.br\/portal\/?p=190808#primaryimage","url":"https:\/\/aconteceunovale.com.br\/portal\/wp-content\/uploads\/2018\/06\/ctps_dinheiro.png","contentUrl":"https:\/\/aconteceunovale.com.br\/portal\/wp-content\/uploads\/2018\/06\/ctps_dinheiro.png","width":600,"height":314},{"@type":"BreadcrumbList","@id":"https:\/\/aconteceunovale.com.br\/portal\/?p=190808#breadcrumb","itemListElement":[{"@type":"ListItem","position":1,"name":"In\u00edcio","item":"https:\/\/aconteceunovale.com.br\/portal\/"},{"@type":"ListItem","position":2,"name":"Micro e pequenas empresas criaram mais de 70% dos empregos de agosto"}]},{"@type":"WebSite","@id":"https:\/\/aconteceunovale.com.br\/portal\/#website","url":"https:\/\/aconteceunovale.com.br\/portal\/","name":"Aconteceu no Vale","description":"Portal de Not\u00edcias","potentialAction":[{"@type":"SearchAction","target":{"@type":"EntryPoint","urlTemplate":"https:\/\/aconteceunovale.com.br\/portal\/?s={search_term_string}"},"query-input":{"@type":"PropertyValueSpecification","valueRequired":true,"valueName":"search_term_string"}}],"inLanguage":"pt-BR"},{"@type":"Person","@id":"https:\/\/aconteceunovale.com.br\/portal\/#\/schema\/person\/7d2f26d1483f8a63de73da1ee0754d35","name":"Reda\u00e7\u00e3o Aconteceu no Vale","description":"Equipe de reportagem do Aconteceu no Vale, portal de not\u00edcias do Vale do Jequitinhonha, em Minas Gerais. Cobrimos as 51 cidades do Vale desde 2013. Sugest\u00f5es de pauta e pedidos de corre\u00e7\u00e3o: contato@aconteceunovale.com.br","url":"https:\/\/aconteceunovale.com.br\/portal\/?author=4"}]}},"_links":{"self":[{"href":"https:\/\/aconteceunovale.com.br\/portal\/index.php?rest_route=\/wp\/v2\/posts\/190808","targetHints":{"allow":["GET"]}}],"collection":[{"href":"https:\/\/aconteceunovale.com.br\/portal\/index.php?rest_route=\/wp\/v2\/posts"}],"about":[{"href":"https:\/\/aconteceunovale.com.br\/portal\/index.php?rest_route=\/wp\/v2\/types\/post"}],"author":[{"embeddable":true,"href":"https:\/\/aconteceunovale.com.br\/portal\/index.php?rest_route=\/wp\/v2\/users\/4"}],"replies":[{"embeddable":true,"href":"https:\/\/aconteceunovale.com.br\/portal\/index.php?rest_route=%2Fwp%2Fv2%2Fcomments&post=190808"}],"version-history":[{"count":1,"href":"https:\/\/aconteceunovale.com.br\/portal\/index.php?rest_route=\/wp\/v2\/posts\/190808\/revisions"}],"predecessor-version":[{"id":190809,"href":"https:\/\/aconteceunovale.com.br\/portal\/index.php?rest_route=\/wp\/v2\/posts\/190808\/revisions\/190809"}],"wp:featuredmedia":[{"embeddable":true,"href":"https:\/\/aconteceunovale.com.br\/portal\/index.php?rest_route=\/wp\/v2\/media\/133149"}],"wp:attachment":[{"href":"https:\/\/aconteceunovale.com.br\/portal\/index.php?rest_route=%2Fwp%2Fv2%2Fmedia&parent=190808"}],"wp:term":[{"taxonomy":"category","embeddable":true,"href":"https:\/\/aconteceunovale.com.br\/portal\/index.php?rest_route=%2Fwp%2Fv2%2Fcategories&post=190808"},{"taxonomy":"post_tag","embeddable":true,"href":"https:\/\/aconteceunovale.com.br\/portal\/index.php?rest_route=%2Fwp%2Fv2%2Ftags&post=190808"}],"curies":[{"name":"wp","href":"https:\/\/api.w.org\/{rel}","templated":true}]}}