{"id":190803,"date":"2022-10-01T19:27:37","date_gmt":"2022-10-01T22:27:37","guid":{"rendered":"https:\/\/aconteceunovale.com.br\/portal\/?p=190803"},"modified":"2022-10-01T23:08:10","modified_gmt":"2022-10-02T02:08:10","slug":"pfizer-apresenta-pedido-de-vacina-mais-forte-contra-variante-omicron-da-covid-19","status":"publish","type":"post","link":"https:\/\/aconteceunovale.com.br\/portal\/?p=190803","title":{"rendered":"Pfizer apresenta pedido de vacina mais forte contra variante \u00d4micron da Covid-19"},"content":{"rendered":"\n<p class=\"wp-block-paragraph\">A multinacional farmac\u00eautica Pfizer apresentou \u00e0 Ag\u00eancia Nacional de Vigil\u00e2ncia Sanit\u00e1ria (Anvisa), ontem (30), um pedido de autoriza\u00e7\u00e3o tempor\u00e1ria de uso emergencial para uma nova vers\u00e3o a vacina bivalente contra a covid-19. Segundo a empresa, a nova vacina cont\u00e9m uma mistura de cepas do v\u00edrus SarsCov-2 e promete maior prote\u00e7\u00e3o frente \u00e0 \u00d4micron, variante de preocupa\u00e7\u00e3o no pa\u00eds, respons\u00e1vel pelo maior n\u00famero de \u00f3bitos, especialmente no primeiro semestre de 2021, no pior momento da pandemia at\u00e9 agora.<\/p>\n\n\n\n<p class=\"wp-block-paragraph\">De acordo com a Anvisa, a Pfizer j\u00e1 havia apresentado pedido semelhante, em agosto, para uma vers\u00e3o bivalente que cont\u00e9m a subvariante omciron BA.1. Este pedido encontra-se em an\u00e1lise pela Anvisa. Agora, a empresa solicita a avalia\u00e7\u00e3o da vers\u00e3o que cont\u00e9m a subvariante BA.4\/BA.5, em adi\u00e7\u00e3o \u00e0 cepa original da vacina Comirnaty, com indica\u00e7\u00e3o para aplica\u00e7\u00e3o como dose de refor\u00e7o na popula\u00e7\u00e3o acima de 12 anos de idade. A vacina monovalente Comirnaty foi registrada pela Anvisa em fevereiro de 2021 e est\u00e1 autorizada para uso a partir de 6 meses de idade.<\/p>\n\n\n\n<p class=\"wp-block-paragraph\">Ap\u00f3s o pedido na Anvisa, a ag\u00eancia tem 30 dias para concluir a avalia\u00e7\u00e3o, mas este prazo \u00e9 interrompido sempre que for necess\u00e1ria a solicita\u00e7\u00e3o \u00e0 empresa de complementa\u00e7\u00e3o de informa\u00e7\u00f5es ou esclarecimentos sobre os dados de qualidade, de efic\u00e1cia e de seguran\u00e7a apresentados.\u00a0<\/p>\n\n\n\n<p class=\"wp-block-paragraph\">&#8212;&#8212;&#8212;&#8212;&#8212;&#8212;<br><br><strong>Sabia que o Aconteceu no Vale est\u00e1 tamb\u00e9m no Telegram? <a rel=\"noreferrer noopener\" href=\"https:\/\/t.me\/aconteceunovaleoficial\" target=\"_blank\">Inscreva-se no canal<\/a>.<\/strong><br><br><strong>J\u00e1 curtiu ou seguiu nossas p\u00e1ginas nas redes sociais?\u00a0Receba as not\u00edcias em primeira m\u00e3o:<\/strong><br>\u2022 <a rel=\"noreferrer noopener\" href=\"https:\/\/news.google.com\/publications\/CAAqBwgKMNjklQswi4etAw?hl=pt-BR&amp;gl=BR&amp;ceid=BR%3Apt-419\" target=\"_blank\">Google News<\/a><br>\u2022 <a rel=\"noreferrer noopener\" href=\"https:\/\/www.facebook.com\/aconteceunovale\/\" target=\"_blank\">Facebook<\/a><br>\u2022 <a rel=\"noreferrer noopener\" href=\"https:\/\/twitter.com\/noticiadosvales\" target=\"_blank\">Twitter<\/a><br>\u2022 <a rel=\"noreferrer noopener\" href=\"https:\/\/www.instagram.com\/aconteceunovale\" target=\"_blank\">Instagram<\/a><br>\u2022 <a rel=\"noreferrer noopener\" href=\"https:\/\/www.youtube.com\/AconteceunoValeOficial\" target=\"_blank\">Youtube<\/a><br>\u2022 <a rel=\"noreferrer noopener\" href=\"https:\/\/www.tiktok.com\/@aconteceunovale\" target=\"_blank\">TikTok<\/a><\/p>\n","protected":false},"excerpt":{"rendered":"<p>A multinacional farmac\u00eautica Pfizer apresentou \u00e0 Ag\u00eancia Nacional de Vigil\u00e2ncia Sanit\u00e1ria (Anvisa), ontem (30), um pedido de autoriza\u00e7\u00e3o tempor\u00e1ria de uso emergencial para uma nova vers\u00e3o a vacina bivalente contra a covid-19. Segundo a empresa, a nova vacina cont\u00e9m uma mistura de cepas do v\u00edrus SarsCov-2 e promete maior prote\u00e7\u00e3o frente \u00e0 \u00d4micron, variante de [&hellip;]<\/p>\n","protected":false},"author":4,"featured_media":190527,"comment_status":"open","ping_status":"closed","sticky":false,"template":"","format":"standard","meta":{"amp_status":"","footnotes":""},"categories":[6,40242],"tags":[216498,1018,39755,263696,263698,230828,263697,254970,263699],"class_list":["post-190803","post","type-post","status-publish","format-standard","has-post-thumbnail","hentry","category-br","category-saude-2","tag-covid-19","tag-destaque","tag-pfizer","tag-pfizer-apresenta-pedido-de-vacina-mais-forte-contra-variante-omicron-da-covid-19","tag-vacina-contra-variante-omicron-da-covid-19","tag-vacina-da-pfizer","tag-vacina-mais-forte-contra-variante-omicron-da-covid-19","tag-variante-omicron","tag-variante-omicron-da-covid-19"],"yoast_head":"<!-- This site is optimized with the Yoast SEO plugin v28.3 - https:\/\/yoast.com\/product\/yoast-seo-wordpress\/ -->\n<title>Pfizer apresenta pedido de vacina mais forte contra variante \u00d4micron da Covid-19 - Aconteceu no Vale<\/title>\n<meta name=\"robots\" content=\"index, follow, max-snippet:-1, max-image-preview:large, max-video-preview:-1\" \/>\n<link rel=\"canonical\" href=\"https:\/\/aconteceunovale.com.br\/portal\/?p=190803\" \/>\n<meta property=\"og:locale\" content=\"pt_BR\" \/>\n<meta property=\"og:type\" content=\"article\" \/>\n<meta property=\"og:title\" content=\"Pfizer apresenta pedido de vacina mais forte contra variante \u00d4micron da Covid-19 - Aconteceu no Vale\" \/>\n<meta property=\"og:description\" content=\"A multinacional farmac\u00eautica Pfizer apresentou \u00e0 Ag\u00eancia Nacional de Vigil\u00e2ncia Sanit\u00e1ria (Anvisa), ontem (30), um pedido de autoriza\u00e7\u00e3o tempor\u00e1ria de uso emergencial para uma nova vers\u00e3o a vacina bivalente contra a covid-19. Segundo a empresa, a nova vacina cont\u00e9m uma mistura de cepas do v\u00edrus SarsCov-2 e promete maior prote\u00e7\u00e3o frente \u00e0 \u00d4micron, variante de [&hellip;]\" \/>\n<meta property=\"og:url\" content=\"https:\/\/aconteceunovale.com.br\/portal\/?p=190803\" \/>\n<meta property=\"og:site_name\" content=\"Aconteceu no Vale\" \/>\n<meta property=\"article:publisher\" content=\"https:\/\/www.facebook.com\/aconteceunovale\/\" \/>\n<meta property=\"article:published_time\" content=\"2022-10-01T22:27:37+00:00\" \/>\n<meta property=\"article:modified_time\" content=\"2022-10-02T02:08:10+00:00\" \/>\n<meta property=\"og:image\" content=\"https:\/\/aconteceunovale.com.br\/portal\/wp-content\/uploads\/2022\/09\/vacina_pfizer.jpg\" \/>\n\t<meta property=\"og:image:width\" content=\"678\" \/>\n\t<meta property=\"og:image:height\" content=\"406\" \/>\n\t<meta property=\"og:image:type\" content=\"image\/jpeg\" \/>\n<meta name=\"author\" content=\"Reda\u00e7\u00e3o Aconteceu no Vale\" \/>\n<meta name=\"twitter:card\" content=\"summary_large_image\" \/>\n<meta name=\"twitter:creator\" content=\"@noticiadosvales\" \/>\n<meta name=\"twitter:site\" content=\"@noticiadosvales\" \/>\n<meta name=\"twitter:label1\" content=\"Escrito por\" \/>\n\t<meta name=\"twitter:data1\" content=\"Reda\u00e7\u00e3o Aconteceu no Vale\" \/>\n\t<meta name=\"twitter:label2\" content=\"Est. tempo de leitura\" \/>\n\t<meta name=\"twitter:data2\" content=\"1 minuto\" \/>\n<script type=\"application\/ld+json\" class=\"yoast-schema-graph\">{\"@context\":\"https:\\\/\\\/schema.org\",\"@graph\":[{\"@type\":\"Article\",\"@id\":\"https:\\\/\\\/aconteceunovale.com.br\\\/portal\\\/?p=190803#article\",\"isPartOf\":{\"@id\":\"https:\\\/\\\/aconteceunovale.com.br\\\/portal\\\/?p=190803\"},\"author\":{\"name\":\"Reda\u00e7\u00e3o Aconteceu no Vale\",\"@id\":\"https:\\\/\\\/aconteceunovale.com.br\\\/portal\\\/#\\\/schema\\\/person\\\/7d2f26d1483f8a63de73da1ee0754d35\"},\"headline\":\"Pfizer apresenta pedido de vacina mais forte contra variante \u00d4micron da Covid-19\",\"datePublished\":\"2022-10-01T22:27:37+00:00\",\"dateModified\":\"2022-10-02T02:08:10+00:00\",\"mainEntityOfPage\":{\"@id\":\"https:\\\/\\\/aconteceunovale.com.br\\\/portal\\\/?p=190803\"},\"wordCount\":289,\"commentCount\":0,\"image\":{\"@id\":\"https:\\\/\\\/aconteceunovale.com.br\\\/portal\\\/?p=190803#primaryimage\"},\"thumbnailUrl\":\"https:\\\/\\\/aconteceunovale.com.br\\\/portal\\\/wp-content\\\/uploads\\\/2022\\\/09\\\/vacina_pfizer.jpg\",\"keywords\":[\"COVID-19\",\"destaque\",\"Pfizer\",\"Pfizer apresenta pedido de vacina mais forte contra variante \u00d4micron da Covid-19\",\"Vacina contra variante \u00d4micron da Covid-19\",\"Vacina da Pfizer\",\"Vacina mais forte contra variante \u00d4micron da Covid-19\",\"Variante Omicron\",\"Variante \u00d4micron da Covid-19\"],\"articleSection\":[\"Brasil\",\"Sa\u00fade\"],\"inLanguage\":\"pt-BR\",\"potentialAction\":[{\"@type\":\"CommentAction\",\"name\":\"Comment\",\"target\":[\"https:\\\/\\\/aconteceunovale.com.br\\\/portal\\\/?p=190803#respond\"]}]},{\"@type\":\"WebPage\",\"@id\":\"https:\\\/\\\/aconteceunovale.com.br\\\/portal\\\/?p=190803\",\"url\":\"https:\\\/\\\/aconteceunovale.com.br\\\/portal\\\/?p=190803\",\"name\":\"Pfizer apresenta pedido de vacina mais forte contra variante \u00d4micron da Covid-19 - Aconteceu no Vale\",\"isPartOf\":{\"@id\":\"https:\\\/\\\/aconteceunovale.com.br\\\/portal\\\/#website\"},\"primaryImageOfPage\":{\"@id\":\"https:\\\/\\\/aconteceunovale.com.br\\\/portal\\\/?p=190803#primaryimage\"},\"image\":{\"@id\":\"https:\\\/\\\/aconteceunovale.com.br\\\/portal\\\/?p=190803#primaryimage\"},\"thumbnailUrl\":\"https:\\\/\\\/aconteceunovale.com.br\\\/portal\\\/wp-content\\\/uploads\\\/2022\\\/09\\\/vacina_pfizer.jpg\",\"datePublished\":\"2022-10-01T22:27:37+00:00\",\"dateModified\":\"2022-10-02T02:08:10+00:00\",\"author\":{\"@id\":\"https:\\\/\\\/aconteceunovale.com.br\\\/portal\\\/#\\\/schema\\\/person\\\/7d2f26d1483f8a63de73da1ee0754d35\"},\"breadcrumb\":{\"@id\":\"https:\\\/\\\/aconteceunovale.com.br\\\/portal\\\/?p=190803#breadcrumb\"},\"inLanguage\":\"pt-BR\",\"potentialAction\":[{\"@type\":\"ReadAction\",\"target\":[\"https:\\\/\\\/aconteceunovale.com.br\\\/portal\\\/?p=190803\"]}]},{\"@type\":\"ImageObject\",\"inLanguage\":\"pt-BR\",\"@id\":\"https:\\\/\\\/aconteceunovale.com.br\\\/portal\\\/?p=190803#primaryimage\",\"url\":\"https:\\\/\\\/aconteceunovale.com.br\\\/portal\\\/wp-content\\\/uploads\\\/2022\\\/09\\\/vacina_pfizer.jpg\",\"contentUrl\":\"https:\\\/\\\/aconteceunovale.com.br\\\/portal\\\/wp-content\\\/uploads\\\/2022\\\/09\\\/vacina_pfizer.jpg\",\"width\":678,\"height\":406,\"caption\":\"Vacinas Covid-19 pedi\u00e1tricas da Pfizer-BioNTech, 17\\\/01\\\/2022, Foto: Myke Sena\\\/MS\"},{\"@type\":\"BreadcrumbList\",\"@id\":\"https:\\\/\\\/aconteceunovale.com.br\\\/portal\\\/?p=190803#breadcrumb\",\"itemListElement\":[{\"@type\":\"ListItem\",\"position\":1,\"name\":\"In\u00edcio\",\"item\":\"https:\\\/\\\/aconteceunovale.com.br\\\/portal\\\/\"},{\"@type\":\"ListItem\",\"position\":2,\"name\":\"Pfizer apresenta pedido de vacina mais forte contra variante \u00d4micron da Covid-19\"}]},{\"@type\":\"WebSite\",\"@id\":\"https:\\\/\\\/aconteceunovale.com.br\\\/portal\\\/#website\",\"url\":\"https:\\\/\\\/aconteceunovale.com.br\\\/portal\\\/\",\"name\":\"Aconteceu no Vale\",\"description\":\"Portal de Not\u00edcias\",\"potentialAction\":[{\"@type\":\"SearchAction\",\"target\":{\"@type\":\"EntryPoint\",\"urlTemplate\":\"https:\\\/\\\/aconteceunovale.com.br\\\/portal\\\/?s={search_term_string}\"},\"query-input\":{\"@type\":\"PropertyValueSpecification\",\"valueRequired\":true,\"valueName\":\"search_term_string\"}}],\"inLanguage\":\"pt-BR\"},{\"@type\":\"Person\",\"@id\":\"https:\\\/\\\/aconteceunovale.com.br\\\/portal\\\/#\\\/schema\\\/person\\\/7d2f26d1483f8a63de73da1ee0754d35\",\"name\":\"Reda\u00e7\u00e3o Aconteceu no Vale\",\"description\":\"Equipe de reportagem do Aconteceu no Vale, portal de not\u00edcias do Vale do Jequitinhonha, em Minas Gerais. Cobrimos as 51 cidades do Vale desde 2013. Sugest\u00f5es de pauta e pedidos de corre\u00e7\u00e3o: contato@aconteceunovale.com.br\",\"url\":\"https:\\\/\\\/aconteceunovale.com.br\\\/portal\\\/?author=4\"}]}<\/script>\n<!-- \/ Yoast SEO plugin. -->","yoast_head_json":{"title":"Pfizer apresenta pedido de vacina mais forte contra variante \u00d4micron da Covid-19 - Aconteceu no Vale","robots":{"index":"index","follow":"follow","max-snippet":"max-snippet:-1","max-image-preview":"max-image-preview:large","max-video-preview":"max-video-preview:-1"},"canonical":"https:\/\/aconteceunovale.com.br\/portal\/?p=190803","og_locale":"pt_BR","og_type":"article","og_title":"Pfizer apresenta pedido de vacina mais forte contra variante \u00d4micron da Covid-19 - Aconteceu no Vale","og_description":"A multinacional farmac\u00eautica Pfizer apresentou \u00e0 Ag\u00eancia Nacional de Vigil\u00e2ncia Sanit\u00e1ria (Anvisa), ontem (30), um pedido de autoriza\u00e7\u00e3o tempor\u00e1ria de uso emergencial para uma nova vers\u00e3o a vacina bivalente contra a covid-19. Segundo a empresa, a nova vacina cont\u00e9m uma mistura de cepas do v\u00edrus SarsCov-2 e promete maior prote\u00e7\u00e3o frente \u00e0 \u00d4micron, variante de [&hellip;]","og_url":"https:\/\/aconteceunovale.com.br\/portal\/?p=190803","og_site_name":"Aconteceu no Vale","article_publisher":"https:\/\/www.facebook.com\/aconteceunovale\/","article_published_time":"2022-10-01T22:27:37+00:00","article_modified_time":"2022-10-02T02:08:10+00:00","og_image":[{"width":678,"height":406,"url":"https:\/\/aconteceunovale.com.br\/portal\/wp-content\/uploads\/2022\/09\/vacina_pfizer.jpg","type":"image\/jpeg"}],"author":"Reda\u00e7\u00e3o Aconteceu no Vale","twitter_card":"summary_large_image","twitter_creator":"@noticiadosvales","twitter_site":"@noticiadosvales","twitter_misc":{"Escrito por":"Reda\u00e7\u00e3o Aconteceu no Vale","Est. tempo de leitura":"1 minuto"},"schema":{"@context":"https:\/\/schema.org","@graph":[{"@type":"Article","@id":"https:\/\/aconteceunovale.com.br\/portal\/?p=190803#article","isPartOf":{"@id":"https:\/\/aconteceunovale.com.br\/portal\/?p=190803"},"author":{"name":"Reda\u00e7\u00e3o Aconteceu no Vale","@id":"https:\/\/aconteceunovale.com.br\/portal\/#\/schema\/person\/7d2f26d1483f8a63de73da1ee0754d35"},"headline":"Pfizer apresenta pedido de vacina mais forte contra variante \u00d4micron da Covid-19","datePublished":"2022-10-01T22:27:37+00:00","dateModified":"2022-10-02T02:08:10+00:00","mainEntityOfPage":{"@id":"https:\/\/aconteceunovale.com.br\/portal\/?p=190803"},"wordCount":289,"commentCount":0,"image":{"@id":"https:\/\/aconteceunovale.com.br\/portal\/?p=190803#primaryimage"},"thumbnailUrl":"https:\/\/aconteceunovale.com.br\/portal\/wp-content\/uploads\/2022\/09\/vacina_pfizer.jpg","keywords":["COVID-19","destaque","Pfizer","Pfizer apresenta pedido de vacina mais forte contra variante \u00d4micron da Covid-19","Vacina contra variante \u00d4micron da Covid-19","Vacina da Pfizer","Vacina mais forte contra variante \u00d4micron da Covid-19","Variante Omicron","Variante \u00d4micron da Covid-19"],"articleSection":["Brasil","Sa\u00fade"],"inLanguage":"pt-BR","potentialAction":[{"@type":"CommentAction","name":"Comment","target":["https:\/\/aconteceunovale.com.br\/portal\/?p=190803#respond"]}]},{"@type":"WebPage","@id":"https:\/\/aconteceunovale.com.br\/portal\/?p=190803","url":"https:\/\/aconteceunovale.com.br\/portal\/?p=190803","name":"Pfizer apresenta pedido de vacina mais forte contra variante \u00d4micron da Covid-19 - Aconteceu no Vale","isPartOf":{"@id":"https:\/\/aconteceunovale.com.br\/portal\/#website"},"primaryImageOfPage":{"@id":"https:\/\/aconteceunovale.com.br\/portal\/?p=190803#primaryimage"},"image":{"@id":"https:\/\/aconteceunovale.com.br\/portal\/?p=190803#primaryimage"},"thumbnailUrl":"https:\/\/aconteceunovale.com.br\/portal\/wp-content\/uploads\/2022\/09\/vacina_pfizer.jpg","datePublished":"2022-10-01T22:27:37+00:00","dateModified":"2022-10-02T02:08:10+00:00","author":{"@id":"https:\/\/aconteceunovale.com.br\/portal\/#\/schema\/person\/7d2f26d1483f8a63de73da1ee0754d35"},"breadcrumb":{"@id":"https:\/\/aconteceunovale.com.br\/portal\/?p=190803#breadcrumb"},"inLanguage":"pt-BR","potentialAction":[{"@type":"ReadAction","target":["https:\/\/aconteceunovale.com.br\/portal\/?p=190803"]}]},{"@type":"ImageObject","inLanguage":"pt-BR","@id":"https:\/\/aconteceunovale.com.br\/portal\/?p=190803#primaryimage","url":"https:\/\/aconteceunovale.com.br\/portal\/wp-content\/uploads\/2022\/09\/vacina_pfizer.jpg","contentUrl":"https:\/\/aconteceunovale.com.br\/portal\/wp-content\/uploads\/2022\/09\/vacina_pfizer.jpg","width":678,"height":406,"caption":"Vacinas Covid-19 pedi\u00e1tricas da Pfizer-BioNTech, 17\/01\/2022, Foto: Myke Sena\/MS"},{"@type":"BreadcrumbList","@id":"https:\/\/aconteceunovale.com.br\/portal\/?p=190803#breadcrumb","itemListElement":[{"@type":"ListItem","position":1,"name":"In\u00edcio","item":"https:\/\/aconteceunovale.com.br\/portal\/"},{"@type":"ListItem","position":2,"name":"Pfizer apresenta pedido de vacina mais forte contra variante \u00d4micron da Covid-19"}]},{"@type":"WebSite","@id":"https:\/\/aconteceunovale.com.br\/portal\/#website","url":"https:\/\/aconteceunovale.com.br\/portal\/","name":"Aconteceu no Vale","description":"Portal de Not\u00edcias","potentialAction":[{"@type":"SearchAction","target":{"@type":"EntryPoint","urlTemplate":"https:\/\/aconteceunovale.com.br\/portal\/?s={search_term_string}"},"query-input":{"@type":"PropertyValueSpecification","valueRequired":true,"valueName":"search_term_string"}}],"inLanguage":"pt-BR"},{"@type":"Person","@id":"https:\/\/aconteceunovale.com.br\/portal\/#\/schema\/person\/7d2f26d1483f8a63de73da1ee0754d35","name":"Reda\u00e7\u00e3o Aconteceu no Vale","description":"Equipe de reportagem do Aconteceu no Vale, portal de not\u00edcias do Vale do Jequitinhonha, em Minas Gerais. Cobrimos as 51 cidades do Vale desde 2013. Sugest\u00f5es de pauta e pedidos de corre\u00e7\u00e3o: contato@aconteceunovale.com.br","url":"https:\/\/aconteceunovale.com.br\/portal\/?author=4"}]}},"_links":{"self":[{"href":"https:\/\/aconteceunovale.com.br\/portal\/index.php?rest_route=\/wp\/v2\/posts\/190803","targetHints":{"allow":["GET"]}}],"collection":[{"href":"https:\/\/aconteceunovale.com.br\/portal\/index.php?rest_route=\/wp\/v2\/posts"}],"about":[{"href":"https:\/\/aconteceunovale.com.br\/portal\/index.php?rest_route=\/wp\/v2\/types\/post"}],"author":[{"embeddable":true,"href":"https:\/\/aconteceunovale.com.br\/portal\/index.php?rest_route=\/wp\/v2\/users\/4"}],"replies":[{"embeddable":true,"href":"https:\/\/aconteceunovale.com.br\/portal\/index.php?rest_route=%2Fwp%2Fv2%2Fcomments&post=190803"}],"version-history":[{"count":1,"href":"https:\/\/aconteceunovale.com.br\/portal\/index.php?rest_route=\/wp\/v2\/posts\/190803\/revisions"}],"predecessor-version":[{"id":190804,"href":"https:\/\/aconteceunovale.com.br\/portal\/index.php?rest_route=\/wp\/v2\/posts\/190803\/revisions\/190804"}],"wp:featuredmedia":[{"embeddable":true,"href":"https:\/\/aconteceunovale.com.br\/portal\/index.php?rest_route=\/wp\/v2\/media\/190527"}],"wp:attachment":[{"href":"https:\/\/aconteceunovale.com.br\/portal\/index.php?rest_route=%2Fwp%2Fv2%2Fmedia&parent=190803"}],"wp:term":[{"taxonomy":"category","embeddable":true,"href":"https:\/\/aconteceunovale.com.br\/portal\/index.php?rest_route=%2Fwp%2Fv2%2Fcategories&post=190803"},{"taxonomy":"post_tag","embeddable":true,"href":"https:\/\/aconteceunovale.com.br\/portal\/index.php?rest_route=%2Fwp%2Fv2%2Ftags&post=190803"}],"curies":[{"name":"wp","href":"https:\/\/api.w.org\/{rel}","templated":true}]}}