{"id":190798,"date":"2022-10-01T21:29:00","date_gmt":"2022-10-02T00:29:00","guid":{"rendered":"https:\/\/aconteceunovale.com.br\/portal\/?p=190798"},"modified":"2022-10-01T22:51:59","modified_gmt":"2022-10-02T01:51:59","slug":"presidente-do-tse-fala-de-seguranca-das-urnas-e-de-democracia-em-pronunciamento","status":"publish","type":"post","link":"https:\/\/aconteceunovale.com.br\/portal\/?p=190798","title":{"rendered":"Presidente do TSE fala de seguran\u00e7a das urnas e de democracia em pronunciamento"},"content":{"rendered":"\n<p class=\"wp-block-paragraph\">O presidente do Tribunal Superior Eleitoral (TSE), Alexandre de Moraes, fez um pronunciamento de r\u00e1dio e TV na noite deste s\u00e1bado (1) no qual refor\u00e7ou a import\u00e2ncia do voto, a seguran\u00e7a das urnas eletr\u00f4nicas e o respeito \u00e0 democracia.<\/p>\n\n\n\n<p class=\"wp-block-paragraph\">\u201cAs elei\u00e7\u00f5es gerais de 2022 simbolizam o respeito \u00e0 democracia como \u00fanico regime pol\u00edtico em que o pleno poder emana do povo e que deve ser exercido pelo bem do povo, para garantir o crescimento e o fortalecimento da Rep\u00fablica brasileira \u201d, afirmou.<\/p>\n\n\n\n<p class=\"wp-block-paragraph\">Neste domingo (2) ser\u00e3o escolhidos os nomes que v\u00e3o ocupar os cargos de presidente da Rep\u00fablica, governador, senador, deputado federal, deputado estadual e deputado distrital.<\/p>\n\n\n\n<p class=\"wp-block-paragraph\">Mais de 156 milh\u00f5es de eleitores est\u00e3o aptos para ir \u00e0s urnas neste em todo o pa\u00eds, no primeiro turno das elei\u00e7\u00f5es 2022. Segundo o Tribunal Superior Eleitoral, haver\u00e1 vota\u00e7\u00e3o em 5.570 munic\u00edpios brasileiros e em 181 localidades no exterior.<\/p>\n\n\n\n<p class=\"wp-block-paragraph\">Segundo o presidente do TSE, a democracia \u00e9 uma \u201cconstru\u00e7\u00e3o coletiva\u201d daqueles que acreditam na paz, na liberdade e no crescimento.&nbsp;<\/p>\n\n\n\n<p class=\"wp-block-paragraph\">Morais disse que o TSE vai atuar em conjunto com os 27 Tribunais Regionais Eleitorais e contar\u00e1 com 2,6 mil ju\u00edzes e 2,6 mil promotores, com 22 mil servidores e mais de 1,8 milh\u00e3o de mes\u00e1rios para garantir que o processo eleitoral ocorra da maneira correta.&nbsp;<\/p>\n\n\n\n<p class=\"wp-block-paragraph\">O presidente do TSE afirmou que, para o exerc\u00edcio da democracia, \u00e9 preciso garantir \u201cplena liberdade e seguran\u00e7a no exerc\u00edcio do direito de voto de cada eleitora e eleitor brasileiros\u201d. Segundo ele, esse direito \u00e9 garantido pelo sigilo do voto e pela seguran\u00e7a das urnas eletr\u00f4nicas.<\/p>\n\n\n\n<p class=\"wp-block-paragraph\">Morais destacou tamb\u00e9m a proibi\u00e7\u00e3o do uso de celulares na cabine e a veda\u00e7\u00e3o de transporte e uso de armas por colecionadores, atiradores e ca\u00e7adores (CAC\u2019s) em um raio de 100 metros de todas as sess\u00f5es eleitorais no domingo.&nbsp;<\/p>\n\n\n\n<p class=\"wp-block-paragraph\">\u201cSomos uma das quatro maiores democracias do mundo, por\u00e9m a \u00fanica que apura e divulga os dados eleitorais no mesmo dia, com agilidade, seguran\u00e7a, compet\u00eancia e transpar\u00eancia, gra\u00e7as \u00e0 tecnologia avan\u00e7ada, confi\u00e1vel, segura e audit\u00e1vel das nossas urnas eletr\u00f4nicas. Isso sempre foi e continuar\u00e1 sendo motivo de orgulho nacional\u201d, afirmou.<\/p>\n\n\n\n<p class=\"wp-block-paragraph\">&#8212;&#8212;&#8212;&#8212;&#8212;&#8212;<br><br><strong>Sabia que o Aconteceu no Vale est\u00e1 tamb\u00e9m no Telegram? <a rel=\"noreferrer noopener\" href=\"https:\/\/t.me\/aconteceunovaleoficial\" target=\"_blank\">Inscreva-se no canal<\/a>.<\/strong><br><br><strong>J\u00e1 curtiu ou seguiu nossas p\u00e1ginas nas redes sociais?\u00a0Receba as not\u00edcias em primeira m\u00e3o:<\/strong><br>\u2022 <a rel=\"noreferrer noopener\" href=\"https:\/\/news.google.com\/publications\/CAAqBwgKMNjklQswi4etAw?hl=pt-BR&amp;gl=BR&amp;ceid=BR%3Apt-419\" target=\"_blank\">Google News<\/a><br>\u2022 <a rel=\"noreferrer noopener\" href=\"https:\/\/www.facebook.com\/aconteceunovale\/\" target=\"_blank\">Facebook<\/a><br>\u2022 <a rel=\"noreferrer noopener\" href=\"https:\/\/twitter.com\/noticiadosvales\" target=\"_blank\">Twitter<\/a><br>\u2022 <a rel=\"noreferrer noopener\" href=\"https:\/\/www.instagram.com\/aconteceunovale\" target=\"_blank\">Instagram<\/a><br>\u2022 <a rel=\"noreferrer noopener\" href=\"https:\/\/www.youtube.com\/AconteceunoValeOficial\" target=\"_blank\">Youtube<\/a><br>\u2022 <a rel=\"noreferrer noopener\" href=\"https:\/\/www.tiktok.com\/@aconteceunovale\" target=\"_blank\">TikTok<\/a><\/p>\n","protected":false},"excerpt":{"rendered":"<p>O presidente do Tribunal Superior Eleitoral (TSE), Alexandre de Moraes, fez um pronunciamento de r\u00e1dio e TV na noite deste s\u00e1bado (1) no qual refor\u00e7ou a import\u00e2ncia do voto, a seguran\u00e7a das urnas eletr\u00f4nicas e o respeito \u00e0 democracia. \u201cAs elei\u00e7\u00f5es gerais de 2022 simbolizam o respeito \u00e0 democracia como \u00fanico regime pol\u00edtico em que [&hellip;]<\/p>\n","protected":false},"author":4,"featured_media":187485,"comment_status":"open","ping_status":"closed","sticky":false,"template":"","format":"standard","meta":{"amp_status":"","footnotes":""},"categories":[6,249933],"tags":[35211,263627,263626,263625,263624,263628,718,252238,263623,261226,94054,263688],"class_list":["post-190798","post","type-post","status-publish","format-standard","has-post-thumbnail","hentry","category-br","category-eleicoes-2022","tag-alexandre-de-moraes","tag-eleicao-para-deputado-estadual-no-brasil","tag-eleicao-para-deputado-federal-no-brasil","tag-eleicao-para-governador-no-brasil","tag-eleicao-para-presidente-no-brasil","tag-eleicao-para-senador-no-brasil","tag-eleicoes","tag-eleicoes-2022","tag-eleicoes-2022-no-brasil","tag-eleicoes-no-brasil","tag-presidente-do-tse","tag-pronunciamento-presidente-do-tse"],"yoast_head":"<!-- This site is optimized with the Yoast SEO plugin v28.3 - https:\/\/yoast.com\/product\/yoast-seo-wordpress\/ -->\n<title>Presidente do TSE fala de seguran\u00e7a das urnas e de democracia em pronunciamento - Aconteceu no Vale<\/title>\n<meta name=\"robots\" content=\"index, follow, max-snippet:-1, max-image-preview:large, max-video-preview:-1\" \/>\n<link rel=\"canonical\" href=\"https:\/\/aconteceunovale.com.br\/portal\/?p=190798\" \/>\n<meta property=\"og:locale\" content=\"pt_BR\" \/>\n<meta property=\"og:type\" content=\"article\" \/>\n<meta property=\"og:title\" content=\"Presidente do TSE fala de seguran\u00e7a das urnas e de democracia em pronunciamento - Aconteceu no Vale\" \/>\n<meta property=\"og:description\" content=\"O presidente do Tribunal Superior Eleitoral (TSE), Alexandre de Moraes, fez um pronunciamento de r\u00e1dio e TV na noite deste s\u00e1bado (1) no qual refor\u00e7ou a import\u00e2ncia do voto, a seguran\u00e7a das urnas eletr\u00f4nicas e o respeito \u00e0 democracia. \u201cAs elei\u00e7\u00f5es gerais de 2022 simbolizam o respeito \u00e0 democracia como \u00fanico regime pol\u00edtico em que [&hellip;]\" \/>\n<meta property=\"og:url\" content=\"https:\/\/aconteceunovale.com.br\/portal\/?p=190798\" \/>\n<meta property=\"og:site_name\" content=\"Aconteceu no Vale\" \/>\n<meta property=\"article:publisher\" content=\"https:\/\/www.facebook.com\/aconteceunovale\/\" \/>\n<meta property=\"article:published_time\" content=\"2022-10-02T00:29:00+00:00\" \/>\n<meta property=\"article:modified_time\" content=\"2022-10-02T01:51:59+00:00\" \/>\n<meta property=\"og:image\" content=\"https:\/\/aconteceunovale.com.br\/portal\/wp-content\/uploads\/2022\/02\/moraes.jpg\" \/>\n\t<meta property=\"og:image:width\" content=\"678\" \/>\n\t<meta property=\"og:image:height\" content=\"406\" \/>\n\t<meta property=\"og:image:type\" content=\"image\/jpeg\" \/>\n<meta name=\"author\" content=\"Reda\u00e7\u00e3o Aconteceu no Vale\" \/>\n<meta name=\"twitter:card\" content=\"summary_large_image\" \/>\n<meta name=\"twitter:creator\" content=\"@noticiadosvales\" \/>\n<meta name=\"twitter:site\" content=\"@noticiadosvales\" \/>\n<meta name=\"twitter:label1\" content=\"Escrito por\" \/>\n\t<meta name=\"twitter:data1\" content=\"Reda\u00e7\u00e3o Aconteceu no Vale\" \/>\n\t<meta name=\"twitter:label2\" content=\"Est. tempo de leitura\" \/>\n\t<meta name=\"twitter:data2\" content=\"2 minutos\" \/>\n<script type=\"application\/ld+json\" class=\"yoast-schema-graph\">{\"@context\":\"https:\\\/\\\/schema.org\",\"@graph\":[{\"@type\":\"Article\",\"@id\":\"https:\\\/\\\/aconteceunovale.com.br\\\/portal\\\/?p=190798#article\",\"isPartOf\":{\"@id\":\"https:\\\/\\\/aconteceunovale.com.br\\\/portal\\\/?p=190798\"},\"author\":{\"name\":\"Reda\u00e7\u00e3o Aconteceu no Vale\",\"@id\":\"https:\\\/\\\/aconteceunovale.com.br\\\/portal\\\/#\\\/schema\\\/person\\\/7d2f26d1483f8a63de73da1ee0754d35\"},\"headline\":\"Presidente do TSE fala de seguran\u00e7a das urnas e de democracia em pronunciamento\",\"datePublished\":\"2022-10-02T00:29:00+00:00\",\"dateModified\":\"2022-10-02T01:51:59+00:00\",\"mainEntityOfPage\":{\"@id\":\"https:\\\/\\\/aconteceunovale.com.br\\\/portal\\\/?p=190798\"},\"wordCount\":428,\"commentCount\":0,\"image\":{\"@id\":\"https:\\\/\\\/aconteceunovale.com.br\\\/portal\\\/?p=190798#primaryimage\"},\"thumbnailUrl\":\"https:\\\/\\\/aconteceunovale.com.br\\\/portal\\\/wp-content\\\/uploads\\\/2022\\\/02\\\/moraes.jpg\",\"keywords\":[\"Alexandre de Moraes\",\"Elei\u00e7\u00e3o para deputado estadual no Brasil\",\"Elei\u00e7\u00e3o para deputado federal no Brasil\",\"Elei\u00e7\u00e3o para governador no Brasil\",\"Elei\u00e7\u00e3o para presidente no Brasil\",\"Elei\u00e7\u00e3o para Senador no Brasil\",\"Elei\u00e7\u00f5es\",\"Elei\u00e7\u00f5es 2022\",\"Elei\u00e7\u00f5es 2022 no Brasil\",\"Elei\u00e7\u00f5es no Brasil\",\"presidente do TSE\",\"Pronunciamento presidente do TSE\"],\"articleSection\":[\"Brasil\",\"Elei\u00e7\u00f5es 2022\"],\"inLanguage\":\"pt-BR\",\"potentialAction\":[{\"@type\":\"CommentAction\",\"name\":\"Comment\",\"target\":[\"https:\\\/\\\/aconteceunovale.com.br\\\/portal\\\/?p=190798#respond\"]}]},{\"@type\":\"WebPage\",\"@id\":\"https:\\\/\\\/aconteceunovale.com.br\\\/portal\\\/?p=190798\",\"url\":\"https:\\\/\\\/aconteceunovale.com.br\\\/portal\\\/?p=190798\",\"name\":\"Presidente do TSE fala de seguran\u00e7a das urnas e de democracia em pronunciamento - Aconteceu no Vale\",\"isPartOf\":{\"@id\":\"https:\\\/\\\/aconteceunovale.com.br\\\/portal\\\/#website\"},\"primaryImageOfPage\":{\"@id\":\"https:\\\/\\\/aconteceunovale.com.br\\\/portal\\\/?p=190798#primaryimage\"},\"image\":{\"@id\":\"https:\\\/\\\/aconteceunovale.com.br\\\/portal\\\/?p=190798#primaryimage\"},\"thumbnailUrl\":\"https:\\\/\\\/aconteceunovale.com.br\\\/portal\\\/wp-content\\\/uploads\\\/2022\\\/02\\\/moraes.jpg\",\"datePublished\":\"2022-10-02T00:29:00+00:00\",\"dateModified\":\"2022-10-02T01:51:59+00:00\",\"author\":{\"@id\":\"https:\\\/\\\/aconteceunovale.com.br\\\/portal\\\/#\\\/schema\\\/person\\\/7d2f26d1483f8a63de73da1ee0754d35\"},\"breadcrumb\":{\"@id\":\"https:\\\/\\\/aconteceunovale.com.br\\\/portal\\\/?p=190798#breadcrumb\"},\"inLanguage\":\"pt-BR\",\"potentialAction\":[{\"@type\":\"ReadAction\",\"target\":[\"https:\\\/\\\/aconteceunovale.com.br\\\/portal\\\/?p=190798\"]}]},{\"@type\":\"ImageObject\",\"inLanguage\":\"pt-BR\",\"@id\":\"https:\\\/\\\/aconteceunovale.com.br\\\/portal\\\/?p=190798#primaryimage\",\"url\":\"https:\\\/\\\/aconteceunovale.com.br\\\/portal\\\/wp-content\\\/uploads\\\/2022\\\/02\\\/moraes.jpg\",\"contentUrl\":\"https:\\\/\\\/aconteceunovale.com.br\\\/portal\\\/wp-content\\\/uploads\\\/2022\\\/02\\\/moraes.jpg\",\"width\":678,\"height\":406,\"caption\":\"O miinistro Alexandre de Moraes, durante julgamento da validade de pris\u00e3o em segunda inst\u00e2ncia\"},{\"@type\":\"BreadcrumbList\",\"@id\":\"https:\\\/\\\/aconteceunovale.com.br\\\/portal\\\/?p=190798#breadcrumb\",\"itemListElement\":[{\"@type\":\"ListItem\",\"position\":1,\"name\":\"In\u00edcio\",\"item\":\"https:\\\/\\\/aconteceunovale.com.br\\\/portal\\\/\"},{\"@type\":\"ListItem\",\"position\":2,\"name\":\"Presidente do TSE fala de seguran\u00e7a das urnas e de democracia em pronunciamento\"}]},{\"@type\":\"WebSite\",\"@id\":\"https:\\\/\\\/aconteceunovale.com.br\\\/portal\\\/#website\",\"url\":\"https:\\\/\\\/aconteceunovale.com.br\\\/portal\\\/\",\"name\":\"Aconteceu no Vale\",\"description\":\"Portal de Not\u00edcias\",\"potentialAction\":[{\"@type\":\"SearchAction\",\"target\":{\"@type\":\"EntryPoint\",\"urlTemplate\":\"https:\\\/\\\/aconteceunovale.com.br\\\/portal\\\/?s={search_term_string}\"},\"query-input\":{\"@type\":\"PropertyValueSpecification\",\"valueRequired\":true,\"valueName\":\"search_term_string\"}}],\"inLanguage\":\"pt-BR\"},{\"@type\":\"Person\",\"@id\":\"https:\\\/\\\/aconteceunovale.com.br\\\/portal\\\/#\\\/schema\\\/person\\\/7d2f26d1483f8a63de73da1ee0754d35\",\"name\":\"Reda\u00e7\u00e3o Aconteceu no Vale\",\"description\":\"Equipe de reportagem do Aconteceu no Vale, portal de not\u00edcias do Vale do Jequitinhonha, em Minas Gerais. Cobrimos as 51 cidades do Vale desde 2013. Sugest\u00f5es de pauta e pedidos de corre\u00e7\u00e3o: contato@aconteceunovale.com.br\",\"url\":\"https:\\\/\\\/aconteceunovale.com.br\\\/portal\\\/?author=4\"}]}<\/script>\n<!-- \/ Yoast SEO plugin. -->","yoast_head_json":{"title":"Presidente do TSE fala de seguran\u00e7a das urnas e de democracia em pronunciamento - Aconteceu no Vale","robots":{"index":"index","follow":"follow","max-snippet":"max-snippet:-1","max-image-preview":"max-image-preview:large","max-video-preview":"max-video-preview:-1"},"canonical":"https:\/\/aconteceunovale.com.br\/portal\/?p=190798","og_locale":"pt_BR","og_type":"article","og_title":"Presidente do TSE fala de seguran\u00e7a das urnas e de democracia em pronunciamento - Aconteceu no Vale","og_description":"O presidente do Tribunal Superior Eleitoral (TSE), Alexandre de Moraes, fez um pronunciamento de r\u00e1dio e TV na noite deste s\u00e1bado (1) no qual refor\u00e7ou a import\u00e2ncia do voto, a seguran\u00e7a das urnas eletr\u00f4nicas e o respeito \u00e0 democracia. \u201cAs elei\u00e7\u00f5es gerais de 2022 simbolizam o respeito \u00e0 democracia como \u00fanico regime pol\u00edtico em que [&hellip;]","og_url":"https:\/\/aconteceunovale.com.br\/portal\/?p=190798","og_site_name":"Aconteceu no Vale","article_publisher":"https:\/\/www.facebook.com\/aconteceunovale\/","article_published_time":"2022-10-02T00:29:00+00:00","article_modified_time":"2022-10-02T01:51:59+00:00","og_image":[{"width":678,"height":406,"url":"https:\/\/aconteceunovale.com.br\/portal\/wp-content\/uploads\/2022\/02\/moraes.jpg","type":"image\/jpeg"}],"author":"Reda\u00e7\u00e3o Aconteceu no Vale","twitter_card":"summary_large_image","twitter_creator":"@noticiadosvales","twitter_site":"@noticiadosvales","twitter_misc":{"Escrito por":"Reda\u00e7\u00e3o Aconteceu no Vale","Est. tempo de leitura":"2 minutos"},"schema":{"@context":"https:\/\/schema.org","@graph":[{"@type":"Article","@id":"https:\/\/aconteceunovale.com.br\/portal\/?p=190798#article","isPartOf":{"@id":"https:\/\/aconteceunovale.com.br\/portal\/?p=190798"},"author":{"name":"Reda\u00e7\u00e3o Aconteceu no Vale","@id":"https:\/\/aconteceunovale.com.br\/portal\/#\/schema\/person\/7d2f26d1483f8a63de73da1ee0754d35"},"headline":"Presidente do TSE fala de seguran\u00e7a das urnas e de democracia em pronunciamento","datePublished":"2022-10-02T00:29:00+00:00","dateModified":"2022-10-02T01:51:59+00:00","mainEntityOfPage":{"@id":"https:\/\/aconteceunovale.com.br\/portal\/?p=190798"},"wordCount":428,"commentCount":0,"image":{"@id":"https:\/\/aconteceunovale.com.br\/portal\/?p=190798#primaryimage"},"thumbnailUrl":"https:\/\/aconteceunovale.com.br\/portal\/wp-content\/uploads\/2022\/02\/moraes.jpg","keywords":["Alexandre de Moraes","Elei\u00e7\u00e3o para deputado estadual no Brasil","Elei\u00e7\u00e3o para deputado federal no Brasil","Elei\u00e7\u00e3o para governador no Brasil","Elei\u00e7\u00e3o para presidente no Brasil","Elei\u00e7\u00e3o para Senador no Brasil","Elei\u00e7\u00f5es","Elei\u00e7\u00f5es 2022","Elei\u00e7\u00f5es 2022 no Brasil","Elei\u00e7\u00f5es no Brasil","presidente do TSE","Pronunciamento presidente do TSE"],"articleSection":["Brasil","Elei\u00e7\u00f5es 2022"],"inLanguage":"pt-BR","potentialAction":[{"@type":"CommentAction","name":"Comment","target":["https:\/\/aconteceunovale.com.br\/portal\/?p=190798#respond"]}]},{"@type":"WebPage","@id":"https:\/\/aconteceunovale.com.br\/portal\/?p=190798","url":"https:\/\/aconteceunovale.com.br\/portal\/?p=190798","name":"Presidente do TSE fala de seguran\u00e7a das urnas e de democracia em pronunciamento - Aconteceu no Vale","isPartOf":{"@id":"https:\/\/aconteceunovale.com.br\/portal\/#website"},"primaryImageOfPage":{"@id":"https:\/\/aconteceunovale.com.br\/portal\/?p=190798#primaryimage"},"image":{"@id":"https:\/\/aconteceunovale.com.br\/portal\/?p=190798#primaryimage"},"thumbnailUrl":"https:\/\/aconteceunovale.com.br\/portal\/wp-content\/uploads\/2022\/02\/moraes.jpg","datePublished":"2022-10-02T00:29:00+00:00","dateModified":"2022-10-02T01:51:59+00:00","author":{"@id":"https:\/\/aconteceunovale.com.br\/portal\/#\/schema\/person\/7d2f26d1483f8a63de73da1ee0754d35"},"breadcrumb":{"@id":"https:\/\/aconteceunovale.com.br\/portal\/?p=190798#breadcrumb"},"inLanguage":"pt-BR","potentialAction":[{"@type":"ReadAction","target":["https:\/\/aconteceunovale.com.br\/portal\/?p=190798"]}]},{"@type":"ImageObject","inLanguage":"pt-BR","@id":"https:\/\/aconteceunovale.com.br\/portal\/?p=190798#primaryimage","url":"https:\/\/aconteceunovale.com.br\/portal\/wp-content\/uploads\/2022\/02\/moraes.jpg","contentUrl":"https:\/\/aconteceunovale.com.br\/portal\/wp-content\/uploads\/2022\/02\/moraes.jpg","width":678,"height":406,"caption":"O miinistro Alexandre de Moraes, durante julgamento da validade de pris\u00e3o em segunda inst\u00e2ncia"},{"@type":"BreadcrumbList","@id":"https:\/\/aconteceunovale.com.br\/portal\/?p=190798#breadcrumb","itemListElement":[{"@type":"ListItem","position":1,"name":"In\u00edcio","item":"https:\/\/aconteceunovale.com.br\/portal\/"},{"@type":"ListItem","position":2,"name":"Presidente do TSE fala de seguran\u00e7a das urnas e de democracia em pronunciamento"}]},{"@type":"WebSite","@id":"https:\/\/aconteceunovale.com.br\/portal\/#website","url":"https:\/\/aconteceunovale.com.br\/portal\/","name":"Aconteceu no Vale","description":"Portal de Not\u00edcias","potentialAction":[{"@type":"SearchAction","target":{"@type":"EntryPoint","urlTemplate":"https:\/\/aconteceunovale.com.br\/portal\/?s={search_term_string}"},"query-input":{"@type":"PropertyValueSpecification","valueRequired":true,"valueName":"search_term_string"}}],"inLanguage":"pt-BR"},{"@type":"Person","@id":"https:\/\/aconteceunovale.com.br\/portal\/#\/schema\/person\/7d2f26d1483f8a63de73da1ee0754d35","name":"Reda\u00e7\u00e3o Aconteceu no Vale","description":"Equipe de reportagem do Aconteceu no Vale, portal de not\u00edcias do Vale do Jequitinhonha, em Minas Gerais. Cobrimos as 51 cidades do Vale desde 2013. Sugest\u00f5es de pauta e pedidos de corre\u00e7\u00e3o: contato@aconteceunovale.com.br","url":"https:\/\/aconteceunovale.com.br\/portal\/?author=4"}]}},"_links":{"self":[{"href":"https:\/\/aconteceunovale.com.br\/portal\/index.php?rest_route=\/wp\/v2\/posts\/190798","targetHints":{"allow":["GET"]}}],"collection":[{"href":"https:\/\/aconteceunovale.com.br\/portal\/index.php?rest_route=\/wp\/v2\/posts"}],"about":[{"href":"https:\/\/aconteceunovale.com.br\/portal\/index.php?rest_route=\/wp\/v2\/types\/post"}],"author":[{"embeddable":true,"href":"https:\/\/aconteceunovale.com.br\/portal\/index.php?rest_route=\/wp\/v2\/users\/4"}],"replies":[{"embeddable":true,"href":"https:\/\/aconteceunovale.com.br\/portal\/index.php?rest_route=%2Fwp%2Fv2%2Fcomments&post=190798"}],"version-history":[{"count":1,"href":"https:\/\/aconteceunovale.com.br\/portal\/index.php?rest_route=\/wp\/v2\/posts\/190798\/revisions"}],"predecessor-version":[{"id":190799,"href":"https:\/\/aconteceunovale.com.br\/portal\/index.php?rest_route=\/wp\/v2\/posts\/190798\/revisions\/190799"}],"wp:featuredmedia":[{"embeddable":true,"href":"https:\/\/aconteceunovale.com.br\/portal\/index.php?rest_route=\/wp\/v2\/media\/187485"}],"wp:attachment":[{"href":"https:\/\/aconteceunovale.com.br\/portal\/index.php?rest_route=%2Fwp%2Fv2%2Fmedia&parent=190798"}],"wp:term":[{"taxonomy":"category","embeddable":true,"href":"https:\/\/aconteceunovale.com.br\/portal\/index.php?rest_route=%2Fwp%2Fv2%2Fcategories&post=190798"},{"taxonomy":"post_tag","embeddable":true,"href":"https:\/\/aconteceunovale.com.br\/portal\/index.php?rest_route=%2Fwp%2Fv2%2Ftags&post=190798"}],"curies":[{"name":"wp","href":"https:\/\/api.w.org\/{rel}","templated":true}]}}