{"id":190792,"date":"2022-10-01T18:20:00","date_gmt":"2022-10-01T21:20:00","guid":{"rendered":"https:\/\/aconteceunovale.com.br\/portal\/?p=190792"},"modified":"2022-10-01T21:26:04","modified_gmt":"2022-10-02T00:26:04","slug":"prazo-para-realizacao-de-propaganda-eleitoral-nas-ruas-termina-as-22h","status":"publish","type":"post","link":"https:\/\/aconteceunovale.com.br\/portal\/?p=190792","title":{"rendered":"Prazo para realiza\u00e7\u00e3o de propaganda eleitoral nas ruas termina \u00e0s 22h"},"content":{"rendered":"\n<p class=\"wp-block-paragraph\">Ap\u00f3s 47 dias da propaganda eleitoral tomar as ruas do pa\u00eds, o prazo-limite para candidatos e partidos pol\u00edticos distribu\u00edrem material de campanha a fim de tentar conquistar o voto do eleitor termina \u00e0s 22 horas de hoje (1\u00ba).<\/p>\n\n\n\n<p class=\"wp-block-paragraph\">Segundo a legisla\u00e7\u00e3o, ap\u00f3s este hor\u00e1rio, configura crime eleitoral n\u00e3o s\u00f3 entregar, em m\u00e3os, qualquer material alusivo \u00e0 candidatura, como tamb\u00e9m realizar carreatas, passeatas e caminhadas pol\u00edtico-partid\u00e1rias, bem como usar carros de som para divulgar jingles ou mensagens de candidatos ou partidos.<\/p>\n\n\n\n<p class=\"wp-block-paragraph\">Al\u00e9m disso, uma&nbsp;<a href=\"https:\/\/www.tse.jus.br\/legislacao\/compilada\/res\/2019\/resolucao-no-23-610-de-18-de-dezembro-de-2019\" target=\"_blank\" rel=\"noreferrer noopener\">resolu\u00e7\u00e3o do Tribunal Superior Eleitoral<\/a>&nbsp;(TSE) de 2019 estabelece que derramar e\/ou consentir com o derrame de material de propaganda em locais de vota\u00e7\u00e3o ou em vias pr\u00f3ximas a estes, mesmo que na v\u00e9spera da elei\u00e7\u00e3o, tamb\u00e9m configura propaganda irregular.<\/p>\n\n\n\n<h2 class=\"wp-block-heading\">Manifesta\u00e7\u00e3o coletiva<\/h2>\n\n\n\n<p class=\"wp-block-paragraph\">Amanh\u00e3 (2), at\u00e9 o t\u00e9rmino do hor\u00e1rio de vota\u00e7\u00e3o, tamb\u00e9m estar\u00e1 vedada quaisquer manifesta\u00e7\u00f5es coletivas de prefer\u00eancia pol\u00edtica, incluindo a aglomera\u00e7\u00e3o de pessoas usando roupas ou pe\u00e7as de vestu\u00e1rio que os identifique como apoiadores de um candidato ou partido espec\u00edfico. Manifesta\u00e7\u00f5es individuais, contudo, s\u00e3o permitidas, desde que feitas silenciosamente.<\/p>\n\n\n\n<p class=\"wp-block-paragraph\">Este ano, a propaganda eleitoral teve in\u00edcio do dia 16 de agosto, permitindo aos candidatos aos cargos de presidente da Rep\u00fablica, governador, senador e deputado federal ou distrital apresentarem suas propostas e divulgarem seus n\u00fameros de campanha. Mais de 156,4 milh\u00f5es de eleitores est\u00e3o aptos a votar neste domingo (2) \u2013 9,1 milh\u00f5es a mais do que nas elei\u00e7\u00f5es de 2018, segundo o TSE.<\/p>\n\n\n\n<p class=\"wp-block-paragraph\">&#8212;&#8212;&#8212;&#8212;&#8212;&#8212;<br><br><strong>Sabia que o Aconteceu no Vale est\u00e1 tamb\u00e9m no Telegram? <a rel=\"noreferrer noopener\" href=\"https:\/\/t.me\/aconteceunovaleoficial\" target=\"_blank\">Inscreva-se no canal<\/a>.<\/strong><br><br><strong>J\u00e1 curtiu ou seguiu nossas p\u00e1ginas nas redes sociais?\u00a0Receba as not\u00edcias em primeira m\u00e3o:<\/strong><br>\u2022 <a rel=\"noreferrer noopener\" href=\"https:\/\/news.google.com\/publications\/CAAqBwgKMNjklQswi4etAw?hl=pt-BR&amp;gl=BR&amp;ceid=BR%3Apt-419\" target=\"_blank\">Google News<\/a><br>\u2022 <a rel=\"noreferrer noopener\" href=\"https:\/\/www.facebook.com\/aconteceunovale\/\" target=\"_blank\">Facebook<\/a><br>\u2022 <a rel=\"noreferrer noopener\" href=\"https:\/\/twitter.com\/noticiadosvales\" target=\"_blank\">Twitter<\/a><br>\u2022 <a rel=\"noreferrer noopener\" href=\"https:\/\/www.instagram.com\/aconteceunovale\" target=\"_blank\">Instagram<\/a><br>\u2022 <a rel=\"noreferrer noopener\" href=\"https:\/\/www.youtube.com\/AconteceunoValeOficial\" target=\"_blank\">Youtube<\/a><br>\u2022 <a rel=\"noreferrer noopener\" href=\"https:\/\/www.tiktok.com\/@aconteceunovale\" target=\"_blank\">TikTok<\/a><\/p>\n","protected":false},"excerpt":{"rendered":"<p>Ap\u00f3s 47 dias da propaganda eleitoral tomar as ruas do pa\u00eds, o prazo-limite para candidatos e partidos pol\u00edticos distribu\u00edrem material de campanha a fim de tentar conquistar o voto do eleitor termina \u00e0s 22 horas de hoje (1\u00ba). Segundo a legisla\u00e7\u00e3o, ap\u00f3s este hor\u00e1rio, configura crime eleitoral n\u00e3o s\u00f3 entregar, em m\u00e3os, qualquer material alusivo [&hellip;]<\/p>\n","protected":false},"author":4,"featured_media":190793,"comment_status":"open","ping_status":"closed","sticky":false,"template":"","format":"standard","meta":{"amp_status":"","footnotes":""},"categories":[6,249933],"tags":[117662,263627,263626,263625,263624,263628,718,252238,263623,261226,263682,263681,263546,263680],"class_list":["post-190792","post","type-post","status-publish","format-standard","has-post-thumbnail","hentry","category-br","category-eleicoes-2022","tag-crime-eleitoral","tag-eleicao-para-deputado-estadual-no-brasil","tag-eleicao-para-deputado-federal-no-brasil","tag-eleicao-para-governador-no-brasil","tag-eleicao-para-presidente-no-brasil","tag-eleicao-para-senador-no-brasil","tag-eleicoes","tag-eleicoes-2022","tag-eleicoes-2022-no-brasil","tag-eleicoes-no-brasil","tag-manifestacao-coletiva-no-dia-da-eleicao","tag-prazo-para-entrega-de-santinhos","tag-prazo-para-propaganda-eleitoral","tag-prazo-para-realizacao-de-propaganda-eleitoral-nas-ruas-termina-as-22h"],"yoast_head":"<!-- This site is optimized with the Yoast SEO plugin v28.3 - https:\/\/yoast.com\/product\/yoast-seo-wordpress\/ -->\n<title>Prazo para realiza\u00e7\u00e3o de propaganda eleitoral nas ruas termina \u00e0s 22h - Aconteceu no Vale<\/title>\n<meta name=\"robots\" content=\"index, follow, max-snippet:-1, max-image-preview:large, max-video-preview:-1\" \/>\n<link rel=\"canonical\" href=\"https:\/\/aconteceunovale.com.br\/portal\/?p=190792\" \/>\n<meta property=\"og:locale\" content=\"pt_BR\" \/>\n<meta property=\"og:type\" content=\"article\" \/>\n<meta property=\"og:title\" content=\"Prazo para realiza\u00e7\u00e3o de propaganda eleitoral nas ruas termina \u00e0s 22h - Aconteceu no Vale\" \/>\n<meta property=\"og:description\" content=\"Ap\u00f3s 47 dias da propaganda eleitoral tomar as ruas do pa\u00eds, o prazo-limite para candidatos e partidos pol\u00edticos distribu\u00edrem material de campanha a fim de tentar conquistar o voto do eleitor termina \u00e0s 22 horas de hoje (1\u00ba). Segundo a legisla\u00e7\u00e3o, ap\u00f3s este hor\u00e1rio, configura crime eleitoral n\u00e3o s\u00f3 entregar, em m\u00e3os, qualquer material alusivo [&hellip;]\" \/>\n<meta property=\"og:url\" content=\"https:\/\/aconteceunovale.com.br\/portal\/?p=190792\" \/>\n<meta property=\"og:site_name\" content=\"Aconteceu no Vale\" \/>\n<meta property=\"article:publisher\" content=\"https:\/\/www.facebook.com\/aconteceunovale\/\" \/>\n<meta property=\"article:published_time\" content=\"2022-10-01T21:20:00+00:00\" \/>\n<meta property=\"article:modified_time\" content=\"2022-10-02T00:26:04+00:00\" \/>\n<meta property=\"og:image\" content=\"https:\/\/aconteceunovale.com.br\/portal\/wp-content\/uploads\/2022\/10\/entrega_propaganda.jpg\" \/>\n\t<meta property=\"og:image:width\" content=\"678\" \/>\n\t<meta property=\"og:image:height\" content=\"406\" \/>\n\t<meta property=\"og:image:type\" content=\"image\/jpeg\" \/>\n<meta name=\"author\" content=\"Reda\u00e7\u00e3o Aconteceu no Vale\" \/>\n<meta name=\"twitter:card\" content=\"summary_large_image\" \/>\n<meta name=\"twitter:creator\" content=\"@noticiadosvales\" \/>\n<meta name=\"twitter:site\" content=\"@noticiadosvales\" \/>\n<meta name=\"twitter:label1\" content=\"Escrito por\" \/>\n\t<meta name=\"twitter:data1\" content=\"Reda\u00e7\u00e3o Aconteceu no Vale\" \/>\n\t<meta name=\"twitter:label2\" content=\"Est. tempo de leitura\" \/>\n\t<meta name=\"twitter:data2\" content=\"2 minutos\" \/>\n<script type=\"application\/ld+json\" class=\"yoast-schema-graph\">{\"@context\":\"https:\\\/\\\/schema.org\",\"@graph\":[{\"@type\":\"Article\",\"@id\":\"https:\\\/\\\/aconteceunovale.com.br\\\/portal\\\/?p=190792#article\",\"isPartOf\":{\"@id\":\"https:\\\/\\\/aconteceunovale.com.br\\\/portal\\\/?p=190792\"},\"author\":{\"name\":\"Reda\u00e7\u00e3o Aconteceu no Vale\",\"@id\":\"https:\\\/\\\/aconteceunovale.com.br\\\/portal\\\/#\\\/schema\\\/person\\\/7d2f26d1483f8a63de73da1ee0754d35\"},\"headline\":\"Prazo para realiza\u00e7\u00e3o de propaganda eleitoral nas ruas termina \u00e0s 22h\",\"datePublished\":\"2022-10-01T21:20:00+00:00\",\"dateModified\":\"2022-10-02T00:26:04+00:00\",\"mainEntityOfPage\":{\"@id\":\"https:\\\/\\\/aconteceunovale.com.br\\\/portal\\\/?p=190792\"},\"wordCount\":321,\"commentCount\":0,\"image\":{\"@id\":\"https:\\\/\\\/aconteceunovale.com.br\\\/portal\\\/?p=190792#primaryimage\"},\"thumbnailUrl\":\"https:\\\/\\\/aconteceunovale.com.br\\\/portal\\\/wp-content\\\/uploads\\\/2022\\\/10\\\/entrega_propaganda.jpg\",\"keywords\":[\"Crime eleitoral\",\"Elei\u00e7\u00e3o para deputado estadual no Brasil\",\"Elei\u00e7\u00e3o para deputado federal no Brasil\",\"Elei\u00e7\u00e3o para governador no Brasil\",\"Elei\u00e7\u00e3o para presidente no Brasil\",\"Elei\u00e7\u00e3o para Senador no Brasil\",\"Elei\u00e7\u00f5es\",\"Elei\u00e7\u00f5es 2022\",\"Elei\u00e7\u00f5es 2022 no Brasil\",\"Elei\u00e7\u00f5es no Brasil\",\"Manifesta\u00e7\u00e3o coletiva no dia da elei\u00e7\u00e3o\",\"Prazo para entrega de santinhos\",\"Prazo para propaganda eleitoral\",\"Prazo para realiza\u00e7\u00e3o de propaganda eleitoral nas ruas termina \u00e0s 22h\"],\"articleSection\":[\"Brasil\",\"Elei\u00e7\u00f5es 2022\"],\"inLanguage\":\"pt-BR\",\"potentialAction\":[{\"@type\":\"CommentAction\",\"name\":\"Comment\",\"target\":[\"https:\\\/\\\/aconteceunovale.com.br\\\/portal\\\/?p=190792#respond\"]}]},{\"@type\":\"WebPage\",\"@id\":\"https:\\\/\\\/aconteceunovale.com.br\\\/portal\\\/?p=190792\",\"url\":\"https:\\\/\\\/aconteceunovale.com.br\\\/portal\\\/?p=190792\",\"name\":\"Prazo para realiza\u00e7\u00e3o de propaganda eleitoral nas ruas termina \u00e0s 22h - Aconteceu no Vale\",\"isPartOf\":{\"@id\":\"https:\\\/\\\/aconteceunovale.com.br\\\/portal\\\/#website\"},\"primaryImageOfPage\":{\"@id\":\"https:\\\/\\\/aconteceunovale.com.br\\\/portal\\\/?p=190792#primaryimage\"},\"image\":{\"@id\":\"https:\\\/\\\/aconteceunovale.com.br\\\/portal\\\/?p=190792#primaryimage\"},\"thumbnailUrl\":\"https:\\\/\\\/aconteceunovale.com.br\\\/portal\\\/wp-content\\\/uploads\\\/2022\\\/10\\\/entrega_propaganda.jpg\",\"datePublished\":\"2022-10-01T21:20:00+00:00\",\"dateModified\":\"2022-10-02T00:26:04+00:00\",\"author\":{\"@id\":\"https:\\\/\\\/aconteceunovale.com.br\\\/portal\\\/#\\\/schema\\\/person\\\/7d2f26d1483f8a63de73da1ee0754d35\"},\"breadcrumb\":{\"@id\":\"https:\\\/\\\/aconteceunovale.com.br\\\/portal\\\/?p=190792#breadcrumb\"},\"inLanguage\":\"pt-BR\",\"potentialAction\":[{\"@type\":\"ReadAction\",\"target\":[\"https:\\\/\\\/aconteceunovale.com.br\\\/portal\\\/?p=190792\"]}]},{\"@type\":\"ImageObject\",\"inLanguage\":\"pt-BR\",\"@id\":\"https:\\\/\\\/aconteceunovale.com.br\\\/portal\\\/?p=190792#primaryimage\",\"url\":\"https:\\\/\\\/aconteceunovale.com.br\\\/portal\\\/wp-content\\\/uploads\\\/2022\\\/10\\\/entrega_propaganda.jpg\",\"contentUrl\":\"https:\\\/\\\/aconteceunovale.com.br\\\/portal\\\/wp-content\\\/uploads\\\/2022\\\/10\\\/entrega_propaganda.jpg\",\"width\":678,\"height\":406,\"caption\":\"Trabalhador informal distribui panfleto na Avenida Paulista.\"},{\"@type\":\"BreadcrumbList\",\"@id\":\"https:\\\/\\\/aconteceunovale.com.br\\\/portal\\\/?p=190792#breadcrumb\",\"itemListElement\":[{\"@type\":\"ListItem\",\"position\":1,\"name\":\"In\u00edcio\",\"item\":\"https:\\\/\\\/aconteceunovale.com.br\\\/portal\\\/\"},{\"@type\":\"ListItem\",\"position\":2,\"name\":\"Prazo para realiza\u00e7\u00e3o de propaganda eleitoral nas ruas termina \u00e0s 22h\"}]},{\"@type\":\"WebSite\",\"@id\":\"https:\\\/\\\/aconteceunovale.com.br\\\/portal\\\/#website\",\"url\":\"https:\\\/\\\/aconteceunovale.com.br\\\/portal\\\/\",\"name\":\"Aconteceu no Vale\",\"description\":\"Portal de Not\u00edcias\",\"potentialAction\":[{\"@type\":\"SearchAction\",\"target\":{\"@type\":\"EntryPoint\",\"urlTemplate\":\"https:\\\/\\\/aconteceunovale.com.br\\\/portal\\\/?s={search_term_string}\"},\"query-input\":{\"@type\":\"PropertyValueSpecification\",\"valueRequired\":true,\"valueName\":\"search_term_string\"}}],\"inLanguage\":\"pt-BR\"},{\"@type\":\"Person\",\"@id\":\"https:\\\/\\\/aconteceunovale.com.br\\\/portal\\\/#\\\/schema\\\/person\\\/7d2f26d1483f8a63de73da1ee0754d35\",\"name\":\"Reda\u00e7\u00e3o Aconteceu no Vale\",\"description\":\"Equipe de reportagem do Aconteceu no Vale, portal de not\u00edcias do Vale do Jequitinhonha, em Minas Gerais. Cobrimos as 51 cidades do Vale desde 2013. Sugest\u00f5es de pauta e pedidos de corre\u00e7\u00e3o: contato@aconteceunovale.com.br\",\"url\":\"https:\\\/\\\/aconteceunovale.com.br\\\/portal\\\/?author=4\"}]}<\/script>\n<!-- \/ Yoast SEO plugin. -->","yoast_head_json":{"title":"Prazo para realiza\u00e7\u00e3o de propaganda eleitoral nas ruas termina \u00e0s 22h - Aconteceu no Vale","robots":{"index":"index","follow":"follow","max-snippet":"max-snippet:-1","max-image-preview":"max-image-preview:large","max-video-preview":"max-video-preview:-1"},"canonical":"https:\/\/aconteceunovale.com.br\/portal\/?p=190792","og_locale":"pt_BR","og_type":"article","og_title":"Prazo para realiza\u00e7\u00e3o de propaganda eleitoral nas ruas termina \u00e0s 22h - Aconteceu no Vale","og_description":"Ap\u00f3s 47 dias da propaganda eleitoral tomar as ruas do pa\u00eds, o prazo-limite para candidatos e partidos pol\u00edticos distribu\u00edrem material de campanha a fim de tentar conquistar o voto do eleitor termina \u00e0s 22 horas de hoje (1\u00ba). Segundo a legisla\u00e7\u00e3o, ap\u00f3s este hor\u00e1rio, configura crime eleitoral n\u00e3o s\u00f3 entregar, em m\u00e3os, qualquer material alusivo [&hellip;]","og_url":"https:\/\/aconteceunovale.com.br\/portal\/?p=190792","og_site_name":"Aconteceu no Vale","article_publisher":"https:\/\/www.facebook.com\/aconteceunovale\/","article_published_time":"2022-10-01T21:20:00+00:00","article_modified_time":"2022-10-02T00:26:04+00:00","og_image":[{"width":678,"height":406,"url":"https:\/\/aconteceunovale.com.br\/portal\/wp-content\/uploads\/2022\/10\/entrega_propaganda.jpg","type":"image\/jpeg"}],"author":"Reda\u00e7\u00e3o Aconteceu no Vale","twitter_card":"summary_large_image","twitter_creator":"@noticiadosvales","twitter_site":"@noticiadosvales","twitter_misc":{"Escrito por":"Reda\u00e7\u00e3o Aconteceu no Vale","Est. tempo de leitura":"2 minutos"},"schema":{"@context":"https:\/\/schema.org","@graph":[{"@type":"Article","@id":"https:\/\/aconteceunovale.com.br\/portal\/?p=190792#article","isPartOf":{"@id":"https:\/\/aconteceunovale.com.br\/portal\/?p=190792"},"author":{"name":"Reda\u00e7\u00e3o Aconteceu no Vale","@id":"https:\/\/aconteceunovale.com.br\/portal\/#\/schema\/person\/7d2f26d1483f8a63de73da1ee0754d35"},"headline":"Prazo para realiza\u00e7\u00e3o de propaganda eleitoral nas ruas termina \u00e0s 22h","datePublished":"2022-10-01T21:20:00+00:00","dateModified":"2022-10-02T00:26:04+00:00","mainEntityOfPage":{"@id":"https:\/\/aconteceunovale.com.br\/portal\/?p=190792"},"wordCount":321,"commentCount":0,"image":{"@id":"https:\/\/aconteceunovale.com.br\/portal\/?p=190792#primaryimage"},"thumbnailUrl":"https:\/\/aconteceunovale.com.br\/portal\/wp-content\/uploads\/2022\/10\/entrega_propaganda.jpg","keywords":["Crime eleitoral","Elei\u00e7\u00e3o para deputado estadual no Brasil","Elei\u00e7\u00e3o para deputado federal no Brasil","Elei\u00e7\u00e3o para governador no Brasil","Elei\u00e7\u00e3o para presidente no Brasil","Elei\u00e7\u00e3o para Senador no Brasil","Elei\u00e7\u00f5es","Elei\u00e7\u00f5es 2022","Elei\u00e7\u00f5es 2022 no Brasil","Elei\u00e7\u00f5es no Brasil","Manifesta\u00e7\u00e3o coletiva no dia da elei\u00e7\u00e3o","Prazo para entrega de santinhos","Prazo para propaganda eleitoral","Prazo para realiza\u00e7\u00e3o de propaganda eleitoral nas ruas termina \u00e0s 22h"],"articleSection":["Brasil","Elei\u00e7\u00f5es 2022"],"inLanguage":"pt-BR","potentialAction":[{"@type":"CommentAction","name":"Comment","target":["https:\/\/aconteceunovale.com.br\/portal\/?p=190792#respond"]}]},{"@type":"WebPage","@id":"https:\/\/aconteceunovale.com.br\/portal\/?p=190792","url":"https:\/\/aconteceunovale.com.br\/portal\/?p=190792","name":"Prazo para realiza\u00e7\u00e3o de propaganda eleitoral nas ruas termina \u00e0s 22h - Aconteceu no Vale","isPartOf":{"@id":"https:\/\/aconteceunovale.com.br\/portal\/#website"},"primaryImageOfPage":{"@id":"https:\/\/aconteceunovale.com.br\/portal\/?p=190792#primaryimage"},"image":{"@id":"https:\/\/aconteceunovale.com.br\/portal\/?p=190792#primaryimage"},"thumbnailUrl":"https:\/\/aconteceunovale.com.br\/portal\/wp-content\/uploads\/2022\/10\/entrega_propaganda.jpg","datePublished":"2022-10-01T21:20:00+00:00","dateModified":"2022-10-02T00:26:04+00:00","author":{"@id":"https:\/\/aconteceunovale.com.br\/portal\/#\/schema\/person\/7d2f26d1483f8a63de73da1ee0754d35"},"breadcrumb":{"@id":"https:\/\/aconteceunovale.com.br\/portal\/?p=190792#breadcrumb"},"inLanguage":"pt-BR","potentialAction":[{"@type":"ReadAction","target":["https:\/\/aconteceunovale.com.br\/portal\/?p=190792"]}]},{"@type":"ImageObject","inLanguage":"pt-BR","@id":"https:\/\/aconteceunovale.com.br\/portal\/?p=190792#primaryimage","url":"https:\/\/aconteceunovale.com.br\/portal\/wp-content\/uploads\/2022\/10\/entrega_propaganda.jpg","contentUrl":"https:\/\/aconteceunovale.com.br\/portal\/wp-content\/uploads\/2022\/10\/entrega_propaganda.jpg","width":678,"height":406,"caption":"Trabalhador informal distribui panfleto na Avenida Paulista."},{"@type":"BreadcrumbList","@id":"https:\/\/aconteceunovale.com.br\/portal\/?p=190792#breadcrumb","itemListElement":[{"@type":"ListItem","position":1,"name":"In\u00edcio","item":"https:\/\/aconteceunovale.com.br\/portal\/"},{"@type":"ListItem","position":2,"name":"Prazo para realiza\u00e7\u00e3o de propaganda eleitoral nas ruas termina \u00e0s 22h"}]},{"@type":"WebSite","@id":"https:\/\/aconteceunovale.com.br\/portal\/#website","url":"https:\/\/aconteceunovale.com.br\/portal\/","name":"Aconteceu no Vale","description":"Portal de Not\u00edcias","potentialAction":[{"@type":"SearchAction","target":{"@type":"EntryPoint","urlTemplate":"https:\/\/aconteceunovale.com.br\/portal\/?s={search_term_string}"},"query-input":{"@type":"PropertyValueSpecification","valueRequired":true,"valueName":"search_term_string"}}],"inLanguage":"pt-BR"},{"@type":"Person","@id":"https:\/\/aconteceunovale.com.br\/portal\/#\/schema\/person\/7d2f26d1483f8a63de73da1ee0754d35","name":"Reda\u00e7\u00e3o Aconteceu no Vale","description":"Equipe de reportagem do Aconteceu no Vale, portal de not\u00edcias do Vale do Jequitinhonha, em Minas Gerais. Cobrimos as 51 cidades do Vale desde 2013. Sugest\u00f5es de pauta e pedidos de corre\u00e7\u00e3o: contato@aconteceunovale.com.br","url":"https:\/\/aconteceunovale.com.br\/portal\/?author=4"}]}},"_links":{"self":[{"href":"https:\/\/aconteceunovale.com.br\/portal\/index.php?rest_route=\/wp\/v2\/posts\/190792","targetHints":{"allow":["GET"]}}],"collection":[{"href":"https:\/\/aconteceunovale.com.br\/portal\/index.php?rest_route=\/wp\/v2\/posts"}],"about":[{"href":"https:\/\/aconteceunovale.com.br\/portal\/index.php?rest_route=\/wp\/v2\/types\/post"}],"author":[{"embeddable":true,"href":"https:\/\/aconteceunovale.com.br\/portal\/index.php?rest_route=\/wp\/v2\/users\/4"}],"replies":[{"embeddable":true,"href":"https:\/\/aconteceunovale.com.br\/portal\/index.php?rest_route=%2Fwp%2Fv2%2Fcomments&post=190792"}],"version-history":[{"count":1,"href":"https:\/\/aconteceunovale.com.br\/portal\/index.php?rest_route=\/wp\/v2\/posts\/190792\/revisions"}],"predecessor-version":[{"id":190794,"href":"https:\/\/aconteceunovale.com.br\/portal\/index.php?rest_route=\/wp\/v2\/posts\/190792\/revisions\/190794"}],"wp:featuredmedia":[{"embeddable":true,"href":"https:\/\/aconteceunovale.com.br\/portal\/index.php?rest_route=\/wp\/v2\/media\/190793"}],"wp:attachment":[{"href":"https:\/\/aconteceunovale.com.br\/portal\/index.php?rest_route=%2Fwp%2Fv2%2Fmedia&parent=190792"}],"wp:term":[{"taxonomy":"category","embeddable":true,"href":"https:\/\/aconteceunovale.com.br\/portal\/index.php?rest_route=%2Fwp%2Fv2%2Fcategories&post=190792"},{"taxonomy":"post_tag","embeddable":true,"href":"https:\/\/aconteceunovale.com.br\/portal\/index.php?rest_route=%2Fwp%2Fv2%2Ftags&post=190792"}],"curies":[{"name":"wp","href":"https:\/\/api.w.org\/{rel}","templated":true}]}}