{"id":19075,"date":"2014-01-22T15:16:59","date_gmt":"2014-01-22T17:16:59","guid":{"rendered":"http:\/\/aconteceunovale.com.br\/portal\/?p=19075"},"modified":"2014-01-22T15:16:59","modified_gmt":"2014-01-22T17:16:59","slug":"pela-terceira-vez-manifestantes-param-onibus-no-centro-de-governador-valadares","status":"publish","type":"post","link":"https:\/\/aconteceunovale.com.br\/portal\/?p=19075","title":{"rendered":"Pela terceira vez, manifestantes param \u00f4nibus no Centro de Governador Valadares"},"content":{"rendered":"<p>Um grupo de manifestantes parou quase todos os \u00f4nibus do trasporte coletivo urbano no Centro de Governador Valadares, no Leste de Minas Gerais, na tarde dessa ter\u00e7a-feira (21\/01). A a\u00e7\u00e3o \u00e9 em protesto contra o aumento no valor da passagem, que subiu de R$ 2,20 para R$ 2,60.<\/p>\n<p><img decoding=\"async\" src=\"http:\/\/aconteceunovale.com.br\/portal\/wp-content\/uploads\/2014\/01\/terceiro_protesto_bus_gvv.jpg\" alt=\"\" \/><br \/>\n<em>Jovens impediram a passagem dos \u00f4nibus na rua B\u00e1rbara Heliodora nessa ter\u00e7a-feira (21\/01) (Foto: Maria Freitas)<\/em><\/p>\n<p>Esse foi o terceiro dia de manifesta\u00e7\u00f5es em Governador Valadares. Na sexta-feira (17\/01) e na segunda-feira (20\/01), eles pararam os \u00f4nibus nas ruas Marechal Floriano e B\u00e1rbara Heliodora, por onde passam as principais linhas do transporte coletivo da cidade.<\/p>\n<p>Os manifestantes pedem que o reajuste de R$ 0,40 no valor da passagem, que entrou em vigor na segunda-feira (20\/01), seja cancelado. Na ter\u00e7a-feira, os protestos come\u00e7aram  por volta das 13h, nas ruas Israel Pinheiro, no bairro de Lourdes, e Marechal Floriano no Centro. Depois disso, alguns dos manifestantes foram para a rua B\u00e1rbara Heliodora.<\/p>\n<p>Muitos moradores da cidade apoiam os protestos. &#8220;Acho que a passagem est\u00e1 um absurdo e que o povo tem que protestar mesmo, mas da\u00ed parar os \u00f4nibus eu j\u00e1 n\u00e3o concordo, pois acaba atrapalhando a vida de todos que dependem dele&#8221;, opina a secret\u00e1ria Mariana Almeida.<\/p>\n<p>Nos dias de manifesta\u00e7\u00e3o, os moradores de Governador Valadares tiveram tomar medidas alternativas para poder voltar para casa. Alguns deles voltaram para a casa a p\u00e9, de motot\u00e1xi ou de t\u00e1xi, j\u00e1 outros preferiram esperar que os manifestantes liberassem a passagem dos \u00f4nibus, que s\u00f3 voltaram a circular \u00e0s 19h, na ter\u00e7a-feira (19\/01).<\/p>\n<p>Mariana conta que teve que pegar dinheiro emprestado para pagar um motot\u00e1xi e ir embora para a casa, que fica no Conjunto Sir. &#8220;Eles [os mototaxistas] est\u00e3o cobrando um absurdo pela corrida, em um dia normal eu pagaria R$ 7, por causa das manifesta\u00e7\u00f5es eles est\u00e3o cobrando R$ 10&#8221;.<\/p>\n<p><em><strong>(Fonte: Inter TV dos Vales)<\/strong><\/em><\/p>\n","protected":false},"excerpt":{"rendered":"<p>Um grupo de manifestantes parou quase todos os \u00f4nibus do trasporte coletivo urbano no Centro de Governador Valadares, no Leste de Minas Gerais, na tarde dessa ter\u00e7a-feira (21\/01). A a\u00e7\u00e3o \u00e9 em protesto contra o aumento no valor da passagem, que subiu de R$ 2,20 para R$ 2,60. Jovens impediram a passagem dos \u00f4nibus na [&hellip;]<\/p>\n","protected":false},"author":1,"featured_media":19076,"comment_status":"open","ping_status":"closed","sticky":false,"template":"","format":"standard","meta":{"amp_status":"","footnotes":""},"categories":[121],"tags":[247,3324,3325],"class_list":["post-19075","post","type-post","status-publish","format-standard","has-post-thumbnail","hentry","category-leste","tag-governador-valadares","tag-pela-terceira-vez-manifestantes-param-onibus-no-centro-de-valadares","tag-protesto-contra-aumento-de-passagem-em-governador-valadares"],"_links":{"self":[{"href":"https:\/\/aconteceunovale.com.br\/portal\/index.php?rest_route=\/wp\/v2\/posts\/19075","targetHints":{"allow":["GET"]}}],"collection":[{"href":"https:\/\/aconteceunovale.com.br\/portal\/index.php?rest_route=\/wp\/v2\/posts"}],"about":[{"href":"https:\/\/aconteceunovale.com.br\/portal\/index.php?rest_route=\/wp\/v2\/types\/post"}],"author":[{"embeddable":true,"href":"https:\/\/aconteceunovale.com.br\/portal\/index.php?rest_route=\/wp\/v2\/users\/1"}],"replies":[{"embeddable":true,"href":"https:\/\/aconteceunovale.com.br\/portal\/index.php?rest_route=%2Fwp%2Fv2%2Fcomments&post=19075"}],"version-history":[{"count":0,"href":"https:\/\/aconteceunovale.com.br\/portal\/index.php?rest_route=\/wp\/v2\/posts\/19075\/revisions"}],"wp:featuredmedia":[{"embeddable":true,"href":"https:\/\/aconteceunovale.com.br\/portal\/index.php?rest_route=\/wp\/v2\/media\/19076"}],"wp:attachment":[{"href":"https:\/\/aconteceunovale.com.br\/portal\/index.php?rest_route=%2Fwp%2Fv2%2Fmedia&parent=19075"}],"wp:term":[{"taxonomy":"category","embeddable":true,"href":"https:\/\/aconteceunovale.com.br\/portal\/index.php?rest_route=%2Fwp%2Fv2%2Fcategories&post=19075"},{"taxonomy":"post_tag","embeddable":true,"href":"https:\/\/aconteceunovale.com.br\/portal\/index.php?rest_route=%2Fwp%2Fv2%2Ftags&post=19075"}],"curies":[{"name":"wp","href":"https:\/\/api.w.org\/{rel}","templated":true}]}}