{"id":190734,"date":"2022-09-29T14:49:20","date_gmt":"2022-09-29T17:49:20","guid":{"rendered":"https:\/\/aconteceunovale.com.br\/portal\/?p=190734"},"modified":"2022-09-29T14:50:02","modified_gmt":"2022-09-29T17:50:02","slug":"tse-proibe-transporte-de-arma-por-cacs-antes-durante-e-apos-eleicoes","status":"publish","type":"post","link":"https:\/\/aconteceunovale.com.br\/portal\/?p=190734","title":{"rendered":"TSE pro\u00edbe transporte de arma por CAC&#8217;s antes, durante e ap\u00f3s elei\u00e7\u00f5es"},"content":{"rendered":"\n<p class=\"wp-block-paragraph\">O plen\u00e1rio do Tribunal Superior Eleitoral (TSE) decidiu\u00a0hoje\u00a0(29), por unanimidade, proibir o transporte de armas e muni\u00e7\u00f5es por colecionadores, atiradores e ca\u00e7adores (CAC\u2019s) no dia das elei\u00e7\u00f5es, bem como nos dias\u00a0anterior e posterior \u00e0 vota\u00e7\u00e3o.<\/p>\n\n\n\n<p class=\"wp-block-paragraph\">A proibi\u00e7\u00e3o foi acrescentada \u00e0 resolu\u00e7\u00e3o que trata das disposi\u00e7\u00f5es gerais sobre as Elei\u00e7\u00f5es 2022. \u201cA medida tem por objetivo proteger o exerc\u00edcio do voto de toda e qualquer amea\u00e7a, concreta ou potencial. Al\u00e9m disso busca prevenir confrontos armados derivados da viol\u00eancia pol\u00edtica\u201d, disse o TSE, em nota, logo ap\u00f3s a decis\u00e3o.<\/p>\n\n\n\n<p class=\"wp-block-paragraph\">Pelo texto aprovado, \u201co descumprimento da referida proibi\u00e7\u00e3o acarretar\u00e1 a pris\u00e3o em flagrante por porte ilegal de arma sem preju\u00edzo do crime eleitoral correspondente\u201d. A medida se baseia no poder de pol\u00edcia da Justi\u00e7a Eleitoral, diz a decis\u00e3o do plen\u00e1rio do TSE.<\/p>\n\n\n\n<p class=\"wp-block-paragraph\">Em seu voto, que foi seguido pelos demais ministros sem observa\u00e7\u00f5es, Moraes ressaltou a exist\u00eancia de decreto presidencial que permite aos CAC\u2019s o transporte de armas e muni\u00e7\u00f5es quando se dirigem a clubes de tiro, o que na pr\u00e1tica autoriza o porte das armas, motivo pelo qual se faz necess\u00e1ria a atua\u00e7\u00e3o do TSE, frisou o ministro.&nbsp;<\/p>\n\n\n\n<p class=\"wp-block-paragraph\">\u201cNo dia da elei\u00e7\u00e3o, no dia posterior e no dia anterior da elei\u00e7\u00e3o, principalmente pela grande aglomera\u00e7\u00e3o de pessoas, n\u00e3o se justifica essa verdadeira licen\u00e7a geral, esse verdadeiro&nbsp;<em>habeas corpus<\/em>&nbsp;preventivo, para que as pessoas possam transportar armas\u201d, disse o presidente do TSE.<\/p>\n\n\n\n<p class=\"wp-block-paragraph\">Em\u00a030 de agosto, o plen\u00e1rio do TSE j\u00e1 havia decidido proibir o porte de armas num raio de 100 metros das se\u00e7\u00f5es eleitorais. De acordo com Moraes, em\u00a0reuni\u00e3o com os 27 chefes de Pol\u00edcia Civil dos estados e do Distrito Federal, foi feito o\u00a0pedido para que clubes de tiro fossem fechados no dia da elei\u00e7\u00e3o, evitando assim a circula\u00e7\u00e3o de armas autorizada pelo decreto.\u00a0<\/p>\n\n\n\n<p class=\"wp-block-paragraph\">Em vez de fechar os clubes de tiro, Moraes decidiu propor a restri\u00e7\u00e3o ao transporte de armas pelos CAC\u2019s, o que foi aceito pelos demais ministros do TSE.<\/p>\n\n\n\n<p class=\"wp-block-paragraph\">&#8212;&#8212;&#8212;&#8212;&#8212;&#8212;<br><br><strong>Sabia que o Aconteceu no Vale est\u00e1 tamb\u00e9m no Telegram? <a rel=\"noreferrer noopener\" href=\"https:\/\/t.me\/aconteceunovaleoficial\" target=\"_blank\">Inscreva-se no canal<\/a>.<\/strong><br><br><strong>J\u00e1 curtiu ou seguiu nossas p\u00e1ginas nas redes sociais?\u00a0Receba as not\u00edcias em primeira m\u00e3o:<\/strong><br>\u2022 <a rel=\"noreferrer noopener\" href=\"https:\/\/news.google.com\/publications\/CAAqBwgKMNjklQswi4etAw?hl=pt-BR&amp;gl=BR&amp;ceid=BR%3Apt-419\" target=\"_blank\">Google News<\/a><br>\u2022 <a rel=\"noreferrer noopener\" href=\"https:\/\/www.facebook.com\/aconteceunovale\/\" target=\"_blank\">Facebook<\/a><br>\u2022 <a rel=\"noreferrer noopener\" href=\"https:\/\/twitter.com\/noticiadosvales\" target=\"_blank\">Twitter<\/a><br>\u2022 <a rel=\"noreferrer noopener\" href=\"https:\/\/www.instagram.com\/aconteceunovale\" target=\"_blank\">Instagram<\/a><br>\u2022 <a rel=\"noreferrer noopener\" href=\"https:\/\/www.youtube.com\/AconteceunoValeOficial\" target=\"_blank\">Youtube<\/a><br>\u2022 <a rel=\"noreferrer noopener\" href=\"https:\/\/www.tiktok.com\/@aconteceunovale\" target=\"_blank\">TikTok<\/a><\/p>\n","protected":false},"excerpt":{"rendered":"<p>O plen\u00e1rio do Tribunal Superior Eleitoral (TSE) decidiu\u00a0hoje\u00a0(29), por unanimidade, proibir o transporte de armas e muni\u00e7\u00f5es por colecionadores, atiradores e ca\u00e7adores (CAC\u2019s) no dia das elei\u00e7\u00f5es, bem como nos dias\u00a0anterior e posterior \u00e0 vota\u00e7\u00e3o. A proibi\u00e7\u00e3o foi acrescentada \u00e0 resolu\u00e7\u00e3o que trata das disposi\u00e7\u00f5es gerais sobre as Elei\u00e7\u00f5es 2022. \u201cA medida tem por objetivo [&hellip;]<\/p>\n","protected":false},"author":4,"featured_media":170729,"comment_status":"open","ping_status":"closed","sticky":false,"template":"","format":"standard","meta":{"amp_status":"","footnotes":""},"categories":[6,249933],"tags":[1018,252238,17165,263576,94060,267,263575],"class_list":["post-190734","post","type-post","status-publish","format-standard","has-post-thumbnail","hentry","category-br","category-eleicoes-2022","tag-destaque","tag-eleicoes-2022","tag-justica-eleitoral","tag-transporte-de-arma-no-dia-da-eleicao","tag-tribunal-superior-eleitoral","tag-tse","tag-uso-de-armas-no-dia-da-eleicao"],"yoast_head":"<!-- This site is optimized with the Yoast SEO plugin v28.3 - https:\/\/yoast.com\/product\/yoast-seo-wordpress\/ -->\n<title>TSE pro\u00edbe transporte de arma por CAC&#039;s antes, durante e ap\u00f3s elei\u00e7\u00f5es - Aconteceu no Vale<\/title>\n<meta name=\"robots\" content=\"index, follow, max-snippet:-1, max-image-preview:large, max-video-preview:-1\" \/>\n<link rel=\"canonical\" href=\"https:\/\/aconteceunovale.com.br\/portal\/?p=190734\" \/>\n<meta property=\"og:locale\" content=\"pt_BR\" \/>\n<meta property=\"og:type\" content=\"article\" \/>\n<meta property=\"og:title\" content=\"TSE pro\u00edbe transporte de arma por CAC&#039;s antes, durante e ap\u00f3s elei\u00e7\u00f5es - Aconteceu no Vale\" \/>\n<meta property=\"og:description\" content=\"O plen\u00e1rio do Tribunal Superior Eleitoral (TSE) decidiu\u00a0hoje\u00a0(29), por unanimidade, proibir o transporte de armas e muni\u00e7\u00f5es por colecionadores, atiradores e ca\u00e7adores (CAC\u2019s) no dia das elei\u00e7\u00f5es, bem como nos dias\u00a0anterior e posterior \u00e0 vota\u00e7\u00e3o. A proibi\u00e7\u00e3o foi acrescentada \u00e0 resolu\u00e7\u00e3o que trata das disposi\u00e7\u00f5es gerais sobre as Elei\u00e7\u00f5es 2022. \u201cA medida tem por objetivo [&hellip;]\" \/>\n<meta property=\"og:url\" content=\"https:\/\/aconteceunovale.com.br\/portal\/?p=190734\" \/>\n<meta property=\"og:site_name\" content=\"Aconteceu no Vale\" \/>\n<meta property=\"article:publisher\" content=\"https:\/\/www.facebook.com\/aconteceunovale\/\" \/>\n<meta property=\"article:published_time\" content=\"2022-09-29T17:49:20+00:00\" \/>\n<meta property=\"article:modified_time\" content=\"2022-09-29T17:50:02+00:00\" \/>\n<meta property=\"og:image\" content=\"https:\/\/aconteceunovale.com.br\/portal\/wp-content\/uploads\/2020\/12\/tse_logo.jpg\" \/>\n\t<meta property=\"og:image:width\" content=\"678\" \/>\n\t<meta property=\"og:image:height\" content=\"406\" \/>\n\t<meta property=\"og:image:type\" content=\"image\/jpeg\" \/>\n<meta name=\"author\" content=\"Reda\u00e7\u00e3o Aconteceu no Vale\" \/>\n<meta name=\"twitter:card\" content=\"summary_large_image\" \/>\n<meta name=\"twitter:creator\" content=\"@noticiadosvales\" \/>\n<meta name=\"twitter:site\" content=\"@noticiadosvales\" \/>\n<meta name=\"twitter:label1\" content=\"Escrito por\" \/>\n\t<meta name=\"twitter:data1\" content=\"Reda\u00e7\u00e3o Aconteceu no Vale\" \/>\n\t<meta name=\"twitter:label2\" content=\"Est. tempo de leitura\" \/>\n\t<meta name=\"twitter:data2\" content=\"2 minutos\" \/>\n<script type=\"application\/ld+json\" class=\"yoast-schema-graph\">{\"@context\":\"https:\\\/\\\/schema.org\",\"@graph\":[{\"@type\":\"Article\",\"@id\":\"https:\\\/\\\/aconteceunovale.com.br\\\/portal\\\/?p=190734#article\",\"isPartOf\":{\"@id\":\"https:\\\/\\\/aconteceunovale.com.br\\\/portal\\\/?p=190734\"},\"author\":{\"name\":\"Reda\u00e7\u00e3o Aconteceu no Vale\",\"@id\":\"https:\\\/\\\/aconteceunovale.com.br\\\/portal\\\/#\\\/schema\\\/person\\\/7d2f26d1483f8a63de73da1ee0754d35\"},\"headline\":\"TSE pro\u00edbe transporte de arma por CAC&#8217;s antes, durante e ap\u00f3s elei\u00e7\u00f5es\",\"datePublished\":\"2022-09-29T17:49:20+00:00\",\"dateModified\":\"2022-09-29T17:50:02+00:00\",\"mainEntityOfPage\":{\"@id\":\"https:\\\/\\\/aconteceunovale.com.br\\\/portal\\\/?p=190734\"},\"wordCount\":422,\"commentCount\":0,\"image\":{\"@id\":\"https:\\\/\\\/aconteceunovale.com.br\\\/portal\\\/?p=190734#primaryimage\"},\"thumbnailUrl\":\"https:\\\/\\\/aconteceunovale.com.br\\\/portal\\\/wp-content\\\/uploads\\\/2020\\\/12\\\/tse_logo.jpg\",\"keywords\":[\"destaque\",\"Elei\u00e7\u00f5es 2022\",\"Justi\u00e7a Eleitoral\",\"Transporte de arma no dia da elei\u00e7\u00e3o\",\"Tribunal Superior Eleitoral\",\"TSE\",\"Uso de armas no dia da elei\u00e7\u00e3o\"],\"articleSection\":[\"Brasil\",\"Elei\u00e7\u00f5es 2022\"],\"inLanguage\":\"pt-BR\",\"potentialAction\":[{\"@type\":\"CommentAction\",\"name\":\"Comment\",\"target\":[\"https:\\\/\\\/aconteceunovale.com.br\\\/portal\\\/?p=190734#respond\"]}]},{\"@type\":\"WebPage\",\"@id\":\"https:\\\/\\\/aconteceunovale.com.br\\\/portal\\\/?p=190734\",\"url\":\"https:\\\/\\\/aconteceunovale.com.br\\\/portal\\\/?p=190734\",\"name\":\"TSE pro\u00edbe transporte de arma por CAC's antes, durante e ap\u00f3s elei\u00e7\u00f5es - Aconteceu no Vale\",\"isPartOf\":{\"@id\":\"https:\\\/\\\/aconteceunovale.com.br\\\/portal\\\/#website\"},\"primaryImageOfPage\":{\"@id\":\"https:\\\/\\\/aconteceunovale.com.br\\\/portal\\\/?p=190734#primaryimage\"},\"image\":{\"@id\":\"https:\\\/\\\/aconteceunovale.com.br\\\/portal\\\/?p=190734#primaryimage\"},\"thumbnailUrl\":\"https:\\\/\\\/aconteceunovale.com.br\\\/portal\\\/wp-content\\\/uploads\\\/2020\\\/12\\\/tse_logo.jpg\",\"datePublished\":\"2022-09-29T17:49:20+00:00\",\"dateModified\":\"2022-09-29T17:50:02+00:00\",\"author\":{\"@id\":\"https:\\\/\\\/aconteceunovale.com.br\\\/portal\\\/#\\\/schema\\\/person\\\/7d2f26d1483f8a63de73da1ee0754d35\"},\"breadcrumb\":{\"@id\":\"https:\\\/\\\/aconteceunovale.com.br\\\/portal\\\/?p=190734#breadcrumb\"},\"inLanguage\":\"pt-BR\",\"potentialAction\":[{\"@type\":\"ReadAction\",\"target\":[\"https:\\\/\\\/aconteceunovale.com.br\\\/portal\\\/?p=190734\"]}]},{\"@type\":\"ImageObject\",\"inLanguage\":\"pt-BR\",\"@id\":\"https:\\\/\\\/aconteceunovale.com.br\\\/portal\\\/?p=190734#primaryimage\",\"url\":\"https:\\\/\\\/aconteceunovale.com.br\\\/portal\\\/wp-content\\\/uploads\\\/2020\\\/12\\\/tse_logo.jpg\",\"contentUrl\":\"https:\\\/\\\/aconteceunovale.com.br\\\/portal\\\/wp-content\\\/uploads\\\/2020\\\/12\\\/tse_logo.jpg\",\"width\":678,\"height\":406,\"caption\":\"Edif\u00edcio sede do Tribunal Superior Eleitoral (TSE).\"},{\"@type\":\"BreadcrumbList\",\"@id\":\"https:\\\/\\\/aconteceunovale.com.br\\\/portal\\\/?p=190734#breadcrumb\",\"itemListElement\":[{\"@type\":\"ListItem\",\"position\":1,\"name\":\"In\u00edcio\",\"item\":\"https:\\\/\\\/aconteceunovale.com.br\\\/portal\\\/\"},{\"@type\":\"ListItem\",\"position\":2,\"name\":\"TSE pro\u00edbe transporte de arma por CAC&#8217;s antes, durante e ap\u00f3s elei\u00e7\u00f5es\"}]},{\"@type\":\"WebSite\",\"@id\":\"https:\\\/\\\/aconteceunovale.com.br\\\/portal\\\/#website\",\"url\":\"https:\\\/\\\/aconteceunovale.com.br\\\/portal\\\/\",\"name\":\"Aconteceu no Vale\",\"description\":\"Portal de Not\u00edcias\",\"potentialAction\":[{\"@type\":\"SearchAction\",\"target\":{\"@type\":\"EntryPoint\",\"urlTemplate\":\"https:\\\/\\\/aconteceunovale.com.br\\\/portal\\\/?s={search_term_string}\"},\"query-input\":{\"@type\":\"PropertyValueSpecification\",\"valueRequired\":true,\"valueName\":\"search_term_string\"}}],\"inLanguage\":\"pt-BR\"},{\"@type\":\"Person\",\"@id\":\"https:\\\/\\\/aconteceunovale.com.br\\\/portal\\\/#\\\/schema\\\/person\\\/7d2f26d1483f8a63de73da1ee0754d35\",\"name\":\"Reda\u00e7\u00e3o Aconteceu no Vale\",\"description\":\"Equipe de reportagem do Aconteceu no Vale, portal de not\u00edcias do Vale do Jequitinhonha, em Minas Gerais. Cobrimos as 51 cidades do Vale desde 2013. Sugest\u00f5es de pauta e pedidos de corre\u00e7\u00e3o: contato@aconteceunovale.com.br\",\"url\":\"https:\\\/\\\/aconteceunovale.com.br\\\/portal\\\/?author=4\"}]}<\/script>\n<!-- \/ Yoast SEO plugin. -->","yoast_head_json":{"title":"TSE pro\u00edbe transporte de arma por CAC's antes, durante e ap\u00f3s elei\u00e7\u00f5es - Aconteceu no Vale","robots":{"index":"index","follow":"follow","max-snippet":"max-snippet:-1","max-image-preview":"max-image-preview:large","max-video-preview":"max-video-preview:-1"},"canonical":"https:\/\/aconteceunovale.com.br\/portal\/?p=190734","og_locale":"pt_BR","og_type":"article","og_title":"TSE pro\u00edbe transporte de arma por CAC's antes, durante e ap\u00f3s elei\u00e7\u00f5es - Aconteceu no Vale","og_description":"O plen\u00e1rio do Tribunal Superior Eleitoral (TSE) decidiu\u00a0hoje\u00a0(29), por unanimidade, proibir o transporte de armas e muni\u00e7\u00f5es por colecionadores, atiradores e ca\u00e7adores (CAC\u2019s) no dia das elei\u00e7\u00f5es, bem como nos dias\u00a0anterior e posterior \u00e0 vota\u00e7\u00e3o. A proibi\u00e7\u00e3o foi acrescentada \u00e0 resolu\u00e7\u00e3o que trata das disposi\u00e7\u00f5es gerais sobre as Elei\u00e7\u00f5es 2022. \u201cA medida tem por objetivo [&hellip;]","og_url":"https:\/\/aconteceunovale.com.br\/portal\/?p=190734","og_site_name":"Aconteceu no Vale","article_publisher":"https:\/\/www.facebook.com\/aconteceunovale\/","article_published_time":"2022-09-29T17:49:20+00:00","article_modified_time":"2022-09-29T17:50:02+00:00","og_image":[{"width":678,"height":406,"url":"https:\/\/aconteceunovale.com.br\/portal\/wp-content\/uploads\/2020\/12\/tse_logo.jpg","type":"image\/jpeg"}],"author":"Reda\u00e7\u00e3o Aconteceu no Vale","twitter_card":"summary_large_image","twitter_creator":"@noticiadosvales","twitter_site":"@noticiadosvales","twitter_misc":{"Escrito por":"Reda\u00e7\u00e3o Aconteceu no Vale","Est. tempo de leitura":"2 minutos"},"schema":{"@context":"https:\/\/schema.org","@graph":[{"@type":"Article","@id":"https:\/\/aconteceunovale.com.br\/portal\/?p=190734#article","isPartOf":{"@id":"https:\/\/aconteceunovale.com.br\/portal\/?p=190734"},"author":{"name":"Reda\u00e7\u00e3o Aconteceu no Vale","@id":"https:\/\/aconteceunovale.com.br\/portal\/#\/schema\/person\/7d2f26d1483f8a63de73da1ee0754d35"},"headline":"TSE pro\u00edbe transporte de arma por CAC&#8217;s antes, durante e ap\u00f3s elei\u00e7\u00f5es","datePublished":"2022-09-29T17:49:20+00:00","dateModified":"2022-09-29T17:50:02+00:00","mainEntityOfPage":{"@id":"https:\/\/aconteceunovale.com.br\/portal\/?p=190734"},"wordCount":422,"commentCount":0,"image":{"@id":"https:\/\/aconteceunovale.com.br\/portal\/?p=190734#primaryimage"},"thumbnailUrl":"https:\/\/aconteceunovale.com.br\/portal\/wp-content\/uploads\/2020\/12\/tse_logo.jpg","keywords":["destaque","Elei\u00e7\u00f5es 2022","Justi\u00e7a Eleitoral","Transporte de arma no dia da elei\u00e7\u00e3o","Tribunal Superior Eleitoral","TSE","Uso de armas no dia da elei\u00e7\u00e3o"],"articleSection":["Brasil","Elei\u00e7\u00f5es 2022"],"inLanguage":"pt-BR","potentialAction":[{"@type":"CommentAction","name":"Comment","target":["https:\/\/aconteceunovale.com.br\/portal\/?p=190734#respond"]}]},{"@type":"WebPage","@id":"https:\/\/aconteceunovale.com.br\/portal\/?p=190734","url":"https:\/\/aconteceunovale.com.br\/portal\/?p=190734","name":"TSE pro\u00edbe transporte de arma por CAC's antes, durante e ap\u00f3s elei\u00e7\u00f5es - Aconteceu no Vale","isPartOf":{"@id":"https:\/\/aconteceunovale.com.br\/portal\/#website"},"primaryImageOfPage":{"@id":"https:\/\/aconteceunovale.com.br\/portal\/?p=190734#primaryimage"},"image":{"@id":"https:\/\/aconteceunovale.com.br\/portal\/?p=190734#primaryimage"},"thumbnailUrl":"https:\/\/aconteceunovale.com.br\/portal\/wp-content\/uploads\/2020\/12\/tse_logo.jpg","datePublished":"2022-09-29T17:49:20+00:00","dateModified":"2022-09-29T17:50:02+00:00","author":{"@id":"https:\/\/aconteceunovale.com.br\/portal\/#\/schema\/person\/7d2f26d1483f8a63de73da1ee0754d35"},"breadcrumb":{"@id":"https:\/\/aconteceunovale.com.br\/portal\/?p=190734#breadcrumb"},"inLanguage":"pt-BR","potentialAction":[{"@type":"ReadAction","target":["https:\/\/aconteceunovale.com.br\/portal\/?p=190734"]}]},{"@type":"ImageObject","inLanguage":"pt-BR","@id":"https:\/\/aconteceunovale.com.br\/portal\/?p=190734#primaryimage","url":"https:\/\/aconteceunovale.com.br\/portal\/wp-content\/uploads\/2020\/12\/tse_logo.jpg","contentUrl":"https:\/\/aconteceunovale.com.br\/portal\/wp-content\/uploads\/2020\/12\/tse_logo.jpg","width":678,"height":406,"caption":"Edif\u00edcio sede do Tribunal Superior Eleitoral (TSE)."},{"@type":"BreadcrumbList","@id":"https:\/\/aconteceunovale.com.br\/portal\/?p=190734#breadcrumb","itemListElement":[{"@type":"ListItem","position":1,"name":"In\u00edcio","item":"https:\/\/aconteceunovale.com.br\/portal\/"},{"@type":"ListItem","position":2,"name":"TSE pro\u00edbe transporte de arma por CAC&#8217;s antes, durante e ap\u00f3s elei\u00e7\u00f5es"}]},{"@type":"WebSite","@id":"https:\/\/aconteceunovale.com.br\/portal\/#website","url":"https:\/\/aconteceunovale.com.br\/portal\/","name":"Aconteceu no Vale","description":"Portal de Not\u00edcias","potentialAction":[{"@type":"SearchAction","target":{"@type":"EntryPoint","urlTemplate":"https:\/\/aconteceunovale.com.br\/portal\/?s={search_term_string}"},"query-input":{"@type":"PropertyValueSpecification","valueRequired":true,"valueName":"search_term_string"}}],"inLanguage":"pt-BR"},{"@type":"Person","@id":"https:\/\/aconteceunovale.com.br\/portal\/#\/schema\/person\/7d2f26d1483f8a63de73da1ee0754d35","name":"Reda\u00e7\u00e3o Aconteceu no Vale","description":"Equipe de reportagem do Aconteceu no Vale, portal de not\u00edcias do Vale do Jequitinhonha, em Minas Gerais. Cobrimos as 51 cidades do Vale desde 2013. Sugest\u00f5es de pauta e pedidos de corre\u00e7\u00e3o: contato@aconteceunovale.com.br","url":"https:\/\/aconteceunovale.com.br\/portal\/?author=4"}]}},"_links":{"self":[{"href":"https:\/\/aconteceunovale.com.br\/portal\/index.php?rest_route=\/wp\/v2\/posts\/190734","targetHints":{"allow":["GET"]}}],"collection":[{"href":"https:\/\/aconteceunovale.com.br\/portal\/index.php?rest_route=\/wp\/v2\/posts"}],"about":[{"href":"https:\/\/aconteceunovale.com.br\/portal\/index.php?rest_route=\/wp\/v2\/types\/post"}],"author":[{"embeddable":true,"href":"https:\/\/aconteceunovale.com.br\/portal\/index.php?rest_route=\/wp\/v2\/users\/4"}],"replies":[{"embeddable":true,"href":"https:\/\/aconteceunovale.com.br\/portal\/index.php?rest_route=%2Fwp%2Fv2%2Fcomments&post=190734"}],"version-history":[{"count":1,"href":"https:\/\/aconteceunovale.com.br\/portal\/index.php?rest_route=\/wp\/v2\/posts\/190734\/revisions"}],"predecessor-version":[{"id":190735,"href":"https:\/\/aconteceunovale.com.br\/portal\/index.php?rest_route=\/wp\/v2\/posts\/190734\/revisions\/190735"}],"wp:featuredmedia":[{"embeddable":true,"href":"https:\/\/aconteceunovale.com.br\/portal\/index.php?rest_route=\/wp\/v2\/media\/170729"}],"wp:attachment":[{"href":"https:\/\/aconteceunovale.com.br\/portal\/index.php?rest_route=%2Fwp%2Fv2%2Fmedia&parent=190734"}],"wp:term":[{"taxonomy":"category","embeddable":true,"href":"https:\/\/aconteceunovale.com.br\/portal\/index.php?rest_route=%2Fwp%2Fv2%2Fcategories&post=190734"},{"taxonomy":"post_tag","embeddable":true,"href":"https:\/\/aconteceunovale.com.br\/portal\/index.php?rest_route=%2Fwp%2Fv2%2Ftags&post=190734"}],"curies":[{"name":"wp","href":"https:\/\/api.w.org\/{rel}","templated":true}]}}