{"id":19073,"date":"2014-01-22T15:13:38","date_gmt":"2014-01-22T17:13:38","guid":{"rendered":"http:\/\/aconteceunovale.com.br\/portal\/?p=19073"},"modified":"2014-01-22T15:13:38","modified_gmt":"2014-01-22T17:13:38","slug":"homem-de-37-anos-e-baleado-no-bairro-planalto-em-almenara","status":"publish","type":"post","link":"https:\/\/aconteceunovale.com.br\/portal\/?p=19073","title":{"rendered":"Homem de 37 anos \u00e9 baleado no bairro Planalto em Almenara"},"content":{"rendered":"<p>Um homem de 37 anos foi baleado na noite dessa ter\u00e7a-feira (21\/01) no bairro Planalto em Almenara, no Vale do Jequitinhonha, em Minas Gerais. Segundo informa\u00e7\u00f5es do Boletim de Ocorr\u00eancia, a v\u00edtima foi atingida por um disparo de arma de fogo no lado direito do peito.<\/p>\n<p>Ainda de acordo com o B.O, a v\u00edtima contou \u00e0 pol\u00edcia que estava perto de casa quando um homem de 25 anos se aproximou e atirou quatro vezes contra ele. Segundo a v\u00edtima, o autor o devia R$ 200.<\/p>\n<p>A v\u00edtima foi atingida por um dos tiros e encaminada para o Hospital Deralgo Guimar\u00e3es. O autor conseguiu fugir e at\u00e9 o momento n\u00e3o foi localizado. A pol\u00edcia suspeita que o crime pode ter sido motivado por causa de uma d\u00edvida de drogas.<\/p>\n<p><img decoding=\"async\" src=\"http:\/\/aconteceunovale.com.br\/portal\/wp-content\/uploads\/2013\/11\/tiros_ara.jpg\" alt=\"\" \/><\/p>\n","protected":false},"excerpt":{"rendered":"<p>Um homem de 37 anos foi baleado na noite dessa ter\u00e7a-feira (21\/01) no bairro Planalto em Almenara, no Vale do Jequitinhonha, em Minas Gerais. Segundo informa\u00e7\u00f5es do Boletim de Ocorr\u00eancia, a v\u00edtima foi atingida por um disparo de arma de fogo no lado direito do peito. Ainda de acordo com o B.O, a v\u00edtima contou [&hellip;]<\/p>\n","protected":false},"author":1,"featured_media":12845,"comment_status":"open","ping_status":"closed","sticky":false,"template":"","format":"standard","meta":{"amp_status":"","footnotes":""},"categories":[120],"tags":[142,3323],"class_list":["post-19073","post","type-post","status-publish","format-standard","has-post-thumbnail","hentry","category-jequi","tag-almenara","tag-homem-de-37-anos-e-baleado-no-bairro-planalto-em-almenara"],"_links":{"self":[{"href":"https:\/\/aconteceunovale.com.br\/portal\/index.php?rest_route=\/wp\/v2\/posts\/19073","targetHints":{"allow":["GET"]}}],"collection":[{"href":"https:\/\/aconteceunovale.com.br\/portal\/index.php?rest_route=\/wp\/v2\/posts"}],"about":[{"href":"https:\/\/aconteceunovale.com.br\/portal\/index.php?rest_route=\/wp\/v2\/types\/post"}],"author":[{"embeddable":true,"href":"https:\/\/aconteceunovale.com.br\/portal\/index.php?rest_route=\/wp\/v2\/users\/1"}],"replies":[{"embeddable":true,"href":"https:\/\/aconteceunovale.com.br\/portal\/index.php?rest_route=%2Fwp%2Fv2%2Fcomments&post=19073"}],"version-history":[{"count":0,"href":"https:\/\/aconteceunovale.com.br\/portal\/index.php?rest_route=\/wp\/v2\/posts\/19073\/revisions"}],"wp:featuredmedia":[{"embeddable":true,"href":"https:\/\/aconteceunovale.com.br\/portal\/index.php?rest_route=\/wp\/v2\/media\/12845"}],"wp:attachment":[{"href":"https:\/\/aconteceunovale.com.br\/portal\/index.php?rest_route=%2Fwp%2Fv2%2Fmedia&parent=19073"}],"wp:term":[{"taxonomy":"category","embeddable":true,"href":"https:\/\/aconteceunovale.com.br\/portal\/index.php?rest_route=%2Fwp%2Fv2%2Fcategories&post=19073"},{"taxonomy":"post_tag","embeddable":true,"href":"https:\/\/aconteceunovale.com.br\/portal\/index.php?rest_route=%2Fwp%2Fv2%2Ftags&post=19073"}],"curies":[{"name":"wp","href":"https:\/\/api.w.org\/{rel}","templated":true}]}}