{"id":190727,"date":"2022-09-29T11:19:53","date_gmt":"2022-09-29T14:19:53","guid":{"rendered":"https:\/\/aconteceunovale.com.br\/portal\/?p=190727"},"modified":"2022-09-29T11:20:33","modified_gmt":"2022-09-29T14:20:33","slug":"quatro-marcas-de-cafe-estao-proibidas-de-comercializar-seus-produtos-por-excesso-de-impurezas","status":"publish","type":"post","link":"https:\/\/aconteceunovale.com.br\/portal\/?p=190727","title":{"rendered":"Quatro marcas de caf\u00e9 est\u00e3o proibidas de comercializar seus produtos por excesso de impurezas"},"content":{"rendered":"\n<p class=\"wp-block-paragraph\">Quatro marcas de caf\u00e9 est\u00e3o proibidas de comercializar seus produtos, pelo menos, at\u00e9 que seja demonstrada, por meio de laudo produzido por \u00f3rg\u00e3o de vigil\u00e2ncia sanit\u00e1ria ou pelo Sindicaf\u00e9-MG, a aus\u00eancia de impurezas em sua constitui\u00e7\u00e3o, como milho, areia, cascas e paus, acima dos limites permitidos por lei. As decis\u00f5es liminares foram obtidas pelo Minist\u00e9rio P\u00fablico de Minas Gerais em A\u00e7\u00f5es Civis P\u00fablicas ajuizadas em Vi\u00e7osa, na Zona da Mata.\u00a0<\/p>\n\n\n\n<p class=\"wp-block-paragraph\">As decis\u00f5es atingem as empresas &#8220;Fartura &#8211; Tradicional&#8221;, &#8220;Da Feira &#8211; Extra Forte&#8221;, &#8220;Da ro\u00e7a&#8221; e \u201cVi\u00e7osense \u2013 Extra Forte\u201d, que devem comprovar a interrup\u00e7\u00e3o da comercializa\u00e7\u00e3o, no prazo de 10 dias. Al\u00e9m disso, a Justi\u00e7a estabeleceu a obriga\u00e7\u00e3o dos r\u00e9us de somente colocar no mercado de consumo produtos que estejam de acordo com as normas expedidas pelos \u00f3rg\u00e3os oficiais competentes, bem como de se absterem de introduzir ou permitir impurezas, acima dos limites, no caf\u00e9 produzido.&nbsp;<\/p>\n\n\n\n<p class=\"wp-block-paragraph\">Tamb\u00e9m foi determinada a apreens\u00e3o dos produtos fabricados e expostos \u00e0 venda nos estabelecimentos comerciais da comarca de Vi\u00e7osa, tendo em vista a responsabilidade solid\u00e1ria por v\u00edcio. A provid\u00eancia dever\u00e1 ser executada pela respectiva vigil\u00e2ncia sanit\u00e1ria local, que dar\u00e1 o devido descarte aos produtos impr\u00f3prios apreendidos.&nbsp;<\/p>\n\n\n\n<p class=\"wp-block-paragraph\">As a\u00e7\u00f5es foram ajuizadas pelo MPMG em fun\u00e7\u00e3o de an\u00e1lises, de mais de 1200 marcas de caf\u00e9 torrado e mo\u00eddo coletados no Estado de Minas Gerais, que demonstraram a exist\u00eancia de elevados \u00edndices de impurezas nos produtos das quatro empresas. Uma das empresas, por exemplo, apresentou em seu caf\u00e9 a presen\u00e7a de 1,83% de cascas e paus, de 7,90% de milho e 0,29% de areia, pedras e torr\u00f5es, em total desacordo com a legisla\u00e7\u00e3o que rege o setor e impr\u00f3prio para o consumo.&nbsp;<\/p>\n\n\n\n<p class=\"wp-block-paragraph\">O MPMG ainda requer, ao final do julgamento, que as empresas sejam condenadas a indenizar os danos morais coletivos.<\/p>\n\n\n\n<p class=\"wp-block-paragraph\">&#8212;&#8212;&#8212;&#8212;&#8212;&#8212;<br><br><strong>Sabia que o Aconteceu no Vale est\u00e1 tamb\u00e9m no Telegram? <a rel=\"noreferrer noopener\" href=\"https:\/\/t.me\/aconteceunovaleoficial\" target=\"_blank\">Inscreva-se no canal<\/a>.<\/strong><br><br><strong>J\u00e1 curtiu ou seguiu nossas p\u00e1ginas nas redes sociais?\u00a0Receba as not\u00edcias em primeira m\u00e3o:<\/strong><br>\u2022 <a rel=\"noreferrer noopener\" href=\"https:\/\/news.google.com\/publications\/CAAqBwgKMNjklQswi4etAw?hl=pt-BR&amp;gl=BR&amp;ceid=BR%3Apt-419\" target=\"_blank\">Google News<\/a><br>\u2022 <a rel=\"noreferrer noopener\" href=\"https:\/\/www.facebook.com\/aconteceunovale\/\" target=\"_blank\">Facebook<\/a><br>\u2022 <a rel=\"noreferrer noopener\" href=\"https:\/\/twitter.com\/noticiadosvales\" target=\"_blank\">Twitter<\/a><br>\u2022 <a rel=\"noreferrer noopener\" href=\"https:\/\/www.instagram.com\/aconteceunovale\" target=\"_blank\">Instagram<\/a><br>\u2022 <a rel=\"noreferrer noopener\" href=\"https:\/\/www.youtube.com\/AconteceunoValeOficial\" target=\"_blank\">Youtube<\/a><br>\u2022 <a rel=\"noreferrer noopener\" href=\"https:\/\/www.tiktok.com\/@aconteceunovale\" target=\"_blank\">TikTok<\/a><\/p>\n","protected":false},"excerpt":{"rendered":"<p>Quatro marcas de caf\u00e9 est\u00e3o proibidas de comercializar seus produtos, pelo menos, at\u00e9 que seja demonstrada, por meio de laudo produzido por \u00f3rg\u00e3o de vigil\u00e2ncia sanit\u00e1ria ou pelo Sindicaf\u00e9-MG, a aus\u00eancia de impurezas em sua constitui\u00e7\u00e3o, como milho, areia, cascas e paus, acima dos limites permitidos por lei. As decis\u00f5es liminares foram obtidas pelo Minist\u00e9rio [&hellip;]<\/p>\n","protected":false},"author":4,"featured_media":190728,"comment_status":"open","ping_status":"closed","sticky":false,"template":"","format":"standard","meta":{"amp_status":"","footnotes":""},"categories":[123],"tags":[263572,263570,263569,263571,18771],"class_list":["post-190727","post","type-post","status-publish","format-standard","has-post-thumbnail","hentry","category-gerais","tag-cafes-proibidos","tag-marcas-de-cafe-proibidas","tag-quatro-marcas-de-cafe-estao-proibidas-de-comercializar-seus-produtos-por-excesso-de-impurezas","tag-sindicafe-mg","tag-vicosa"],"yoast_head":"<!-- This site is optimized with the Yoast SEO plugin v28.3 - https:\/\/yoast.com\/product\/yoast-seo-wordpress\/ -->\n<title>Quatro marcas de caf\u00e9 est\u00e3o proibidas de comercializar seus produtos por excesso de impurezas - Aconteceu no Vale<\/title>\n<meta name=\"robots\" content=\"index, follow, max-snippet:-1, max-image-preview:large, max-video-preview:-1\" \/>\n<link rel=\"canonical\" href=\"https:\/\/aconteceunovale.com.br\/portal\/?p=190727\" \/>\n<meta property=\"og:locale\" content=\"pt_BR\" \/>\n<meta property=\"og:type\" content=\"article\" \/>\n<meta property=\"og:title\" content=\"Quatro marcas de caf\u00e9 est\u00e3o proibidas de comercializar seus produtos por excesso de impurezas - Aconteceu no Vale\" \/>\n<meta property=\"og:description\" content=\"Quatro marcas de caf\u00e9 est\u00e3o proibidas de comercializar seus produtos, pelo menos, at\u00e9 que seja demonstrada, por meio de laudo produzido por \u00f3rg\u00e3o de vigil\u00e2ncia sanit\u00e1ria ou pelo Sindicaf\u00e9-MG, a aus\u00eancia de impurezas em sua constitui\u00e7\u00e3o, como milho, areia, cascas e paus, acima dos limites permitidos por lei. As decis\u00f5es liminares foram obtidas pelo Minist\u00e9rio [&hellip;]\" \/>\n<meta property=\"og:url\" content=\"https:\/\/aconteceunovale.com.br\/portal\/?p=190727\" \/>\n<meta property=\"og:site_name\" content=\"Aconteceu no Vale\" \/>\n<meta property=\"article:publisher\" content=\"https:\/\/www.facebook.com\/aconteceunovale\/\" \/>\n<meta property=\"article:published_time\" content=\"2022-09-29T14:19:53+00:00\" \/>\n<meta property=\"article:modified_time\" content=\"2022-09-29T14:20:33+00:00\" \/>\n<meta property=\"og:image\" content=\"https:\/\/aconteceunovale.com.br\/portal\/wp-content\/uploads\/2022\/09\/cafe.jpg\" \/>\n\t<meta property=\"og:image:width\" content=\"650\" \/>\n\t<meta property=\"og:image:height\" content=\"433\" \/>\n\t<meta property=\"og:image:type\" content=\"image\/jpeg\" \/>\n<meta name=\"author\" content=\"Reda\u00e7\u00e3o Aconteceu no Vale\" \/>\n<meta name=\"twitter:card\" content=\"summary_large_image\" \/>\n<meta name=\"twitter:creator\" content=\"@noticiadosvales\" \/>\n<meta name=\"twitter:site\" content=\"@noticiadosvales\" \/>\n<meta name=\"twitter:label1\" content=\"Escrito por\" \/>\n\t<meta name=\"twitter:data1\" content=\"Reda\u00e7\u00e3o Aconteceu no Vale\" \/>\n\t<meta name=\"twitter:label2\" content=\"Est. tempo de leitura\" \/>\n\t<meta name=\"twitter:data2\" content=\"2 minutos\" \/>\n<script type=\"application\/ld+json\" class=\"yoast-schema-graph\">{\"@context\":\"https:\\\/\\\/schema.org\",\"@graph\":[{\"@type\":\"Article\",\"@id\":\"https:\\\/\\\/aconteceunovale.com.br\\\/portal\\\/?p=190727#article\",\"isPartOf\":{\"@id\":\"https:\\\/\\\/aconteceunovale.com.br\\\/portal\\\/?p=190727\"},\"author\":{\"name\":\"Reda\u00e7\u00e3o Aconteceu no Vale\",\"@id\":\"https:\\\/\\\/aconteceunovale.com.br\\\/portal\\\/#\\\/schema\\\/person\\\/7d2f26d1483f8a63de73da1ee0754d35\"},\"headline\":\"Quatro marcas de caf\u00e9 est\u00e3o proibidas de comercializar seus produtos por excesso de impurezas\",\"datePublished\":\"2022-09-29T14:19:53+00:00\",\"dateModified\":\"2022-09-29T14:20:33+00:00\",\"mainEntityOfPage\":{\"@id\":\"https:\\\/\\\/aconteceunovale.com.br\\\/portal\\\/?p=190727\"},\"wordCount\":387,\"commentCount\":0,\"image\":{\"@id\":\"https:\\\/\\\/aconteceunovale.com.br\\\/portal\\\/?p=190727#primaryimage\"},\"thumbnailUrl\":\"https:\\\/\\\/aconteceunovale.com.br\\\/portal\\\/wp-content\\\/uploads\\\/2022\\\/09\\\/cafe.jpg\",\"keywords\":[\"Caf\u00e9s proibidos\",\"Marcas de caf\u00e9 proibidas\",\"Quatro marcas de caf\u00e9 est\u00e3o proibidas de comercializar seus produtos por excesso de impurezas\",\"Sindicaf\u00e9-MG\",\"Vi\u00e7osa\"],\"articleSection\":[\"Minas Gerais\"],\"inLanguage\":\"pt-BR\",\"potentialAction\":[{\"@type\":\"CommentAction\",\"name\":\"Comment\",\"target\":[\"https:\\\/\\\/aconteceunovale.com.br\\\/portal\\\/?p=190727#respond\"]}]},{\"@type\":\"WebPage\",\"@id\":\"https:\\\/\\\/aconteceunovale.com.br\\\/portal\\\/?p=190727\",\"url\":\"https:\\\/\\\/aconteceunovale.com.br\\\/portal\\\/?p=190727\",\"name\":\"Quatro marcas de caf\u00e9 est\u00e3o proibidas de comercializar seus produtos por excesso de impurezas - Aconteceu no Vale\",\"isPartOf\":{\"@id\":\"https:\\\/\\\/aconteceunovale.com.br\\\/portal\\\/#website\"},\"primaryImageOfPage\":{\"@id\":\"https:\\\/\\\/aconteceunovale.com.br\\\/portal\\\/?p=190727#primaryimage\"},\"image\":{\"@id\":\"https:\\\/\\\/aconteceunovale.com.br\\\/portal\\\/?p=190727#primaryimage\"},\"thumbnailUrl\":\"https:\\\/\\\/aconteceunovale.com.br\\\/portal\\\/wp-content\\\/uploads\\\/2022\\\/09\\\/cafe.jpg\",\"datePublished\":\"2022-09-29T14:19:53+00:00\",\"dateModified\":\"2022-09-29T14:20:33+00:00\",\"author\":{\"@id\":\"https:\\\/\\\/aconteceunovale.com.br\\\/portal\\\/#\\\/schema\\\/person\\\/7d2f26d1483f8a63de73da1ee0754d35\"},\"breadcrumb\":{\"@id\":\"https:\\\/\\\/aconteceunovale.com.br\\\/portal\\\/?p=190727#breadcrumb\"},\"inLanguage\":\"pt-BR\",\"potentialAction\":[{\"@type\":\"ReadAction\",\"target\":[\"https:\\\/\\\/aconteceunovale.com.br\\\/portal\\\/?p=190727\"]}]},{\"@type\":\"ImageObject\",\"inLanguage\":\"pt-BR\",\"@id\":\"https:\\\/\\\/aconteceunovale.com.br\\\/portal\\\/?p=190727#primaryimage\",\"url\":\"https:\\\/\\\/aconteceunovale.com.br\\\/portal\\\/wp-content\\\/uploads\\\/2022\\\/09\\\/cafe.jpg\",\"contentUrl\":\"https:\\\/\\\/aconteceunovale.com.br\\\/portal\\\/wp-content\\\/uploads\\\/2022\\\/09\\\/cafe.jpg\",\"width\":650,\"height\":433},{\"@type\":\"BreadcrumbList\",\"@id\":\"https:\\\/\\\/aconteceunovale.com.br\\\/portal\\\/?p=190727#breadcrumb\",\"itemListElement\":[{\"@type\":\"ListItem\",\"position\":1,\"name\":\"In\u00edcio\",\"item\":\"https:\\\/\\\/aconteceunovale.com.br\\\/portal\\\/\"},{\"@type\":\"ListItem\",\"position\":2,\"name\":\"Quatro marcas de caf\u00e9 est\u00e3o proibidas de comercializar seus produtos por excesso de impurezas\"}]},{\"@type\":\"WebSite\",\"@id\":\"https:\\\/\\\/aconteceunovale.com.br\\\/portal\\\/#website\",\"url\":\"https:\\\/\\\/aconteceunovale.com.br\\\/portal\\\/\",\"name\":\"Aconteceu no Vale\",\"description\":\"Portal de Not\u00edcias\",\"potentialAction\":[{\"@type\":\"SearchAction\",\"target\":{\"@type\":\"EntryPoint\",\"urlTemplate\":\"https:\\\/\\\/aconteceunovale.com.br\\\/portal\\\/?s={search_term_string}\"},\"query-input\":{\"@type\":\"PropertyValueSpecification\",\"valueRequired\":true,\"valueName\":\"search_term_string\"}}],\"inLanguage\":\"pt-BR\"},{\"@type\":\"Person\",\"@id\":\"https:\\\/\\\/aconteceunovale.com.br\\\/portal\\\/#\\\/schema\\\/person\\\/7d2f26d1483f8a63de73da1ee0754d35\",\"name\":\"Reda\u00e7\u00e3o Aconteceu no Vale\",\"description\":\"Equipe de reportagem do Aconteceu no Vale, portal de not\u00edcias do Vale do Jequitinhonha, em Minas Gerais. Cobrimos as 51 cidades do Vale desde 2013. Sugest\u00f5es de pauta e pedidos de corre\u00e7\u00e3o: contato@aconteceunovale.com.br\",\"url\":\"https:\\\/\\\/aconteceunovale.com.br\\\/portal\\\/?author=4\"}]}<\/script>\n<!-- \/ Yoast SEO plugin. -->","yoast_head_json":{"title":"Quatro marcas de caf\u00e9 est\u00e3o proibidas de comercializar seus produtos por excesso de impurezas - Aconteceu no Vale","robots":{"index":"index","follow":"follow","max-snippet":"max-snippet:-1","max-image-preview":"max-image-preview:large","max-video-preview":"max-video-preview:-1"},"canonical":"https:\/\/aconteceunovale.com.br\/portal\/?p=190727","og_locale":"pt_BR","og_type":"article","og_title":"Quatro marcas de caf\u00e9 est\u00e3o proibidas de comercializar seus produtos por excesso de impurezas - Aconteceu no Vale","og_description":"Quatro marcas de caf\u00e9 est\u00e3o proibidas de comercializar seus produtos, pelo menos, at\u00e9 que seja demonstrada, por meio de laudo produzido por \u00f3rg\u00e3o de vigil\u00e2ncia sanit\u00e1ria ou pelo Sindicaf\u00e9-MG, a aus\u00eancia de impurezas em sua constitui\u00e7\u00e3o, como milho, areia, cascas e paus, acima dos limites permitidos por lei. As decis\u00f5es liminares foram obtidas pelo Minist\u00e9rio [&hellip;]","og_url":"https:\/\/aconteceunovale.com.br\/portal\/?p=190727","og_site_name":"Aconteceu no Vale","article_publisher":"https:\/\/www.facebook.com\/aconteceunovale\/","article_published_time":"2022-09-29T14:19:53+00:00","article_modified_time":"2022-09-29T14:20:33+00:00","og_image":[{"width":650,"height":433,"url":"https:\/\/aconteceunovale.com.br\/portal\/wp-content\/uploads\/2022\/09\/cafe.jpg","type":"image\/jpeg"}],"author":"Reda\u00e7\u00e3o Aconteceu no Vale","twitter_card":"summary_large_image","twitter_creator":"@noticiadosvales","twitter_site":"@noticiadosvales","twitter_misc":{"Escrito por":"Reda\u00e7\u00e3o Aconteceu no Vale","Est. tempo de leitura":"2 minutos"},"schema":{"@context":"https:\/\/schema.org","@graph":[{"@type":"Article","@id":"https:\/\/aconteceunovale.com.br\/portal\/?p=190727#article","isPartOf":{"@id":"https:\/\/aconteceunovale.com.br\/portal\/?p=190727"},"author":{"name":"Reda\u00e7\u00e3o Aconteceu no Vale","@id":"https:\/\/aconteceunovale.com.br\/portal\/#\/schema\/person\/7d2f26d1483f8a63de73da1ee0754d35"},"headline":"Quatro marcas de caf\u00e9 est\u00e3o proibidas de comercializar seus produtos por excesso de impurezas","datePublished":"2022-09-29T14:19:53+00:00","dateModified":"2022-09-29T14:20:33+00:00","mainEntityOfPage":{"@id":"https:\/\/aconteceunovale.com.br\/portal\/?p=190727"},"wordCount":387,"commentCount":0,"image":{"@id":"https:\/\/aconteceunovale.com.br\/portal\/?p=190727#primaryimage"},"thumbnailUrl":"https:\/\/aconteceunovale.com.br\/portal\/wp-content\/uploads\/2022\/09\/cafe.jpg","keywords":["Caf\u00e9s proibidos","Marcas de caf\u00e9 proibidas","Quatro marcas de caf\u00e9 est\u00e3o proibidas de comercializar seus produtos por excesso de impurezas","Sindicaf\u00e9-MG","Vi\u00e7osa"],"articleSection":["Minas Gerais"],"inLanguage":"pt-BR","potentialAction":[{"@type":"CommentAction","name":"Comment","target":["https:\/\/aconteceunovale.com.br\/portal\/?p=190727#respond"]}]},{"@type":"WebPage","@id":"https:\/\/aconteceunovale.com.br\/portal\/?p=190727","url":"https:\/\/aconteceunovale.com.br\/portal\/?p=190727","name":"Quatro marcas de caf\u00e9 est\u00e3o proibidas de comercializar seus produtos por excesso de impurezas - Aconteceu no Vale","isPartOf":{"@id":"https:\/\/aconteceunovale.com.br\/portal\/#website"},"primaryImageOfPage":{"@id":"https:\/\/aconteceunovale.com.br\/portal\/?p=190727#primaryimage"},"image":{"@id":"https:\/\/aconteceunovale.com.br\/portal\/?p=190727#primaryimage"},"thumbnailUrl":"https:\/\/aconteceunovale.com.br\/portal\/wp-content\/uploads\/2022\/09\/cafe.jpg","datePublished":"2022-09-29T14:19:53+00:00","dateModified":"2022-09-29T14:20:33+00:00","author":{"@id":"https:\/\/aconteceunovale.com.br\/portal\/#\/schema\/person\/7d2f26d1483f8a63de73da1ee0754d35"},"breadcrumb":{"@id":"https:\/\/aconteceunovale.com.br\/portal\/?p=190727#breadcrumb"},"inLanguage":"pt-BR","potentialAction":[{"@type":"ReadAction","target":["https:\/\/aconteceunovale.com.br\/portal\/?p=190727"]}]},{"@type":"ImageObject","inLanguage":"pt-BR","@id":"https:\/\/aconteceunovale.com.br\/portal\/?p=190727#primaryimage","url":"https:\/\/aconteceunovale.com.br\/portal\/wp-content\/uploads\/2022\/09\/cafe.jpg","contentUrl":"https:\/\/aconteceunovale.com.br\/portal\/wp-content\/uploads\/2022\/09\/cafe.jpg","width":650,"height":433},{"@type":"BreadcrumbList","@id":"https:\/\/aconteceunovale.com.br\/portal\/?p=190727#breadcrumb","itemListElement":[{"@type":"ListItem","position":1,"name":"In\u00edcio","item":"https:\/\/aconteceunovale.com.br\/portal\/"},{"@type":"ListItem","position":2,"name":"Quatro marcas de caf\u00e9 est\u00e3o proibidas de comercializar seus produtos por excesso de impurezas"}]},{"@type":"WebSite","@id":"https:\/\/aconteceunovale.com.br\/portal\/#website","url":"https:\/\/aconteceunovale.com.br\/portal\/","name":"Aconteceu no Vale","description":"Portal de Not\u00edcias","potentialAction":[{"@type":"SearchAction","target":{"@type":"EntryPoint","urlTemplate":"https:\/\/aconteceunovale.com.br\/portal\/?s={search_term_string}"},"query-input":{"@type":"PropertyValueSpecification","valueRequired":true,"valueName":"search_term_string"}}],"inLanguage":"pt-BR"},{"@type":"Person","@id":"https:\/\/aconteceunovale.com.br\/portal\/#\/schema\/person\/7d2f26d1483f8a63de73da1ee0754d35","name":"Reda\u00e7\u00e3o Aconteceu no Vale","description":"Equipe de reportagem do Aconteceu no Vale, portal de not\u00edcias do Vale do Jequitinhonha, em Minas Gerais. Cobrimos as 51 cidades do Vale desde 2013. Sugest\u00f5es de pauta e pedidos de corre\u00e7\u00e3o: contato@aconteceunovale.com.br","url":"https:\/\/aconteceunovale.com.br\/portal\/?author=4"}]}},"_links":{"self":[{"href":"https:\/\/aconteceunovale.com.br\/portal\/index.php?rest_route=\/wp\/v2\/posts\/190727","targetHints":{"allow":["GET"]}}],"collection":[{"href":"https:\/\/aconteceunovale.com.br\/portal\/index.php?rest_route=\/wp\/v2\/posts"}],"about":[{"href":"https:\/\/aconteceunovale.com.br\/portal\/index.php?rest_route=\/wp\/v2\/types\/post"}],"author":[{"embeddable":true,"href":"https:\/\/aconteceunovale.com.br\/portal\/index.php?rest_route=\/wp\/v2\/users\/4"}],"replies":[{"embeddable":true,"href":"https:\/\/aconteceunovale.com.br\/portal\/index.php?rest_route=%2Fwp%2Fv2%2Fcomments&post=190727"}],"version-history":[{"count":1,"href":"https:\/\/aconteceunovale.com.br\/portal\/index.php?rest_route=\/wp\/v2\/posts\/190727\/revisions"}],"predecessor-version":[{"id":190729,"href":"https:\/\/aconteceunovale.com.br\/portal\/index.php?rest_route=\/wp\/v2\/posts\/190727\/revisions\/190729"}],"wp:featuredmedia":[{"embeddable":true,"href":"https:\/\/aconteceunovale.com.br\/portal\/index.php?rest_route=\/wp\/v2\/media\/190728"}],"wp:attachment":[{"href":"https:\/\/aconteceunovale.com.br\/portal\/index.php?rest_route=%2Fwp%2Fv2%2Fmedia&parent=190727"}],"wp:term":[{"taxonomy":"category","embeddable":true,"href":"https:\/\/aconteceunovale.com.br\/portal\/index.php?rest_route=%2Fwp%2Fv2%2Fcategories&post=190727"},{"taxonomy":"post_tag","embeddable":true,"href":"https:\/\/aconteceunovale.com.br\/portal\/index.php?rest_route=%2Fwp%2Fv2%2Ftags&post=190727"}],"curies":[{"name":"wp","href":"https:\/\/api.w.org\/{rel}","templated":true}]}}