{"id":190712,"date":"2022-09-29T09:17:43","date_gmt":"2022-09-29T12:17:43","guid":{"rendered":"https:\/\/aconteceunovale.com.br\/portal\/?p=190712"},"modified":"2022-09-29T09:19:21","modified_gmt":"2022-09-29T12:19:21","slug":"saiba-para-quem-o-voto-e-obrigatorio-e-facultativo","status":"publish","type":"post","link":"https:\/\/aconteceunovale.com.br\/portal\/?p=190712","title":{"rendered":"Saiba para quem o voto \u00e9 obrigat\u00f3rio e facultativo"},"content":{"rendered":"\n<p class=\"wp-block-paragraph\">Mais de 156 milh\u00f5es de eleitores, segundo dados do Tribunal Superior Eleitoral (TSE), escolher\u00e3o, no pr\u00f3ximo\u00a0domingo\u00a0(2),\u00a0os nomes que v\u00e3o ocupar os cargos de presidente da Rep\u00fablica, governador, senador e deputado federal, estadual ou distrital.<\/p>\n\n\n\n<p class=\"wp-block-paragraph\">Voc\u00ea sabe para quem o voto \u00e9 obrigat\u00f3rio e quem pode optar por n\u00e3o votar? O par\u00e1grafo 1\u00ba do Artigo 14 da Constitui\u00e7\u00e3o estabelece duas categorias do eleitorado para as quais o voto \u00e9 obrigat\u00f3rio ou facultativo nas elei\u00e7\u00f5es. Conforme o dispositivo, o alistamento eleitoral e o voto s\u00e3o obrigat\u00f3rios para os eleitores maiores de 18 anos, sendo facultativo para os analfabetos e os maiores de 70 anos, bem como para os maiores de 16 e menores de 18 anos.<\/p>\n\n\n\n<p class=\"wp-block-paragraph\">Para o TSE, o voto, mesmo para quem o direito de n\u00e3o votar, \u00e9 fundamental. \u201cO exerc\u00edcio da cidadania come\u00e7a pela escolha dos representantes da popula\u00e7\u00e3o para os cargos dos Poderes Executivo e Legislativo nas esferas federal, estadual ou municipal. Por isso, \u00e9 muito importante que todos os eleitores \u2013 mesmo aqueles para os quais o voto \u00e9 facultativo \u2013 compare\u00e7am \u00e0s urnas eletr\u00f4nicas no&nbsp;domingo&nbsp;(2), primeiro turno das elei\u00e7\u00f5es gerais, e no dia&nbsp;30 de outubro&nbsp;(em eventual segundo turno) para contribuir com a defini\u00e7\u00e3o do destino do pa\u00eds\u201d, ressalta o tribunal.<\/p>\n\n\n\n<h2 class=\"wp-block-heading\">N\u00fameros<\/h2>\n\n\n\n<p class=\"wp-block-paragraph\">De acordo com dados da Justi\u00e7a Eleitoral, divulgados em&nbsp;15 de julho, houve aumento de 6,21% do eleitorado desde as \u00faltimas elei\u00e7\u00f5es gerais do pa\u00eds, em 2018. \u00c0 \u00e9poca, o n\u00famero de eleitores habilitados a votar era de 147.306.275. Nas Elei\u00e7\u00f5es 2022, s\u00e3o 2.116.781 jovens de 16 e 17 anos aptos a votar de maneira facultativa. Em 2018, essa faixa et\u00e1ria atingiu 1.400.617. Esse n\u00famero corresponde aos eleitores com 16 e 17 anos que&nbsp;ter\u00e3o essa idade no dia&nbsp;2 de outubro, data do primeiro turno do pleito.<\/p>\n\n\n\n<p class=\"wp-block-paragraph\">Tamb\u00e9m em rela\u00e7\u00e3o a 2018 houve crescimento de 51,13% nessa faixa et\u00e1ria do eleitorado. Segundo a Justi\u00e7a Eleitoral, o aumento \u00e9 resultado, principalmente, das&nbsp;a\u00e7\u00f5es promovidas durante a Semana do Jovem Eleitor. Somente nos quatro primeiros meses de 2022, o Brasil ganhou mais de 2 milh\u00f5es de eleitores jovens.<\/p>\n\n\n\n<p class=\"wp-block-paragraph\">O eleitorado acima de 70 anos tamb\u00e9m aumentou. O salto foi de 23,82%, passando de 12.028.608 em 2018 para 14.893.281 em 2022. Esse n\u00famero representa 9,52% de todo o eleitorado habilitado a votar em\u00a02 de outubro.<\/p>\n\n\n\n<p class=\"wp-block-paragraph\">&#8212;&#8212;&#8212;&#8212;&#8212;&#8212;<br><br><strong>Sabia que o Aconteceu no Vale est\u00e1 tamb\u00e9m no Telegram? <a rel=\"noreferrer noopener\" href=\"https:\/\/t.me\/aconteceunovaleoficial\" target=\"_blank\">Inscreva-se no canal<\/a>.<\/strong><br><br><strong>J\u00e1 curtiu ou seguiu nossas p\u00e1ginas nas redes sociais?\u00a0Receba as not\u00edcias em primeira m\u00e3o:<\/strong><br>\u2022 <a rel=\"noreferrer noopener\" href=\"https:\/\/news.google.com\/publications\/CAAqBwgKMNjklQswi4etAw?hl=pt-BR&amp;gl=BR&amp;ceid=BR%3Apt-419\" target=\"_blank\">Google News<\/a><br>\u2022 <a rel=\"noreferrer noopener\" href=\"https:\/\/www.facebook.com\/aconteceunovale\/\" target=\"_blank\">Facebook<\/a><br>\u2022 <a rel=\"noreferrer noopener\" href=\"https:\/\/twitter.com\/noticiadosvales\" target=\"_blank\">Twitter<\/a><br>\u2022 <a rel=\"noreferrer noopener\" href=\"https:\/\/www.instagram.com\/aconteceunovale\" target=\"_blank\">Instagram<\/a><br>\u2022 <a rel=\"noreferrer noopener\" href=\"https:\/\/www.youtube.com\/AconteceunoValeOficial\" target=\"_blank\">Youtube<\/a><br>\u2022 <a rel=\"noreferrer noopener\" href=\"https:\/\/www.tiktok.com\/@aconteceunovale\" target=\"_blank\">TikTok<\/a><\/p>\n","protected":false},"excerpt":{"rendered":"<p>Mais de 156 milh\u00f5es de eleitores, segundo dados do Tribunal Superior Eleitoral (TSE), escolher\u00e3o, no pr\u00f3ximo\u00a0domingo\u00a0(2),\u00a0os nomes que v\u00e3o ocupar os cargos de presidente da Rep\u00fablica, governador, senador e deputado federal, estadual ou distrital. Voc\u00ea sabe para quem o voto \u00e9 obrigat\u00f3rio e quem pode optar por n\u00e3o votar? O par\u00e1grafo 1\u00ba do Artigo 14 [&hellip;]<\/p>\n","protected":false},"author":4,"featured_media":190713,"comment_status":"open","ping_status":"closed","sticky":false,"template":"","format":"standard","meta":{"amp_status":"","footnotes":""},"categories":[6,249933],"tags":[252238,17165,263550,263549,94060,267,263548,263547],"class_list":["post-190712","post","type-post","status-publish","format-standard","has-post-thumbnail","hentry","category-br","category-eleicoes-2022","tag-eleicoes-2022","tag-justica-eleitoral","tag-para-quem-o-voto-e-facultativo","tag-para-quem-o-voto-e-obrigatorio","tag-tribunal-superior-eleitoral","tag-tse","tag-voto-facultativo","tag-voto-obrigatorio"],"yoast_head":"<!-- This site is optimized with the Yoast SEO plugin v28.3 - https:\/\/yoast.com\/product\/yoast-seo-wordpress\/ -->\n<title>Saiba para quem o voto \u00e9 obrigat\u00f3rio e facultativo - Aconteceu no Vale<\/title>\n<meta name=\"robots\" content=\"index, follow, max-snippet:-1, max-image-preview:large, max-video-preview:-1\" \/>\n<link rel=\"canonical\" href=\"https:\/\/aconteceunovale.com.br\/portal\/?p=190712\" \/>\n<meta property=\"og:locale\" content=\"pt_BR\" \/>\n<meta property=\"og:type\" content=\"article\" \/>\n<meta property=\"og:title\" content=\"Saiba para quem o voto \u00e9 obrigat\u00f3rio e facultativo - Aconteceu no Vale\" \/>\n<meta property=\"og:description\" content=\"Mais de 156 milh\u00f5es de eleitores, segundo dados do Tribunal Superior Eleitoral (TSE), escolher\u00e3o, no pr\u00f3ximo\u00a0domingo\u00a0(2),\u00a0os nomes que v\u00e3o ocupar os cargos de presidente da Rep\u00fablica, governador, senador e deputado federal, estadual ou distrital. Voc\u00ea sabe para quem o voto \u00e9 obrigat\u00f3rio e quem pode optar por n\u00e3o votar? O par\u00e1grafo 1\u00ba do Artigo 14 [&hellip;]\" \/>\n<meta property=\"og:url\" content=\"https:\/\/aconteceunovale.com.br\/portal\/?p=190712\" \/>\n<meta property=\"og:site_name\" content=\"Aconteceu no Vale\" \/>\n<meta property=\"article:publisher\" content=\"https:\/\/www.facebook.com\/aconteceunovale\/\" \/>\n<meta property=\"article:published_time\" content=\"2022-09-29T12:17:43+00:00\" \/>\n<meta property=\"article:modified_time\" content=\"2022-09-29T12:19:21+00:00\" \/>\n<meta property=\"og:image\" content=\"https:\/\/aconteceunovale.com.br\/portal\/wp-content\/uploads\/2022\/09\/nova_urna.jpeg\" \/>\n\t<meta property=\"og:image:width\" content=\"620\" \/>\n\t<meta property=\"og:image:height\" content=\"300\" \/>\n\t<meta property=\"og:image:type\" content=\"image\/jpeg\" \/>\n<meta name=\"author\" content=\"Reda\u00e7\u00e3o Aconteceu no Vale\" \/>\n<meta name=\"twitter:card\" content=\"summary_large_image\" \/>\n<meta name=\"twitter:creator\" content=\"@noticiadosvales\" \/>\n<meta name=\"twitter:site\" content=\"@noticiadosvales\" \/>\n<meta name=\"twitter:label1\" content=\"Escrito por\" \/>\n\t<meta name=\"twitter:data1\" content=\"Reda\u00e7\u00e3o Aconteceu no Vale\" \/>\n\t<meta name=\"twitter:label2\" content=\"Est. tempo de leitura\" \/>\n\t<meta name=\"twitter:data2\" content=\"2 minutos\" \/>\n<script type=\"application\/ld+json\" class=\"yoast-schema-graph\">{\"@context\":\"https:\\\/\\\/schema.org\",\"@graph\":[{\"@type\":\"Article\",\"@id\":\"https:\\\/\\\/aconteceunovale.com.br\\\/portal\\\/?p=190712#article\",\"isPartOf\":{\"@id\":\"https:\\\/\\\/aconteceunovale.com.br\\\/portal\\\/?p=190712\"},\"author\":{\"name\":\"Reda\u00e7\u00e3o Aconteceu no Vale\",\"@id\":\"https:\\\/\\\/aconteceunovale.com.br\\\/portal\\\/#\\\/schema\\\/person\\\/7d2f26d1483f8a63de73da1ee0754d35\"},\"headline\":\"Saiba para quem o voto \u00e9 obrigat\u00f3rio e facultativo\",\"datePublished\":\"2022-09-29T12:17:43+00:00\",\"dateModified\":\"2022-09-29T12:19:21+00:00\",\"mainEntityOfPage\":{\"@id\":\"https:\\\/\\\/aconteceunovale.com.br\\\/portal\\\/?p=190712\"},\"wordCount\":439,\"commentCount\":0,\"image\":{\"@id\":\"https:\\\/\\\/aconteceunovale.com.br\\\/portal\\\/?p=190712#primaryimage\"},\"thumbnailUrl\":\"https:\\\/\\\/aconteceunovale.com.br\\\/portal\\\/wp-content\\\/uploads\\\/2022\\\/09\\\/nova_urna.jpeg\",\"keywords\":[\"Elei\u00e7\u00f5es 2022\",\"Justi\u00e7a Eleitoral\",\"Para quem o voto \u00e9 facultativo\",\"Para quem o voto \u00e9 obrigat\u00f3rio\",\"Tribunal Superior Eleitoral\",\"TSE\",\"Voto facultativo\",\"Voto obrigat\u00f3rio\"],\"articleSection\":[\"Brasil\",\"Elei\u00e7\u00f5es 2022\"],\"inLanguage\":\"pt-BR\",\"potentialAction\":[{\"@type\":\"CommentAction\",\"name\":\"Comment\",\"target\":[\"https:\\\/\\\/aconteceunovale.com.br\\\/portal\\\/?p=190712#respond\"]}]},{\"@type\":\"WebPage\",\"@id\":\"https:\\\/\\\/aconteceunovale.com.br\\\/portal\\\/?p=190712\",\"url\":\"https:\\\/\\\/aconteceunovale.com.br\\\/portal\\\/?p=190712\",\"name\":\"Saiba para quem o voto \u00e9 obrigat\u00f3rio e facultativo - Aconteceu no Vale\",\"isPartOf\":{\"@id\":\"https:\\\/\\\/aconteceunovale.com.br\\\/portal\\\/#website\"},\"primaryImageOfPage\":{\"@id\":\"https:\\\/\\\/aconteceunovale.com.br\\\/portal\\\/?p=190712#primaryimage\"},\"image\":{\"@id\":\"https:\\\/\\\/aconteceunovale.com.br\\\/portal\\\/?p=190712#primaryimage\"},\"thumbnailUrl\":\"https:\\\/\\\/aconteceunovale.com.br\\\/portal\\\/wp-content\\\/uploads\\\/2022\\\/09\\\/nova_urna.jpeg\",\"datePublished\":\"2022-09-29T12:17:43+00:00\",\"dateModified\":\"2022-09-29T12:19:21+00:00\",\"author\":{\"@id\":\"https:\\\/\\\/aconteceunovale.com.br\\\/portal\\\/#\\\/schema\\\/person\\\/7d2f26d1483f8a63de73da1ee0754d35\"},\"breadcrumb\":{\"@id\":\"https:\\\/\\\/aconteceunovale.com.br\\\/portal\\\/?p=190712#breadcrumb\"},\"inLanguage\":\"pt-BR\",\"potentialAction\":[{\"@type\":\"ReadAction\",\"target\":[\"https:\\\/\\\/aconteceunovale.com.br\\\/portal\\\/?p=190712\"]}]},{\"@type\":\"ImageObject\",\"inLanguage\":\"pt-BR\",\"@id\":\"https:\\\/\\\/aconteceunovale.com.br\\\/portal\\\/?p=190712#primaryimage\",\"url\":\"https:\\\/\\\/aconteceunovale.com.br\\\/portal\\\/wp-content\\\/uploads\\\/2022\\\/09\\\/nova_urna.jpeg\",\"contentUrl\":\"https:\\\/\\\/aconteceunovale.com.br\\\/portal\\\/wp-content\\\/uploads\\\/2022\\\/09\\\/nova_urna.jpeg\",\"width\":620,\"height\":300},{\"@type\":\"BreadcrumbList\",\"@id\":\"https:\\\/\\\/aconteceunovale.com.br\\\/portal\\\/?p=190712#breadcrumb\",\"itemListElement\":[{\"@type\":\"ListItem\",\"position\":1,\"name\":\"In\u00edcio\",\"item\":\"https:\\\/\\\/aconteceunovale.com.br\\\/portal\\\/\"},{\"@type\":\"ListItem\",\"position\":2,\"name\":\"Saiba para quem o voto \u00e9 obrigat\u00f3rio e facultativo\"}]},{\"@type\":\"WebSite\",\"@id\":\"https:\\\/\\\/aconteceunovale.com.br\\\/portal\\\/#website\",\"url\":\"https:\\\/\\\/aconteceunovale.com.br\\\/portal\\\/\",\"name\":\"Aconteceu no Vale\",\"description\":\"Portal de Not\u00edcias\",\"potentialAction\":[{\"@type\":\"SearchAction\",\"target\":{\"@type\":\"EntryPoint\",\"urlTemplate\":\"https:\\\/\\\/aconteceunovale.com.br\\\/portal\\\/?s={search_term_string}\"},\"query-input\":{\"@type\":\"PropertyValueSpecification\",\"valueRequired\":true,\"valueName\":\"search_term_string\"}}],\"inLanguage\":\"pt-BR\"},{\"@type\":\"Person\",\"@id\":\"https:\\\/\\\/aconteceunovale.com.br\\\/portal\\\/#\\\/schema\\\/person\\\/7d2f26d1483f8a63de73da1ee0754d35\",\"name\":\"Reda\u00e7\u00e3o Aconteceu no Vale\",\"description\":\"Equipe de reportagem do Aconteceu no Vale, portal de not\u00edcias do Vale do Jequitinhonha, em Minas Gerais. Cobrimos as 51 cidades do Vale desde 2013. Sugest\u00f5es de pauta e pedidos de corre\u00e7\u00e3o: contato@aconteceunovale.com.br\",\"url\":\"https:\\\/\\\/aconteceunovale.com.br\\\/portal\\\/?author=4\"}]}<\/script>\n<!-- \/ Yoast SEO plugin. -->","yoast_head_json":{"title":"Saiba para quem o voto \u00e9 obrigat\u00f3rio e facultativo - Aconteceu no Vale","robots":{"index":"index","follow":"follow","max-snippet":"max-snippet:-1","max-image-preview":"max-image-preview:large","max-video-preview":"max-video-preview:-1"},"canonical":"https:\/\/aconteceunovale.com.br\/portal\/?p=190712","og_locale":"pt_BR","og_type":"article","og_title":"Saiba para quem o voto \u00e9 obrigat\u00f3rio e facultativo - Aconteceu no Vale","og_description":"Mais de 156 milh\u00f5es de eleitores, segundo dados do Tribunal Superior Eleitoral (TSE), escolher\u00e3o, no pr\u00f3ximo\u00a0domingo\u00a0(2),\u00a0os nomes que v\u00e3o ocupar os cargos de presidente da Rep\u00fablica, governador, senador e deputado federal, estadual ou distrital. Voc\u00ea sabe para quem o voto \u00e9 obrigat\u00f3rio e quem pode optar por n\u00e3o votar? O par\u00e1grafo 1\u00ba do Artigo 14 [&hellip;]","og_url":"https:\/\/aconteceunovale.com.br\/portal\/?p=190712","og_site_name":"Aconteceu no Vale","article_publisher":"https:\/\/www.facebook.com\/aconteceunovale\/","article_published_time":"2022-09-29T12:17:43+00:00","article_modified_time":"2022-09-29T12:19:21+00:00","og_image":[{"width":620,"height":300,"url":"https:\/\/aconteceunovale.com.br\/portal\/wp-content\/uploads\/2022\/09\/nova_urna.jpeg","type":"image\/jpeg"}],"author":"Reda\u00e7\u00e3o Aconteceu no Vale","twitter_card":"summary_large_image","twitter_creator":"@noticiadosvales","twitter_site":"@noticiadosvales","twitter_misc":{"Escrito por":"Reda\u00e7\u00e3o Aconteceu no Vale","Est. tempo de leitura":"2 minutos"},"schema":{"@context":"https:\/\/schema.org","@graph":[{"@type":"Article","@id":"https:\/\/aconteceunovale.com.br\/portal\/?p=190712#article","isPartOf":{"@id":"https:\/\/aconteceunovale.com.br\/portal\/?p=190712"},"author":{"name":"Reda\u00e7\u00e3o Aconteceu no Vale","@id":"https:\/\/aconteceunovale.com.br\/portal\/#\/schema\/person\/7d2f26d1483f8a63de73da1ee0754d35"},"headline":"Saiba para quem o voto \u00e9 obrigat\u00f3rio e facultativo","datePublished":"2022-09-29T12:17:43+00:00","dateModified":"2022-09-29T12:19:21+00:00","mainEntityOfPage":{"@id":"https:\/\/aconteceunovale.com.br\/portal\/?p=190712"},"wordCount":439,"commentCount":0,"image":{"@id":"https:\/\/aconteceunovale.com.br\/portal\/?p=190712#primaryimage"},"thumbnailUrl":"https:\/\/aconteceunovale.com.br\/portal\/wp-content\/uploads\/2022\/09\/nova_urna.jpeg","keywords":["Elei\u00e7\u00f5es 2022","Justi\u00e7a Eleitoral","Para quem o voto \u00e9 facultativo","Para quem o voto \u00e9 obrigat\u00f3rio","Tribunal Superior Eleitoral","TSE","Voto facultativo","Voto obrigat\u00f3rio"],"articleSection":["Brasil","Elei\u00e7\u00f5es 2022"],"inLanguage":"pt-BR","potentialAction":[{"@type":"CommentAction","name":"Comment","target":["https:\/\/aconteceunovale.com.br\/portal\/?p=190712#respond"]}]},{"@type":"WebPage","@id":"https:\/\/aconteceunovale.com.br\/portal\/?p=190712","url":"https:\/\/aconteceunovale.com.br\/portal\/?p=190712","name":"Saiba para quem o voto \u00e9 obrigat\u00f3rio e facultativo - Aconteceu no Vale","isPartOf":{"@id":"https:\/\/aconteceunovale.com.br\/portal\/#website"},"primaryImageOfPage":{"@id":"https:\/\/aconteceunovale.com.br\/portal\/?p=190712#primaryimage"},"image":{"@id":"https:\/\/aconteceunovale.com.br\/portal\/?p=190712#primaryimage"},"thumbnailUrl":"https:\/\/aconteceunovale.com.br\/portal\/wp-content\/uploads\/2022\/09\/nova_urna.jpeg","datePublished":"2022-09-29T12:17:43+00:00","dateModified":"2022-09-29T12:19:21+00:00","author":{"@id":"https:\/\/aconteceunovale.com.br\/portal\/#\/schema\/person\/7d2f26d1483f8a63de73da1ee0754d35"},"breadcrumb":{"@id":"https:\/\/aconteceunovale.com.br\/portal\/?p=190712#breadcrumb"},"inLanguage":"pt-BR","potentialAction":[{"@type":"ReadAction","target":["https:\/\/aconteceunovale.com.br\/portal\/?p=190712"]}]},{"@type":"ImageObject","inLanguage":"pt-BR","@id":"https:\/\/aconteceunovale.com.br\/portal\/?p=190712#primaryimage","url":"https:\/\/aconteceunovale.com.br\/portal\/wp-content\/uploads\/2022\/09\/nova_urna.jpeg","contentUrl":"https:\/\/aconteceunovale.com.br\/portal\/wp-content\/uploads\/2022\/09\/nova_urna.jpeg","width":620,"height":300},{"@type":"BreadcrumbList","@id":"https:\/\/aconteceunovale.com.br\/portal\/?p=190712#breadcrumb","itemListElement":[{"@type":"ListItem","position":1,"name":"In\u00edcio","item":"https:\/\/aconteceunovale.com.br\/portal\/"},{"@type":"ListItem","position":2,"name":"Saiba para quem o voto \u00e9 obrigat\u00f3rio e facultativo"}]},{"@type":"WebSite","@id":"https:\/\/aconteceunovale.com.br\/portal\/#website","url":"https:\/\/aconteceunovale.com.br\/portal\/","name":"Aconteceu no Vale","description":"Portal de Not\u00edcias","potentialAction":[{"@type":"SearchAction","target":{"@type":"EntryPoint","urlTemplate":"https:\/\/aconteceunovale.com.br\/portal\/?s={search_term_string}"},"query-input":{"@type":"PropertyValueSpecification","valueRequired":true,"valueName":"search_term_string"}}],"inLanguage":"pt-BR"},{"@type":"Person","@id":"https:\/\/aconteceunovale.com.br\/portal\/#\/schema\/person\/7d2f26d1483f8a63de73da1ee0754d35","name":"Reda\u00e7\u00e3o Aconteceu no Vale","description":"Equipe de reportagem do Aconteceu no Vale, portal de not\u00edcias do Vale do Jequitinhonha, em Minas Gerais. Cobrimos as 51 cidades do Vale desde 2013. Sugest\u00f5es de pauta e pedidos de corre\u00e7\u00e3o: contato@aconteceunovale.com.br","url":"https:\/\/aconteceunovale.com.br\/portal\/?author=4"}]}},"_links":{"self":[{"href":"https:\/\/aconteceunovale.com.br\/portal\/index.php?rest_route=\/wp\/v2\/posts\/190712","targetHints":{"allow":["GET"]}}],"collection":[{"href":"https:\/\/aconteceunovale.com.br\/portal\/index.php?rest_route=\/wp\/v2\/posts"}],"about":[{"href":"https:\/\/aconteceunovale.com.br\/portal\/index.php?rest_route=\/wp\/v2\/types\/post"}],"author":[{"embeddable":true,"href":"https:\/\/aconteceunovale.com.br\/portal\/index.php?rest_route=\/wp\/v2\/users\/4"}],"replies":[{"embeddable":true,"href":"https:\/\/aconteceunovale.com.br\/portal\/index.php?rest_route=%2Fwp%2Fv2%2Fcomments&post=190712"}],"version-history":[{"count":1,"href":"https:\/\/aconteceunovale.com.br\/portal\/index.php?rest_route=\/wp\/v2\/posts\/190712\/revisions"}],"predecessor-version":[{"id":190714,"href":"https:\/\/aconteceunovale.com.br\/portal\/index.php?rest_route=\/wp\/v2\/posts\/190712\/revisions\/190714"}],"wp:featuredmedia":[{"embeddable":true,"href":"https:\/\/aconteceunovale.com.br\/portal\/index.php?rest_route=\/wp\/v2\/media\/190713"}],"wp:attachment":[{"href":"https:\/\/aconteceunovale.com.br\/portal\/index.php?rest_route=%2Fwp%2Fv2%2Fmedia&parent=190712"}],"wp:term":[{"taxonomy":"category","embeddable":true,"href":"https:\/\/aconteceunovale.com.br\/portal\/index.php?rest_route=%2Fwp%2Fv2%2Fcategories&post=190712"},{"taxonomy":"post_tag","embeddable":true,"href":"https:\/\/aconteceunovale.com.br\/portal\/index.php?rest_route=%2Fwp%2Fv2%2Ftags&post=190712"}],"curies":[{"name":"wp","href":"https:\/\/api.w.org\/{rel}","templated":true}]}}