{"id":190709,"date":"2022-09-29T09:09:04","date_gmt":"2022-09-29T12:09:04","guid":{"rendered":"https:\/\/aconteceunovale.com.br\/portal\/?p=190709"},"modified":"2022-09-29T09:09:53","modified_gmt":"2022-09-29T12:09:53","slug":"propaganda-eleitoral-gratuita-comicios-e-debates-terminam-hoje","status":"publish","type":"post","link":"https:\/\/aconteceunovale.com.br\/portal\/?p=190709","title":{"rendered":"Propaganda eleitoral gratuita, com\u00edcios e debates terminam hoje"},"content":{"rendered":"\n<p class=\"wp-block-paragraph\">Termina nesta quinta-feira (29)\u00a0o prazo para a realiza\u00e7\u00e3o de com\u00edcios, debates no r\u00e1dio e na televis\u00e3o e da propaganda eleitoral gratuita. O TSE, no entanto, informa que, no caso de\u00a0com\u00edcios de encerramento de campanha, eles poder\u00e3o\u00a0ser prorrogados por mais duas horas.<\/p>\n\n\n\n<p class=\"wp-block-paragraph\">Hoje \u00e9 tamb\u00e9m a data limite para que os tribunais regionais eleitorais divulguem, na internet, os pontos de transmiss\u00e3o de dados. Esses locais devem ser distintos daqueles de funcionamento da junta eleitoral.<\/p>\n\n\n\n<p class=\"wp-block-paragraph\">A partir desta quinta-feira, come\u00e7a o prazo que permite ao ju\u00edzo eleitoral ou ao presidente da mesa receptora, expedir salvo-conduto em favor de eleitora ou eleitor que venha a sofrer viol\u00eancia moral ou f\u00edsica na sua liberdade de votar.<\/p>\n\n\n\n<p class=\"wp-block-paragraph\">Amanh\u00e3, ser\u00e1\u00a0o\u00a0\u00faltimo dia para divulga\u00e7\u00e3o paga, na imprensa escrita,\u00a0de an\u00fancios de propaganda eleitoral.\u00a0Ser\u00e1 tamb\u00e9m o \u00faltimo dia para\u00a0a publica\u00e7\u00e3o do edital de convoca\u00e7\u00e3o de representantes do Minist\u00e9rio P\u00fablico, da Ordem dos Advogados do Brasil e de fiscais e delegados dos partidos pol\u00edticos, das federa\u00e7\u00f5es de partidos e das coliga\u00e7\u00f5es, \u201cpara acompanhar a emiss\u00e3o da Zer\u00e9sima [comprovante de que n\u00e3o h\u00e1 nenhum voto na urna] do Sistema de Gerenciamento da Totaliza\u00e7\u00e3o\u201d.<\/p>\n\n\n\n<p class=\"wp-block-paragraph\">&#8212;&#8212;&#8212;&#8212;&#8212;&#8212;<br><br><strong>Sabia que o Aconteceu no Vale est\u00e1 tamb\u00e9m no Telegram? <a rel=\"noreferrer noopener\" href=\"https:\/\/t.me\/aconteceunovaleoficial\" target=\"_blank\">Inscreva-se no canal<\/a>.<\/strong><br><br><strong>J\u00e1 curtiu ou seguiu nossas p\u00e1ginas nas redes sociais?\u00a0Receba as not\u00edcias em primeira m\u00e3o:<\/strong><br>\u2022 <a rel=\"noreferrer noopener\" href=\"https:\/\/news.google.com\/publications\/CAAqBwgKMNjklQswi4etAw?hl=pt-BR&amp;gl=BR&amp;ceid=BR%3Apt-419\" target=\"_blank\">Google News<\/a><br>\u2022 <a rel=\"noreferrer noopener\" href=\"https:\/\/www.facebook.com\/aconteceunovale\/\" target=\"_blank\">Facebook<\/a><br>\u2022 <a rel=\"noreferrer noopener\" href=\"https:\/\/twitter.com\/noticiadosvales\" target=\"_blank\">Twitter<\/a><br>\u2022 <a rel=\"noreferrer noopener\" href=\"https:\/\/www.instagram.com\/aconteceunovale\" target=\"_blank\">Instagram<\/a><br>\u2022 <a rel=\"noreferrer noopener\" href=\"https:\/\/www.youtube.com\/AconteceunoValeOficial\" target=\"_blank\">Youtube<\/a><br>\u2022 <a rel=\"noreferrer noopener\" href=\"https:\/\/www.tiktok.com\/@aconteceunovale\" target=\"_blank\">TikTok<\/a><\/p>\n","protected":false},"excerpt":{"rendered":"<p>Termina nesta quinta-feira (29)\u00a0o prazo para a realiza\u00e7\u00e3o de com\u00edcios, debates no r\u00e1dio e na televis\u00e3o e da propaganda eleitoral gratuita. O TSE, no entanto, informa que, no caso de\u00a0com\u00edcios de encerramento de campanha, eles poder\u00e3o\u00a0ser prorrogados por mais duas horas. Hoje \u00e9 tamb\u00e9m a data limite para que os tribunais regionais eleitorais divulguem, na [&hellip;]<\/p>\n","protected":false},"author":4,"featured_media":190710,"comment_status":"open","ping_status":"closed","sticky":false,"template":"","format":"standard","meta":{"amp_status":"","footnotes":""},"categories":[6,249933],"tags":[263543,20122,252238,17165,263545,263546,263544,19413,94060,267],"class_list":["post-190709","post","type-post","status-publish","format-standard","has-post-thumbnail","hentry","category-br","category-eleicoes-2022","tag-comicios","tag-debates","tag-eleicoes-2022","tag-justica-eleitoral","tag-prazo-para-debates","tag-prazo-para-propaganda-eleitoral","tag-prazo-para-realizacao-de-comicios","tag-propaganda-eleitoral-gratuita","tag-tribunal-superior-eleitoral","tag-tse"],"yoast_head":"<!-- This site is optimized with the Yoast SEO plugin v28.3 - https:\/\/yoast.com\/product\/yoast-seo-wordpress\/ -->\n<title>Propaganda eleitoral gratuita, com\u00edcios e debates terminam hoje - Aconteceu no Vale<\/title>\n<meta name=\"robots\" content=\"index, follow, max-snippet:-1, max-image-preview:large, max-video-preview:-1\" \/>\n<link rel=\"canonical\" href=\"https:\/\/aconteceunovale.com.br\/portal\/?p=190709\" \/>\n<meta property=\"og:locale\" content=\"pt_BR\" \/>\n<meta property=\"og:type\" content=\"article\" \/>\n<meta property=\"og:title\" content=\"Propaganda eleitoral gratuita, com\u00edcios e debates terminam hoje - Aconteceu no Vale\" \/>\n<meta property=\"og:description\" content=\"Termina nesta quinta-feira (29)\u00a0o prazo para a realiza\u00e7\u00e3o de com\u00edcios, debates no r\u00e1dio e na televis\u00e3o e da propaganda eleitoral gratuita. O TSE, no entanto, informa que, no caso de\u00a0com\u00edcios de encerramento de campanha, eles poder\u00e3o\u00a0ser prorrogados por mais duas horas. Hoje \u00e9 tamb\u00e9m a data limite para que os tribunais regionais eleitorais divulguem, na [&hellip;]\" \/>\n<meta property=\"og:url\" content=\"https:\/\/aconteceunovale.com.br\/portal\/?p=190709\" \/>\n<meta property=\"og:site_name\" content=\"Aconteceu no Vale\" \/>\n<meta property=\"article:publisher\" content=\"https:\/\/www.facebook.com\/aconteceunovale\/\" \/>\n<meta property=\"article:published_time\" content=\"2022-09-29T12:09:04+00:00\" \/>\n<meta property=\"article:modified_time\" content=\"2022-09-29T12:09:53+00:00\" \/>\n<meta property=\"og:image\" content=\"https:\/\/aconteceunovale.com.br\/portal\/wp-content\/uploads\/2022\/09\/propaganda_eleitoral.jpeg\" \/>\n\t<meta property=\"og:image:width\" content=\"638\" \/>\n\t<meta property=\"og:image:height\" content=\"374\" \/>\n\t<meta property=\"og:image:type\" content=\"image\/jpeg\" \/>\n<meta name=\"author\" content=\"Reda\u00e7\u00e3o Aconteceu no Vale\" \/>\n<meta name=\"twitter:card\" content=\"summary_large_image\" \/>\n<meta name=\"twitter:creator\" content=\"@noticiadosvales\" \/>\n<meta name=\"twitter:site\" content=\"@noticiadosvales\" \/>\n<meta name=\"twitter:label1\" content=\"Escrito por\" \/>\n\t<meta name=\"twitter:data1\" content=\"Reda\u00e7\u00e3o Aconteceu no Vale\" \/>\n\t<meta name=\"twitter:label2\" content=\"Est. tempo de leitura\" \/>\n\t<meta name=\"twitter:data2\" content=\"1 minuto\" \/>\n<script type=\"application\/ld+json\" class=\"yoast-schema-graph\">{\"@context\":\"https:\\\/\\\/schema.org\",\"@graph\":[{\"@type\":\"Article\",\"@id\":\"https:\\\/\\\/aconteceunovale.com.br\\\/portal\\\/?p=190709#article\",\"isPartOf\":{\"@id\":\"https:\\\/\\\/aconteceunovale.com.br\\\/portal\\\/?p=190709\"},\"author\":{\"name\":\"Reda\u00e7\u00e3o Aconteceu no Vale\",\"@id\":\"https:\\\/\\\/aconteceunovale.com.br\\\/portal\\\/#\\\/schema\\\/person\\\/7d2f26d1483f8a63de73da1ee0754d35\"},\"headline\":\"Propaganda eleitoral gratuita, com\u00edcios e debates terminam hoje\",\"datePublished\":\"2022-09-29T12:09:04+00:00\",\"dateModified\":\"2022-09-29T12:09:53+00:00\",\"mainEntityOfPage\":{\"@id\":\"https:\\\/\\\/aconteceunovale.com.br\\\/portal\\\/?p=190709\"},\"wordCount\":263,\"commentCount\":0,\"image\":{\"@id\":\"https:\\\/\\\/aconteceunovale.com.br\\\/portal\\\/?p=190709#primaryimage\"},\"thumbnailUrl\":\"https:\\\/\\\/aconteceunovale.com.br\\\/portal\\\/wp-content\\\/uploads\\\/2022\\\/09\\\/propaganda_eleitoral.jpeg\",\"keywords\":[\"Com\u00edcios\",\"debates\",\"Elei\u00e7\u00f5es 2022\",\"Justi\u00e7a Eleitoral\",\"Prazo para debates\",\"Prazo para propaganda eleitoral\",\"Prazo para realiza\u00e7\u00e3o de com\u00edcios\",\"propaganda eleitoral gratuita\",\"Tribunal Superior Eleitoral\",\"TSE\"],\"articleSection\":[\"Brasil\",\"Elei\u00e7\u00f5es 2022\"],\"inLanguage\":\"pt-BR\",\"potentialAction\":[{\"@type\":\"CommentAction\",\"name\":\"Comment\",\"target\":[\"https:\\\/\\\/aconteceunovale.com.br\\\/portal\\\/?p=190709#respond\"]}]},{\"@type\":\"WebPage\",\"@id\":\"https:\\\/\\\/aconteceunovale.com.br\\\/portal\\\/?p=190709\",\"url\":\"https:\\\/\\\/aconteceunovale.com.br\\\/portal\\\/?p=190709\",\"name\":\"Propaganda eleitoral gratuita, com\u00edcios e debates terminam hoje - Aconteceu no Vale\",\"isPartOf\":{\"@id\":\"https:\\\/\\\/aconteceunovale.com.br\\\/portal\\\/#website\"},\"primaryImageOfPage\":{\"@id\":\"https:\\\/\\\/aconteceunovale.com.br\\\/portal\\\/?p=190709#primaryimage\"},\"image\":{\"@id\":\"https:\\\/\\\/aconteceunovale.com.br\\\/portal\\\/?p=190709#primaryimage\"},\"thumbnailUrl\":\"https:\\\/\\\/aconteceunovale.com.br\\\/portal\\\/wp-content\\\/uploads\\\/2022\\\/09\\\/propaganda_eleitoral.jpeg\",\"datePublished\":\"2022-09-29T12:09:04+00:00\",\"dateModified\":\"2022-09-29T12:09:53+00:00\",\"author\":{\"@id\":\"https:\\\/\\\/aconteceunovale.com.br\\\/portal\\\/#\\\/schema\\\/person\\\/7d2f26d1483f8a63de73da1ee0754d35\"},\"breadcrumb\":{\"@id\":\"https:\\\/\\\/aconteceunovale.com.br\\\/portal\\\/?p=190709#breadcrumb\"},\"inLanguage\":\"pt-BR\",\"potentialAction\":[{\"@type\":\"ReadAction\",\"target\":[\"https:\\\/\\\/aconteceunovale.com.br\\\/portal\\\/?p=190709\"]}]},{\"@type\":\"ImageObject\",\"inLanguage\":\"pt-BR\",\"@id\":\"https:\\\/\\\/aconteceunovale.com.br\\\/portal\\\/?p=190709#primaryimage\",\"url\":\"https:\\\/\\\/aconteceunovale.com.br\\\/portal\\\/wp-content\\\/uploads\\\/2022\\\/09\\\/propaganda_eleitoral.jpeg\",\"contentUrl\":\"https:\\\/\\\/aconteceunovale.com.br\\\/portal\\\/wp-content\\\/uploads\\\/2022\\\/09\\\/propaganda_eleitoral.jpeg\",\"width\":638,\"height\":374},{\"@type\":\"BreadcrumbList\",\"@id\":\"https:\\\/\\\/aconteceunovale.com.br\\\/portal\\\/?p=190709#breadcrumb\",\"itemListElement\":[{\"@type\":\"ListItem\",\"position\":1,\"name\":\"In\u00edcio\",\"item\":\"https:\\\/\\\/aconteceunovale.com.br\\\/portal\\\/\"},{\"@type\":\"ListItem\",\"position\":2,\"name\":\"Propaganda eleitoral gratuita, com\u00edcios e debates terminam hoje\"}]},{\"@type\":\"WebSite\",\"@id\":\"https:\\\/\\\/aconteceunovale.com.br\\\/portal\\\/#website\",\"url\":\"https:\\\/\\\/aconteceunovale.com.br\\\/portal\\\/\",\"name\":\"Aconteceu no Vale\",\"description\":\"Portal de Not\u00edcias\",\"potentialAction\":[{\"@type\":\"SearchAction\",\"target\":{\"@type\":\"EntryPoint\",\"urlTemplate\":\"https:\\\/\\\/aconteceunovale.com.br\\\/portal\\\/?s={search_term_string}\"},\"query-input\":{\"@type\":\"PropertyValueSpecification\",\"valueRequired\":true,\"valueName\":\"search_term_string\"}}],\"inLanguage\":\"pt-BR\"},{\"@type\":\"Person\",\"@id\":\"https:\\\/\\\/aconteceunovale.com.br\\\/portal\\\/#\\\/schema\\\/person\\\/7d2f26d1483f8a63de73da1ee0754d35\",\"name\":\"Reda\u00e7\u00e3o Aconteceu no Vale\",\"description\":\"Equipe de reportagem do Aconteceu no Vale, portal de not\u00edcias do Vale do Jequitinhonha, em Minas Gerais. Cobrimos as 51 cidades do Vale desde 2013. Sugest\u00f5es de pauta e pedidos de corre\u00e7\u00e3o: contato@aconteceunovale.com.br\",\"url\":\"https:\\\/\\\/aconteceunovale.com.br\\\/portal\\\/?author=4\"}]}<\/script>\n<!-- \/ Yoast SEO plugin. -->","yoast_head_json":{"title":"Propaganda eleitoral gratuita, com\u00edcios e debates terminam hoje - Aconteceu no Vale","robots":{"index":"index","follow":"follow","max-snippet":"max-snippet:-1","max-image-preview":"max-image-preview:large","max-video-preview":"max-video-preview:-1"},"canonical":"https:\/\/aconteceunovale.com.br\/portal\/?p=190709","og_locale":"pt_BR","og_type":"article","og_title":"Propaganda eleitoral gratuita, com\u00edcios e debates terminam hoje - Aconteceu no Vale","og_description":"Termina nesta quinta-feira (29)\u00a0o prazo para a realiza\u00e7\u00e3o de com\u00edcios, debates no r\u00e1dio e na televis\u00e3o e da propaganda eleitoral gratuita. O TSE, no entanto, informa que, no caso de\u00a0com\u00edcios de encerramento de campanha, eles poder\u00e3o\u00a0ser prorrogados por mais duas horas. Hoje \u00e9 tamb\u00e9m a data limite para que os tribunais regionais eleitorais divulguem, na [&hellip;]","og_url":"https:\/\/aconteceunovale.com.br\/portal\/?p=190709","og_site_name":"Aconteceu no Vale","article_publisher":"https:\/\/www.facebook.com\/aconteceunovale\/","article_published_time":"2022-09-29T12:09:04+00:00","article_modified_time":"2022-09-29T12:09:53+00:00","og_image":[{"width":638,"height":374,"url":"https:\/\/aconteceunovale.com.br\/portal\/wp-content\/uploads\/2022\/09\/propaganda_eleitoral.jpeg","type":"image\/jpeg"}],"author":"Reda\u00e7\u00e3o Aconteceu no Vale","twitter_card":"summary_large_image","twitter_creator":"@noticiadosvales","twitter_site":"@noticiadosvales","twitter_misc":{"Escrito por":"Reda\u00e7\u00e3o Aconteceu no Vale","Est. tempo de leitura":"1 minuto"},"schema":{"@context":"https:\/\/schema.org","@graph":[{"@type":"Article","@id":"https:\/\/aconteceunovale.com.br\/portal\/?p=190709#article","isPartOf":{"@id":"https:\/\/aconteceunovale.com.br\/portal\/?p=190709"},"author":{"name":"Reda\u00e7\u00e3o Aconteceu no Vale","@id":"https:\/\/aconteceunovale.com.br\/portal\/#\/schema\/person\/7d2f26d1483f8a63de73da1ee0754d35"},"headline":"Propaganda eleitoral gratuita, com\u00edcios e debates terminam hoje","datePublished":"2022-09-29T12:09:04+00:00","dateModified":"2022-09-29T12:09:53+00:00","mainEntityOfPage":{"@id":"https:\/\/aconteceunovale.com.br\/portal\/?p=190709"},"wordCount":263,"commentCount":0,"image":{"@id":"https:\/\/aconteceunovale.com.br\/portal\/?p=190709#primaryimage"},"thumbnailUrl":"https:\/\/aconteceunovale.com.br\/portal\/wp-content\/uploads\/2022\/09\/propaganda_eleitoral.jpeg","keywords":["Com\u00edcios","debates","Elei\u00e7\u00f5es 2022","Justi\u00e7a Eleitoral","Prazo para debates","Prazo para propaganda eleitoral","Prazo para realiza\u00e7\u00e3o de com\u00edcios","propaganda eleitoral gratuita","Tribunal Superior Eleitoral","TSE"],"articleSection":["Brasil","Elei\u00e7\u00f5es 2022"],"inLanguage":"pt-BR","potentialAction":[{"@type":"CommentAction","name":"Comment","target":["https:\/\/aconteceunovale.com.br\/portal\/?p=190709#respond"]}]},{"@type":"WebPage","@id":"https:\/\/aconteceunovale.com.br\/portal\/?p=190709","url":"https:\/\/aconteceunovale.com.br\/portal\/?p=190709","name":"Propaganda eleitoral gratuita, com\u00edcios e debates terminam hoje - Aconteceu no Vale","isPartOf":{"@id":"https:\/\/aconteceunovale.com.br\/portal\/#website"},"primaryImageOfPage":{"@id":"https:\/\/aconteceunovale.com.br\/portal\/?p=190709#primaryimage"},"image":{"@id":"https:\/\/aconteceunovale.com.br\/portal\/?p=190709#primaryimage"},"thumbnailUrl":"https:\/\/aconteceunovale.com.br\/portal\/wp-content\/uploads\/2022\/09\/propaganda_eleitoral.jpeg","datePublished":"2022-09-29T12:09:04+00:00","dateModified":"2022-09-29T12:09:53+00:00","author":{"@id":"https:\/\/aconteceunovale.com.br\/portal\/#\/schema\/person\/7d2f26d1483f8a63de73da1ee0754d35"},"breadcrumb":{"@id":"https:\/\/aconteceunovale.com.br\/portal\/?p=190709#breadcrumb"},"inLanguage":"pt-BR","potentialAction":[{"@type":"ReadAction","target":["https:\/\/aconteceunovale.com.br\/portal\/?p=190709"]}]},{"@type":"ImageObject","inLanguage":"pt-BR","@id":"https:\/\/aconteceunovale.com.br\/portal\/?p=190709#primaryimage","url":"https:\/\/aconteceunovale.com.br\/portal\/wp-content\/uploads\/2022\/09\/propaganda_eleitoral.jpeg","contentUrl":"https:\/\/aconteceunovale.com.br\/portal\/wp-content\/uploads\/2022\/09\/propaganda_eleitoral.jpeg","width":638,"height":374},{"@type":"BreadcrumbList","@id":"https:\/\/aconteceunovale.com.br\/portal\/?p=190709#breadcrumb","itemListElement":[{"@type":"ListItem","position":1,"name":"In\u00edcio","item":"https:\/\/aconteceunovale.com.br\/portal\/"},{"@type":"ListItem","position":2,"name":"Propaganda eleitoral gratuita, com\u00edcios e debates terminam hoje"}]},{"@type":"WebSite","@id":"https:\/\/aconteceunovale.com.br\/portal\/#website","url":"https:\/\/aconteceunovale.com.br\/portal\/","name":"Aconteceu no Vale","description":"Portal de Not\u00edcias","potentialAction":[{"@type":"SearchAction","target":{"@type":"EntryPoint","urlTemplate":"https:\/\/aconteceunovale.com.br\/portal\/?s={search_term_string}"},"query-input":{"@type":"PropertyValueSpecification","valueRequired":true,"valueName":"search_term_string"}}],"inLanguage":"pt-BR"},{"@type":"Person","@id":"https:\/\/aconteceunovale.com.br\/portal\/#\/schema\/person\/7d2f26d1483f8a63de73da1ee0754d35","name":"Reda\u00e7\u00e3o Aconteceu no Vale","description":"Equipe de reportagem do Aconteceu no Vale, portal de not\u00edcias do Vale do Jequitinhonha, em Minas Gerais. Cobrimos as 51 cidades do Vale desde 2013. Sugest\u00f5es de pauta e pedidos de corre\u00e7\u00e3o: contato@aconteceunovale.com.br","url":"https:\/\/aconteceunovale.com.br\/portal\/?author=4"}]}},"_links":{"self":[{"href":"https:\/\/aconteceunovale.com.br\/portal\/index.php?rest_route=\/wp\/v2\/posts\/190709","targetHints":{"allow":["GET"]}}],"collection":[{"href":"https:\/\/aconteceunovale.com.br\/portal\/index.php?rest_route=\/wp\/v2\/posts"}],"about":[{"href":"https:\/\/aconteceunovale.com.br\/portal\/index.php?rest_route=\/wp\/v2\/types\/post"}],"author":[{"embeddable":true,"href":"https:\/\/aconteceunovale.com.br\/portal\/index.php?rest_route=\/wp\/v2\/users\/4"}],"replies":[{"embeddable":true,"href":"https:\/\/aconteceunovale.com.br\/portal\/index.php?rest_route=%2Fwp%2Fv2%2Fcomments&post=190709"}],"version-history":[{"count":1,"href":"https:\/\/aconteceunovale.com.br\/portal\/index.php?rest_route=\/wp\/v2\/posts\/190709\/revisions"}],"predecessor-version":[{"id":190711,"href":"https:\/\/aconteceunovale.com.br\/portal\/index.php?rest_route=\/wp\/v2\/posts\/190709\/revisions\/190711"}],"wp:featuredmedia":[{"embeddable":true,"href":"https:\/\/aconteceunovale.com.br\/portal\/index.php?rest_route=\/wp\/v2\/media\/190710"}],"wp:attachment":[{"href":"https:\/\/aconteceunovale.com.br\/portal\/index.php?rest_route=%2Fwp%2Fv2%2Fmedia&parent=190709"}],"wp:term":[{"taxonomy":"category","embeddable":true,"href":"https:\/\/aconteceunovale.com.br\/portal\/index.php?rest_route=%2Fwp%2Fv2%2Fcategories&post=190709"},{"taxonomy":"post_tag","embeddable":true,"href":"https:\/\/aconteceunovale.com.br\/portal\/index.php?rest_route=%2Fwp%2Fv2%2Ftags&post=190709"}],"curies":[{"name":"wp","href":"https:\/\/api.w.org\/{rel}","templated":true}]}}