{"id":190707,"date":"2022-09-29T08:58:06","date_gmt":"2022-09-29T11:58:06","guid":{"rendered":"https:\/\/aconteceunovale.com.br\/portal\/?p=190707"},"modified":"2026-09-02T12:47:12","modified_gmt":"2026-09-02T15:47:12","slug":"mgs-abre-processo-seletivo-para-diamantina","status":"publish","type":"post","link":"https:\/\/aconteceunovale.com.br\/portal\/?p=190707","title":{"rendered":"MGS abre processo seletivo para Diamantina"},"content":{"rendered":"\n<p class=\"wp-block-paragraph\">Uma das maiores empresas de facilities de Minas Gerais, a MGS, est\u00e1 com processo seletivo aberto para a cidade de Diamantina. S\u00e3o vagas e cadastro de reserva para cargos como jardineiro, psic\u00f3logo, t\u00e9cnico cont\u00e1bil, dentre outros.<\/p>\n\n\n\n<p class=\"wp-block-paragraph\">As inscri\u00e7\u00f5es dever\u00e3o ser realizadas pelo site do IBFC\u00a0<a rel=\"noreferrer noopener\" href=\"http:\/\/www.ibfc.org.br\/\" target=\"_blank\">www.ibfc.org.br<\/a>, at\u00e9 o dia\u00a003\/10\/2022.\u00a0Confira os valores:<\/p>\n\n\n\n<figure class=\"wp-block-table\"><table><thead><tr><th>Ocupa\u00e7\u00e3o<\/th><th class=\"has-text-align-center\" data-align=\"center\">Valor da Inscri\u00e7\u00e3o<\/th><\/tr><\/thead><tbody><tr><td>Ensino Superior<\/td><td class=\"has-text-align-center\" data-align=\"center\">R$ 50,00<\/td><\/tr><tr><td>Ensino M\u00e9dio<\/td><td class=\"has-text-align-center\" data-align=\"center\">R$ 44,00<\/td><\/tr><tr><td>Ensino Fundamental<\/td><td class=\"has-text-align-center\" data-align=\"center\">R$ 35,00<\/td><\/tr><\/tbody><\/table><\/figure>\n\n\n\n<p class=\"wp-block-paragraph\">A realiza\u00e7\u00e3o da prova objetiva acontece no dia&nbsp;06\/11\/2022.<\/p>\n\n\n\n<p class=\"wp-block-paragraph\">Em caso de d\u00favidas, o candidato dever\u00e1 entrar em contato com o IBFC por meio do Servi\u00e7o de Atendimento ao Candidato &#8211; SAC, pelo telefone (11) 4788-1430 ou (31) 25950869 de segunda a sexta-feira \u00fateis, das 9h \u00e0s 17h.<\/p>\n\n\n\n<p class=\"wp-block-paragraph\">Para mais informa\u00e7\u00f5es, leia o edital completo em\u00a0<a href=\"https:\/\/www.mgs.srv.br\/detalhe-do-processo-seletivo\/info\/processo-seletivo-publico-simplificado-6-2022\/74\" target=\"_blank\" rel=\"noreferrer noopener\">https:\/\/www.mgs.srv.br\/detalhe-do-processo-seletivo\/info\/processo-seletivo-publico-simplificado-6-2022\/74<\/a> <\/p>\n\n\n\n<p class=\"wp-block-paragraph\">&#8212;&#8212;&#8212;&#8212;&#8212;&#8212;<br><br><strong>Sabia que o Aconteceu no Vale est\u00e1 tamb\u00e9m no Telegram? <a rel=\"noreferrer noopener\" href=\"https:\/\/t.me\/aconteceunovaleoficial\" target=\"_blank\">Inscreva-se no canal<\/a>.<\/strong><br><br><strong>J\u00e1 curtiu ou seguiu nossas p\u00e1ginas nas redes sociais?\u00a0Receba as not\u00edcias em primeira m\u00e3o:<\/strong><br>\u2022 <a rel=\"noreferrer noopener\" href=\"https:\/\/news.google.com\/publications\/CAAqBwgKMNjklQswi4etAw?hl=pt-BR&amp;gl=BR&amp;ceid=BR%3Apt-419\" target=\"_blank\">Google News<\/a><br>\u2022 <a rel=\"noreferrer noopener\" href=\"https:\/\/www.facebook.com\/aconteceunovale\/\" target=\"_blank\">Facebook<\/a><br>\u2022 <a rel=\"noreferrer noopener\" href=\"https:\/\/twitter.com\/noticiadosvales\" target=\"_blank\">Twitter<\/a><br>\u2022 <a rel=\"noreferrer noopener\" href=\"https:\/\/www.instagram.com\/aconteceunovale\" target=\"_blank\">Instagram<\/a><br>\u2022 <a rel=\"noreferrer noopener\" href=\"https:\/\/www.youtube.com\/AconteceunoValeOficial\" target=\"_blank\">Youtube<\/a><br>\u2022 <a rel=\"noreferrer noopener\" href=\"https:\/\/www.tiktok.com\/@aconteceunovale\" target=\"_blank\">TikTok<\/a><\/p>\n","protected":false},"excerpt":{"rendered":"<p>Uma das maiores empresas de facilities de Minas Gerais, a MGS, est\u00e1 com processo seletivo aberto para a cidade de Diamantina. S\u00e3o vagas e cadastro de reserva para cargos como jardineiro, psic\u00f3logo, t\u00e9cnico cont\u00e1bil, dentre outros. As inscri\u00e7\u00f5es dever\u00e3o ser realizadas pelo site do IBFC\u00a0www.ibfc.org.br, at\u00e9 o dia\u00a003\/10\/2022.\u00a0Confira os valores: Ocupa\u00e7\u00e3o Valor da Inscri\u00e7\u00e3o Ensino [&hellip;]<\/p>\n","protected":false},"author":4,"featured_media":122545,"comment_status":"open","ping_status":"closed","sticky":false,"template":"","format":"standard","meta":{"amp_status":"","footnotes":""},"categories":[40237,272543,155260,40236,120],"tags":[1018,198,263541,263539,263542,203986,263540],"class_list":["post-190707","post","type-post","status-publish","format-standard","has-post-thumbnail","hentry","category-concursos","category-diamantina","category-editais","category-empregos-2","category-jequi","tag-destaque","tag-diamantina","tag-emprego-em-diamantina","tag-mgs-abre-processo-seletivo-para-diamantina","tag-trabalho-em-diamantina","tag-vagas-diamantina","tag-vagas-na-mgs-em-diamantina"],"yoast_head":"<!-- This site is optimized with the Yoast SEO plugin v28.3 - https:\/\/yoast.com\/product\/yoast-seo-wordpress\/ -->\n<title>MGS abre processo seletivo para Diamantina - Aconteceu no Vale<\/title>\n<meta name=\"robots\" content=\"index, follow, max-snippet:-1, max-image-preview:large, max-video-preview:-1\" \/>\n<link rel=\"canonical\" href=\"https:\/\/aconteceunovale.com.br\/portal\/?p=190707\" \/>\n<meta property=\"og:locale\" content=\"pt_BR\" \/>\n<meta property=\"og:type\" content=\"article\" \/>\n<meta property=\"og:title\" content=\"MGS abre processo seletivo para Diamantina - Aconteceu no Vale\" \/>\n<meta property=\"og:description\" content=\"Uma das maiores empresas de facilities de Minas Gerais, a MGS, est\u00e1 com processo seletivo aberto para a cidade de Diamantina. S\u00e3o vagas e cadastro de reserva para cargos como jardineiro, psic\u00f3logo, t\u00e9cnico cont\u00e1bil, dentre outros. As inscri\u00e7\u00f5es dever\u00e3o ser realizadas pelo site do IBFC\u00a0www.ibfc.org.br, at\u00e9 o dia\u00a003\/10\/2022.\u00a0Confira os valores: Ocupa\u00e7\u00e3o Valor da Inscri\u00e7\u00e3o Ensino [&hellip;]\" \/>\n<meta property=\"og:url\" content=\"https:\/\/aconteceunovale.com.br\/portal\/?p=190707\" \/>\n<meta property=\"og:site_name\" content=\"Aconteceu no Vale\" \/>\n<meta property=\"article:publisher\" content=\"https:\/\/www.facebook.com\/aconteceunovale\/\" \/>\n<meta property=\"article:published_time\" content=\"2022-09-29T11:58:06+00:00\" \/>\n<meta property=\"article:modified_time\" content=\"2026-09-02T15:47:12+00:00\" \/>\n<meta property=\"og:image\" content=\"https:\/\/aconteceunovale.com.br\/portal\/wp-content\/uploads\/2017\/10\/processo_mgs.jpg\" \/>\n\t<meta property=\"og:image:width\" content=\"640\" \/>\n\t<meta property=\"og:image:height\" content=\"360\" \/>\n\t<meta property=\"og:image:type\" content=\"image\/jpeg\" \/>\n<meta name=\"author\" content=\"Reda\u00e7\u00e3o Aconteceu no Vale\" \/>\n<meta name=\"twitter:card\" content=\"summary_large_image\" \/>\n<meta name=\"twitter:creator\" content=\"@noticiadosvales\" \/>\n<meta name=\"twitter:site\" content=\"@noticiadosvales\" \/>\n<meta name=\"twitter:label1\" content=\"Escrito por\" \/>\n\t<meta name=\"twitter:data1\" content=\"Reda\u00e7\u00e3o Aconteceu no Vale\" \/>\n\t<meta name=\"twitter:label2\" content=\"Est. tempo de leitura\" \/>\n\t<meta name=\"twitter:data2\" content=\"1 minuto\" \/>\n<script type=\"application\/ld+json\" class=\"yoast-schema-graph\">{\"@context\":\"https:\\\/\\\/schema.org\",\"@graph\":[{\"@type\":\"Article\",\"@id\":\"https:\\\/\\\/aconteceunovale.com.br\\\/portal\\\/?p=190707#article\",\"isPartOf\":{\"@id\":\"https:\\\/\\\/aconteceunovale.com.br\\\/portal\\\/?p=190707\"},\"author\":{\"name\":\"Reda\u00e7\u00e3o Aconteceu no Vale\",\"@id\":\"https:\\\/\\\/aconteceunovale.com.br\\\/portal\\\/#\\\/schema\\\/person\\\/7d2f26d1483f8a63de73da1ee0754d35\"},\"headline\":\"MGS abre processo seletivo para Diamantina\",\"datePublished\":\"2022-09-29T11:58:06+00:00\",\"dateModified\":\"2026-09-02T15:47:12+00:00\",\"mainEntityOfPage\":{\"@id\":\"https:\\\/\\\/aconteceunovale.com.br\\\/portal\\\/?p=190707\"},\"wordCount\":189,\"commentCount\":0,\"image\":{\"@id\":\"https:\\\/\\\/aconteceunovale.com.br\\\/portal\\\/?p=190707#primaryimage\"},\"thumbnailUrl\":\"https:\\\/\\\/aconteceunovale.com.br\\\/portal\\\/wp-content\\\/uploads\\\/2017\\\/10\\\/processo_mgs.jpg\",\"keywords\":[\"destaque\",\"Diamantina\",\"Emprego em Diamantina\",\"MGS abre processo seletivo para Diamantina\",\"Trabalho em Diamantina\",\"Vagas Diamantina\",\"Vagas na MGS em Diamantina\"],\"articleSection\":[\"Concursos\",\"Diamantina\",\"Editais\",\"Empregos\",\"Vale do Jequitinhonha\"],\"inLanguage\":\"pt-BR\",\"potentialAction\":[{\"@type\":\"CommentAction\",\"name\":\"Comment\",\"target\":[\"https:\\\/\\\/aconteceunovale.com.br\\\/portal\\\/?p=190707#respond\"]}]},{\"@type\":\"WebPage\",\"@id\":\"https:\\\/\\\/aconteceunovale.com.br\\\/portal\\\/?p=190707\",\"url\":\"https:\\\/\\\/aconteceunovale.com.br\\\/portal\\\/?p=190707\",\"name\":\"MGS abre processo seletivo para Diamantina - Aconteceu no Vale\",\"isPartOf\":{\"@id\":\"https:\\\/\\\/aconteceunovale.com.br\\\/portal\\\/#website\"},\"primaryImageOfPage\":{\"@id\":\"https:\\\/\\\/aconteceunovale.com.br\\\/portal\\\/?p=190707#primaryimage\"},\"image\":{\"@id\":\"https:\\\/\\\/aconteceunovale.com.br\\\/portal\\\/?p=190707#primaryimage\"},\"thumbnailUrl\":\"https:\\\/\\\/aconteceunovale.com.br\\\/portal\\\/wp-content\\\/uploads\\\/2017\\\/10\\\/processo_mgs.jpg\",\"datePublished\":\"2022-09-29T11:58:06+00:00\",\"dateModified\":\"2026-09-02T15:47:12+00:00\",\"author\":{\"@id\":\"https:\\\/\\\/aconteceunovale.com.br\\\/portal\\\/#\\\/schema\\\/person\\\/7d2f26d1483f8a63de73da1ee0754d35\"},\"breadcrumb\":{\"@id\":\"https:\\\/\\\/aconteceunovale.com.br\\\/portal\\\/?p=190707#breadcrumb\"},\"inLanguage\":\"pt-BR\",\"potentialAction\":[{\"@type\":\"ReadAction\",\"target\":[\"https:\\\/\\\/aconteceunovale.com.br\\\/portal\\\/?p=190707\"]}]},{\"@type\":\"ImageObject\",\"inLanguage\":\"pt-BR\",\"@id\":\"https:\\\/\\\/aconteceunovale.com.br\\\/portal\\\/?p=190707#primaryimage\",\"url\":\"https:\\\/\\\/aconteceunovale.com.br\\\/portal\\\/wp-content\\\/uploads\\\/2017\\\/10\\\/processo_mgs.jpg\",\"contentUrl\":\"https:\\\/\\\/aconteceunovale.com.br\\\/portal\\\/wp-content\\\/uploads\\\/2017\\\/10\\\/processo_mgs.jpg\",\"width\":640,\"height\":360},{\"@type\":\"BreadcrumbList\",\"@id\":\"https:\\\/\\\/aconteceunovale.com.br\\\/portal\\\/?p=190707#breadcrumb\",\"itemListElement\":[{\"@type\":\"ListItem\",\"position\":1,\"name\":\"In\u00edcio\",\"item\":\"https:\\\/\\\/aconteceunovale.com.br\\\/portal\\\/\"},{\"@type\":\"ListItem\",\"position\":2,\"name\":\"MGS abre processo seletivo para Diamantina\"}]},{\"@type\":\"WebSite\",\"@id\":\"https:\\\/\\\/aconteceunovale.com.br\\\/portal\\\/#website\",\"url\":\"https:\\\/\\\/aconteceunovale.com.br\\\/portal\\\/\",\"name\":\"Aconteceu no Vale\",\"description\":\"Portal de Not\u00edcias\",\"potentialAction\":[{\"@type\":\"SearchAction\",\"target\":{\"@type\":\"EntryPoint\",\"urlTemplate\":\"https:\\\/\\\/aconteceunovale.com.br\\\/portal\\\/?s={search_term_string}\"},\"query-input\":{\"@type\":\"PropertyValueSpecification\",\"valueRequired\":true,\"valueName\":\"search_term_string\"}}],\"inLanguage\":\"pt-BR\"},{\"@type\":\"Person\",\"@id\":\"https:\\\/\\\/aconteceunovale.com.br\\\/portal\\\/#\\\/schema\\\/person\\\/7d2f26d1483f8a63de73da1ee0754d35\",\"name\":\"Reda\u00e7\u00e3o Aconteceu no Vale\",\"description\":\"Equipe de reportagem do Aconteceu no Vale, portal de not\u00edcias do Vale do Jequitinhonha, em Minas Gerais. Cobrimos as 51 cidades do Vale desde 2013. Sugest\u00f5es de pauta e pedidos de corre\u00e7\u00e3o: contato@aconteceunovale.com.br\",\"url\":\"https:\\\/\\\/aconteceunovale.com.br\\\/portal\\\/?author=4\"}]}<\/script>\n<!-- \/ Yoast SEO plugin. -->","yoast_head_json":{"title":"MGS abre processo seletivo para Diamantina - Aconteceu no Vale","robots":{"index":"index","follow":"follow","max-snippet":"max-snippet:-1","max-image-preview":"max-image-preview:large","max-video-preview":"max-video-preview:-1"},"canonical":"https:\/\/aconteceunovale.com.br\/portal\/?p=190707","og_locale":"pt_BR","og_type":"article","og_title":"MGS abre processo seletivo para Diamantina - Aconteceu no Vale","og_description":"Uma das maiores empresas de facilities de Minas Gerais, a MGS, est\u00e1 com processo seletivo aberto para a cidade de Diamantina. S\u00e3o vagas e cadastro de reserva para cargos como jardineiro, psic\u00f3logo, t\u00e9cnico cont\u00e1bil, dentre outros. As inscri\u00e7\u00f5es dever\u00e3o ser realizadas pelo site do IBFC\u00a0www.ibfc.org.br, at\u00e9 o dia\u00a003\/10\/2022.\u00a0Confira os valores: Ocupa\u00e7\u00e3o Valor da Inscri\u00e7\u00e3o Ensino [&hellip;]","og_url":"https:\/\/aconteceunovale.com.br\/portal\/?p=190707","og_site_name":"Aconteceu no Vale","article_publisher":"https:\/\/www.facebook.com\/aconteceunovale\/","article_published_time":"2022-09-29T11:58:06+00:00","article_modified_time":"2026-09-02T15:47:12+00:00","og_image":[{"width":640,"height":360,"url":"https:\/\/aconteceunovale.com.br\/portal\/wp-content\/uploads\/2017\/10\/processo_mgs.jpg","type":"image\/jpeg"}],"author":"Reda\u00e7\u00e3o Aconteceu no Vale","twitter_card":"summary_large_image","twitter_creator":"@noticiadosvales","twitter_site":"@noticiadosvales","twitter_misc":{"Escrito por":"Reda\u00e7\u00e3o Aconteceu no Vale","Est. tempo de leitura":"1 minuto"},"schema":{"@context":"https:\/\/schema.org","@graph":[{"@type":"Article","@id":"https:\/\/aconteceunovale.com.br\/portal\/?p=190707#article","isPartOf":{"@id":"https:\/\/aconteceunovale.com.br\/portal\/?p=190707"},"author":{"name":"Reda\u00e7\u00e3o Aconteceu no Vale","@id":"https:\/\/aconteceunovale.com.br\/portal\/#\/schema\/person\/7d2f26d1483f8a63de73da1ee0754d35"},"headline":"MGS abre processo seletivo para Diamantina","datePublished":"2022-09-29T11:58:06+00:00","dateModified":"2026-09-02T15:47:12+00:00","mainEntityOfPage":{"@id":"https:\/\/aconteceunovale.com.br\/portal\/?p=190707"},"wordCount":189,"commentCount":0,"image":{"@id":"https:\/\/aconteceunovale.com.br\/portal\/?p=190707#primaryimage"},"thumbnailUrl":"https:\/\/aconteceunovale.com.br\/portal\/wp-content\/uploads\/2017\/10\/processo_mgs.jpg","keywords":["destaque","Diamantina","Emprego em Diamantina","MGS abre processo seletivo para Diamantina","Trabalho em Diamantina","Vagas Diamantina","Vagas na MGS em Diamantina"],"articleSection":["Concursos","Diamantina","Editais","Empregos","Vale do Jequitinhonha"],"inLanguage":"pt-BR","potentialAction":[{"@type":"CommentAction","name":"Comment","target":["https:\/\/aconteceunovale.com.br\/portal\/?p=190707#respond"]}]},{"@type":"WebPage","@id":"https:\/\/aconteceunovale.com.br\/portal\/?p=190707","url":"https:\/\/aconteceunovale.com.br\/portal\/?p=190707","name":"MGS abre processo seletivo para Diamantina - Aconteceu no Vale","isPartOf":{"@id":"https:\/\/aconteceunovale.com.br\/portal\/#website"},"primaryImageOfPage":{"@id":"https:\/\/aconteceunovale.com.br\/portal\/?p=190707#primaryimage"},"image":{"@id":"https:\/\/aconteceunovale.com.br\/portal\/?p=190707#primaryimage"},"thumbnailUrl":"https:\/\/aconteceunovale.com.br\/portal\/wp-content\/uploads\/2017\/10\/processo_mgs.jpg","datePublished":"2022-09-29T11:58:06+00:00","dateModified":"2026-09-02T15:47:12+00:00","author":{"@id":"https:\/\/aconteceunovale.com.br\/portal\/#\/schema\/person\/7d2f26d1483f8a63de73da1ee0754d35"},"breadcrumb":{"@id":"https:\/\/aconteceunovale.com.br\/portal\/?p=190707#breadcrumb"},"inLanguage":"pt-BR","potentialAction":[{"@type":"ReadAction","target":["https:\/\/aconteceunovale.com.br\/portal\/?p=190707"]}]},{"@type":"ImageObject","inLanguage":"pt-BR","@id":"https:\/\/aconteceunovale.com.br\/portal\/?p=190707#primaryimage","url":"https:\/\/aconteceunovale.com.br\/portal\/wp-content\/uploads\/2017\/10\/processo_mgs.jpg","contentUrl":"https:\/\/aconteceunovale.com.br\/portal\/wp-content\/uploads\/2017\/10\/processo_mgs.jpg","width":640,"height":360},{"@type":"BreadcrumbList","@id":"https:\/\/aconteceunovale.com.br\/portal\/?p=190707#breadcrumb","itemListElement":[{"@type":"ListItem","position":1,"name":"In\u00edcio","item":"https:\/\/aconteceunovale.com.br\/portal\/"},{"@type":"ListItem","position":2,"name":"MGS abre processo seletivo para Diamantina"}]},{"@type":"WebSite","@id":"https:\/\/aconteceunovale.com.br\/portal\/#website","url":"https:\/\/aconteceunovale.com.br\/portal\/","name":"Aconteceu no Vale","description":"Portal de Not\u00edcias","potentialAction":[{"@type":"SearchAction","target":{"@type":"EntryPoint","urlTemplate":"https:\/\/aconteceunovale.com.br\/portal\/?s={search_term_string}"},"query-input":{"@type":"PropertyValueSpecification","valueRequired":true,"valueName":"search_term_string"}}],"inLanguage":"pt-BR"},{"@type":"Person","@id":"https:\/\/aconteceunovale.com.br\/portal\/#\/schema\/person\/7d2f26d1483f8a63de73da1ee0754d35","name":"Reda\u00e7\u00e3o Aconteceu no Vale","description":"Equipe de reportagem do Aconteceu no Vale, portal de not\u00edcias do Vale do Jequitinhonha, em Minas Gerais. Cobrimos as 51 cidades do Vale desde 2013. Sugest\u00f5es de pauta e pedidos de corre\u00e7\u00e3o: contato@aconteceunovale.com.br","url":"https:\/\/aconteceunovale.com.br\/portal\/?author=4"}]}},"_links":{"self":[{"href":"https:\/\/aconteceunovale.com.br\/portal\/index.php?rest_route=\/wp\/v2\/posts\/190707","targetHints":{"allow":["GET"]}}],"collection":[{"href":"https:\/\/aconteceunovale.com.br\/portal\/index.php?rest_route=\/wp\/v2\/posts"}],"about":[{"href":"https:\/\/aconteceunovale.com.br\/portal\/index.php?rest_route=\/wp\/v2\/types\/post"}],"author":[{"embeddable":true,"href":"https:\/\/aconteceunovale.com.br\/portal\/index.php?rest_route=\/wp\/v2\/users\/4"}],"replies":[{"embeddable":true,"href":"https:\/\/aconteceunovale.com.br\/portal\/index.php?rest_route=%2Fwp%2Fv2%2Fcomments&post=190707"}],"version-history":[{"count":1,"href":"https:\/\/aconteceunovale.com.br\/portal\/index.php?rest_route=\/wp\/v2\/posts\/190707\/revisions"}],"predecessor-version":[{"id":190708,"href":"https:\/\/aconteceunovale.com.br\/portal\/index.php?rest_route=\/wp\/v2\/posts\/190707\/revisions\/190708"}],"wp:featuredmedia":[{"embeddable":true,"href":"https:\/\/aconteceunovale.com.br\/portal\/index.php?rest_route=\/wp\/v2\/media\/122545"}],"wp:attachment":[{"href":"https:\/\/aconteceunovale.com.br\/portal\/index.php?rest_route=%2Fwp%2Fv2%2Fmedia&parent=190707"}],"wp:term":[{"taxonomy":"category","embeddable":true,"href":"https:\/\/aconteceunovale.com.br\/portal\/index.php?rest_route=%2Fwp%2Fv2%2Fcategories&post=190707"},{"taxonomy":"post_tag","embeddable":true,"href":"https:\/\/aconteceunovale.com.br\/portal\/index.php?rest_route=%2Fwp%2Fv2%2Ftags&post=190707"}],"curies":[{"name":"wp","href":"https:\/\/api.w.org\/{rel}","templated":true}]}}