{"id":190703,"date":"2022-09-28T16:30:51","date_gmt":"2022-09-28T19:30:51","guid":{"rendered":"https:\/\/aconteceunovale.com.br\/portal\/?p=190703"},"modified":"2022-09-28T16:31:41","modified_gmt":"2022-09-28T19:31:41","slug":"gilmar-mendes-suspende-acao-que-cobra-cerca-de-15-milhoes-em-impostos-de-lula","status":"publish","type":"post","link":"https:\/\/aconteceunovale.com.br\/portal\/?p=190703","title":{"rendered":"Gilmar Mendes suspende a\u00e7\u00e3o que cobra cerca de 15 milh\u00f5es em impostos de Lula"},"content":{"rendered":"\n<p class=\"wp-block-paragraph\">O ministro Gilmar Mendes, do Supremo Tribunal Federal (STF), decidiu suspender a a\u00e7\u00e3o na qual a Procuradoria-Geral da Fazenda Nacional (PGFN) cobra na Justi\u00e7a cerca de R$ 15 milh\u00f5es em impostos do ex-presidente Luiz In\u00e1cio Lula da Silva.<\/p>\n\n\n\n<p class=\"wp-block-paragraph\">Na decis\u00e3o proferida ontem (27), Mendes atendeu ao pedido da defesa de Lula para suspender a a\u00e7\u00e3o que est\u00e1 em curso na Justi\u00e7a Federal. Os advogados argumentaram que foram aproveitadas provas produzidas pela 13\u00aa Vara Federal de Curitiba no \u00e2mbito da Opera\u00e7\u00e3o Lava Jato e que foram consideradas ilegais pelo STF para realizar a cobran\u00e7a.&nbsp;<\/p>\n\n\n\n<p class=\"wp-block-paragraph\">O ministro considerou que a decis\u00e3o do Supremo que anulou em 2021 o processo referente ao triplex do Guaruj\u00e1 se estende a todos os procedimentos relacionados \u00e0s provas anuladas.&nbsp;<\/p>\n\n\n\n<p class=\"wp-block-paragraph\">&#8220;H\u00e1 outros indicativos de que elementos de prova invalidados pelo Supremo Tribunal Federal foram utilizados pela Receita Federal do Brasil e pela Procuradoria da Fazenda Nacional para subsidiar a instaura\u00e7\u00e3o de procedimento fiscais em desfavor do reclamante&#8221;, argumentou o ministro.<\/p>\n\n\n\n<p class=\"wp-block-paragraph\">&#8212;&#8212;&#8212;&#8212;&#8212;&#8212;<br><br><strong>Sabia que o Aconteceu no Vale est\u00e1 tamb\u00e9m no Telegram? <a rel=\"noreferrer noopener\" href=\"https:\/\/t.me\/aconteceunovaleoficial\" target=\"_blank\">Inscreva-se no canal<\/a>.<\/strong><br><br><strong>J\u00e1 curtiu ou seguiu nossas p\u00e1ginas nas redes sociais?\u00a0Receba as not\u00edcias em primeira m\u00e3o:<\/strong><br>\u2022 <a rel=\"noreferrer noopener\" href=\"https:\/\/news.google.com\/publications\/CAAqBwgKMNjklQswi4etAw?hl=pt-BR&amp;gl=BR&amp;ceid=BR%3Apt-419\" target=\"_blank\">Google News<\/a><br>\u2022 <a rel=\"noreferrer noopener\" href=\"https:\/\/www.facebook.com\/aconteceunovale\/\" target=\"_blank\">Facebook<\/a><br>\u2022 <a rel=\"noreferrer noopener\" href=\"https:\/\/twitter.com\/noticiadosvales\" target=\"_blank\">Twitter<\/a><br>\u2022 <a rel=\"noreferrer noopener\" href=\"https:\/\/www.instagram.com\/aconteceunovale\" target=\"_blank\">Instagram<\/a><br>\u2022 <a rel=\"noreferrer noopener\" href=\"https:\/\/www.youtube.com\/AconteceunoValeOficial\" target=\"_blank\">Youtube<\/a><br>\u2022 <a rel=\"noreferrer noopener\" href=\"https:\/\/www.tiktok.com\/@aconteceunovale\" target=\"_blank\">TikTok<\/a><\/p>\n","protected":false},"excerpt":{"rendered":"<p>O ministro Gilmar Mendes, do Supremo Tribunal Federal (STF), decidiu suspender a a\u00e7\u00e3o na qual a Procuradoria-Geral da Fazenda Nacional (PGFN) cobra na Justi\u00e7a cerca de R$ 15 milh\u00f5es em impostos do ex-presidente Luiz In\u00e1cio Lula da Silva. Na decis\u00e3o proferida ontem (27), Mendes atendeu ao pedido da defesa de Lula para suspender a a\u00e7\u00e3o [&hellip;]<\/p>\n","protected":false},"author":4,"featured_media":177304,"comment_status":"open","ping_status":"closed","sticky":false,"template":"","format":"standard","meta":{"amp_status":"","footnotes":""},"categories":[6,40240],"tags":[263538,1018,82255,47612,263537,23452,14124,7147,208333,28511,28510,116161],"class_list":["post-190703","post","type-post","status-publish","format-standard","has-post-thumbnail","hentry","category-br","category-politica","tag-cobranca-de-impostos-de-lula","tag-destaque","tag-ex-presidente-lula","tag-gilmar-mendes","tag-gilmar-mendes-suspende-acao-que-cobra-cerca-de-15-milhoes-em-impostos-de-lula","tag-justica-federal","tag-luiz-inacio-lula-da-silva","tag-lula","tag-pgfn","tag-stf","tag-supremo-tribunal-federal","tag-vara-federal-de-curitiba"],"yoast_head":"<!-- This site is optimized with the Yoast SEO plugin v28.3 - https:\/\/yoast.com\/product\/yoast-seo-wordpress\/ -->\n<title>Gilmar Mendes suspende a\u00e7\u00e3o que cobra cerca de 15 milh\u00f5es em impostos de Lula - Aconteceu no Vale<\/title>\n<meta name=\"robots\" content=\"index, follow, max-snippet:-1, max-image-preview:large, max-video-preview:-1\" \/>\n<link rel=\"canonical\" href=\"https:\/\/aconteceunovale.com.br\/portal\/?p=190703\" \/>\n<meta property=\"og:locale\" content=\"pt_BR\" \/>\n<meta property=\"og:type\" content=\"article\" \/>\n<meta property=\"og:title\" content=\"Gilmar Mendes suspende a\u00e7\u00e3o que cobra cerca de 15 milh\u00f5es em impostos de Lula - Aconteceu no Vale\" \/>\n<meta property=\"og:description\" content=\"O ministro Gilmar Mendes, do Supremo Tribunal Federal (STF), decidiu suspender a a\u00e7\u00e3o na qual a Procuradoria-Geral da Fazenda Nacional (PGFN) cobra na Justi\u00e7a cerca de R$ 15 milh\u00f5es em impostos do ex-presidente Luiz In\u00e1cio Lula da Silva. Na decis\u00e3o proferida ontem (27), Mendes atendeu ao pedido da defesa de Lula para suspender a a\u00e7\u00e3o [&hellip;]\" \/>\n<meta property=\"og:url\" content=\"https:\/\/aconteceunovale.com.br\/portal\/?p=190703\" \/>\n<meta property=\"og:site_name\" content=\"Aconteceu no Vale\" \/>\n<meta property=\"article:publisher\" content=\"https:\/\/www.facebook.com\/aconteceunovale\/\" \/>\n<meta property=\"article:published_time\" content=\"2022-09-28T19:30:51+00:00\" \/>\n<meta property=\"article:modified_time\" content=\"2022-09-28T19:31:41+00:00\" \/>\n<meta property=\"og:image\" content=\"https:\/\/aconteceunovale.com.br\/portal\/wp-content\/uploads\/2021\/04\/lula_stf-1.jpg\" \/>\n\t<meta property=\"og:image:width\" content=\"960\" \/>\n\t<meta property=\"og:image:height\" content=\"638\" \/>\n\t<meta property=\"og:image:type\" content=\"image\/jpeg\" \/>\n<meta name=\"author\" content=\"Reda\u00e7\u00e3o Aconteceu no Vale\" \/>\n<meta name=\"twitter:card\" content=\"summary_large_image\" \/>\n<meta name=\"twitter:creator\" content=\"@noticiadosvales\" \/>\n<meta name=\"twitter:site\" content=\"@noticiadosvales\" \/>\n<meta name=\"twitter:label1\" content=\"Escrito por\" \/>\n\t<meta name=\"twitter:data1\" content=\"Reda\u00e7\u00e3o Aconteceu no Vale\" \/>\n\t<meta name=\"twitter:label2\" content=\"Est. tempo de leitura\" \/>\n\t<meta name=\"twitter:data2\" content=\"1 minuto\" \/>\n<script type=\"application\/ld+json\" class=\"yoast-schema-graph\">{\"@context\":\"https:\\\/\\\/schema.org\",\"@graph\":[{\"@type\":\"Article\",\"@id\":\"https:\\\/\\\/aconteceunovale.com.br\\\/portal\\\/?p=190703#article\",\"isPartOf\":{\"@id\":\"https:\\\/\\\/aconteceunovale.com.br\\\/portal\\\/?p=190703\"},\"author\":{\"name\":\"Reda\u00e7\u00e3o Aconteceu no Vale\",\"@id\":\"https:\\\/\\\/aconteceunovale.com.br\\\/portal\\\/#\\\/schema\\\/person\\\/7d2f26d1483f8a63de73da1ee0754d35\"},\"headline\":\"Gilmar Mendes suspende a\u00e7\u00e3o que cobra cerca de 15 milh\u00f5es em impostos de Lula\",\"datePublished\":\"2022-09-28T19:30:51+00:00\",\"dateModified\":\"2022-09-28T19:31:41+00:00\",\"mainEntityOfPage\":{\"@id\":\"https:\\\/\\\/aconteceunovale.com.br\\\/portal\\\/?p=190703\"},\"wordCount\":226,\"commentCount\":0,\"image\":{\"@id\":\"https:\\\/\\\/aconteceunovale.com.br\\\/portal\\\/?p=190703#primaryimage\"},\"thumbnailUrl\":\"https:\\\/\\\/aconteceunovale.com.br\\\/portal\\\/wp-content\\\/uploads\\\/2021\\\/04\\\/lula_stf-1.jpg\",\"keywords\":[\"Cobran\u00e7a de impostos de Lula\",\"destaque\",\"ex-presidente Lula\",\"Gilmar Mendes\",\"Gilmar Mendes suspende a\u00e7\u00e3o que cobra cerca de 15 milh\u00f5es em impostos de Lula\",\"Justi\u00e7a Federal\",\"Luiz In\u00e1cio Lula da Silva\",\"Lula\",\"PGFN\",\"STF\",\"Supremo Tribunal Federal\",\"Vara Federal de Curitiba\"],\"articleSection\":[\"Brasil\",\"Pol\u00edtica\"],\"inLanguage\":\"pt-BR\",\"potentialAction\":[{\"@type\":\"CommentAction\",\"name\":\"Comment\",\"target\":[\"https:\\\/\\\/aconteceunovale.com.br\\\/portal\\\/?p=190703#respond\"]}]},{\"@type\":\"WebPage\",\"@id\":\"https:\\\/\\\/aconteceunovale.com.br\\\/portal\\\/?p=190703\",\"url\":\"https:\\\/\\\/aconteceunovale.com.br\\\/portal\\\/?p=190703\",\"name\":\"Gilmar Mendes suspende a\u00e7\u00e3o que cobra cerca de 15 milh\u00f5es em impostos de Lula - Aconteceu no Vale\",\"isPartOf\":{\"@id\":\"https:\\\/\\\/aconteceunovale.com.br\\\/portal\\\/#website\"},\"primaryImageOfPage\":{\"@id\":\"https:\\\/\\\/aconteceunovale.com.br\\\/portal\\\/?p=190703#primaryimage\"},\"image\":{\"@id\":\"https:\\\/\\\/aconteceunovale.com.br\\\/portal\\\/?p=190703#primaryimage\"},\"thumbnailUrl\":\"https:\\\/\\\/aconteceunovale.com.br\\\/portal\\\/wp-content\\\/uploads\\\/2021\\\/04\\\/lula_stf-1.jpg\",\"datePublished\":\"2022-09-28T19:30:51+00:00\",\"dateModified\":\"2022-09-28T19:31:41+00:00\",\"author\":{\"@id\":\"https:\\\/\\\/aconteceunovale.com.br\\\/portal\\\/#\\\/schema\\\/person\\\/7d2f26d1483f8a63de73da1ee0754d35\"},\"breadcrumb\":{\"@id\":\"https:\\\/\\\/aconteceunovale.com.br\\\/portal\\\/?p=190703#breadcrumb\"},\"inLanguage\":\"pt-BR\",\"potentialAction\":[{\"@type\":\"ReadAction\",\"target\":[\"https:\\\/\\\/aconteceunovale.com.br\\\/portal\\\/?p=190703\"]}]},{\"@type\":\"ImageObject\",\"inLanguage\":\"pt-BR\",\"@id\":\"https:\\\/\\\/aconteceunovale.com.br\\\/portal\\\/?p=190703#primaryimage\",\"url\":\"https:\\\/\\\/aconteceunovale.com.br\\\/portal\\\/wp-content\\\/uploads\\\/2021\\\/04\\\/lula_stf-1.jpg\",\"contentUrl\":\"https:\\\/\\\/aconteceunovale.com.br\\\/portal\\\/wp-content\\\/uploads\\\/2021\\\/04\\\/lula_stf-1.jpg\",\"width\":960,\"height\":638},{\"@type\":\"BreadcrumbList\",\"@id\":\"https:\\\/\\\/aconteceunovale.com.br\\\/portal\\\/?p=190703#breadcrumb\",\"itemListElement\":[{\"@type\":\"ListItem\",\"position\":1,\"name\":\"In\u00edcio\",\"item\":\"https:\\\/\\\/aconteceunovale.com.br\\\/portal\\\/\"},{\"@type\":\"ListItem\",\"position\":2,\"name\":\"Gilmar Mendes suspende a\u00e7\u00e3o que cobra cerca de 15 milh\u00f5es em impostos de Lula\"}]},{\"@type\":\"WebSite\",\"@id\":\"https:\\\/\\\/aconteceunovale.com.br\\\/portal\\\/#website\",\"url\":\"https:\\\/\\\/aconteceunovale.com.br\\\/portal\\\/\",\"name\":\"Aconteceu no Vale\",\"description\":\"Portal de Not\u00edcias\",\"potentialAction\":[{\"@type\":\"SearchAction\",\"target\":{\"@type\":\"EntryPoint\",\"urlTemplate\":\"https:\\\/\\\/aconteceunovale.com.br\\\/portal\\\/?s={search_term_string}\"},\"query-input\":{\"@type\":\"PropertyValueSpecification\",\"valueRequired\":true,\"valueName\":\"search_term_string\"}}],\"inLanguage\":\"pt-BR\"},{\"@type\":\"Person\",\"@id\":\"https:\\\/\\\/aconteceunovale.com.br\\\/portal\\\/#\\\/schema\\\/person\\\/7d2f26d1483f8a63de73da1ee0754d35\",\"name\":\"Reda\u00e7\u00e3o Aconteceu no Vale\",\"description\":\"Equipe de reportagem do Aconteceu no Vale, portal de not\u00edcias do Vale do Jequitinhonha, em Minas Gerais. Cobrimos as 51 cidades do Vale desde 2013. Sugest\u00f5es de pauta e pedidos de corre\u00e7\u00e3o: contato@aconteceunovale.com.br\",\"url\":\"https:\\\/\\\/aconteceunovale.com.br\\\/portal\\\/?author=4\"}]}<\/script>\n<!-- \/ Yoast SEO plugin. -->","yoast_head_json":{"title":"Gilmar Mendes suspende a\u00e7\u00e3o que cobra cerca de 15 milh\u00f5es em impostos de Lula - Aconteceu no Vale","robots":{"index":"index","follow":"follow","max-snippet":"max-snippet:-1","max-image-preview":"max-image-preview:large","max-video-preview":"max-video-preview:-1"},"canonical":"https:\/\/aconteceunovale.com.br\/portal\/?p=190703","og_locale":"pt_BR","og_type":"article","og_title":"Gilmar Mendes suspende a\u00e7\u00e3o que cobra cerca de 15 milh\u00f5es em impostos de Lula - Aconteceu no Vale","og_description":"O ministro Gilmar Mendes, do Supremo Tribunal Federal (STF), decidiu suspender a a\u00e7\u00e3o na qual a Procuradoria-Geral da Fazenda Nacional (PGFN) cobra na Justi\u00e7a cerca de R$ 15 milh\u00f5es em impostos do ex-presidente Luiz In\u00e1cio Lula da Silva. Na decis\u00e3o proferida ontem (27), Mendes atendeu ao pedido da defesa de Lula para suspender a a\u00e7\u00e3o [&hellip;]","og_url":"https:\/\/aconteceunovale.com.br\/portal\/?p=190703","og_site_name":"Aconteceu no Vale","article_publisher":"https:\/\/www.facebook.com\/aconteceunovale\/","article_published_time":"2022-09-28T19:30:51+00:00","article_modified_time":"2022-09-28T19:31:41+00:00","og_image":[{"width":960,"height":638,"url":"https:\/\/aconteceunovale.com.br\/portal\/wp-content\/uploads\/2021\/04\/lula_stf-1.jpg","type":"image\/jpeg"}],"author":"Reda\u00e7\u00e3o Aconteceu no Vale","twitter_card":"summary_large_image","twitter_creator":"@noticiadosvales","twitter_site":"@noticiadosvales","twitter_misc":{"Escrito por":"Reda\u00e7\u00e3o Aconteceu no Vale","Est. tempo de leitura":"1 minuto"},"schema":{"@context":"https:\/\/schema.org","@graph":[{"@type":"Article","@id":"https:\/\/aconteceunovale.com.br\/portal\/?p=190703#article","isPartOf":{"@id":"https:\/\/aconteceunovale.com.br\/portal\/?p=190703"},"author":{"name":"Reda\u00e7\u00e3o Aconteceu no Vale","@id":"https:\/\/aconteceunovale.com.br\/portal\/#\/schema\/person\/7d2f26d1483f8a63de73da1ee0754d35"},"headline":"Gilmar Mendes suspende a\u00e7\u00e3o que cobra cerca de 15 milh\u00f5es em impostos de Lula","datePublished":"2022-09-28T19:30:51+00:00","dateModified":"2022-09-28T19:31:41+00:00","mainEntityOfPage":{"@id":"https:\/\/aconteceunovale.com.br\/portal\/?p=190703"},"wordCount":226,"commentCount":0,"image":{"@id":"https:\/\/aconteceunovale.com.br\/portal\/?p=190703#primaryimage"},"thumbnailUrl":"https:\/\/aconteceunovale.com.br\/portal\/wp-content\/uploads\/2021\/04\/lula_stf-1.jpg","keywords":["Cobran\u00e7a de impostos de Lula","destaque","ex-presidente Lula","Gilmar Mendes","Gilmar Mendes suspende a\u00e7\u00e3o que cobra cerca de 15 milh\u00f5es em impostos de Lula","Justi\u00e7a Federal","Luiz In\u00e1cio Lula da Silva","Lula","PGFN","STF","Supremo Tribunal Federal","Vara Federal de Curitiba"],"articleSection":["Brasil","Pol\u00edtica"],"inLanguage":"pt-BR","potentialAction":[{"@type":"CommentAction","name":"Comment","target":["https:\/\/aconteceunovale.com.br\/portal\/?p=190703#respond"]}]},{"@type":"WebPage","@id":"https:\/\/aconteceunovale.com.br\/portal\/?p=190703","url":"https:\/\/aconteceunovale.com.br\/portal\/?p=190703","name":"Gilmar Mendes suspende a\u00e7\u00e3o que cobra cerca de 15 milh\u00f5es em impostos de Lula - Aconteceu no Vale","isPartOf":{"@id":"https:\/\/aconteceunovale.com.br\/portal\/#website"},"primaryImageOfPage":{"@id":"https:\/\/aconteceunovale.com.br\/portal\/?p=190703#primaryimage"},"image":{"@id":"https:\/\/aconteceunovale.com.br\/portal\/?p=190703#primaryimage"},"thumbnailUrl":"https:\/\/aconteceunovale.com.br\/portal\/wp-content\/uploads\/2021\/04\/lula_stf-1.jpg","datePublished":"2022-09-28T19:30:51+00:00","dateModified":"2022-09-28T19:31:41+00:00","author":{"@id":"https:\/\/aconteceunovale.com.br\/portal\/#\/schema\/person\/7d2f26d1483f8a63de73da1ee0754d35"},"breadcrumb":{"@id":"https:\/\/aconteceunovale.com.br\/portal\/?p=190703#breadcrumb"},"inLanguage":"pt-BR","potentialAction":[{"@type":"ReadAction","target":["https:\/\/aconteceunovale.com.br\/portal\/?p=190703"]}]},{"@type":"ImageObject","inLanguage":"pt-BR","@id":"https:\/\/aconteceunovale.com.br\/portal\/?p=190703#primaryimage","url":"https:\/\/aconteceunovale.com.br\/portal\/wp-content\/uploads\/2021\/04\/lula_stf-1.jpg","contentUrl":"https:\/\/aconteceunovale.com.br\/portal\/wp-content\/uploads\/2021\/04\/lula_stf-1.jpg","width":960,"height":638},{"@type":"BreadcrumbList","@id":"https:\/\/aconteceunovale.com.br\/portal\/?p=190703#breadcrumb","itemListElement":[{"@type":"ListItem","position":1,"name":"In\u00edcio","item":"https:\/\/aconteceunovale.com.br\/portal\/"},{"@type":"ListItem","position":2,"name":"Gilmar Mendes suspende a\u00e7\u00e3o que cobra cerca de 15 milh\u00f5es em impostos de Lula"}]},{"@type":"WebSite","@id":"https:\/\/aconteceunovale.com.br\/portal\/#website","url":"https:\/\/aconteceunovale.com.br\/portal\/","name":"Aconteceu no Vale","description":"Portal de Not\u00edcias","potentialAction":[{"@type":"SearchAction","target":{"@type":"EntryPoint","urlTemplate":"https:\/\/aconteceunovale.com.br\/portal\/?s={search_term_string}"},"query-input":{"@type":"PropertyValueSpecification","valueRequired":true,"valueName":"search_term_string"}}],"inLanguage":"pt-BR"},{"@type":"Person","@id":"https:\/\/aconteceunovale.com.br\/portal\/#\/schema\/person\/7d2f26d1483f8a63de73da1ee0754d35","name":"Reda\u00e7\u00e3o Aconteceu no Vale","description":"Equipe de reportagem do Aconteceu no Vale, portal de not\u00edcias do Vale do Jequitinhonha, em Minas Gerais. Cobrimos as 51 cidades do Vale desde 2013. Sugest\u00f5es de pauta e pedidos de corre\u00e7\u00e3o: contato@aconteceunovale.com.br","url":"https:\/\/aconteceunovale.com.br\/portal\/?author=4"}]}},"_links":{"self":[{"href":"https:\/\/aconteceunovale.com.br\/portal\/index.php?rest_route=\/wp\/v2\/posts\/190703","targetHints":{"allow":["GET"]}}],"collection":[{"href":"https:\/\/aconteceunovale.com.br\/portal\/index.php?rest_route=\/wp\/v2\/posts"}],"about":[{"href":"https:\/\/aconteceunovale.com.br\/portal\/index.php?rest_route=\/wp\/v2\/types\/post"}],"author":[{"embeddable":true,"href":"https:\/\/aconteceunovale.com.br\/portal\/index.php?rest_route=\/wp\/v2\/users\/4"}],"replies":[{"embeddable":true,"href":"https:\/\/aconteceunovale.com.br\/portal\/index.php?rest_route=%2Fwp%2Fv2%2Fcomments&post=190703"}],"version-history":[{"count":1,"href":"https:\/\/aconteceunovale.com.br\/portal\/index.php?rest_route=\/wp\/v2\/posts\/190703\/revisions"}],"predecessor-version":[{"id":190704,"href":"https:\/\/aconteceunovale.com.br\/portal\/index.php?rest_route=\/wp\/v2\/posts\/190703\/revisions\/190704"}],"wp:featuredmedia":[{"embeddable":true,"href":"https:\/\/aconteceunovale.com.br\/portal\/index.php?rest_route=\/wp\/v2\/media\/177304"}],"wp:attachment":[{"href":"https:\/\/aconteceunovale.com.br\/portal\/index.php?rest_route=%2Fwp%2Fv2%2Fmedia&parent=190703"}],"wp:term":[{"taxonomy":"category","embeddable":true,"href":"https:\/\/aconteceunovale.com.br\/portal\/index.php?rest_route=%2Fwp%2Fv2%2Fcategories&post=190703"},{"taxonomy":"post_tag","embeddable":true,"href":"https:\/\/aconteceunovale.com.br\/portal\/index.php?rest_route=%2Fwp%2Fv2%2Ftags&post=190703"}],"curies":[{"name":"wp","href":"https:\/\/api.w.org\/{rel}","templated":true}]}}