{"id":190684,"date":"2022-10-30T17:00:36","date_gmt":"2022-10-30T20:00:36","guid":{"rendered":"https:\/\/aconteceunovale.com.br\/portal\/?p=190684"},"modified":"2022-10-30T17:02:38","modified_gmt":"2022-10-30T20:02:38","slug":"eleicoes-2022-apuracao-em-tempo-real","status":"publish","type":"post","link":"https:\/\/aconteceunovale.com.br\/portal\/?p=190684","title":{"rendered":"Apura\u00e7\u00e3o em tempo real e resultados do 2\u00ba turno das Elei\u00e7\u00f5es 2022"},"content":{"rendered":"\n<script src=\"https:\/\/eleicoes2022.infocoweb.com.br\/plus\/script.js?uf=mg&amp;cargo=todos&amp;cor=FFCC29&amp;cor2=ED3237&amp;fundo=ED3237&amp;fundo2=FFF\"><\/script>\n","protected":false},"excerpt":{"rendered":"","protected":false},"author":4,"featured_media":190861,"comment_status":"open","ping_status":"closed","sticky":false,"template":"","format":"standard","meta":{"amp_status":"","footnotes":""},"categories":[6,249933],"tags":[181662,182709,181660,182710,181661,182711,263531,263532,263530,263533,263535,265582,4785,263512,182712,263579,263578,17379,17923,181668,182713,17380,182714,17651,263513,182715,181670,263514,182716,17545,182717,17548,263491,182719,182721,263492,17360,263515,182723,263493,17546,17921,263494,181759,17538,263495,182728,263496,17375,263516,182730,263497,17541,182726,263498,181767,17542,182732,182734,17459,182735,182733,1018,265527,265526,261746,718,252238,252244,263499,263536,265523,17377,261226,182737,17650,181699,263517,182738,263518,182739,263519,182740,263520,182741,17378,182742,181702,182743,17376,182744,181703,182745,263521,182746,263522,182747,263523,182748,263524,182749,263534,263525,263500,17374,181736,182751,263526,263527,263501,263502,263503,264572,265524,265525,181709,182755,181672,263504,182757,182760,263505,181678,263528,182762,263506,181682,182758,263507,181797,181684,263508,182767,263509,181689,263529,182769,263510,181693,182765,263511,181805,181695,182771,182773,181697,182774,182772,265508,181710,182775,181707,182776,181708,182777],"class_list":["post-190684","post","type-post","status-publish","format-standard","has-post-thumbnail","hentry","category-br","category-eleicoes-2022","tag-apuracao-das-eleicoes-em-minas-gerais","tag-apuracao-das-eleicoes-no-espirito-santo","tag-apuracao-dos-votos-em-minas-gerais","tag-apuracao-dos-votos-no-espirito-santo","tag-apuracao-dos-votos-para-deputado-em-minas-gerais","tag-apuracao-dos-votos-para-deputado-no-espirito-santo","tag-apuracao-em-tempo-real","tag-apuracao-em-tempo-real-da-eleicao-para-presidente","tag-apuracao-em-tempo-real-das-eleicoes-2022","tag-apuracao-em-tempo-real-das-eleicoes-no-brasil","tag-apuracao-em-tempo-real-e-resultados-das-eleicoes-2022","tag-apuracao-em-tempo-real-e-resultados-do-2o-turno-das-eleicoes-2022","tag-brasil","tag-cidade-dos-deputados-eleitos-em-minas-gerais","tag-cidade-dos-deputados-eleitos-no-espirito-santo","tag-cobertura-da-apuracao-dos-votos-eleicoes-2022","tag-cobertura-das-eleicoes-2022","tag-confira-a-lista-de-deputados-estaduais-eleitos-em-minas-gerais","tag-confira-a-lista-de-deputados-estaduais-eleitos-no-espirito-santo","tag-confira-a-lista-de-senadores-estaduais-eleitos-em-minas-gerais","tag-confira-a-lista-de-senadores-estaduais-eleitos-no-espirito-santo","tag-confira-a-lista-final-de-candidatos-a-deputado-estadual-eleitos-em-minas-gerais","tag-confira-a-lista-final-de-candidatos-a-deputado-estadual-eleitos-no-espirito-santo","tag-conhecer-os-deputados-eleitos","tag-conhecer-os-deputados-eleitos-em-minas-gerais","tag-conhecer-os-deputados-eleitos-no-espirito-santo","tag-conhecer-os-senadores-eleitos","tag-conhecer-os-senadores-eleitos-em-minas-gerais","tag-conhecer-os-senadores-eleitos-no-espirito-santo","tag-deputado-estadual-eleito-em-minas-gerais","tag-deputado-estadual-eleito-no-espirito-santo","tag-deputados-eleitos","tag-deputados-eleitos-2022-es","tag-deputados-eleitos-de-es","tag-deputados-eleitos-em-es","tag-deputados-eleitos-em-es-2022","tag-deputados-eleitos-em-minas-gerais","tag-deputados-eleitos-em-minas-gerais-2022","tag-deputados-eleitos-es","tag-deputados-eleitos-es-2022","tag-deputados-eleitos-minas","tag-deputados-eleitos-no-espirito-santo","tag-deputados-eleitos-no-espirito-santo-2022","tag-deputados-eleitos-rio-grande-do-sul","tag-deputados-estaduais-eleitos","tag-deputados-estaduais-eleitos-2022-es","tag-deputados-estaduais-eleitos-em-es","tag-deputados-estaduais-eleitos-em-es-2022","tag-deputados-estaduais-eleitos-em-minas-gerais","tag-deputados-estaduais-eleitos-em-minas-gerais-2022","tag-deputados-estaduais-eleitos-es","tag-deputados-estaduais-eleitos-es-2022","tag-deputados-estaduais-eleitos-minas","tag-deputados-estaduais-eleitos-no-espirito-santo","tag-deputados-estaduais-eleitos-no-espirito-santo-2022","tag-deputados-estaduais-eleitos-rio-grande-do-sul","tag-deputados-estadual-eleitos-em-minas-gerais","tag-deputados-estadual-eleitos-no-espirito-santo","tag-deputados-federais-eleitos-em-es","tag-deputados-federais-eleitos-em-minas-gerais","tag-deputados-federais-eleitos-es","tag-deputados-federais-eleitos-no-espirito-santo","tag-destaque","tag-eleicao-para-governador","tag-eleicao-para-presidente-da-republica","tag-eleicao-para-presidente-do-brasil","tag-eleicoes","tag-eleicoes-2022","tag-eleicoes-2022-em-minas-gerais","tag-eleicoes-2022-no-espirito-santo","tag-eleicoes-2022-apuracao-em-tempo-real-e-resultados","tag-eleicoes-brasileiras","tag-eleicoes-em-minas-gerais","tag-eleicoes-no-brasil","tag-eleicoes-no-espirito-santo","tag-historia-dos-deputados-eleitos","tag-historia-dos-senadores-eleitos","tag-historico-dos-deputados-estaduais-eleitos-em-minas-gerais","tag-historico-dos-deputados-estaduais-eleitos-no-espirito-santo","tag-historico-dos-senadores-estaduais-eleitos-em-minas-gerais","tag-historico-dos-senadores-estaduais-eleitos-no-espirito-santo","tag-informacoes-sobre-os-deputados-eleitos-em-minas-gerais","tag-informacoes-sobre-os-deputados-eleitos-no-espirito-santo","tag-informacoes-sobre-os-senadores-eleitos-em-minas-gerais","tag-informacoes-sobre-os-senadores-eleitos-no-espirito-santo","tag-lista-de-deputados-estaduais-eleitos-em-minas-gerais","tag-lista-de-deputados-estaduais-eleitos-no-espirito-santo","tag-lista-de-senadores-estaduais-eleitos-em-minas-gerais","tag-lista-de-senadores-estaduais-eleitos-no-espirito-santo","tag-nomes-dos-deputados-eleitos-em-minas-gerais","tag-nomes-dos-deputados-eleitos-no-espirito-santo","tag-nomes-dos-senadores-eleitos-em-minas-gerais","tag-nomes-dos-senadores-eleitos-no-espirito-santo","tag-origem-dos-deputados-eleitos-em-minas-gerais","tag-origem-dos-deputados-eleitos-no-espirito-santo","tag-origem-dos-senadores-eleitos-em-minas-gerais","tag-origem-dos-senadores-eleitos-no-espirito-santo","tag-perfil-dos-deputados-eleitos-em-minas-gerais","tag-perfil-dos-deputados-eleitos-no-espirito-santo","tag-perfil-dos-senadores-eleitos-em-minas-gerais","tag-perfil-dos-senadores-eleitos-no-espirito-santo","tag-resultado-das-eleicoes-2022","tag-resultado-das-eleicoes-2022-em-minas-gerais","tag-resultado-das-eleicoes-2022-no-espirito-santo","tag-resultado-das-eleicoes-em-minas-gerais","tag-resultado-das-eleicoes-no-brasil","tag-resultado-das-eleicoes-no-espirito-santo","tag-resultado-eleicoes-2022-em-minas-gerais-cidade-dos-senadores-eleitos-em-minas-gerais","tag-resultado-eleicoes-2022-em-minas-gerais-governador-eleito-em-minas-gerais","tag-resultado-eleicoes-2022-es","tag-resultado-eleicoes-2022-no-espirito-santo-cidade-dos-senadores-eleitos-no-espirito-santo","tag-resultado-eleicoes-2022-no-espirito-santo-governador-eleito-no-espirito-santo","tag-segundo-turno-das-eleicoes-2022","tag-segundo-turno-das-eleicoes-brasileiras","tag-segundo-turno-no-brasil","tag-senador-eleito-em-minas-gerais","tag-senador-eleito-no-espirito-santo","tag-senadores-eleitos","tag-senadores-eleitos-2022-es","tag-senadores-eleitos-de-es","tag-senadores-eleitos-em-es","tag-senadores-eleitos-em-es-2022","tag-senadores-eleitos-em-minas-gerais","tag-senadores-eleitos-em-minas-gerais-2022","tag-senadores-eleitos-es","tag-senadores-eleitos-es-2022","tag-senadores-eleitos-minas","tag-senadores-eleitos-no-espirito-santo","tag-senadores-eleitos-no-espirito-santo-2022","tag-senadores-eleitos-rio-grande-do-sul","tag-senadores-estaduais-eleitos","tag-senadores-estaduais-eleitos-2022-es","tag-senadores-estaduais-eleitos-em-es","tag-senadores-estaduais-eleitos-em-es-2022","tag-senadores-estaduais-eleitos-em-minas-gerais","tag-senadores-estaduais-eleitos-em-minas-gerais-2022","tag-senadores-estaduais-eleitos-es","tag-senadores-estaduais-eleitos-es-2022","tag-senadores-estaduais-eleitos-minas","tag-senadores-estaduais-eleitos-no-espirito-santo","tag-senadores-estaduais-eleitos-no-espirito-santo-2022","tag-senadores-estaduais-eleitos-rio-grande-do-sul","tag-senadores-estadual-eleitos-em-minas-gerais","tag-senadores-estadual-eleitos-no-espirito-santo","tag-senadores-federais-eleitos-em-es","tag-senadores-federais-eleitos-em-minas-gerais","tag-senadores-federais-eleitos-es","tag-senadores-federais-eleitos-no-espirito-santo","tag-votacao-eleicoes-2022","tag-votacao-para-deputado-em-minas-gerais","tag-votacao-para-deputado-no-espirito-santo","tag-votacao-para-governador-em-minas-gerais","tag-votacao-para-governador-no-espirito-santo","tag-votacao-para-senador-em-minas-gerais","tag-votacao-para-senador-no-espirito-santo"],"yoast_head":"<!-- This site is optimized with the Yoast SEO plugin v28.3 - https:\/\/yoast.com\/product\/yoast-seo-wordpress\/ -->\n<title>Apura\u00e7\u00e3o em tempo real e resultados do 2\u00ba turno das Elei\u00e7\u00f5es 2022 - Aconteceu no Vale<\/title>\n<meta name=\"robots\" content=\"index, follow, max-snippet:-1, max-image-preview:large, max-video-preview:-1\" \/>\n<link rel=\"canonical\" href=\"https:\/\/aconteceunovale.com.br\/portal\/?p=190684\" \/>\n<meta property=\"og:locale\" content=\"pt_BR\" \/>\n<meta property=\"og:type\" content=\"article\" \/>\n<meta property=\"og:title\" content=\"Apura\u00e7\u00e3o em tempo real e resultados do 2\u00ba turno das Elei\u00e7\u00f5es 2022 - Aconteceu no Vale\" \/>\n<meta property=\"og:url\" content=\"https:\/\/aconteceunovale.com.br\/portal\/?p=190684\" \/>\n<meta property=\"og:site_name\" content=\"Aconteceu no Vale\" \/>\n<meta property=\"article:publisher\" content=\"https:\/\/www.facebook.com\/aconteceunovale\/\" \/>\n<meta property=\"article:published_time\" content=\"2022-10-30T20:00:36+00:00\" \/>\n<meta property=\"article:modified_time\" content=\"2022-10-30T20:02:38+00:00\" \/>\n<meta property=\"og:image\" content=\"https:\/\/aconteceunovale.com.br\/portal\/wp-content\/uploads\/2022\/10\/card_eleicoes_2022_grande-1.png\" \/>\n\t<meta property=\"og:image:width\" content=\"636\" \/>\n\t<meta property=\"og:image:height\" content=\"450\" \/>\n\t<meta property=\"og:image:type\" content=\"image\/png\" \/>\n<meta name=\"author\" content=\"Reda\u00e7\u00e3o Aconteceu no Vale\" \/>\n<meta name=\"twitter:card\" content=\"summary_large_image\" \/>\n<meta name=\"twitter:creator\" content=\"@noticiadosvales\" \/>\n<meta name=\"twitter:site\" content=\"@noticiadosvales\" \/>\n<meta name=\"twitter:label1\" content=\"Escrito por\" \/>\n\t<meta name=\"twitter:data1\" content=\"Reda\u00e7\u00e3o Aconteceu no Vale\" \/>\n<script type=\"application\/ld+json\" class=\"yoast-schema-graph\">{\"@context\":\"https:\\\/\\\/schema.org\",\"@graph\":[{\"@type\":\"Article\",\"@id\":\"https:\\\/\\\/aconteceunovale.com.br\\\/portal\\\/?p=190684#article\",\"isPartOf\":{\"@id\":\"https:\\\/\\\/aconteceunovale.com.br\\\/portal\\\/?p=190684\"},\"author\":{\"name\":\"Reda\u00e7\u00e3o Aconteceu no Vale\",\"@id\":\"https:\\\/\\\/aconteceunovale.com.br\\\/portal\\\/#\\\/schema\\\/person\\\/7d2f26d1483f8a63de73da1ee0754d35\"},\"headline\":\"Apura\u00e7\u00e3o em tempo real e resultados do 2\u00ba turno das Elei\u00e7\u00f5es 2022\",\"datePublished\":\"2022-10-30T20:00:36+00:00\",\"dateModified\":\"2022-10-30T20:02:38+00:00\",\"mainEntityOfPage\":{\"@id\":\"https:\\\/\\\/aconteceunovale.com.br\\\/portal\\\/?p=190684\"},\"wordCount\":12,\"commentCount\":0,\"image\":{\"@id\":\"https:\\\/\\\/aconteceunovale.com.br\\\/portal\\\/?p=190684#primaryimage\"},\"thumbnailUrl\":\"https:\\\/\\\/aconteceunovale.com.br\\\/portal\\\/wp-content\\\/uploads\\\/2022\\\/10\\\/card_eleicoes_2022_grande-1.png\",\"keywords\":[\"Apura\u00e7\u00e3o das elei\u00e7\u00f5es em Minas Gerais\",\"Apura\u00e7\u00e3o das elei\u00e7\u00f5es no Esp\u00edrito Santo\",\"apura\u00e7\u00e3o dos votos em Minas Gerais\",\"apura\u00e7\u00e3o dos votos no Esp\u00edrito Santo\",\"Apura\u00e7\u00e3o dos votos para deputado em Minas Gerais\",\"Apura\u00e7\u00e3o dos votos para deputado no Esp\u00edrito Santo\",\"Apura\u00e7\u00e3o em tempo real\",\"Apura\u00e7\u00e3o em tempo real da elei\u00e7\u00e3o para presidente\",\"Apura\u00e7\u00e3o em tempo real das elei\u00e7\u00f5es 2022\",\"Apura\u00e7\u00e3o em tempo real das elei\u00e7\u00f5es no Brasil\",\"Apura\u00e7\u00e3o em tempo real e resultados das elei\u00e7\u00f5es 2022\",\"Apura\u00e7\u00e3o em tempo real e resultados do 2\u00ba turno das Elei\u00e7\u00f5es 2022\",\"brasil\",\"cidade dos deputados eleitos em Minas Gerais\",\"cidade dos deputados eleitos no Esp\u00edrito Santo\",\"Cobertura da apura\u00e7\u00e3o dos votos elei\u00e7\u00f5es 2022\",\"Cobertura das Elei\u00e7\u00f5es 2022\",\"Confira a lista de deputados estaduais eleitos em Minas Gerais\",\"Confira a lista de deputados estaduais eleitos no Esp\u00edrito Santo\",\"Confira a lista de senadores estaduais eleitos em Minas Gerais\",\"Confira a lista de senadores estaduais eleitos no Esp\u00edrito Santo\",\"Confira a lista final de candidatos a deputado estadual eleitos em Minas Gerais\",\"Confira a lista final de candidatos a deputado estadual eleitos no Esp\u00edrito Santo\",\"conhecer os deputados eleitos\",\"conhecer os deputados eleitos em Minas Gerais\",\"conhecer os deputados eleitos no Esp\u00edrito Santo\",\"conhecer os senadores eleitos\",\"conhecer os senadores eleitos em Minas Gerais\",\"conhecer os senadores eleitos no Esp\u00edrito Santo\",\"deputado estadual eleito em minas gerais\",\"deputado estadual eleito no Esp\u00edrito Santo\",\"deputados eleitos\",\"deputados eleitos 2022 es\",\"deputados eleitos de es\",\"deputados eleitos em es\",\"deputados eleitos em es 2022\",\"deputados eleitos em minas gerais\",\"deputados eleitos em Minas Gerais 2022\",\"deputados eleitos es\",\"deputados eleitos es 2022\",\"deputados eleitos minas\",\"deputados eleitos no Esp\u00edrito Santo\",\"deputados eleitos no Esp\u00edrito Santo 2022\",\"deputados eleitos rio grande do sul\",\"deputados estaduais eleitos\",\"deputados estaduais eleitos 2022 es\",\"deputados estaduais eleitos em es\",\"deputados estaduais eleitos em es 2022\",\"deputados estaduais eleitos em minas gerais\",\"deputados estaduais eleitos em Minas Gerais 2022\",\"deputados estaduais eleitos es\",\"deputados estaduais eleitos es 2022\",\"deputados estaduais eleitos minas\",\"deputados estaduais eleitos no Esp\u00edrito Santo\",\"deputados estaduais eleitos no Esp\u00edrito Santo 2022\",\"deputados estaduais eleitos rio grande do sul\",\"deputados estadual eleitos em minas gerais\",\"deputados estadual eleitos no Esp\u00edrito Santo\",\"deputados federais eleitos em es\",\"deputados federais eleitos em minas gerais\",\"deputados federais eleitos es\",\"deputados federais eleitos no Esp\u00edrito Santo\",\"destaque\",\"Elei\u00e7\u00e3o para governador\",\"Elei\u00e7\u00e3o para presidente da Rep\u00fablica\",\"Elei\u00e7\u00e3o para presidente do Brasil\",\"Elei\u00e7\u00f5es\",\"Elei\u00e7\u00f5es 2022\",\"Elei\u00e7\u00f5es 2022 em Minas Gerais\",\"elei\u00e7\u00f5es 2022 no Esp\u00edrito Santo\",\"Elei\u00e7\u00f5es 2022: apura\u00e7\u00e3o em tempo real e resultados\",\"Elei\u00e7\u00f5es brasileiras\",\"elei\u00e7\u00f5es em minas gerais\",\"Elei\u00e7\u00f5es no Brasil\",\"elei\u00e7\u00f5es no Esp\u00edrito Santo\",\"hist\u00f3ria dos deputados eleitos\",\"hist\u00f3ria dos senadores eleitos\",\"hist\u00f3rico dos deputados estaduais eleitos em Minas Gerais\",\"hist\u00f3rico dos deputados estaduais eleitos no Esp\u00edrito Santo\",\"hist\u00f3rico dos senadores estaduais eleitos em Minas Gerais\",\"hist\u00f3rico dos senadores estaduais eleitos no Esp\u00edrito Santo\",\"informa\u00e7\u00f5es sobre os deputados eleitos em Minas Gerais\",\"informa\u00e7\u00f5es sobre os deputados eleitos no Esp\u00edrito Santo\",\"informa\u00e7\u00f5es sobre os senadores eleitos em Minas Gerais\",\"informa\u00e7\u00f5es sobre os senadores eleitos no Esp\u00edrito Santo\",\"lista de deputados estaduais eleitos em minas gerais\",\"lista de deputados estaduais eleitos no Esp\u00edrito Santo\",\"lista de senadores estaduais eleitos em minas gerais\",\"lista de senadores estaduais eleitos no Esp\u00edrito Santo\",\"nomes dos deputados eleitos em minas gerais\",\"nomes dos deputados eleitos no Esp\u00edrito Santo\",\"nomes dos senadores eleitos em minas gerais\",\"nomes dos senadores eleitos no Esp\u00edrito Santo\",\"origem dos deputados eleitos em Minas Gerais\",\"origem dos deputados eleitos no Esp\u00edrito Santo\",\"origem dos senadores eleitos em Minas Gerais\",\"origem dos senadores eleitos no Esp\u00edrito Santo\",\"perfil dos deputados eleitos em Minas Gerais\",\"perfil dos deputados eleitos no Esp\u00edrito Santo\",\"perfil dos senadores eleitos em Minas Gerais\",\"perfil dos senadores eleitos no Esp\u00edrito Santo\",\"Resultado das elei\u00e7\u00f5es 2022\",\"Resultado das elei\u00e7\u00f5es 2022 em Minas Gerais\",\"Resultado das elei\u00e7\u00f5es 2022 no Esp\u00edrito Santo\",\"resultado das elei\u00e7\u00f5es em minas gerais\",\"Resultado das elei\u00e7\u00f5es no Brasil\",\"resultado das elei\u00e7\u00f5es no Esp\u00edrito Santo\",\"resultado elei\u00e7\u00f5es 2022 em Minas Gerais cidade dos senadores eleitos em Minas Gerais\",\"resultado elei\u00e7\u00f5es 2022 em Minas Gerais Governador eleito em Minas Gerais\",\"resultado elei\u00e7\u00f5es 2022 es\",\"resultado elei\u00e7\u00f5es 2022 no Esp\u00edrito Santo cidade dos senadores eleitos no Esp\u00edrito Santo\",\"resultado elei\u00e7\u00f5es 2022 no Esp\u00edrito Santo Governador eleito no Esp\u00edrito Santo\",\"Segundo turno das elei\u00e7\u00f5es 2022\",\"Segundo turno das elei\u00e7\u00f5es brasileiras\",\"Segundo turno no Brasil\",\"senador eleito em minas gerais\",\"senador eleito no Esp\u00edrito Santo\",\"senadores eleitos\",\"senadores eleitos 2022 es\",\"senadores eleitos de es\",\"senadores eleitos em es\",\"senadores eleitos em es 2022\",\"senadores eleitos em minas gerais\",\"senadores eleitos em Minas Gerais 2022\",\"senadores eleitos es\",\"senadores eleitos es 2022\",\"senadores eleitos minas\",\"senadores eleitos no Esp\u00edrito Santo\",\"senadores eleitos no Esp\u00edrito Santo 2022\",\"senadores eleitos rio grande do sul\",\"senadores estaduais eleitos\",\"senadores estaduais eleitos 2022 es\",\"senadores estaduais eleitos em es\",\"senadores estaduais eleitos em es 2022\",\"senadores estaduais eleitos em minas gerais\",\"senadores estaduais eleitos em Minas Gerais 2022\",\"senadores estaduais eleitos es\",\"senadores estaduais eleitos es 2022\",\"senadores estaduais eleitos minas\",\"senadores estaduais eleitos no Esp\u00edrito Santo\",\"senadores estaduais eleitos no Esp\u00edrito Santo 2022\",\"senadores estaduais eleitos rio grande do sul\",\"senadores estadual eleitos em minas gerais\",\"senadores estadual eleitos no Esp\u00edrito Santo\",\"senadores federais eleitos em es\",\"senadores federais eleitos em minas gerais\",\"senadores federais eleitos es\",\"senadores federais eleitos no Esp\u00edrito Santo\",\"Vota\u00e7\u00e3o elei\u00e7\u00f5es 2022\",\"vota\u00e7\u00e3o para deputado em minas gerais\",\"vota\u00e7\u00e3o para deputado no Esp\u00edrito Santo\",\"vota\u00e7\u00e3o para governador em minas gerais\",\"vota\u00e7\u00e3o para governador no Esp\u00edrito Santo\",\"vota\u00e7\u00e3o para senador em minas gerais\",\"vota\u00e7\u00e3o para senador no Esp\u00edrito Santo\"],\"articleSection\":[\"Brasil\",\"Elei\u00e7\u00f5es 2022\"],\"inLanguage\":\"pt-BR\",\"potentialAction\":[{\"@type\":\"CommentAction\",\"name\":\"Comment\",\"target\":[\"https:\\\/\\\/aconteceunovale.com.br\\\/portal\\\/?p=190684#respond\"]}]},{\"@type\":\"WebPage\",\"@id\":\"https:\\\/\\\/aconteceunovale.com.br\\\/portal\\\/?p=190684\",\"url\":\"https:\\\/\\\/aconteceunovale.com.br\\\/portal\\\/?p=190684\",\"name\":\"Apura\u00e7\u00e3o em tempo real e resultados do 2\u00ba turno das Elei\u00e7\u00f5es 2022 - Aconteceu no Vale\",\"isPartOf\":{\"@id\":\"https:\\\/\\\/aconteceunovale.com.br\\\/portal\\\/#website\"},\"primaryImageOfPage\":{\"@id\":\"https:\\\/\\\/aconteceunovale.com.br\\\/portal\\\/?p=190684#primaryimage\"},\"image\":{\"@id\":\"https:\\\/\\\/aconteceunovale.com.br\\\/portal\\\/?p=190684#primaryimage\"},\"thumbnailUrl\":\"https:\\\/\\\/aconteceunovale.com.br\\\/portal\\\/wp-content\\\/uploads\\\/2022\\\/10\\\/card_eleicoes_2022_grande-1.png\",\"datePublished\":\"2022-10-30T20:00:36+00:00\",\"dateModified\":\"2022-10-30T20:02:38+00:00\",\"author\":{\"@id\":\"https:\\\/\\\/aconteceunovale.com.br\\\/portal\\\/#\\\/schema\\\/person\\\/7d2f26d1483f8a63de73da1ee0754d35\"},\"breadcrumb\":{\"@id\":\"https:\\\/\\\/aconteceunovale.com.br\\\/portal\\\/?p=190684#breadcrumb\"},\"inLanguage\":\"pt-BR\",\"potentialAction\":[{\"@type\":\"ReadAction\",\"target\":[\"https:\\\/\\\/aconteceunovale.com.br\\\/portal\\\/?p=190684\"]}]},{\"@type\":\"ImageObject\",\"inLanguage\":\"pt-BR\",\"@id\":\"https:\\\/\\\/aconteceunovale.com.br\\\/portal\\\/?p=190684#primaryimage\",\"url\":\"https:\\\/\\\/aconteceunovale.com.br\\\/portal\\\/wp-content\\\/uploads\\\/2022\\\/10\\\/card_eleicoes_2022_grande-1.png\",\"contentUrl\":\"https:\\\/\\\/aconteceunovale.com.br\\\/portal\\\/wp-content\\\/uploads\\\/2022\\\/10\\\/card_eleicoes_2022_grande-1.png\",\"width\":636,\"height\":450},{\"@type\":\"BreadcrumbList\",\"@id\":\"https:\\\/\\\/aconteceunovale.com.br\\\/portal\\\/?p=190684#breadcrumb\",\"itemListElement\":[{\"@type\":\"ListItem\",\"position\":1,\"name\":\"In\u00edcio\",\"item\":\"https:\\\/\\\/aconteceunovale.com.br\\\/portal\\\/\"},{\"@type\":\"ListItem\",\"position\":2,\"name\":\"Apura\u00e7\u00e3o em tempo real e resultados do 2\u00ba turno das Elei\u00e7\u00f5es 2022\"}]},{\"@type\":\"WebSite\",\"@id\":\"https:\\\/\\\/aconteceunovale.com.br\\\/portal\\\/#website\",\"url\":\"https:\\\/\\\/aconteceunovale.com.br\\\/portal\\\/\",\"name\":\"Aconteceu no Vale\",\"description\":\"Portal de Not\u00edcias\",\"potentialAction\":[{\"@type\":\"SearchAction\",\"target\":{\"@type\":\"EntryPoint\",\"urlTemplate\":\"https:\\\/\\\/aconteceunovale.com.br\\\/portal\\\/?s={search_term_string}\"},\"query-input\":{\"@type\":\"PropertyValueSpecification\",\"valueRequired\":true,\"valueName\":\"search_term_string\"}}],\"inLanguage\":\"pt-BR\"},{\"@type\":\"Person\",\"@id\":\"https:\\\/\\\/aconteceunovale.com.br\\\/portal\\\/#\\\/schema\\\/person\\\/7d2f26d1483f8a63de73da1ee0754d35\",\"name\":\"Reda\u00e7\u00e3o Aconteceu no Vale\",\"description\":\"Equipe de reportagem do Aconteceu no Vale, portal de not\u00edcias do Vale do Jequitinhonha, em Minas Gerais. Cobrimos as 51 cidades do Vale desde 2013. Sugest\u00f5es de pauta e pedidos de corre\u00e7\u00e3o: contato@aconteceunovale.com.br\",\"url\":\"https:\\\/\\\/aconteceunovale.com.br\\\/portal\\\/?author=4\"}]}<\/script>\n<!-- \/ Yoast SEO plugin. -->","yoast_head_json":{"title":"Apura\u00e7\u00e3o em tempo real e resultados do 2\u00ba turno das Elei\u00e7\u00f5es 2022 - Aconteceu no Vale","robots":{"index":"index","follow":"follow","max-snippet":"max-snippet:-1","max-image-preview":"max-image-preview:large","max-video-preview":"max-video-preview:-1"},"canonical":"https:\/\/aconteceunovale.com.br\/portal\/?p=190684","og_locale":"pt_BR","og_type":"article","og_title":"Apura\u00e7\u00e3o em tempo real e resultados do 2\u00ba turno das Elei\u00e7\u00f5es 2022 - Aconteceu no Vale","og_url":"https:\/\/aconteceunovale.com.br\/portal\/?p=190684","og_site_name":"Aconteceu no Vale","article_publisher":"https:\/\/www.facebook.com\/aconteceunovale\/","article_published_time":"2022-10-30T20:00:36+00:00","article_modified_time":"2022-10-30T20:02:38+00:00","og_image":[{"width":636,"height":450,"url":"https:\/\/aconteceunovale.com.br\/portal\/wp-content\/uploads\/2022\/10\/card_eleicoes_2022_grande-1.png","type":"image\/png"}],"author":"Reda\u00e7\u00e3o Aconteceu no Vale","twitter_card":"summary_large_image","twitter_creator":"@noticiadosvales","twitter_site":"@noticiadosvales","twitter_misc":{"Escrito por":"Reda\u00e7\u00e3o Aconteceu no Vale"},"schema":{"@context":"https:\/\/schema.org","@graph":[{"@type":"Article","@id":"https:\/\/aconteceunovale.com.br\/portal\/?p=190684#article","isPartOf":{"@id":"https:\/\/aconteceunovale.com.br\/portal\/?p=190684"},"author":{"name":"Reda\u00e7\u00e3o Aconteceu no Vale","@id":"https:\/\/aconteceunovale.com.br\/portal\/#\/schema\/person\/7d2f26d1483f8a63de73da1ee0754d35"},"headline":"Apura\u00e7\u00e3o em tempo real e resultados do 2\u00ba turno das Elei\u00e7\u00f5es 2022","datePublished":"2022-10-30T20:00:36+00:00","dateModified":"2022-10-30T20:02:38+00:00","mainEntityOfPage":{"@id":"https:\/\/aconteceunovale.com.br\/portal\/?p=190684"},"wordCount":12,"commentCount":0,"image":{"@id":"https:\/\/aconteceunovale.com.br\/portal\/?p=190684#primaryimage"},"thumbnailUrl":"https:\/\/aconteceunovale.com.br\/portal\/wp-content\/uploads\/2022\/10\/card_eleicoes_2022_grande-1.png","keywords":["Apura\u00e7\u00e3o das elei\u00e7\u00f5es em Minas Gerais","Apura\u00e7\u00e3o das elei\u00e7\u00f5es no Esp\u00edrito Santo","apura\u00e7\u00e3o dos votos em Minas Gerais","apura\u00e7\u00e3o dos votos no Esp\u00edrito Santo","Apura\u00e7\u00e3o dos votos para deputado em Minas Gerais","Apura\u00e7\u00e3o dos votos para deputado no Esp\u00edrito Santo","Apura\u00e7\u00e3o em tempo real","Apura\u00e7\u00e3o em tempo real da elei\u00e7\u00e3o para presidente","Apura\u00e7\u00e3o em tempo real das elei\u00e7\u00f5es 2022","Apura\u00e7\u00e3o em tempo real das elei\u00e7\u00f5es no Brasil","Apura\u00e7\u00e3o em tempo real e resultados das elei\u00e7\u00f5es 2022","Apura\u00e7\u00e3o em tempo real e resultados do 2\u00ba turno das Elei\u00e7\u00f5es 2022","brasil","cidade dos deputados eleitos em Minas Gerais","cidade dos deputados eleitos no Esp\u00edrito Santo","Cobertura da apura\u00e7\u00e3o dos votos elei\u00e7\u00f5es 2022","Cobertura das Elei\u00e7\u00f5es 2022","Confira a lista de deputados estaduais eleitos em Minas Gerais","Confira a lista de deputados estaduais eleitos no Esp\u00edrito Santo","Confira a lista de senadores estaduais eleitos em Minas Gerais","Confira a lista de senadores estaduais eleitos no Esp\u00edrito Santo","Confira a lista final de candidatos a deputado estadual eleitos em Minas Gerais","Confira a lista final de candidatos a deputado estadual eleitos no Esp\u00edrito Santo","conhecer os deputados eleitos","conhecer os deputados eleitos em Minas Gerais","conhecer os deputados eleitos no Esp\u00edrito Santo","conhecer os senadores eleitos","conhecer os senadores eleitos em Minas Gerais","conhecer os senadores eleitos no Esp\u00edrito Santo","deputado estadual eleito em minas gerais","deputado estadual eleito no Esp\u00edrito Santo","deputados eleitos","deputados eleitos 2022 es","deputados eleitos de es","deputados eleitos em es","deputados eleitos em es 2022","deputados eleitos em minas gerais","deputados eleitos em Minas Gerais 2022","deputados eleitos es","deputados eleitos es 2022","deputados eleitos minas","deputados eleitos no Esp\u00edrito Santo","deputados eleitos no Esp\u00edrito Santo 2022","deputados eleitos rio grande do sul","deputados estaduais eleitos","deputados estaduais eleitos 2022 es","deputados estaduais eleitos em es","deputados estaduais eleitos em es 2022","deputados estaduais eleitos em minas gerais","deputados estaduais eleitos em Minas Gerais 2022","deputados estaduais eleitos es","deputados estaduais eleitos es 2022","deputados estaduais eleitos minas","deputados estaduais eleitos no Esp\u00edrito Santo","deputados estaduais eleitos no Esp\u00edrito Santo 2022","deputados estaduais eleitos rio grande do sul","deputados estadual eleitos em minas gerais","deputados estadual eleitos no Esp\u00edrito Santo","deputados federais eleitos em es","deputados federais eleitos em minas gerais","deputados federais eleitos es","deputados federais eleitos no Esp\u00edrito Santo","destaque","Elei\u00e7\u00e3o para governador","Elei\u00e7\u00e3o para presidente da Rep\u00fablica","Elei\u00e7\u00e3o para presidente do Brasil","Elei\u00e7\u00f5es","Elei\u00e7\u00f5es 2022","Elei\u00e7\u00f5es 2022 em Minas Gerais","elei\u00e7\u00f5es 2022 no Esp\u00edrito Santo","Elei\u00e7\u00f5es 2022: apura\u00e7\u00e3o em tempo real e resultados","Elei\u00e7\u00f5es brasileiras","elei\u00e7\u00f5es em minas gerais","Elei\u00e7\u00f5es no Brasil","elei\u00e7\u00f5es no Esp\u00edrito Santo","hist\u00f3ria dos deputados eleitos","hist\u00f3ria dos senadores eleitos","hist\u00f3rico dos deputados estaduais eleitos em Minas Gerais","hist\u00f3rico dos deputados estaduais eleitos no Esp\u00edrito Santo","hist\u00f3rico dos senadores estaduais eleitos em Minas Gerais","hist\u00f3rico dos senadores estaduais eleitos no Esp\u00edrito Santo","informa\u00e7\u00f5es sobre os deputados eleitos em Minas Gerais","informa\u00e7\u00f5es sobre os deputados eleitos no Esp\u00edrito Santo","informa\u00e7\u00f5es sobre os senadores eleitos em Minas Gerais","informa\u00e7\u00f5es sobre os senadores eleitos no Esp\u00edrito Santo","lista de deputados estaduais eleitos em minas gerais","lista de deputados estaduais eleitos no Esp\u00edrito Santo","lista de senadores estaduais eleitos em minas gerais","lista de senadores estaduais eleitos no Esp\u00edrito Santo","nomes dos deputados eleitos em minas gerais","nomes dos deputados eleitos no Esp\u00edrito Santo","nomes dos senadores eleitos em minas gerais","nomes dos senadores eleitos no Esp\u00edrito Santo","origem dos deputados eleitos em Minas Gerais","origem dos deputados eleitos no Esp\u00edrito Santo","origem dos senadores eleitos em Minas Gerais","origem dos senadores eleitos no Esp\u00edrito Santo","perfil dos deputados eleitos em Minas Gerais","perfil dos deputados eleitos no Esp\u00edrito Santo","perfil dos senadores eleitos em Minas Gerais","perfil dos senadores eleitos no Esp\u00edrito Santo","Resultado das elei\u00e7\u00f5es 2022","Resultado das elei\u00e7\u00f5es 2022 em Minas Gerais","Resultado das elei\u00e7\u00f5es 2022 no Esp\u00edrito Santo","resultado das elei\u00e7\u00f5es em minas gerais","Resultado das elei\u00e7\u00f5es no Brasil","resultado das elei\u00e7\u00f5es no Esp\u00edrito Santo","resultado elei\u00e7\u00f5es 2022 em Minas Gerais cidade dos senadores eleitos em Minas Gerais","resultado elei\u00e7\u00f5es 2022 em Minas Gerais Governador eleito em Minas Gerais","resultado elei\u00e7\u00f5es 2022 es","resultado elei\u00e7\u00f5es 2022 no Esp\u00edrito Santo cidade dos senadores eleitos no Esp\u00edrito Santo","resultado elei\u00e7\u00f5es 2022 no Esp\u00edrito Santo Governador eleito no Esp\u00edrito Santo","Segundo turno das elei\u00e7\u00f5es 2022","Segundo turno das elei\u00e7\u00f5es brasileiras","Segundo turno no Brasil","senador eleito em minas gerais","senador eleito no Esp\u00edrito Santo","senadores eleitos","senadores eleitos 2022 es","senadores eleitos de es","senadores eleitos em es","senadores eleitos em es 2022","senadores eleitos em minas gerais","senadores eleitos em Minas Gerais 2022","senadores eleitos es","senadores eleitos es 2022","senadores eleitos minas","senadores eleitos no Esp\u00edrito Santo","senadores eleitos no Esp\u00edrito Santo 2022","senadores eleitos rio grande do sul","senadores estaduais eleitos","senadores estaduais eleitos 2022 es","senadores estaduais eleitos em es","senadores estaduais eleitos em es 2022","senadores estaduais eleitos em minas gerais","senadores estaduais eleitos em Minas Gerais 2022","senadores estaduais eleitos es","senadores estaduais eleitos es 2022","senadores estaduais eleitos minas","senadores estaduais eleitos no Esp\u00edrito Santo","senadores estaduais eleitos no Esp\u00edrito Santo 2022","senadores estaduais eleitos rio grande do sul","senadores estadual eleitos em minas gerais","senadores estadual eleitos no Esp\u00edrito Santo","senadores federais eleitos em es","senadores federais eleitos em minas gerais","senadores federais eleitos es","senadores federais eleitos no Esp\u00edrito Santo","Vota\u00e7\u00e3o elei\u00e7\u00f5es 2022","vota\u00e7\u00e3o para deputado em minas gerais","vota\u00e7\u00e3o para deputado no Esp\u00edrito Santo","vota\u00e7\u00e3o para governador em minas gerais","vota\u00e7\u00e3o para governador no Esp\u00edrito Santo","vota\u00e7\u00e3o para senador em minas gerais","vota\u00e7\u00e3o para senador no Esp\u00edrito Santo"],"articleSection":["Brasil","Elei\u00e7\u00f5es 2022"],"inLanguage":"pt-BR","potentialAction":[{"@type":"CommentAction","name":"Comment","target":["https:\/\/aconteceunovale.com.br\/portal\/?p=190684#respond"]}]},{"@type":"WebPage","@id":"https:\/\/aconteceunovale.com.br\/portal\/?p=190684","url":"https:\/\/aconteceunovale.com.br\/portal\/?p=190684","name":"Apura\u00e7\u00e3o em tempo real e resultados do 2\u00ba turno das Elei\u00e7\u00f5es 2022 - Aconteceu no Vale","isPartOf":{"@id":"https:\/\/aconteceunovale.com.br\/portal\/#website"},"primaryImageOfPage":{"@id":"https:\/\/aconteceunovale.com.br\/portal\/?p=190684#primaryimage"},"image":{"@id":"https:\/\/aconteceunovale.com.br\/portal\/?p=190684#primaryimage"},"thumbnailUrl":"https:\/\/aconteceunovale.com.br\/portal\/wp-content\/uploads\/2022\/10\/card_eleicoes_2022_grande-1.png","datePublished":"2022-10-30T20:00:36+00:00","dateModified":"2022-10-30T20:02:38+00:00","author":{"@id":"https:\/\/aconteceunovale.com.br\/portal\/#\/schema\/person\/7d2f26d1483f8a63de73da1ee0754d35"},"breadcrumb":{"@id":"https:\/\/aconteceunovale.com.br\/portal\/?p=190684#breadcrumb"},"inLanguage":"pt-BR","potentialAction":[{"@type":"ReadAction","target":["https:\/\/aconteceunovale.com.br\/portal\/?p=190684"]}]},{"@type":"ImageObject","inLanguage":"pt-BR","@id":"https:\/\/aconteceunovale.com.br\/portal\/?p=190684#primaryimage","url":"https:\/\/aconteceunovale.com.br\/portal\/wp-content\/uploads\/2022\/10\/card_eleicoes_2022_grande-1.png","contentUrl":"https:\/\/aconteceunovale.com.br\/portal\/wp-content\/uploads\/2022\/10\/card_eleicoes_2022_grande-1.png","width":636,"height":450},{"@type":"BreadcrumbList","@id":"https:\/\/aconteceunovale.com.br\/portal\/?p=190684#breadcrumb","itemListElement":[{"@type":"ListItem","position":1,"name":"In\u00edcio","item":"https:\/\/aconteceunovale.com.br\/portal\/"},{"@type":"ListItem","position":2,"name":"Apura\u00e7\u00e3o em tempo real e resultados do 2\u00ba turno das Elei\u00e7\u00f5es 2022"}]},{"@type":"WebSite","@id":"https:\/\/aconteceunovale.com.br\/portal\/#website","url":"https:\/\/aconteceunovale.com.br\/portal\/","name":"Aconteceu no Vale","description":"Portal de Not\u00edcias","potentialAction":[{"@type":"SearchAction","target":{"@type":"EntryPoint","urlTemplate":"https:\/\/aconteceunovale.com.br\/portal\/?s={search_term_string}"},"query-input":{"@type":"PropertyValueSpecification","valueRequired":true,"valueName":"search_term_string"}}],"inLanguage":"pt-BR"},{"@type":"Person","@id":"https:\/\/aconteceunovale.com.br\/portal\/#\/schema\/person\/7d2f26d1483f8a63de73da1ee0754d35","name":"Reda\u00e7\u00e3o Aconteceu no Vale","description":"Equipe de reportagem do Aconteceu no Vale, portal de not\u00edcias do Vale do Jequitinhonha, em Minas Gerais. Cobrimos as 51 cidades do Vale desde 2013. Sugest\u00f5es de pauta e pedidos de corre\u00e7\u00e3o: contato@aconteceunovale.com.br","url":"https:\/\/aconteceunovale.com.br\/portal\/?author=4"}]}},"_links":{"self":[{"href":"https:\/\/aconteceunovale.com.br\/portal\/index.php?rest_route=\/wp\/v2\/posts\/190684","targetHints":{"allow":["GET"]}}],"collection":[{"href":"https:\/\/aconteceunovale.com.br\/portal\/index.php?rest_route=\/wp\/v2\/posts"}],"about":[{"href":"https:\/\/aconteceunovale.com.br\/portal\/index.php?rest_route=\/wp\/v2\/types\/post"}],"author":[{"embeddable":true,"href":"https:\/\/aconteceunovale.com.br\/portal\/index.php?rest_route=\/wp\/v2\/users\/4"}],"replies":[{"embeddable":true,"href":"https:\/\/aconteceunovale.com.br\/portal\/index.php?rest_route=%2Fwp%2Fv2%2Fcomments&post=190684"}],"version-history":[{"count":15,"href":"https:\/\/aconteceunovale.com.br\/portal\/index.php?rest_route=\/wp\/v2\/posts\/190684\/revisions"}],"predecessor-version":[{"id":191903,"href":"https:\/\/aconteceunovale.com.br\/portal\/index.php?rest_route=\/wp\/v2\/posts\/190684\/revisions\/191903"}],"wp:featuredmedia":[{"embeddable":true,"href":"https:\/\/aconteceunovale.com.br\/portal\/index.php?rest_route=\/wp\/v2\/media\/190861"}],"wp:attachment":[{"href":"https:\/\/aconteceunovale.com.br\/portal\/index.php?rest_route=%2Fwp%2Fv2%2Fmedia&parent=190684"}],"wp:term":[{"taxonomy":"category","embeddable":true,"href":"https:\/\/aconteceunovale.com.br\/portal\/index.php?rest_route=%2Fwp%2Fv2%2Fcategories&post=190684"},{"taxonomy":"post_tag","embeddable":true,"href":"https:\/\/aconteceunovale.com.br\/portal\/index.php?rest_route=%2Fwp%2Fv2%2Ftags&post=190684"}],"curies":[{"name":"wp","href":"https:\/\/api.w.org\/{rel}","templated":true}]}}