{"id":190663,"date":"2022-09-26T20:43:18","date_gmt":"2022-09-26T23:43:18","guid":{"rendered":"https:\/\/aconteceunovale.com.br\/portal\/?p=190663"},"modified":"2022-09-26T20:43:33","modified_gmt":"2022-09-26T23:43:33","slug":"campanha-de-vacinacao-contra-a-polio-termina-nesta-sexta","status":"publish","type":"post","link":"https:\/\/aconteceunovale.com.br\/portal\/?p=190663","title":{"rendered":"Campanha de vacina\u00e7\u00e3o contra a p\u00f3lio termina nesta sexta"},"content":{"rendered":"\n<p class=\"wp-block-paragraph\">A Campanha Nacional de Vacina\u00e7\u00e3o contra a Poliomielite e Multivacina\u00e7\u00e3o termina na pr\u00f3xima sexta-feira (30). A proposta \u00e9 refor\u00e7ar as coberturas vacinais contra a p\u00f3lio e outras doen\u00e7as que podem ser prevenidas, al\u00e9m de evitar a reintrodu\u00e7\u00e3o de v\u00edrus que j\u00e1 foram eliminados do pa\u00eds.<\/p>\n\n\n\n<p class=\"wp-block-paragraph\">A campanha\u00a0chegou a ser prorrogada\u00a0pelo Minist\u00e9rio da Sa\u00fade por conta da baixa ades\u00e3o. As doses est\u00e3o dispon\u00edveis em mais de 40 mil pontos de vacina\u00e7\u00e3o. A meta da pasta \u00e9 imunizar contra a p\u00f3lio 95% do p\u00fablico-alvo, formado por 14,3 milh\u00f5es de crian\u00e7as menores de 5 anos.<\/p>\n\n\n\n<p class=\"wp-block-paragraph\">Crian\u00e7as de 1 a 4 anos devem receber uma dose da Vacina Oral Poliomielite (VOP), desde que j\u00e1 tenham recebido as tr\u00eas doses da Vacina Inativada Poliomielite (VIP) previstas no esquema b\u00e1sico. At\u00e9 o \u00faltimo s\u00e1bado (24), 6 milh\u00f5es de doses contra a p\u00f3lio haviam sido aplicadas durante a campanha.<\/p>\n\n\n\n<h2 class=\"wp-block-heading\">Multivacina\u00e7\u00e3o<\/h2>\n\n\n\n<p class=\"wp-block-paragraph\">Para a campanha de multivacina\u00e7\u00e3o, as doses dispon\u00edveis s\u00e3o: Hepatite A e B, Penta (DTP\/Hib\/Hep B), Pneumoc\u00f3cica 10 valente, VRH (Vacina Rotav\u00edrus Humano), Meningoc\u00f3cica C (conjugada), Febre amarela, Tr\u00edplice viral (Sarampo, Rub\u00e9ola, Caxumba), Tetraviral (Sarampo, Rub\u00e9ola, Caxumba, Varicela), DTP (tr\u00edplice bacteriana), Varicela e HPV quadrivalente (Papilomav\u00edrus Humano).<\/p>\n\n\n\n<p class=\"wp-block-paragraph\">Entre adolescentes com idade at\u00e9 15 anos, est\u00e3o dispon\u00edveis as vacinas HPV, dT (dupla adulto), Febre amarela, Tr\u00edplice viral, Hepatite B, dTpa e Meningoc\u00f3cica ACWY (conjugada). O minist\u00e9rio refor\u00e7a que todos os imunizantes que integram o Programa Nacional de Imuniza\u00e7\u00f5es (PNI) s\u00e3o seguros e foram aprovados pela Ag\u00eancia Nacional de Vigil\u00e2ncia Sanit\u00e1ria (Anvisa).<\/p>\n\n\n\n<h2 class=\"wp-block-heading\">Covid-19<\/h2>\n\n\n\n<p class=\"wp-block-paragraph\">A Campanha Nacional de Vacina\u00e7\u00e3o contra a Poliomielite e Multivacina\u00e7\u00e3o coincide com a imuniza\u00e7\u00e3o contra a covid-19, j\u00e1 em andamento no pa\u00eds. Segundo a pasta, as vacinas contra a covid-19 podem ser administradas, em crian\u00e7as a partir de 3 anos, de maneira simult\u00e2nea ou com qualquer intervalo com as demais vacinas que integram o calend\u00e1rio nacional.<\/p>\n\n\n\n<p class=\"wp-block-paragraph\">\u201cA atualiza\u00e7\u00e3o da situa\u00e7\u00e3o vacinal aumenta a prote\u00e7\u00e3o contra as doen\u00e7as imunopreven\u00edveis, evitando a ocorr\u00eancia de surtos e hospitaliza\u00e7\u00f5es, sequelas, tratamentos de reabilita\u00e7\u00e3o e \u00f3bitos\u201d, refor\u00e7ou o minist\u00e9rio.<\/p>\n\n\n\n<p class=\"wp-block-paragraph\">&#8212;&#8212;&#8212;&#8212;&#8212;&#8212;<br><br><strong>Sabia que o Aconteceu no Vale est\u00e1 tamb\u00e9m no Telegram? <a rel=\"noreferrer noopener\" href=\"https:\/\/t.me\/aconteceunovaleoficial\" target=\"_blank\">Inscreva-se no canal<\/a>.<\/strong><br><br><strong>J\u00e1 curtiu ou seguiu nossas p\u00e1ginas nas redes sociais?\u00a0Receba as not\u00edcias em primeira m\u00e3o:<\/strong><br>\u2022 <a rel=\"noreferrer noopener\" href=\"https:\/\/news.google.com\/publications\/CAAqBwgKMNjklQswi4etAw?hl=pt-BR&amp;gl=BR&amp;ceid=BR%3Apt-419\" target=\"_blank\">Google News<\/a><br>\u2022 <a rel=\"noreferrer noopener\" href=\"https:\/\/www.facebook.com\/aconteceunovale\/\" target=\"_blank\">Facebook<\/a><br>\u2022 <a rel=\"noreferrer noopener\" href=\"https:\/\/twitter.com\/noticiadosvales\" target=\"_blank\">Twitter<\/a><br>\u2022 <a rel=\"noreferrer noopener\" href=\"https:\/\/www.instagram.com\/aconteceunovale\" target=\"_blank\">Instagram<\/a><br>\u2022 <a rel=\"noreferrer noopener\" href=\"https:\/\/www.youtube.com\/AconteceunoValeOficial\" target=\"_blank\">Youtube<\/a><br>\u2022 <a rel=\"noreferrer noopener\" href=\"https:\/\/www.tiktok.com\/@aconteceunovale\" target=\"_blank\">TikTok<\/a><\/p>\n","protected":false},"excerpt":{"rendered":"<p>A Campanha Nacional de Vacina\u00e7\u00e3o contra a Poliomielite e Multivacina\u00e7\u00e3o termina na pr\u00f3xima sexta-feira (30). A proposta \u00e9 refor\u00e7ar as coberturas vacinais contra a p\u00f3lio e outras doen\u00e7as que podem ser prevenidas, al\u00e9m de evitar a reintrodu\u00e7\u00e3o de v\u00edrus que j\u00e1 foram eliminados do pa\u00eds. A campanha\u00a0chegou a ser prorrogada\u00a0pelo Minist\u00e9rio da Sa\u00fade por conta [&hellip;]<\/p>\n","protected":false},"author":4,"featured_media":190664,"comment_status":"open","ping_status":"closed","sticky":false,"template":"","format":"standard","meta":{"amp_status":"","footnotes":""},"categories":[6,40242],"tags":[21164,229853,263476,1018,19326,22285,229854],"class_list":["post-190663","post","type-post","status-publish","format-standard","has-post-thumbnail","hentry","category-br","category-saude-2","tag-campanha-de-vacinacao","tag-campanha-de-vacinacao-contra-a-polio","tag-campanha-nacional-de-vacinacao-contra-a-poliomielite-e-multivacinacao","tag-destaque","tag-ministerio-da-saude","tag-poliomielite","tag-vacinacao-contra-a-polio"],"yoast_head":"<!-- This site is optimized with the Yoast SEO plugin v28.3 - https:\/\/yoast.com\/product\/yoast-seo-wordpress\/ -->\n<title>Campanha de vacina\u00e7\u00e3o contra a p\u00f3lio termina nesta sexta - Aconteceu no Vale<\/title>\n<meta name=\"robots\" content=\"index, follow, max-snippet:-1, max-image-preview:large, max-video-preview:-1\" \/>\n<link rel=\"canonical\" href=\"https:\/\/aconteceunovale.com.br\/portal\/?p=190663\" \/>\n<meta property=\"og:locale\" content=\"pt_BR\" \/>\n<meta property=\"og:type\" content=\"article\" \/>\n<meta property=\"og:title\" content=\"Campanha de vacina\u00e7\u00e3o contra a p\u00f3lio termina nesta sexta - Aconteceu no Vale\" \/>\n<meta property=\"og:description\" content=\"A Campanha Nacional de Vacina\u00e7\u00e3o contra a Poliomielite e Multivacina\u00e7\u00e3o termina na pr\u00f3xima sexta-feira (30). A proposta \u00e9 refor\u00e7ar as coberturas vacinais contra a p\u00f3lio e outras doen\u00e7as que podem ser prevenidas, al\u00e9m de evitar a reintrodu\u00e7\u00e3o de v\u00edrus que j\u00e1 foram eliminados do pa\u00eds. A campanha\u00a0chegou a ser prorrogada\u00a0pelo Minist\u00e9rio da Sa\u00fade por conta [&hellip;]\" \/>\n<meta property=\"og:url\" content=\"https:\/\/aconteceunovale.com.br\/portal\/?p=190663\" \/>\n<meta property=\"og:site_name\" content=\"Aconteceu no Vale\" \/>\n<meta property=\"article:publisher\" content=\"https:\/\/www.facebook.com\/aconteceunovale\/\" \/>\n<meta property=\"article:published_time\" content=\"2022-09-26T23:43:18+00:00\" \/>\n<meta property=\"article:modified_time\" content=\"2022-09-26T23:43:33+00:00\" \/>\n<meta property=\"og:image\" content=\"https:\/\/aconteceunovale.com.br\/portal\/wp-content\/uploads\/2022\/09\/vacina_gotinha.jpg\" \/>\n\t<meta property=\"og:image:width\" content=\"678\" \/>\n\t<meta property=\"og:image:height\" content=\"406\" \/>\n\t<meta property=\"og:image:type\" content=\"image\/jpeg\" \/>\n<meta name=\"author\" content=\"Reda\u00e7\u00e3o Aconteceu no Vale\" \/>\n<meta name=\"twitter:card\" content=\"summary_large_image\" \/>\n<meta name=\"twitter:creator\" content=\"@noticiadosvales\" \/>\n<meta name=\"twitter:site\" content=\"@noticiadosvales\" \/>\n<meta name=\"twitter:label1\" content=\"Escrito por\" \/>\n\t<meta name=\"twitter:data1\" content=\"Reda\u00e7\u00e3o Aconteceu no Vale\" \/>\n\t<meta name=\"twitter:label2\" content=\"Est. tempo de leitura\" \/>\n\t<meta name=\"twitter:data2\" content=\"2 minutos\" \/>\n<script type=\"application\/ld+json\" class=\"yoast-schema-graph\">{\"@context\":\"https:\\\/\\\/schema.org\",\"@graph\":[{\"@type\":\"Article\",\"@id\":\"https:\\\/\\\/aconteceunovale.com.br\\\/portal\\\/?p=190663#article\",\"isPartOf\":{\"@id\":\"https:\\\/\\\/aconteceunovale.com.br\\\/portal\\\/?p=190663\"},\"author\":{\"name\":\"Reda\u00e7\u00e3o Aconteceu no Vale\",\"@id\":\"https:\\\/\\\/aconteceunovale.com.br\\\/portal\\\/#\\\/schema\\\/person\\\/7d2f26d1483f8a63de73da1ee0754d35\"},\"headline\":\"Campanha de vacina\u00e7\u00e3o contra a p\u00f3lio termina nesta sexta\",\"datePublished\":\"2022-09-26T23:43:18+00:00\",\"dateModified\":\"2022-09-26T23:43:33+00:00\",\"mainEntityOfPage\":{\"@id\":\"https:\\\/\\\/aconteceunovale.com.br\\\/portal\\\/?p=190663\"},\"wordCount\":435,\"commentCount\":0,\"image\":{\"@id\":\"https:\\\/\\\/aconteceunovale.com.br\\\/portal\\\/?p=190663#primaryimage\"},\"thumbnailUrl\":\"https:\\\/\\\/aconteceunovale.com.br\\\/portal\\\/wp-content\\\/uploads\\\/2022\\\/09\\\/vacina_gotinha.jpg\",\"keywords\":[\"Campanha de Vacina\u00e7\u00e3o\",\"Campanha de Vacina\u00e7\u00e3o contra a P\u00f3lio\",\"Campanha Nacional de Vacina\u00e7\u00e3o contra a Poliomielite e Multivacina\u00e7\u00e3o\",\"destaque\",\"Minist\u00e9rio da Sa\u00fade\",\"poliomielite\",\"Vacina\u00e7\u00e3o contra a P\u00f3lio\"],\"articleSection\":[\"Brasil\",\"Sa\u00fade\"],\"inLanguage\":\"pt-BR\",\"potentialAction\":[{\"@type\":\"CommentAction\",\"name\":\"Comment\",\"target\":[\"https:\\\/\\\/aconteceunovale.com.br\\\/portal\\\/?p=190663#respond\"]}]},{\"@type\":\"WebPage\",\"@id\":\"https:\\\/\\\/aconteceunovale.com.br\\\/portal\\\/?p=190663\",\"url\":\"https:\\\/\\\/aconteceunovale.com.br\\\/portal\\\/?p=190663\",\"name\":\"Campanha de vacina\u00e7\u00e3o contra a p\u00f3lio termina nesta sexta - Aconteceu no Vale\",\"isPartOf\":{\"@id\":\"https:\\\/\\\/aconteceunovale.com.br\\\/portal\\\/#website\"},\"primaryImageOfPage\":{\"@id\":\"https:\\\/\\\/aconteceunovale.com.br\\\/portal\\\/?p=190663#primaryimage\"},\"image\":{\"@id\":\"https:\\\/\\\/aconteceunovale.com.br\\\/portal\\\/?p=190663#primaryimage\"},\"thumbnailUrl\":\"https:\\\/\\\/aconteceunovale.com.br\\\/portal\\\/wp-content\\\/uploads\\\/2022\\\/09\\\/vacina_gotinha.jpg\",\"datePublished\":\"2022-09-26T23:43:18+00:00\",\"dateModified\":\"2022-09-26T23:43:33+00:00\",\"author\":{\"@id\":\"https:\\\/\\\/aconteceunovale.com.br\\\/portal\\\/#\\\/schema\\\/person\\\/7d2f26d1483f8a63de73da1ee0754d35\"},\"breadcrumb\":{\"@id\":\"https:\\\/\\\/aconteceunovale.com.br\\\/portal\\\/?p=190663#breadcrumb\"},\"inLanguage\":\"pt-BR\",\"potentialAction\":[{\"@type\":\"ReadAction\",\"target\":[\"https:\\\/\\\/aconteceunovale.com.br\\\/portal\\\/?p=190663\"]}]},{\"@type\":\"ImageObject\",\"inLanguage\":\"pt-BR\",\"@id\":\"https:\\\/\\\/aconteceunovale.com.br\\\/portal\\\/?p=190663#primaryimage\",\"url\":\"https:\\\/\\\/aconteceunovale.com.br\\\/portal\\\/wp-content\\\/uploads\\\/2022\\\/09\\\/vacina_gotinha.jpg\",\"contentUrl\":\"https:\\\/\\\/aconteceunovale.com.br\\\/portal\\\/wp-content\\\/uploads\\\/2022\\\/09\\\/vacina_gotinha.jpg\",\"width\":678,\"height\":406},{\"@type\":\"BreadcrumbList\",\"@id\":\"https:\\\/\\\/aconteceunovale.com.br\\\/portal\\\/?p=190663#breadcrumb\",\"itemListElement\":[{\"@type\":\"ListItem\",\"position\":1,\"name\":\"In\u00edcio\",\"item\":\"https:\\\/\\\/aconteceunovale.com.br\\\/portal\\\/\"},{\"@type\":\"ListItem\",\"position\":2,\"name\":\"Campanha de vacina\u00e7\u00e3o contra a p\u00f3lio termina nesta sexta\"}]},{\"@type\":\"WebSite\",\"@id\":\"https:\\\/\\\/aconteceunovale.com.br\\\/portal\\\/#website\",\"url\":\"https:\\\/\\\/aconteceunovale.com.br\\\/portal\\\/\",\"name\":\"Aconteceu no Vale\",\"description\":\"Portal de Not\u00edcias\",\"potentialAction\":[{\"@type\":\"SearchAction\",\"target\":{\"@type\":\"EntryPoint\",\"urlTemplate\":\"https:\\\/\\\/aconteceunovale.com.br\\\/portal\\\/?s={search_term_string}\"},\"query-input\":{\"@type\":\"PropertyValueSpecification\",\"valueRequired\":true,\"valueName\":\"search_term_string\"}}],\"inLanguage\":\"pt-BR\"},{\"@type\":\"Person\",\"@id\":\"https:\\\/\\\/aconteceunovale.com.br\\\/portal\\\/#\\\/schema\\\/person\\\/7d2f26d1483f8a63de73da1ee0754d35\",\"name\":\"Reda\u00e7\u00e3o Aconteceu no Vale\",\"description\":\"Equipe de reportagem do Aconteceu no Vale, portal de not\u00edcias do Vale do Jequitinhonha, em Minas Gerais. Cobrimos as 51 cidades do Vale desde 2013. Sugest\u00f5es de pauta e pedidos de corre\u00e7\u00e3o: contato@aconteceunovale.com.br\",\"url\":\"https:\\\/\\\/aconteceunovale.com.br\\\/portal\\\/?author=4\"}]}<\/script>\n<!-- \/ Yoast SEO plugin. -->","yoast_head_json":{"title":"Campanha de vacina\u00e7\u00e3o contra a p\u00f3lio termina nesta sexta - Aconteceu no Vale","robots":{"index":"index","follow":"follow","max-snippet":"max-snippet:-1","max-image-preview":"max-image-preview:large","max-video-preview":"max-video-preview:-1"},"canonical":"https:\/\/aconteceunovale.com.br\/portal\/?p=190663","og_locale":"pt_BR","og_type":"article","og_title":"Campanha de vacina\u00e7\u00e3o contra a p\u00f3lio termina nesta sexta - Aconteceu no Vale","og_description":"A Campanha Nacional de Vacina\u00e7\u00e3o contra a Poliomielite e Multivacina\u00e7\u00e3o termina na pr\u00f3xima sexta-feira (30). A proposta \u00e9 refor\u00e7ar as coberturas vacinais contra a p\u00f3lio e outras doen\u00e7as que podem ser prevenidas, al\u00e9m de evitar a reintrodu\u00e7\u00e3o de v\u00edrus que j\u00e1 foram eliminados do pa\u00eds. A campanha\u00a0chegou a ser prorrogada\u00a0pelo Minist\u00e9rio da Sa\u00fade por conta [&hellip;]","og_url":"https:\/\/aconteceunovale.com.br\/portal\/?p=190663","og_site_name":"Aconteceu no Vale","article_publisher":"https:\/\/www.facebook.com\/aconteceunovale\/","article_published_time":"2022-09-26T23:43:18+00:00","article_modified_time":"2022-09-26T23:43:33+00:00","og_image":[{"width":678,"height":406,"url":"https:\/\/aconteceunovale.com.br\/portal\/wp-content\/uploads\/2022\/09\/vacina_gotinha.jpg","type":"image\/jpeg"}],"author":"Reda\u00e7\u00e3o Aconteceu no Vale","twitter_card":"summary_large_image","twitter_creator":"@noticiadosvales","twitter_site":"@noticiadosvales","twitter_misc":{"Escrito por":"Reda\u00e7\u00e3o Aconteceu no Vale","Est. tempo de leitura":"2 minutos"},"schema":{"@context":"https:\/\/schema.org","@graph":[{"@type":"Article","@id":"https:\/\/aconteceunovale.com.br\/portal\/?p=190663#article","isPartOf":{"@id":"https:\/\/aconteceunovale.com.br\/portal\/?p=190663"},"author":{"name":"Reda\u00e7\u00e3o Aconteceu no Vale","@id":"https:\/\/aconteceunovale.com.br\/portal\/#\/schema\/person\/7d2f26d1483f8a63de73da1ee0754d35"},"headline":"Campanha de vacina\u00e7\u00e3o contra a p\u00f3lio termina nesta sexta","datePublished":"2022-09-26T23:43:18+00:00","dateModified":"2022-09-26T23:43:33+00:00","mainEntityOfPage":{"@id":"https:\/\/aconteceunovale.com.br\/portal\/?p=190663"},"wordCount":435,"commentCount":0,"image":{"@id":"https:\/\/aconteceunovale.com.br\/portal\/?p=190663#primaryimage"},"thumbnailUrl":"https:\/\/aconteceunovale.com.br\/portal\/wp-content\/uploads\/2022\/09\/vacina_gotinha.jpg","keywords":["Campanha de Vacina\u00e7\u00e3o","Campanha de Vacina\u00e7\u00e3o contra a P\u00f3lio","Campanha Nacional de Vacina\u00e7\u00e3o contra a Poliomielite e Multivacina\u00e7\u00e3o","destaque","Minist\u00e9rio da Sa\u00fade","poliomielite","Vacina\u00e7\u00e3o contra a P\u00f3lio"],"articleSection":["Brasil","Sa\u00fade"],"inLanguage":"pt-BR","potentialAction":[{"@type":"CommentAction","name":"Comment","target":["https:\/\/aconteceunovale.com.br\/portal\/?p=190663#respond"]}]},{"@type":"WebPage","@id":"https:\/\/aconteceunovale.com.br\/portal\/?p=190663","url":"https:\/\/aconteceunovale.com.br\/portal\/?p=190663","name":"Campanha de vacina\u00e7\u00e3o contra a p\u00f3lio termina nesta sexta - Aconteceu no Vale","isPartOf":{"@id":"https:\/\/aconteceunovale.com.br\/portal\/#website"},"primaryImageOfPage":{"@id":"https:\/\/aconteceunovale.com.br\/portal\/?p=190663#primaryimage"},"image":{"@id":"https:\/\/aconteceunovale.com.br\/portal\/?p=190663#primaryimage"},"thumbnailUrl":"https:\/\/aconteceunovale.com.br\/portal\/wp-content\/uploads\/2022\/09\/vacina_gotinha.jpg","datePublished":"2022-09-26T23:43:18+00:00","dateModified":"2022-09-26T23:43:33+00:00","author":{"@id":"https:\/\/aconteceunovale.com.br\/portal\/#\/schema\/person\/7d2f26d1483f8a63de73da1ee0754d35"},"breadcrumb":{"@id":"https:\/\/aconteceunovale.com.br\/portal\/?p=190663#breadcrumb"},"inLanguage":"pt-BR","potentialAction":[{"@type":"ReadAction","target":["https:\/\/aconteceunovale.com.br\/portal\/?p=190663"]}]},{"@type":"ImageObject","inLanguage":"pt-BR","@id":"https:\/\/aconteceunovale.com.br\/portal\/?p=190663#primaryimage","url":"https:\/\/aconteceunovale.com.br\/portal\/wp-content\/uploads\/2022\/09\/vacina_gotinha.jpg","contentUrl":"https:\/\/aconteceunovale.com.br\/portal\/wp-content\/uploads\/2022\/09\/vacina_gotinha.jpg","width":678,"height":406},{"@type":"BreadcrumbList","@id":"https:\/\/aconteceunovale.com.br\/portal\/?p=190663#breadcrumb","itemListElement":[{"@type":"ListItem","position":1,"name":"In\u00edcio","item":"https:\/\/aconteceunovale.com.br\/portal\/"},{"@type":"ListItem","position":2,"name":"Campanha de vacina\u00e7\u00e3o contra a p\u00f3lio termina nesta sexta"}]},{"@type":"WebSite","@id":"https:\/\/aconteceunovale.com.br\/portal\/#website","url":"https:\/\/aconteceunovale.com.br\/portal\/","name":"Aconteceu no Vale","description":"Portal de Not\u00edcias","potentialAction":[{"@type":"SearchAction","target":{"@type":"EntryPoint","urlTemplate":"https:\/\/aconteceunovale.com.br\/portal\/?s={search_term_string}"},"query-input":{"@type":"PropertyValueSpecification","valueRequired":true,"valueName":"search_term_string"}}],"inLanguage":"pt-BR"},{"@type":"Person","@id":"https:\/\/aconteceunovale.com.br\/portal\/#\/schema\/person\/7d2f26d1483f8a63de73da1ee0754d35","name":"Reda\u00e7\u00e3o Aconteceu no Vale","description":"Equipe de reportagem do Aconteceu no Vale, portal de not\u00edcias do Vale do Jequitinhonha, em Minas Gerais. Cobrimos as 51 cidades do Vale desde 2013. Sugest\u00f5es de pauta e pedidos de corre\u00e7\u00e3o: contato@aconteceunovale.com.br","url":"https:\/\/aconteceunovale.com.br\/portal\/?author=4"}]}},"_links":{"self":[{"href":"https:\/\/aconteceunovale.com.br\/portal\/index.php?rest_route=\/wp\/v2\/posts\/190663","targetHints":{"allow":["GET"]}}],"collection":[{"href":"https:\/\/aconteceunovale.com.br\/portal\/index.php?rest_route=\/wp\/v2\/posts"}],"about":[{"href":"https:\/\/aconteceunovale.com.br\/portal\/index.php?rest_route=\/wp\/v2\/types\/post"}],"author":[{"embeddable":true,"href":"https:\/\/aconteceunovale.com.br\/portal\/index.php?rest_route=\/wp\/v2\/users\/4"}],"replies":[{"embeddable":true,"href":"https:\/\/aconteceunovale.com.br\/portal\/index.php?rest_route=%2Fwp%2Fv2%2Fcomments&post=190663"}],"version-history":[{"count":1,"href":"https:\/\/aconteceunovale.com.br\/portal\/index.php?rest_route=\/wp\/v2\/posts\/190663\/revisions"}],"predecessor-version":[{"id":190665,"href":"https:\/\/aconteceunovale.com.br\/portal\/index.php?rest_route=\/wp\/v2\/posts\/190663\/revisions\/190665"}],"wp:featuredmedia":[{"embeddable":true,"href":"https:\/\/aconteceunovale.com.br\/portal\/index.php?rest_route=\/wp\/v2\/media\/190664"}],"wp:attachment":[{"href":"https:\/\/aconteceunovale.com.br\/portal\/index.php?rest_route=%2Fwp%2Fv2%2Fmedia&parent=190663"}],"wp:term":[{"taxonomy":"category","embeddable":true,"href":"https:\/\/aconteceunovale.com.br\/portal\/index.php?rest_route=%2Fwp%2Fv2%2Fcategories&post=190663"},{"taxonomy":"post_tag","embeddable":true,"href":"https:\/\/aconteceunovale.com.br\/portal\/index.php?rest_route=%2Fwp%2Fv2%2Ftags&post=190663"}],"curies":[{"name":"wp","href":"https:\/\/api.w.org\/{rel}","templated":true}]}}