{"id":190660,"date":"2022-09-26T14:19:16","date_gmt":"2022-09-26T17:19:16","guid":{"rendered":"https:\/\/aconteceunovale.com.br\/portal\/?p=190660"},"modified":"2022-09-26T20:20:05","modified_gmt":"2022-09-26T23:20:05","slug":"cadeirante-e-assassinada-em-escola-na-bahia","status":"publish","type":"post","link":"https:\/\/aconteceunovale.com.br\/portal\/?p=190660","title":{"rendered":"Cadeirante \u00e9 assassinada em escola na Bahia"},"content":{"rendered":"\n<p class=\"wp-block-paragraph\">Uma estudante cadeirante foi assassinada a tiros na manh\u00e3 desta segunda-feira (26) por indiv\u00edduo que as autoridades classificaram de &#8220;estranho \u00e0 comunidade\u201d no Col\u00e9gio Municipal Eurides Sant\u2019Anna, localizado no munic\u00edpio baiano de Barreiras. A escola \u00e9 de gest\u00e3o compartilhada com a Pol\u00edcia Militar (PM).<\/p>\n\n\n\n<p class=\"wp-block-paragraph\">De acordo com a prefeitura de Barreiras, o atirador chegou ao local \u201ctrajando roupa preta, capuz e \u00f3culos escuros, portando uma arma de fogo tipo rev\u00f3lver e duas armas brancas\u201d. Ele teria pulado o muro da escola para, ent\u00e3o, dirigir-se \u00e0 aluna cadeirante e fazer dois disparos. A jovem foi tamb\u00e9m \u201cagredida com golpes de arma branca, vindo a \u00f3bito no local\u201d.<\/p>\n\n\n\n<p class=\"wp-block-paragraph\">Segundo o Comando de Policiamento Regional Oeste (CPRO), ao tentar fugir, o atirador foi atingido \u201cpor disparo de arma de fogo que partiu de uma terceira pessoa, ainda n\u00e3o identificada\u201d. \u201cEle foi socorrido pelo Samu [Servi\u00e7o de Atendimento M\u00f3vel de Urg\u00eancia] para cuidados m\u00e9dicos, em uma unidade de sa\u00fade\u201d, acrescentou.<\/p>\n\n\n\n<p class=\"wp-block-paragraph\">Em nota, a prefeitura informa que a PM e a Secretaria de Educa\u00e7\u00e3o est\u00e3o dando apoio e assist\u00eancia a estudantes e familiares, ao mesmo tempo em que manifesta solidariedade \u00e0 fam\u00edlia da v\u00edtima.<\/p>\n\n\n\n<p class=\"wp-block-paragraph\">&#8212;&#8212;&#8212;&#8212;&#8212;&#8212;<br><br><strong>Sabia que o Aconteceu no Vale est\u00e1 tamb\u00e9m no Telegram? <a rel=\"noreferrer noopener\" href=\"https:\/\/t.me\/aconteceunovaleoficial\" target=\"_blank\">Inscreva-se no canal<\/a>.<\/strong><br><br><strong>J\u00e1 curtiu ou seguiu nossas p\u00e1ginas nas redes sociais?\u00a0Receba as not\u00edcias em primeira m\u00e3o:<\/strong><br>\u2022 <a rel=\"noreferrer noopener\" href=\"https:\/\/news.google.com\/publications\/CAAqBwgKMNjklQswi4etAw?hl=pt-BR&amp;gl=BR&amp;ceid=BR%3Apt-419\" target=\"_blank\">Google News<\/a><br>\u2022 <a rel=\"noreferrer noopener\" href=\"https:\/\/www.facebook.com\/aconteceunovale\/\" target=\"_blank\">Facebook<\/a><br>\u2022 <a rel=\"noreferrer noopener\" href=\"https:\/\/twitter.com\/noticiadosvales\" target=\"_blank\">Twitter<\/a><br>\u2022 <a rel=\"noreferrer noopener\" href=\"https:\/\/www.instagram.com\/aconteceunovale\" target=\"_blank\">Instagram<\/a><br>\u2022 <a rel=\"noreferrer noopener\" href=\"https:\/\/www.youtube.com\/AconteceunoValeOficial\" target=\"_blank\">Youtube<\/a><br>\u2022 <a rel=\"noreferrer noopener\" href=\"https:\/\/www.tiktok.com\/@aconteceunovale\" target=\"_blank\">TikTok<\/a><\/p>\n","protected":false},"excerpt":{"rendered":"<p>Uma estudante cadeirante foi assassinada a tiros na manh\u00e3 desta segunda-feira (26) por indiv\u00edduo que as autoridades classificaram de &#8220;estranho \u00e0 comunidade\u201d no Col\u00e9gio Municipal Eurides Sant\u2019Anna, localizado no munic\u00edpio baiano de Barreiras. A escola \u00e9 de gest\u00e3o compartilhada com a Pol\u00edcia Militar (PM). De acordo com a prefeitura de Barreiras, o atirador chegou ao [&hellip;]<\/p>\n","protected":false},"author":4,"featured_media":190661,"comment_status":"open","ping_status":"closed","sticky":false,"template":"","format":"standard","meta":{"amp_status":"","footnotes":""},"categories":[6],"tags":[12739,263474,263473,263475,1018],"class_list":["post-190660","post","type-post","status-publish","format-standard","has-post-thumbnail","hentry","category-br","tag-barreiras","tag-cadeirante-e-assassinada-dentro-de-escola-em-barreiras","tag-cadeirante-e-assassinada-em-escola-na-bahia","tag-colegio-municipal-eurides-santanna","tag-destaque"],"yoast_head":"<!-- This site is optimized with the Yoast SEO plugin v28.3 - https:\/\/yoast.com\/product\/yoast-seo-wordpress\/ -->\n<title>Cadeirante \u00e9 assassinada em escola na Bahia - Aconteceu no Vale<\/title>\n<meta name=\"robots\" content=\"index, follow, max-snippet:-1, max-image-preview:large, max-video-preview:-1\" \/>\n<link rel=\"canonical\" href=\"https:\/\/aconteceunovale.com.br\/portal\/?p=190660\" \/>\n<meta property=\"og:locale\" content=\"pt_BR\" \/>\n<meta property=\"og:type\" content=\"article\" \/>\n<meta property=\"og:title\" content=\"Cadeirante \u00e9 assassinada em escola na Bahia - Aconteceu no Vale\" \/>\n<meta property=\"og:description\" content=\"Uma estudante cadeirante foi assassinada a tiros na manh\u00e3 desta segunda-feira (26) por indiv\u00edduo que as autoridades classificaram de &#8220;estranho \u00e0 comunidade\u201d no Col\u00e9gio Municipal Eurides Sant\u2019Anna, localizado no munic\u00edpio baiano de Barreiras. A escola \u00e9 de gest\u00e3o compartilhada com a Pol\u00edcia Militar (PM). De acordo com a prefeitura de Barreiras, o atirador chegou ao [&hellip;]\" \/>\n<meta property=\"og:url\" content=\"https:\/\/aconteceunovale.com.br\/portal\/?p=190660\" \/>\n<meta property=\"og:site_name\" content=\"Aconteceu no Vale\" \/>\n<meta property=\"article:publisher\" content=\"https:\/\/www.facebook.com\/aconteceunovale\/\" \/>\n<meta property=\"article:published_time\" content=\"2022-09-26T17:19:16+00:00\" \/>\n<meta property=\"article:modified_time\" content=\"2022-09-26T23:20:05+00:00\" \/>\n<meta property=\"og:image\" content=\"https:\/\/aconteceunovale.com.br\/portal\/wp-content\/uploads\/2022\/09\/colegio_barreiras.jpg\" \/>\n\t<meta property=\"og:image:width\" content=\"640\" \/>\n\t<meta property=\"og:image:height\" content=\"382\" \/>\n\t<meta property=\"og:image:type\" content=\"image\/jpeg\" \/>\n<meta name=\"author\" content=\"Reda\u00e7\u00e3o Aconteceu no Vale\" \/>\n<meta name=\"twitter:card\" content=\"summary_large_image\" \/>\n<meta name=\"twitter:creator\" content=\"@noticiadosvales\" \/>\n<meta name=\"twitter:site\" content=\"@noticiadosvales\" \/>\n<meta name=\"twitter:label1\" content=\"Escrito por\" \/>\n\t<meta name=\"twitter:data1\" content=\"Reda\u00e7\u00e3o Aconteceu no Vale\" \/>\n\t<meta name=\"twitter:label2\" content=\"Est. tempo de leitura\" \/>\n\t<meta name=\"twitter:data2\" content=\"1 minuto\" \/>\n<script type=\"application\/ld+json\" class=\"yoast-schema-graph\">{\"@context\":\"https:\\\/\\\/schema.org\",\"@graph\":[{\"@type\":\"Article\",\"@id\":\"https:\\\/\\\/aconteceunovale.com.br\\\/portal\\\/?p=190660#article\",\"isPartOf\":{\"@id\":\"https:\\\/\\\/aconteceunovale.com.br\\\/portal\\\/?p=190660\"},\"author\":{\"name\":\"Reda\u00e7\u00e3o Aconteceu no Vale\",\"@id\":\"https:\\\/\\\/aconteceunovale.com.br\\\/portal\\\/#\\\/schema\\\/person\\\/7d2f26d1483f8a63de73da1ee0754d35\"},\"headline\":\"Cadeirante \u00e9 assassinada em escola na Bahia\",\"datePublished\":\"2022-09-26T17:19:16+00:00\",\"dateModified\":\"2022-09-26T23:20:05+00:00\",\"mainEntityOfPage\":{\"@id\":\"https:\\\/\\\/aconteceunovale.com.br\\\/portal\\\/?p=190660\"},\"wordCount\":250,\"commentCount\":0,\"image\":{\"@id\":\"https:\\\/\\\/aconteceunovale.com.br\\\/portal\\\/?p=190660#primaryimage\"},\"thumbnailUrl\":\"https:\\\/\\\/aconteceunovale.com.br\\\/portal\\\/wp-content\\\/uploads\\\/2022\\\/09\\\/colegio_barreiras.jpg\",\"keywords\":[\"Barreiras\",\"Cadeirante \u00e9 assassinada dentro de escola em Barreiras\",\"Cadeirante \u00e9 assassinada em escola na Bahia\",\"Col\u00e9gio Municipal Eurides Sant'Anna\",\"destaque\"],\"articleSection\":[\"Brasil\"],\"inLanguage\":\"pt-BR\",\"potentialAction\":[{\"@type\":\"CommentAction\",\"name\":\"Comment\",\"target\":[\"https:\\\/\\\/aconteceunovale.com.br\\\/portal\\\/?p=190660#respond\"]}]},{\"@type\":\"WebPage\",\"@id\":\"https:\\\/\\\/aconteceunovale.com.br\\\/portal\\\/?p=190660\",\"url\":\"https:\\\/\\\/aconteceunovale.com.br\\\/portal\\\/?p=190660\",\"name\":\"Cadeirante \u00e9 assassinada em escola na Bahia - Aconteceu no Vale\",\"isPartOf\":{\"@id\":\"https:\\\/\\\/aconteceunovale.com.br\\\/portal\\\/#website\"},\"primaryImageOfPage\":{\"@id\":\"https:\\\/\\\/aconteceunovale.com.br\\\/portal\\\/?p=190660#primaryimage\"},\"image\":{\"@id\":\"https:\\\/\\\/aconteceunovale.com.br\\\/portal\\\/?p=190660#primaryimage\"},\"thumbnailUrl\":\"https:\\\/\\\/aconteceunovale.com.br\\\/portal\\\/wp-content\\\/uploads\\\/2022\\\/09\\\/colegio_barreiras.jpg\",\"datePublished\":\"2022-09-26T17:19:16+00:00\",\"dateModified\":\"2022-09-26T23:20:05+00:00\",\"author\":{\"@id\":\"https:\\\/\\\/aconteceunovale.com.br\\\/portal\\\/#\\\/schema\\\/person\\\/7d2f26d1483f8a63de73da1ee0754d35\"},\"breadcrumb\":{\"@id\":\"https:\\\/\\\/aconteceunovale.com.br\\\/portal\\\/?p=190660#breadcrumb\"},\"inLanguage\":\"pt-BR\",\"potentialAction\":[{\"@type\":\"ReadAction\",\"target\":[\"https:\\\/\\\/aconteceunovale.com.br\\\/portal\\\/?p=190660\"]}]},{\"@type\":\"ImageObject\",\"inLanguage\":\"pt-BR\",\"@id\":\"https:\\\/\\\/aconteceunovale.com.br\\\/portal\\\/?p=190660#primaryimage\",\"url\":\"https:\\\/\\\/aconteceunovale.com.br\\\/portal\\\/wp-content\\\/uploads\\\/2022\\\/09\\\/colegio_barreiras.jpg\",\"contentUrl\":\"https:\\\/\\\/aconteceunovale.com.br\\\/portal\\\/wp-content\\\/uploads\\\/2022\\\/09\\\/colegio_barreiras.jpg\",\"width\":640,\"height\":382},{\"@type\":\"BreadcrumbList\",\"@id\":\"https:\\\/\\\/aconteceunovale.com.br\\\/portal\\\/?p=190660#breadcrumb\",\"itemListElement\":[{\"@type\":\"ListItem\",\"position\":1,\"name\":\"In\u00edcio\",\"item\":\"https:\\\/\\\/aconteceunovale.com.br\\\/portal\\\/\"},{\"@type\":\"ListItem\",\"position\":2,\"name\":\"Cadeirante \u00e9 assassinada em escola na Bahia\"}]},{\"@type\":\"WebSite\",\"@id\":\"https:\\\/\\\/aconteceunovale.com.br\\\/portal\\\/#website\",\"url\":\"https:\\\/\\\/aconteceunovale.com.br\\\/portal\\\/\",\"name\":\"Aconteceu no Vale\",\"description\":\"Portal de Not\u00edcias\",\"potentialAction\":[{\"@type\":\"SearchAction\",\"target\":{\"@type\":\"EntryPoint\",\"urlTemplate\":\"https:\\\/\\\/aconteceunovale.com.br\\\/portal\\\/?s={search_term_string}\"},\"query-input\":{\"@type\":\"PropertyValueSpecification\",\"valueRequired\":true,\"valueName\":\"search_term_string\"}}],\"inLanguage\":\"pt-BR\"},{\"@type\":\"Person\",\"@id\":\"https:\\\/\\\/aconteceunovale.com.br\\\/portal\\\/#\\\/schema\\\/person\\\/7d2f26d1483f8a63de73da1ee0754d35\",\"name\":\"Reda\u00e7\u00e3o Aconteceu no Vale\",\"description\":\"Equipe de reportagem do Aconteceu no Vale, portal de not\u00edcias do Vale do Jequitinhonha, em Minas Gerais. Cobrimos as 51 cidades do Vale desde 2013. Sugest\u00f5es de pauta e pedidos de corre\u00e7\u00e3o: contato@aconteceunovale.com.br\",\"url\":\"https:\\\/\\\/aconteceunovale.com.br\\\/portal\\\/?author=4\"}]}<\/script>\n<!-- \/ Yoast SEO plugin. -->","yoast_head_json":{"title":"Cadeirante \u00e9 assassinada em escola na Bahia - Aconteceu no Vale","robots":{"index":"index","follow":"follow","max-snippet":"max-snippet:-1","max-image-preview":"max-image-preview:large","max-video-preview":"max-video-preview:-1"},"canonical":"https:\/\/aconteceunovale.com.br\/portal\/?p=190660","og_locale":"pt_BR","og_type":"article","og_title":"Cadeirante \u00e9 assassinada em escola na Bahia - Aconteceu no Vale","og_description":"Uma estudante cadeirante foi assassinada a tiros na manh\u00e3 desta segunda-feira (26) por indiv\u00edduo que as autoridades classificaram de &#8220;estranho \u00e0 comunidade\u201d no Col\u00e9gio Municipal Eurides Sant\u2019Anna, localizado no munic\u00edpio baiano de Barreiras. A escola \u00e9 de gest\u00e3o compartilhada com a Pol\u00edcia Militar (PM). De acordo com a prefeitura de Barreiras, o atirador chegou ao [&hellip;]","og_url":"https:\/\/aconteceunovale.com.br\/portal\/?p=190660","og_site_name":"Aconteceu no Vale","article_publisher":"https:\/\/www.facebook.com\/aconteceunovale\/","article_published_time":"2022-09-26T17:19:16+00:00","article_modified_time":"2022-09-26T23:20:05+00:00","og_image":[{"width":640,"height":382,"url":"https:\/\/aconteceunovale.com.br\/portal\/wp-content\/uploads\/2022\/09\/colegio_barreiras.jpg","type":"image\/jpeg"}],"author":"Reda\u00e7\u00e3o Aconteceu no Vale","twitter_card":"summary_large_image","twitter_creator":"@noticiadosvales","twitter_site":"@noticiadosvales","twitter_misc":{"Escrito por":"Reda\u00e7\u00e3o Aconteceu no Vale","Est. tempo de leitura":"1 minuto"},"schema":{"@context":"https:\/\/schema.org","@graph":[{"@type":"Article","@id":"https:\/\/aconteceunovale.com.br\/portal\/?p=190660#article","isPartOf":{"@id":"https:\/\/aconteceunovale.com.br\/portal\/?p=190660"},"author":{"name":"Reda\u00e7\u00e3o Aconteceu no Vale","@id":"https:\/\/aconteceunovale.com.br\/portal\/#\/schema\/person\/7d2f26d1483f8a63de73da1ee0754d35"},"headline":"Cadeirante \u00e9 assassinada em escola na Bahia","datePublished":"2022-09-26T17:19:16+00:00","dateModified":"2022-09-26T23:20:05+00:00","mainEntityOfPage":{"@id":"https:\/\/aconteceunovale.com.br\/portal\/?p=190660"},"wordCount":250,"commentCount":0,"image":{"@id":"https:\/\/aconteceunovale.com.br\/portal\/?p=190660#primaryimage"},"thumbnailUrl":"https:\/\/aconteceunovale.com.br\/portal\/wp-content\/uploads\/2022\/09\/colegio_barreiras.jpg","keywords":["Barreiras","Cadeirante \u00e9 assassinada dentro de escola em Barreiras","Cadeirante \u00e9 assassinada em escola na Bahia","Col\u00e9gio Municipal Eurides Sant'Anna","destaque"],"articleSection":["Brasil"],"inLanguage":"pt-BR","potentialAction":[{"@type":"CommentAction","name":"Comment","target":["https:\/\/aconteceunovale.com.br\/portal\/?p=190660#respond"]}]},{"@type":"WebPage","@id":"https:\/\/aconteceunovale.com.br\/portal\/?p=190660","url":"https:\/\/aconteceunovale.com.br\/portal\/?p=190660","name":"Cadeirante \u00e9 assassinada em escola na Bahia - Aconteceu no Vale","isPartOf":{"@id":"https:\/\/aconteceunovale.com.br\/portal\/#website"},"primaryImageOfPage":{"@id":"https:\/\/aconteceunovale.com.br\/portal\/?p=190660#primaryimage"},"image":{"@id":"https:\/\/aconteceunovale.com.br\/portal\/?p=190660#primaryimage"},"thumbnailUrl":"https:\/\/aconteceunovale.com.br\/portal\/wp-content\/uploads\/2022\/09\/colegio_barreiras.jpg","datePublished":"2022-09-26T17:19:16+00:00","dateModified":"2022-09-26T23:20:05+00:00","author":{"@id":"https:\/\/aconteceunovale.com.br\/portal\/#\/schema\/person\/7d2f26d1483f8a63de73da1ee0754d35"},"breadcrumb":{"@id":"https:\/\/aconteceunovale.com.br\/portal\/?p=190660#breadcrumb"},"inLanguage":"pt-BR","potentialAction":[{"@type":"ReadAction","target":["https:\/\/aconteceunovale.com.br\/portal\/?p=190660"]}]},{"@type":"ImageObject","inLanguage":"pt-BR","@id":"https:\/\/aconteceunovale.com.br\/portal\/?p=190660#primaryimage","url":"https:\/\/aconteceunovale.com.br\/portal\/wp-content\/uploads\/2022\/09\/colegio_barreiras.jpg","contentUrl":"https:\/\/aconteceunovale.com.br\/portal\/wp-content\/uploads\/2022\/09\/colegio_barreiras.jpg","width":640,"height":382},{"@type":"BreadcrumbList","@id":"https:\/\/aconteceunovale.com.br\/portal\/?p=190660#breadcrumb","itemListElement":[{"@type":"ListItem","position":1,"name":"In\u00edcio","item":"https:\/\/aconteceunovale.com.br\/portal\/"},{"@type":"ListItem","position":2,"name":"Cadeirante \u00e9 assassinada em escola na Bahia"}]},{"@type":"WebSite","@id":"https:\/\/aconteceunovale.com.br\/portal\/#website","url":"https:\/\/aconteceunovale.com.br\/portal\/","name":"Aconteceu no Vale","description":"Portal de Not\u00edcias","potentialAction":[{"@type":"SearchAction","target":{"@type":"EntryPoint","urlTemplate":"https:\/\/aconteceunovale.com.br\/portal\/?s={search_term_string}"},"query-input":{"@type":"PropertyValueSpecification","valueRequired":true,"valueName":"search_term_string"}}],"inLanguage":"pt-BR"},{"@type":"Person","@id":"https:\/\/aconteceunovale.com.br\/portal\/#\/schema\/person\/7d2f26d1483f8a63de73da1ee0754d35","name":"Reda\u00e7\u00e3o Aconteceu no Vale","description":"Equipe de reportagem do Aconteceu no Vale, portal de not\u00edcias do Vale do Jequitinhonha, em Minas Gerais. Cobrimos as 51 cidades do Vale desde 2013. Sugest\u00f5es de pauta e pedidos de corre\u00e7\u00e3o: contato@aconteceunovale.com.br","url":"https:\/\/aconteceunovale.com.br\/portal\/?author=4"}]}},"_links":{"self":[{"href":"https:\/\/aconteceunovale.com.br\/portal\/index.php?rest_route=\/wp\/v2\/posts\/190660","targetHints":{"allow":["GET"]}}],"collection":[{"href":"https:\/\/aconteceunovale.com.br\/portal\/index.php?rest_route=\/wp\/v2\/posts"}],"about":[{"href":"https:\/\/aconteceunovale.com.br\/portal\/index.php?rest_route=\/wp\/v2\/types\/post"}],"author":[{"embeddable":true,"href":"https:\/\/aconteceunovale.com.br\/portal\/index.php?rest_route=\/wp\/v2\/users\/4"}],"replies":[{"embeddable":true,"href":"https:\/\/aconteceunovale.com.br\/portal\/index.php?rest_route=%2Fwp%2Fv2%2Fcomments&post=190660"}],"version-history":[{"count":1,"href":"https:\/\/aconteceunovale.com.br\/portal\/index.php?rest_route=\/wp\/v2\/posts\/190660\/revisions"}],"predecessor-version":[{"id":190662,"href":"https:\/\/aconteceunovale.com.br\/portal\/index.php?rest_route=\/wp\/v2\/posts\/190660\/revisions\/190662"}],"wp:featuredmedia":[{"embeddable":true,"href":"https:\/\/aconteceunovale.com.br\/portal\/index.php?rest_route=\/wp\/v2\/media\/190661"}],"wp:attachment":[{"href":"https:\/\/aconteceunovale.com.br\/portal\/index.php?rest_route=%2Fwp%2Fv2%2Fmedia&parent=190660"}],"wp:term":[{"taxonomy":"category","embeddable":true,"href":"https:\/\/aconteceunovale.com.br\/portal\/index.php?rest_route=%2Fwp%2Fv2%2Fcategories&post=190660"},{"taxonomy":"post_tag","embeddable":true,"href":"https:\/\/aconteceunovale.com.br\/portal\/index.php?rest_route=%2Fwp%2Fv2%2Ftags&post=190660"}],"curies":[{"name":"wp","href":"https:\/\/api.w.org\/{rel}","templated":true}]}}