{"id":190658,"date":"2022-09-26T15:15:09","date_gmt":"2022-09-26T18:15:09","guid":{"rendered":"https:\/\/aconteceunovale.com.br\/portal\/?p=190658"},"modified":"2022-09-26T20:15:50","modified_gmt":"2022-09-26T23:15:50","slug":"operacao-deixa-cinco-mortos-no-complexo-da-mare","status":"publish","type":"post","link":"https:\/\/aconteceunovale.com.br\/portal\/?p=190658","title":{"rendered":"Opera\u00e7\u00e3o deixa cinco mortos no Complexo da Mar\u00e9"},"content":{"rendered":"\n<p class=\"wp-block-paragraph\">Cinco pessoas morreram e outras tr\u00eas ficaram feridas em uma opera\u00e7\u00e3o policial no Complexo da Mar\u00e9, na Zona Norte do Rio de Janeiro. Outras 19 pessoas foram detidas. O conflito chegou \u00e0 Linha Vermelha, uma das principais vias expressas da cidade.<\/p>\n\n\n\n<p class=\"wp-block-paragraph\">Motoristas se jogaram no ch\u00e3o para se proteger do tiroteio. Escolas e postos de sa\u00fade da regi\u00e3o interromperam os servi\u00e7os. A opera\u00e7\u00e3o, segundo as pol\u00edcias Militar e Civil, segue em andamento.<\/p>\n\n\n\n<p class=\"wp-block-paragraph\">Segundo a Pol\u00edcia Militar, as cinco pessoas mortas eram suspeitas de crimes e as tr\u00eas pessoas que foram feridas tem mandados de pris\u00e3o em aberto contra elas. A identidade delas n\u00e3o foi confirmada. O socorro foi feito ao Hospital Federal de Bonsucesso. As ocorr\u00eancias seguir\u00e3o para a Delegacia de Homic\u00eddios da Capital.<\/p>\n\n\n\n<p class=\"wp-block-paragraph\">A opera\u00e7\u00e3o est\u00e1 sendo realizada de forma conjunta pela Secretaria de Estado de Pol\u00edcia Militar e a Secretaria de Estado de Pol\u00edcia Civil. O objetivo \u00e9, segundo as pol\u00edcias, conter tentativas de investidas de uma fac\u00e7\u00e3o criminosa contra outra nesta regi\u00e3o. A a\u00e7\u00e3o conta com efetivo de 120 policiais e emprego de seis ve\u00edculos blindados e duas aeronaves.<\/p>\n\n\n\n<p class=\"wp-block-paragraph\">Policiais militares do Batalh\u00e3o de Opera\u00e7\u00f5es Policiais Especiais (BOPE), do Batalh\u00e3o de A\u00e7\u00f5es com C\u00e3es (BAC) e policiais civis da Coordenadoria de Recursos Especiais (CORE) est\u00e3o atuando nas comunidades Vila do Jo\u00e3o e Vila dos Pinheiros.<\/p>\n\n\n\n<p class=\"wp-block-paragraph\">At\u00e9 o fechamento da mat\u00e9ria, a opera\u00e7\u00e3o apreendeu dois fuzis, uma pistola, uma r\u00e9plica de arma de press\u00e3o, uma granada, aproximadamente uma tonelada de maconha e 50 p\u00e9s de cannabis, 48 frascos de lan\u00e7a-perfume, al\u00e9m recuperar carros e motocicletas roubados.<\/p>\n\n\n\n<h2 class=\"wp-block-heading\">Tiroteio<\/h2>\n\n\n\n<p class=\"wp-block-paragraph\">Por volta das 7h, o conflito chegou \u00e0 Linha Vermelha, interrompendo o tr\u00e2nsito e causando reten\u00e7\u00e3o. Motoristas deixaram os ve\u00edculos e deitaram no ch\u00e3o para se proteger. Houve bloqueios intermitentes tamb\u00e9m na Linha Amarela, via expressa que tamb\u00e9m delimita o Complexo da Mar\u00e9.<\/p>\n\n\n\n<p class=\"wp-block-paragraph\">Policiais militares do 22\u00ba BPM (Mar\u00e9) e do Batalh\u00e3o de Policiamento em Vias Expressas (BPVE) interromperam preventivamente o fluxo da Linha Vermelha para resguardar usu\u00e1rios no per\u00edodo da manh\u00e3. Equipes do Batalh\u00e3o de Rondas Especiais e Controle de Multid\u00e3o (Recom) tamb\u00e9m foram deslocadas em refor\u00e7o para a regi\u00e3o, de acordo com nota da PM.<\/p>\n\n\n\n<p class=\"wp-block-paragraph\">As aulas de 35 escolas da regi\u00e3o da Mar\u00e9 foram suspensas e segundo a Secretaria Municipal de Educa\u00e7\u00e3o, est\u00e3o realizando atendimento remoto para garantir a seguran\u00e7a de alunos e funcion\u00e1rios.<\/p>\n\n\n\n<p class=\"wp-block-paragraph\">As escolas seguem protocolo estabelecido pelo Programa Acesso Mais Seguro, estabelecido em parceria com o Comit\u00ea Internacional da Cruz Vermelha. O programa tem como objetivo mitigar riscos por meio de protocolos que s\u00e3o aplicados por professores, alunos e toda a comunidade escolar de unidades localizadas em \u00e1reas de conflito. Sempre que h\u00e1 uma situa\u00e7\u00e3o de risco o protocolo \u00e9 acionado.<\/p>\n\n\n\n<p class=\"wp-block-paragraph\">O Centro Municipal de Sa\u00fade Vila do Jo\u00e3o e as cl\u00ednicas da fam\u00edlia Augusto Boal, Adib Jatene e Jeremias Moraes da Silva, localizadas na regi\u00e3o da Mar\u00e9, tamb\u00e9m interromperam o funcionamento nesta segunda-feira e acionaram o protocolo de acesso mais seguro para a seguran\u00e7a de profissionais e usu\u00e1rios.<\/p>\n\n\n\n<p class=\"wp-block-paragraph\">A Universidade Federal do Rio de Janeiro (UFRJ) cujo\u00a0<em>campus<\/em>\u00a0Cidade Universit\u00e1ria localiza-se na Ilha do Fund\u00e3o, pr\u00f3xima a regi\u00e3o onde ocorreu o conflito, tamb\u00e9m suspendeu as aulas nesta manh\u00e3 para seguran\u00e7a da comunidade acad\u00eamica.<\/p>\n\n\n\n<p class=\"wp-block-paragraph\">&#8212;&#8212;&#8212;&#8212;&#8212;&#8212;<br><br><strong>Sabia que o Aconteceu no Vale est\u00e1 tamb\u00e9m no Telegram? <a rel=\"noreferrer noopener\" href=\"https:\/\/t.me\/aconteceunovaleoficial\" target=\"_blank\">Inscreva-se no canal<\/a>.<\/strong><br><br><strong>J\u00e1 curtiu ou seguiu nossas p\u00e1ginas nas redes sociais?\u00a0Receba as not\u00edcias em primeira m\u00e3o:<\/strong><br>\u2022 <a rel=\"noreferrer noopener\" href=\"https:\/\/news.google.com\/publications\/CAAqBwgKMNjklQswi4etAw?hl=pt-BR&amp;gl=BR&amp;ceid=BR%3Apt-419\" target=\"_blank\">Google News<\/a><br>\u2022 <a rel=\"noreferrer noopener\" href=\"https:\/\/www.facebook.com\/aconteceunovale\/\" target=\"_blank\">Facebook<\/a><br>\u2022 <a rel=\"noreferrer noopener\" href=\"https:\/\/twitter.com\/noticiadosvales\" target=\"_blank\">Twitter<\/a><br>\u2022 <a rel=\"noreferrer noopener\" href=\"https:\/\/www.instagram.com\/aconteceunovale\" target=\"_blank\">Instagram<\/a><br>\u2022 <a rel=\"noreferrer noopener\" href=\"https:\/\/www.youtube.com\/AconteceunoValeOficial\" target=\"_blank\">Youtube<\/a><br>\u2022 <a rel=\"noreferrer noopener\" href=\"https:\/\/www.tiktok.com\/@aconteceunovale\" target=\"_blank\">TikTok<\/a><\/p>\n","protected":false},"excerpt":{"rendered":"<p>Cinco pessoas morreram e outras tr\u00eas ficaram feridas em uma opera\u00e7\u00e3o policial no Complexo da Mar\u00e9, na Zona Norte do Rio de Janeiro. Outras 19 pessoas foram detidas. O conflito chegou \u00e0 Linha Vermelha, uma das principais vias expressas da cidade. Motoristas se jogaram no ch\u00e3o para se proteger do tiroteio. Escolas e postos de [&hellip;]<\/p>\n","protected":false},"author":4,"featured_media":180925,"comment_status":"open","ping_status":"closed","sticky":false,"template":"","format":"standard","meta":{"amp_status":"","footnotes":""},"categories":[6],"tags":[263470,263472,263471,1104,99860],"class_list":["post-190658","post","type-post","status-publish","format-standard","has-post-thumbnail","hentry","category-br","tag-operacao-deixa-cinco-mortos-no-complexo-da-mare","tag-operacao-na-linha-vermelha","tag-operacao-policial-no-complexo-da-mare","tag-rio-de-janeiro","tag-rj"],"yoast_head":"<!-- This site is optimized with the Yoast SEO plugin v28.3 - https:\/\/yoast.com\/product\/yoast-seo-wordpress\/ -->\n<title>Opera\u00e7\u00e3o deixa cinco mortos no Complexo da Mar\u00e9 - Aconteceu no Vale<\/title>\n<meta name=\"robots\" content=\"index, follow, max-snippet:-1, max-image-preview:large, max-video-preview:-1\" \/>\n<link rel=\"canonical\" href=\"https:\/\/aconteceunovale.com.br\/portal\/?p=190658\" \/>\n<meta property=\"og:locale\" content=\"pt_BR\" \/>\n<meta property=\"og:type\" content=\"article\" \/>\n<meta property=\"og:title\" content=\"Opera\u00e7\u00e3o deixa cinco mortos no Complexo da Mar\u00e9 - Aconteceu no Vale\" \/>\n<meta property=\"og:description\" content=\"Cinco pessoas morreram e outras tr\u00eas ficaram feridas em uma opera\u00e7\u00e3o policial no Complexo da Mar\u00e9, na Zona Norte do Rio de Janeiro. Outras 19 pessoas foram detidas. O conflito chegou \u00e0 Linha Vermelha, uma das principais vias expressas da cidade. Motoristas se jogaram no ch\u00e3o para se proteger do tiroteio. Escolas e postos de [&hellip;]\" \/>\n<meta property=\"og:url\" content=\"https:\/\/aconteceunovale.com.br\/portal\/?p=190658\" \/>\n<meta property=\"og:site_name\" content=\"Aconteceu no Vale\" \/>\n<meta property=\"article:publisher\" content=\"https:\/\/www.facebook.com\/aconteceunovale\/\" \/>\n<meta property=\"article:published_time\" content=\"2022-09-26T18:15:09+00:00\" \/>\n<meta property=\"article:modified_time\" content=\"2022-09-26T23:15:50+00:00\" \/>\n<meta property=\"og:image\" content=\"https:\/\/aconteceunovale.com.br\/portal\/wp-content\/uploads\/2021\/08\/plantao_sirene_policial.jpg\" \/>\n\t<meta property=\"og:image:width\" content=\"678\" \/>\n\t<meta property=\"og:image:height\" content=\"440\" \/>\n\t<meta property=\"og:image:type\" content=\"image\/jpeg\" \/>\n<meta name=\"author\" content=\"Reda\u00e7\u00e3o Aconteceu no Vale\" \/>\n<meta name=\"twitter:card\" content=\"summary_large_image\" \/>\n<meta name=\"twitter:creator\" content=\"@noticiadosvales\" \/>\n<meta name=\"twitter:site\" content=\"@noticiadosvales\" \/>\n<meta name=\"twitter:label1\" content=\"Escrito por\" \/>\n\t<meta name=\"twitter:data1\" content=\"Reda\u00e7\u00e3o Aconteceu no Vale\" \/>\n\t<meta name=\"twitter:label2\" content=\"Est. tempo de leitura\" \/>\n\t<meta name=\"twitter:data2\" content=\"3 minutos\" \/>\n<script type=\"application\/ld+json\" class=\"yoast-schema-graph\">{\"@context\":\"https:\\\/\\\/schema.org\",\"@graph\":[{\"@type\":\"Article\",\"@id\":\"https:\\\/\\\/aconteceunovale.com.br\\\/portal\\\/?p=190658#article\",\"isPartOf\":{\"@id\":\"https:\\\/\\\/aconteceunovale.com.br\\\/portal\\\/?p=190658\"},\"author\":{\"name\":\"Reda\u00e7\u00e3o Aconteceu no Vale\",\"@id\":\"https:\\\/\\\/aconteceunovale.com.br\\\/portal\\\/#\\\/schema\\\/person\\\/7d2f26d1483f8a63de73da1ee0754d35\"},\"headline\":\"Opera\u00e7\u00e3o deixa cinco mortos no Complexo da Mar\u00e9\",\"datePublished\":\"2022-09-26T18:15:09+00:00\",\"dateModified\":\"2022-09-26T23:15:50+00:00\",\"mainEntityOfPage\":{\"@id\":\"https:\\\/\\\/aconteceunovale.com.br\\\/portal\\\/?p=190658\"},\"wordCount\":641,\"commentCount\":0,\"image\":{\"@id\":\"https:\\\/\\\/aconteceunovale.com.br\\\/portal\\\/?p=190658#primaryimage\"},\"thumbnailUrl\":\"https:\\\/\\\/aconteceunovale.com.br\\\/portal\\\/wp-content\\\/uploads\\\/2021\\\/08\\\/plantao_sirene_policial.jpg\",\"keywords\":[\"Opera\u00e7\u00e3o deixa cinco mortos no Complexo da Mar\u00e9\",\"Opera\u00e7\u00e3o na Linha Vermelha\",\"Opera\u00e7\u00e3o policial no complexo da Mar\u00e9\",\"Rio de Janeiro\",\"RJ\"],\"articleSection\":[\"Brasil\"],\"inLanguage\":\"pt-BR\",\"potentialAction\":[{\"@type\":\"CommentAction\",\"name\":\"Comment\",\"target\":[\"https:\\\/\\\/aconteceunovale.com.br\\\/portal\\\/?p=190658#respond\"]}]},{\"@type\":\"WebPage\",\"@id\":\"https:\\\/\\\/aconteceunovale.com.br\\\/portal\\\/?p=190658\",\"url\":\"https:\\\/\\\/aconteceunovale.com.br\\\/portal\\\/?p=190658\",\"name\":\"Opera\u00e7\u00e3o deixa cinco mortos no Complexo da Mar\u00e9 - Aconteceu no Vale\",\"isPartOf\":{\"@id\":\"https:\\\/\\\/aconteceunovale.com.br\\\/portal\\\/#website\"},\"primaryImageOfPage\":{\"@id\":\"https:\\\/\\\/aconteceunovale.com.br\\\/portal\\\/?p=190658#primaryimage\"},\"image\":{\"@id\":\"https:\\\/\\\/aconteceunovale.com.br\\\/portal\\\/?p=190658#primaryimage\"},\"thumbnailUrl\":\"https:\\\/\\\/aconteceunovale.com.br\\\/portal\\\/wp-content\\\/uploads\\\/2021\\\/08\\\/plantao_sirene_policial.jpg\",\"datePublished\":\"2022-09-26T18:15:09+00:00\",\"dateModified\":\"2022-09-26T23:15:50+00:00\",\"author\":{\"@id\":\"https:\\\/\\\/aconteceunovale.com.br\\\/portal\\\/#\\\/schema\\\/person\\\/7d2f26d1483f8a63de73da1ee0754d35\"},\"breadcrumb\":{\"@id\":\"https:\\\/\\\/aconteceunovale.com.br\\\/portal\\\/?p=190658#breadcrumb\"},\"inLanguage\":\"pt-BR\",\"potentialAction\":[{\"@type\":\"ReadAction\",\"target\":[\"https:\\\/\\\/aconteceunovale.com.br\\\/portal\\\/?p=190658\"]}]},{\"@type\":\"ImageObject\",\"inLanguage\":\"pt-BR\",\"@id\":\"https:\\\/\\\/aconteceunovale.com.br\\\/portal\\\/?p=190658#primaryimage\",\"url\":\"https:\\\/\\\/aconteceunovale.com.br\\\/portal\\\/wp-content\\\/uploads\\\/2021\\\/08\\\/plantao_sirene_policial.jpg\",\"contentUrl\":\"https:\\\/\\\/aconteceunovale.com.br\\\/portal\\\/wp-content\\\/uploads\\\/2021\\\/08\\\/plantao_sirene_policial.jpg\",\"width\":678,\"height\":440},{\"@type\":\"BreadcrumbList\",\"@id\":\"https:\\\/\\\/aconteceunovale.com.br\\\/portal\\\/?p=190658#breadcrumb\",\"itemListElement\":[{\"@type\":\"ListItem\",\"position\":1,\"name\":\"In\u00edcio\",\"item\":\"https:\\\/\\\/aconteceunovale.com.br\\\/portal\\\/\"},{\"@type\":\"ListItem\",\"position\":2,\"name\":\"Opera\u00e7\u00e3o deixa cinco mortos no Complexo da Mar\u00e9\"}]},{\"@type\":\"WebSite\",\"@id\":\"https:\\\/\\\/aconteceunovale.com.br\\\/portal\\\/#website\",\"url\":\"https:\\\/\\\/aconteceunovale.com.br\\\/portal\\\/\",\"name\":\"Aconteceu no Vale\",\"description\":\"Portal de Not\u00edcias\",\"potentialAction\":[{\"@type\":\"SearchAction\",\"target\":{\"@type\":\"EntryPoint\",\"urlTemplate\":\"https:\\\/\\\/aconteceunovale.com.br\\\/portal\\\/?s={search_term_string}\"},\"query-input\":{\"@type\":\"PropertyValueSpecification\",\"valueRequired\":true,\"valueName\":\"search_term_string\"}}],\"inLanguage\":\"pt-BR\"},{\"@type\":\"Person\",\"@id\":\"https:\\\/\\\/aconteceunovale.com.br\\\/portal\\\/#\\\/schema\\\/person\\\/7d2f26d1483f8a63de73da1ee0754d35\",\"name\":\"Reda\u00e7\u00e3o Aconteceu no Vale\",\"description\":\"Equipe de reportagem do Aconteceu no Vale, portal de not\u00edcias do Vale do Jequitinhonha, em Minas Gerais. Cobrimos as 51 cidades do Vale desde 2013. Sugest\u00f5es de pauta e pedidos de corre\u00e7\u00e3o: contato@aconteceunovale.com.br\",\"url\":\"https:\\\/\\\/aconteceunovale.com.br\\\/portal\\\/?author=4\"}]}<\/script>\n<!-- \/ Yoast SEO plugin. -->","yoast_head_json":{"title":"Opera\u00e7\u00e3o deixa cinco mortos no Complexo da Mar\u00e9 - Aconteceu no Vale","robots":{"index":"index","follow":"follow","max-snippet":"max-snippet:-1","max-image-preview":"max-image-preview:large","max-video-preview":"max-video-preview:-1"},"canonical":"https:\/\/aconteceunovale.com.br\/portal\/?p=190658","og_locale":"pt_BR","og_type":"article","og_title":"Opera\u00e7\u00e3o deixa cinco mortos no Complexo da Mar\u00e9 - Aconteceu no Vale","og_description":"Cinco pessoas morreram e outras tr\u00eas ficaram feridas em uma opera\u00e7\u00e3o policial no Complexo da Mar\u00e9, na Zona Norte do Rio de Janeiro. Outras 19 pessoas foram detidas. O conflito chegou \u00e0 Linha Vermelha, uma das principais vias expressas da cidade. Motoristas se jogaram no ch\u00e3o para se proteger do tiroteio. Escolas e postos de [&hellip;]","og_url":"https:\/\/aconteceunovale.com.br\/portal\/?p=190658","og_site_name":"Aconteceu no Vale","article_publisher":"https:\/\/www.facebook.com\/aconteceunovale\/","article_published_time":"2022-09-26T18:15:09+00:00","article_modified_time":"2022-09-26T23:15:50+00:00","og_image":[{"width":678,"height":440,"url":"https:\/\/aconteceunovale.com.br\/portal\/wp-content\/uploads\/2021\/08\/plantao_sirene_policial.jpg","type":"image\/jpeg"}],"author":"Reda\u00e7\u00e3o Aconteceu no Vale","twitter_card":"summary_large_image","twitter_creator":"@noticiadosvales","twitter_site":"@noticiadosvales","twitter_misc":{"Escrito por":"Reda\u00e7\u00e3o Aconteceu no Vale","Est. tempo de leitura":"3 minutos"},"schema":{"@context":"https:\/\/schema.org","@graph":[{"@type":"Article","@id":"https:\/\/aconteceunovale.com.br\/portal\/?p=190658#article","isPartOf":{"@id":"https:\/\/aconteceunovale.com.br\/portal\/?p=190658"},"author":{"name":"Reda\u00e7\u00e3o Aconteceu no Vale","@id":"https:\/\/aconteceunovale.com.br\/portal\/#\/schema\/person\/7d2f26d1483f8a63de73da1ee0754d35"},"headline":"Opera\u00e7\u00e3o deixa cinco mortos no Complexo da Mar\u00e9","datePublished":"2022-09-26T18:15:09+00:00","dateModified":"2022-09-26T23:15:50+00:00","mainEntityOfPage":{"@id":"https:\/\/aconteceunovale.com.br\/portal\/?p=190658"},"wordCount":641,"commentCount":0,"image":{"@id":"https:\/\/aconteceunovale.com.br\/portal\/?p=190658#primaryimage"},"thumbnailUrl":"https:\/\/aconteceunovale.com.br\/portal\/wp-content\/uploads\/2021\/08\/plantao_sirene_policial.jpg","keywords":["Opera\u00e7\u00e3o deixa cinco mortos no Complexo da Mar\u00e9","Opera\u00e7\u00e3o na Linha Vermelha","Opera\u00e7\u00e3o policial no complexo da Mar\u00e9","Rio de Janeiro","RJ"],"articleSection":["Brasil"],"inLanguage":"pt-BR","potentialAction":[{"@type":"CommentAction","name":"Comment","target":["https:\/\/aconteceunovale.com.br\/portal\/?p=190658#respond"]}]},{"@type":"WebPage","@id":"https:\/\/aconteceunovale.com.br\/portal\/?p=190658","url":"https:\/\/aconteceunovale.com.br\/portal\/?p=190658","name":"Opera\u00e7\u00e3o deixa cinco mortos no Complexo da Mar\u00e9 - Aconteceu no Vale","isPartOf":{"@id":"https:\/\/aconteceunovale.com.br\/portal\/#website"},"primaryImageOfPage":{"@id":"https:\/\/aconteceunovale.com.br\/portal\/?p=190658#primaryimage"},"image":{"@id":"https:\/\/aconteceunovale.com.br\/portal\/?p=190658#primaryimage"},"thumbnailUrl":"https:\/\/aconteceunovale.com.br\/portal\/wp-content\/uploads\/2021\/08\/plantao_sirene_policial.jpg","datePublished":"2022-09-26T18:15:09+00:00","dateModified":"2022-09-26T23:15:50+00:00","author":{"@id":"https:\/\/aconteceunovale.com.br\/portal\/#\/schema\/person\/7d2f26d1483f8a63de73da1ee0754d35"},"breadcrumb":{"@id":"https:\/\/aconteceunovale.com.br\/portal\/?p=190658#breadcrumb"},"inLanguage":"pt-BR","potentialAction":[{"@type":"ReadAction","target":["https:\/\/aconteceunovale.com.br\/portal\/?p=190658"]}]},{"@type":"ImageObject","inLanguage":"pt-BR","@id":"https:\/\/aconteceunovale.com.br\/portal\/?p=190658#primaryimage","url":"https:\/\/aconteceunovale.com.br\/portal\/wp-content\/uploads\/2021\/08\/plantao_sirene_policial.jpg","contentUrl":"https:\/\/aconteceunovale.com.br\/portal\/wp-content\/uploads\/2021\/08\/plantao_sirene_policial.jpg","width":678,"height":440},{"@type":"BreadcrumbList","@id":"https:\/\/aconteceunovale.com.br\/portal\/?p=190658#breadcrumb","itemListElement":[{"@type":"ListItem","position":1,"name":"In\u00edcio","item":"https:\/\/aconteceunovale.com.br\/portal\/"},{"@type":"ListItem","position":2,"name":"Opera\u00e7\u00e3o deixa cinco mortos no Complexo da Mar\u00e9"}]},{"@type":"WebSite","@id":"https:\/\/aconteceunovale.com.br\/portal\/#website","url":"https:\/\/aconteceunovale.com.br\/portal\/","name":"Aconteceu no Vale","description":"Portal de Not\u00edcias","potentialAction":[{"@type":"SearchAction","target":{"@type":"EntryPoint","urlTemplate":"https:\/\/aconteceunovale.com.br\/portal\/?s={search_term_string}"},"query-input":{"@type":"PropertyValueSpecification","valueRequired":true,"valueName":"search_term_string"}}],"inLanguage":"pt-BR"},{"@type":"Person","@id":"https:\/\/aconteceunovale.com.br\/portal\/#\/schema\/person\/7d2f26d1483f8a63de73da1ee0754d35","name":"Reda\u00e7\u00e3o Aconteceu no Vale","description":"Equipe de reportagem do Aconteceu no Vale, portal de not\u00edcias do Vale do Jequitinhonha, em Minas Gerais. Cobrimos as 51 cidades do Vale desde 2013. Sugest\u00f5es de pauta e pedidos de corre\u00e7\u00e3o: contato@aconteceunovale.com.br","url":"https:\/\/aconteceunovale.com.br\/portal\/?author=4"}]}},"_links":{"self":[{"href":"https:\/\/aconteceunovale.com.br\/portal\/index.php?rest_route=\/wp\/v2\/posts\/190658","targetHints":{"allow":["GET"]}}],"collection":[{"href":"https:\/\/aconteceunovale.com.br\/portal\/index.php?rest_route=\/wp\/v2\/posts"}],"about":[{"href":"https:\/\/aconteceunovale.com.br\/portal\/index.php?rest_route=\/wp\/v2\/types\/post"}],"author":[{"embeddable":true,"href":"https:\/\/aconteceunovale.com.br\/portal\/index.php?rest_route=\/wp\/v2\/users\/4"}],"replies":[{"embeddable":true,"href":"https:\/\/aconteceunovale.com.br\/portal\/index.php?rest_route=%2Fwp%2Fv2%2Fcomments&post=190658"}],"version-history":[{"count":1,"href":"https:\/\/aconteceunovale.com.br\/portal\/index.php?rest_route=\/wp\/v2\/posts\/190658\/revisions"}],"predecessor-version":[{"id":190659,"href":"https:\/\/aconteceunovale.com.br\/portal\/index.php?rest_route=\/wp\/v2\/posts\/190658\/revisions\/190659"}],"wp:featuredmedia":[{"embeddable":true,"href":"https:\/\/aconteceunovale.com.br\/portal\/index.php?rest_route=\/wp\/v2\/media\/180925"}],"wp:attachment":[{"href":"https:\/\/aconteceunovale.com.br\/portal\/index.php?rest_route=%2Fwp%2Fv2%2Fmedia&parent=190658"}],"wp:term":[{"taxonomy":"category","embeddable":true,"href":"https:\/\/aconteceunovale.com.br\/portal\/index.php?rest_route=%2Fwp%2Fv2%2Fcategories&post=190658"},{"taxonomy":"post_tag","embeddable":true,"href":"https:\/\/aconteceunovale.com.br\/portal\/index.php?rest_route=%2Fwp%2Fv2%2Ftags&post=190658"}],"curies":[{"name":"wp","href":"https:\/\/api.w.org\/{rel}","templated":true}]}}