{"id":190655,"date":"2022-09-26T20:11:15","date_gmt":"2022-09-26T23:11:15","guid":{"rendered":"https:\/\/aconteceunovale.com.br\/portal\/?p=190655"},"modified":"2022-09-26T20:12:04","modified_gmt":"2022-09-26T23:12:04","slug":"policia-federal-indicia-agentes-da-prf-por-homicidio-qualificado-no-caso-genivaldo","status":"publish","type":"post","link":"https:\/\/aconteceunovale.com.br\/portal\/?p=190655","title":{"rendered":"Pol\u00edcia Federal indicia agentes da PRF por homic\u00eddio qualificado no caso Genivaldo"},"content":{"rendered":"\n<p class=\"wp-block-paragraph\">A Pol\u00edcia Federal (PF) concluiu o relat\u00f3rio final do inqu\u00e9rito aberto para investigar a morte de Genivaldo de Jesus Santos,\u00a0ocorrida em maio durante uma abordagem da Pol\u00edcia Rodovi\u00e1ria Federal (PRF)\u00a0no munic\u00edpio de Umba\u00faba, no sul do estado de Sergipe. O relat\u00f3rio, entregue hoje (26) ao Minist\u00e9rio P\u00fablico Federal (MPF), indicia tr\u00eas agentes da PRF por abuso de autoridade e homic\u00eddio qualificado.<\/p>\n\n\n\n<p class=\"wp-block-paragraph\">\u201cO inqu\u00e9rito policial foi encaminhado, nesta segunda-feira (26\/9), ao Minist\u00e9rio P\u00fablico Federal para provid\u00eancias de sua compet\u00eancia, permanecendo a Pol\u00edcia Federal \u00e0 disposi\u00e7\u00e3o para quaisquer outras eventuais dilig\u00eancias julgadas necess\u00e1rias ao apurat\u00f3rio\u201d, disse a PF, em nota.<\/p>\n\n\n\n<p class=\"wp-block-paragraph\">A morte de Genivaldo ganhou proje\u00e7\u00e3o nacional por causa das imagens veiculadas na internet, que mostram a v\u00edtima presa dentro de uma viatura esfuma\u00e7ada. Genivaldo se debate com as pernas para fora enquanto um policial rodovi\u00e1rio mant\u00e9m a tampa do porta-malas abaixada, impedindo o homem de sair. Segundo o Instituto M\u00e9dico Legal (IML) do estado, Genivaldo morreu de insufici\u00eancia aguda secund\u00e1ria a asfixia. Ele teria sido parado pelos agentes por trafegar de moto sem capacete.<\/p>\n\n\n\n<p class=\"wp-block-paragraph\">A PF indiciou tr\u00eas agentes por homic\u00eddio qualificado. Isso significa que se trata de um homic\u00eddio cometido em circunst\u00e2ncias que tornam o crime mais grave do que j\u00e1 \u00e9. Nesse caso em espec\u00edfico, foi considerada a pr\u00e1tica da asfixia na morte de Genivaldo e da impossibilidade dele se defender.<\/p>\n\n\n\n<p class=\"wp-block-paragraph\">Os agentes seguem afastados de suas fun\u00e7\u00f5es, mas n\u00e3o est\u00e3o presos.<\/p>\n\n\n\n<p class=\"wp-block-paragraph\">Por meio de nota, a Pol\u00edcia Federal agradeceu as colabora\u00e7\u00f5es&nbsp;prestadas pela Secretaria de Seguran\u00e7a P\u00fablica de Sergipe, em especial, o&nbsp;Instituto M\u00e9dico Legal do Estado de Sergipe;&nbsp;e pela&nbsp;Pol\u00edcia Rodovi\u00e1ria Federal, &#8220;pela agilidade no atendimento \u00e0s demandas da investiga\u00e7\u00e3o\u201d.<\/p>\n\n\n\n<p class=\"wp-block-paragraph\">Em nota, o MPF confirmou o recebimento do inqu\u00e9rito e explicou que ter\u00e1 15 dias para an\u00e1lise do inqu\u00e9rito e apresenta\u00e7\u00e3o de den\u00fancia. Ap\u00f3s a conclus\u00e3o do inqu\u00e9rito, a PF citou as colabora\u00e7\u00f5es da PRF e de outros \u00f3rg\u00e3os nas investiga\u00e7\u00f5es.<\/p>\n\n\n\n<p class=\"wp-block-paragraph\">&#8212;&#8212;&#8212;&#8212;&#8212;&#8212;<br><br><strong>Sabia que o Aconteceu no Vale est\u00e1 tamb\u00e9m no Telegram? <a rel=\"noreferrer noopener\" href=\"https:\/\/t.me\/aconteceunovaleoficial\" target=\"_blank\">Inscreva-se no canal<\/a>.<\/strong><br><br><strong>J\u00e1 curtiu ou seguiu nossas p\u00e1ginas nas redes sociais?\u00a0Receba as not\u00edcias em primeira m\u00e3o:<\/strong><br>\u2022 <a rel=\"noreferrer noopener\" href=\"https:\/\/news.google.com\/publications\/CAAqBwgKMNjklQswi4etAw?hl=pt-BR&amp;gl=BR&amp;ceid=BR%3Apt-419\" target=\"_blank\">Google News<\/a><br>\u2022 <a rel=\"noreferrer noopener\" href=\"https:\/\/www.facebook.com\/aconteceunovale\/\" target=\"_blank\">Facebook<\/a><br>\u2022 <a rel=\"noreferrer noopener\" href=\"https:\/\/twitter.com\/noticiadosvales\" target=\"_blank\">Twitter<\/a><br>\u2022 <a rel=\"noreferrer noopener\" href=\"https:\/\/www.instagram.com\/aconteceunovale\" target=\"_blank\">Instagram<\/a><br>\u2022 <a rel=\"noreferrer noopener\" href=\"https:\/\/www.youtube.com\/AconteceunoValeOficial\" target=\"_blank\">Youtube<\/a><br>\u2022 <a rel=\"noreferrer noopener\" href=\"https:\/\/www.tiktok.com\/@aconteceunovale\" target=\"_blank\">TikTok<\/a><\/p>\n","protected":false},"excerpt":{"rendered":"<p>A Pol\u00edcia Federal (PF) concluiu o relat\u00f3rio final do inqu\u00e9rito aberto para investigar a morte de Genivaldo de Jesus Santos,\u00a0ocorrida em maio durante uma abordagem da Pol\u00edcia Rodovi\u00e1ria Federal (PRF)\u00a0no munic\u00edpio de Umba\u00faba, no sul do estado de Sergipe. O relat\u00f3rio, entregue hoje (26) ao Minist\u00e9rio P\u00fablico Federal (MPF), indicia tr\u00eas agentes da PRF por [&hellip;]<\/p>\n","protected":false},"author":4,"featured_media":190656,"comment_status":"open","ping_status":"closed","sticky":false,"template":"","format":"standard","meta":{"amp_status":"","footnotes":""},"categories":[6],"tags":[263467,1018,263468,18887,20966,772,263466,1984,239,6532,263469],"class_list":["post-190655","post","type-post","status-publish","format-standard","has-post-thumbnail","hentry","category-br","tag-caso-genivaldo","tag-destaque","tag-genivaldo-de-jesus-santos","tag-mpf","tag-pf","tag-policia-federal","tag-policia-federal-indicia-agentes-da-prf-por-homicidio-qualificado-no-caso-genivaldo","tag-policia-rodoviaria-federal","tag-prf","tag-sergipe","tag-umbauba"],"yoast_head":"<!-- This site is optimized with the Yoast SEO plugin v28.3 - https:\/\/yoast.com\/product\/yoast-seo-wordpress\/ -->\n<title>Pol\u00edcia Federal indicia agentes da PRF por homic\u00eddio qualificado no caso Genivaldo - Aconteceu no Vale<\/title>\n<meta name=\"robots\" content=\"index, follow, max-snippet:-1, max-image-preview:large, max-video-preview:-1\" \/>\n<link rel=\"canonical\" href=\"https:\/\/aconteceunovale.com.br\/portal\/?p=190655\" \/>\n<meta property=\"og:locale\" content=\"pt_BR\" \/>\n<meta property=\"og:type\" content=\"article\" \/>\n<meta property=\"og:title\" content=\"Pol\u00edcia Federal indicia agentes da PRF por homic\u00eddio qualificado no caso Genivaldo - Aconteceu no Vale\" \/>\n<meta property=\"og:description\" content=\"A Pol\u00edcia Federal (PF) concluiu o relat\u00f3rio final do inqu\u00e9rito aberto para investigar a morte de Genivaldo de Jesus Santos,\u00a0ocorrida em maio durante uma abordagem da Pol\u00edcia Rodovi\u00e1ria Federal (PRF)\u00a0no munic\u00edpio de Umba\u00faba, no sul do estado de Sergipe. O relat\u00f3rio, entregue hoje (26) ao Minist\u00e9rio P\u00fablico Federal (MPF), indicia tr\u00eas agentes da PRF por [&hellip;]\" \/>\n<meta property=\"og:url\" content=\"https:\/\/aconteceunovale.com.br\/portal\/?p=190655\" \/>\n<meta property=\"og:site_name\" content=\"Aconteceu no Vale\" \/>\n<meta property=\"article:publisher\" content=\"https:\/\/www.facebook.com\/aconteceunovale\/\" \/>\n<meta property=\"article:published_time\" content=\"2022-09-26T23:11:15+00:00\" \/>\n<meta property=\"article:modified_time\" content=\"2022-09-26T23:12:04+00:00\" \/>\n<meta property=\"og:image\" content=\"https:\/\/aconteceunovale.com.br\/portal\/wp-content\/uploads\/2022\/09\/caso_genivaldo.png\" \/>\n\t<meta property=\"og:image:width\" content=\"678\" \/>\n\t<meta property=\"og:image:height\" content=\"433\" \/>\n\t<meta property=\"og:image:type\" content=\"image\/png\" \/>\n<meta name=\"author\" content=\"Reda\u00e7\u00e3o Aconteceu no Vale\" \/>\n<meta name=\"twitter:card\" content=\"summary_large_image\" \/>\n<meta name=\"twitter:creator\" content=\"@noticiadosvales\" \/>\n<meta name=\"twitter:site\" content=\"@noticiadosvales\" \/>\n<meta name=\"twitter:label1\" content=\"Escrito por\" \/>\n\t<meta name=\"twitter:data1\" content=\"Reda\u00e7\u00e3o Aconteceu no Vale\" \/>\n\t<meta name=\"twitter:label2\" content=\"Est. tempo de leitura\" \/>\n\t<meta name=\"twitter:data2\" content=\"2 minutos\" \/>\n<script type=\"application\/ld+json\" class=\"yoast-schema-graph\">{\"@context\":\"https:\\\/\\\/schema.org\",\"@graph\":[{\"@type\":\"Article\",\"@id\":\"https:\\\/\\\/aconteceunovale.com.br\\\/portal\\\/?p=190655#article\",\"isPartOf\":{\"@id\":\"https:\\\/\\\/aconteceunovale.com.br\\\/portal\\\/?p=190655\"},\"author\":{\"name\":\"Reda\u00e7\u00e3o Aconteceu no Vale\",\"@id\":\"https:\\\/\\\/aconteceunovale.com.br\\\/portal\\\/#\\\/schema\\\/person\\\/7d2f26d1483f8a63de73da1ee0754d35\"},\"headline\":\"Pol\u00edcia Federal indicia agentes da PRF por homic\u00eddio qualificado no caso Genivaldo\",\"datePublished\":\"2022-09-26T23:11:15+00:00\",\"dateModified\":\"2022-09-26T23:12:04+00:00\",\"mainEntityOfPage\":{\"@id\":\"https:\\\/\\\/aconteceunovale.com.br\\\/portal\\\/?p=190655\"},\"wordCount\":428,\"commentCount\":0,\"image\":{\"@id\":\"https:\\\/\\\/aconteceunovale.com.br\\\/portal\\\/?p=190655#primaryimage\"},\"thumbnailUrl\":\"https:\\\/\\\/aconteceunovale.com.br\\\/portal\\\/wp-content\\\/uploads\\\/2022\\\/09\\\/caso_genivaldo.png\",\"keywords\":[\"Caso Genivaldo\",\"destaque\",\"Genivaldo de Jesus Santos\",\"MPF\",\"PF\",\"pol\u00edcia federal\",\"Pol\u00edcia Federal indicia agentes da PRF por homic\u00eddio qualificado no caso Genivaldo\",\"Pol\u00edcia Rodovi\u00e1ria Federal\",\"PRF\",\"Sergipe\",\"Umba\u00faba\"],\"articleSection\":[\"Brasil\"],\"inLanguage\":\"pt-BR\",\"potentialAction\":[{\"@type\":\"CommentAction\",\"name\":\"Comment\",\"target\":[\"https:\\\/\\\/aconteceunovale.com.br\\\/portal\\\/?p=190655#respond\"]}]},{\"@type\":\"WebPage\",\"@id\":\"https:\\\/\\\/aconteceunovale.com.br\\\/portal\\\/?p=190655\",\"url\":\"https:\\\/\\\/aconteceunovale.com.br\\\/portal\\\/?p=190655\",\"name\":\"Pol\u00edcia Federal indicia agentes da PRF por homic\u00eddio qualificado no caso Genivaldo - Aconteceu no Vale\",\"isPartOf\":{\"@id\":\"https:\\\/\\\/aconteceunovale.com.br\\\/portal\\\/#website\"},\"primaryImageOfPage\":{\"@id\":\"https:\\\/\\\/aconteceunovale.com.br\\\/portal\\\/?p=190655#primaryimage\"},\"image\":{\"@id\":\"https:\\\/\\\/aconteceunovale.com.br\\\/portal\\\/?p=190655#primaryimage\"},\"thumbnailUrl\":\"https:\\\/\\\/aconteceunovale.com.br\\\/portal\\\/wp-content\\\/uploads\\\/2022\\\/09\\\/caso_genivaldo.png\",\"datePublished\":\"2022-09-26T23:11:15+00:00\",\"dateModified\":\"2022-09-26T23:12:04+00:00\",\"author\":{\"@id\":\"https:\\\/\\\/aconteceunovale.com.br\\\/portal\\\/#\\\/schema\\\/person\\\/7d2f26d1483f8a63de73da1ee0754d35\"},\"breadcrumb\":{\"@id\":\"https:\\\/\\\/aconteceunovale.com.br\\\/portal\\\/?p=190655#breadcrumb\"},\"inLanguage\":\"pt-BR\",\"potentialAction\":[{\"@type\":\"ReadAction\",\"target\":[\"https:\\\/\\\/aconteceunovale.com.br\\\/portal\\\/?p=190655\"]}]},{\"@type\":\"ImageObject\",\"inLanguage\":\"pt-BR\",\"@id\":\"https:\\\/\\\/aconteceunovale.com.br\\\/portal\\\/?p=190655#primaryimage\",\"url\":\"https:\\\/\\\/aconteceunovale.com.br\\\/portal\\\/wp-content\\\/uploads\\\/2022\\\/09\\\/caso_genivaldo.png\",\"contentUrl\":\"https:\\\/\\\/aconteceunovale.com.br\\\/portal\\\/wp-content\\\/uploads\\\/2022\\\/09\\\/caso_genivaldo.png\",\"width\":678,\"height\":433},{\"@type\":\"BreadcrumbList\",\"@id\":\"https:\\\/\\\/aconteceunovale.com.br\\\/portal\\\/?p=190655#breadcrumb\",\"itemListElement\":[{\"@type\":\"ListItem\",\"position\":1,\"name\":\"In\u00edcio\",\"item\":\"https:\\\/\\\/aconteceunovale.com.br\\\/portal\\\/\"},{\"@type\":\"ListItem\",\"position\":2,\"name\":\"Pol\u00edcia Federal indicia agentes da PRF por homic\u00eddio qualificado no caso Genivaldo\"}]},{\"@type\":\"WebSite\",\"@id\":\"https:\\\/\\\/aconteceunovale.com.br\\\/portal\\\/#website\",\"url\":\"https:\\\/\\\/aconteceunovale.com.br\\\/portal\\\/\",\"name\":\"Aconteceu no Vale\",\"description\":\"Portal de Not\u00edcias\",\"potentialAction\":[{\"@type\":\"SearchAction\",\"target\":{\"@type\":\"EntryPoint\",\"urlTemplate\":\"https:\\\/\\\/aconteceunovale.com.br\\\/portal\\\/?s={search_term_string}\"},\"query-input\":{\"@type\":\"PropertyValueSpecification\",\"valueRequired\":true,\"valueName\":\"search_term_string\"}}],\"inLanguage\":\"pt-BR\"},{\"@type\":\"Person\",\"@id\":\"https:\\\/\\\/aconteceunovale.com.br\\\/portal\\\/#\\\/schema\\\/person\\\/7d2f26d1483f8a63de73da1ee0754d35\",\"name\":\"Reda\u00e7\u00e3o Aconteceu no Vale\",\"description\":\"Equipe de reportagem do Aconteceu no Vale, portal de not\u00edcias do Vale do Jequitinhonha, em Minas Gerais. Cobrimos as 51 cidades do Vale desde 2013. Sugest\u00f5es de pauta e pedidos de corre\u00e7\u00e3o: contato@aconteceunovale.com.br\",\"url\":\"https:\\\/\\\/aconteceunovale.com.br\\\/portal\\\/?author=4\"}]}<\/script>\n<!-- \/ Yoast SEO plugin. -->","yoast_head_json":{"title":"Pol\u00edcia Federal indicia agentes da PRF por homic\u00eddio qualificado no caso Genivaldo - Aconteceu no Vale","robots":{"index":"index","follow":"follow","max-snippet":"max-snippet:-1","max-image-preview":"max-image-preview:large","max-video-preview":"max-video-preview:-1"},"canonical":"https:\/\/aconteceunovale.com.br\/portal\/?p=190655","og_locale":"pt_BR","og_type":"article","og_title":"Pol\u00edcia Federal indicia agentes da PRF por homic\u00eddio qualificado no caso Genivaldo - Aconteceu no Vale","og_description":"A Pol\u00edcia Federal (PF) concluiu o relat\u00f3rio final do inqu\u00e9rito aberto para investigar a morte de Genivaldo de Jesus Santos,\u00a0ocorrida em maio durante uma abordagem da Pol\u00edcia Rodovi\u00e1ria Federal (PRF)\u00a0no munic\u00edpio de Umba\u00faba, no sul do estado de Sergipe. O relat\u00f3rio, entregue hoje (26) ao Minist\u00e9rio P\u00fablico Federal (MPF), indicia tr\u00eas agentes da PRF por [&hellip;]","og_url":"https:\/\/aconteceunovale.com.br\/portal\/?p=190655","og_site_name":"Aconteceu no Vale","article_publisher":"https:\/\/www.facebook.com\/aconteceunovale\/","article_published_time":"2022-09-26T23:11:15+00:00","article_modified_time":"2022-09-26T23:12:04+00:00","og_image":[{"width":678,"height":433,"url":"https:\/\/aconteceunovale.com.br\/portal\/wp-content\/uploads\/2022\/09\/caso_genivaldo.png","type":"image\/png"}],"author":"Reda\u00e7\u00e3o Aconteceu no Vale","twitter_card":"summary_large_image","twitter_creator":"@noticiadosvales","twitter_site":"@noticiadosvales","twitter_misc":{"Escrito por":"Reda\u00e7\u00e3o Aconteceu no Vale","Est. tempo de leitura":"2 minutos"},"schema":{"@context":"https:\/\/schema.org","@graph":[{"@type":"Article","@id":"https:\/\/aconteceunovale.com.br\/portal\/?p=190655#article","isPartOf":{"@id":"https:\/\/aconteceunovale.com.br\/portal\/?p=190655"},"author":{"name":"Reda\u00e7\u00e3o Aconteceu no Vale","@id":"https:\/\/aconteceunovale.com.br\/portal\/#\/schema\/person\/7d2f26d1483f8a63de73da1ee0754d35"},"headline":"Pol\u00edcia Federal indicia agentes da PRF por homic\u00eddio qualificado no caso Genivaldo","datePublished":"2022-09-26T23:11:15+00:00","dateModified":"2022-09-26T23:12:04+00:00","mainEntityOfPage":{"@id":"https:\/\/aconteceunovale.com.br\/portal\/?p=190655"},"wordCount":428,"commentCount":0,"image":{"@id":"https:\/\/aconteceunovale.com.br\/portal\/?p=190655#primaryimage"},"thumbnailUrl":"https:\/\/aconteceunovale.com.br\/portal\/wp-content\/uploads\/2022\/09\/caso_genivaldo.png","keywords":["Caso Genivaldo","destaque","Genivaldo de Jesus Santos","MPF","PF","pol\u00edcia federal","Pol\u00edcia Federal indicia agentes da PRF por homic\u00eddio qualificado no caso Genivaldo","Pol\u00edcia Rodovi\u00e1ria Federal","PRF","Sergipe","Umba\u00faba"],"articleSection":["Brasil"],"inLanguage":"pt-BR","potentialAction":[{"@type":"CommentAction","name":"Comment","target":["https:\/\/aconteceunovale.com.br\/portal\/?p=190655#respond"]}]},{"@type":"WebPage","@id":"https:\/\/aconteceunovale.com.br\/portal\/?p=190655","url":"https:\/\/aconteceunovale.com.br\/portal\/?p=190655","name":"Pol\u00edcia Federal indicia agentes da PRF por homic\u00eddio qualificado no caso Genivaldo - Aconteceu no Vale","isPartOf":{"@id":"https:\/\/aconteceunovale.com.br\/portal\/#website"},"primaryImageOfPage":{"@id":"https:\/\/aconteceunovale.com.br\/portal\/?p=190655#primaryimage"},"image":{"@id":"https:\/\/aconteceunovale.com.br\/portal\/?p=190655#primaryimage"},"thumbnailUrl":"https:\/\/aconteceunovale.com.br\/portal\/wp-content\/uploads\/2022\/09\/caso_genivaldo.png","datePublished":"2022-09-26T23:11:15+00:00","dateModified":"2022-09-26T23:12:04+00:00","author":{"@id":"https:\/\/aconteceunovale.com.br\/portal\/#\/schema\/person\/7d2f26d1483f8a63de73da1ee0754d35"},"breadcrumb":{"@id":"https:\/\/aconteceunovale.com.br\/portal\/?p=190655#breadcrumb"},"inLanguage":"pt-BR","potentialAction":[{"@type":"ReadAction","target":["https:\/\/aconteceunovale.com.br\/portal\/?p=190655"]}]},{"@type":"ImageObject","inLanguage":"pt-BR","@id":"https:\/\/aconteceunovale.com.br\/portal\/?p=190655#primaryimage","url":"https:\/\/aconteceunovale.com.br\/portal\/wp-content\/uploads\/2022\/09\/caso_genivaldo.png","contentUrl":"https:\/\/aconteceunovale.com.br\/portal\/wp-content\/uploads\/2022\/09\/caso_genivaldo.png","width":678,"height":433},{"@type":"BreadcrumbList","@id":"https:\/\/aconteceunovale.com.br\/portal\/?p=190655#breadcrumb","itemListElement":[{"@type":"ListItem","position":1,"name":"In\u00edcio","item":"https:\/\/aconteceunovale.com.br\/portal\/"},{"@type":"ListItem","position":2,"name":"Pol\u00edcia Federal indicia agentes da PRF por homic\u00eddio qualificado no caso Genivaldo"}]},{"@type":"WebSite","@id":"https:\/\/aconteceunovale.com.br\/portal\/#website","url":"https:\/\/aconteceunovale.com.br\/portal\/","name":"Aconteceu no Vale","description":"Portal de Not\u00edcias","potentialAction":[{"@type":"SearchAction","target":{"@type":"EntryPoint","urlTemplate":"https:\/\/aconteceunovale.com.br\/portal\/?s={search_term_string}"},"query-input":{"@type":"PropertyValueSpecification","valueRequired":true,"valueName":"search_term_string"}}],"inLanguage":"pt-BR"},{"@type":"Person","@id":"https:\/\/aconteceunovale.com.br\/portal\/#\/schema\/person\/7d2f26d1483f8a63de73da1ee0754d35","name":"Reda\u00e7\u00e3o Aconteceu no Vale","description":"Equipe de reportagem do Aconteceu no Vale, portal de not\u00edcias do Vale do Jequitinhonha, em Minas Gerais. Cobrimos as 51 cidades do Vale desde 2013. Sugest\u00f5es de pauta e pedidos de corre\u00e7\u00e3o: contato@aconteceunovale.com.br","url":"https:\/\/aconteceunovale.com.br\/portal\/?author=4"}]}},"_links":{"self":[{"href":"https:\/\/aconteceunovale.com.br\/portal\/index.php?rest_route=\/wp\/v2\/posts\/190655","targetHints":{"allow":["GET"]}}],"collection":[{"href":"https:\/\/aconteceunovale.com.br\/portal\/index.php?rest_route=\/wp\/v2\/posts"}],"about":[{"href":"https:\/\/aconteceunovale.com.br\/portal\/index.php?rest_route=\/wp\/v2\/types\/post"}],"author":[{"embeddable":true,"href":"https:\/\/aconteceunovale.com.br\/portal\/index.php?rest_route=\/wp\/v2\/users\/4"}],"replies":[{"embeddable":true,"href":"https:\/\/aconteceunovale.com.br\/portal\/index.php?rest_route=%2Fwp%2Fv2%2Fcomments&post=190655"}],"version-history":[{"count":1,"href":"https:\/\/aconteceunovale.com.br\/portal\/index.php?rest_route=\/wp\/v2\/posts\/190655\/revisions"}],"predecessor-version":[{"id":190657,"href":"https:\/\/aconteceunovale.com.br\/portal\/index.php?rest_route=\/wp\/v2\/posts\/190655\/revisions\/190657"}],"wp:featuredmedia":[{"embeddable":true,"href":"https:\/\/aconteceunovale.com.br\/portal\/index.php?rest_route=\/wp\/v2\/media\/190656"}],"wp:attachment":[{"href":"https:\/\/aconteceunovale.com.br\/portal\/index.php?rest_route=%2Fwp%2Fv2%2Fmedia&parent=190655"}],"wp:term":[{"taxonomy":"category","embeddable":true,"href":"https:\/\/aconteceunovale.com.br\/portal\/index.php?rest_route=%2Fwp%2Fv2%2Fcategories&post=190655"},{"taxonomy":"post_tag","embeddable":true,"href":"https:\/\/aconteceunovale.com.br\/portal\/index.php?rest_route=%2Fwp%2Fv2%2Ftags&post=190655"}],"curies":[{"name":"wp","href":"https:\/\/api.w.org\/{rel}","templated":true}]}}