{"id":190644,"date":"2022-09-26T17:18:41","date_gmt":"2022-09-26T20:18:41","guid":{"rendered":"https:\/\/aconteceunovale.com.br\/portal\/?p=190644"},"modified":"2022-09-26T17:19:12","modified_gmt":"2022-09-26T20:19:12","slug":"prazo-de-entrega-de-declaracao-do-itr-acaba-nesta-sexta","status":"publish","type":"post","link":"https:\/\/aconteceunovale.com.br\/portal\/?p=190644","title":{"rendered":"Prazo de entrega de declara\u00e7\u00e3o do ITR acaba nesta sexta"},"content":{"rendered":"\n<p class=\"wp-block-paragraph\">Os propriet\u00e1rios rurais de todo o pa\u00eds precisam ficar atentos. Acaba nesta sexta-feira (30), \u00e0s 23h59min59s, o prazo de entrega da Declara\u00e7\u00e3o do Imposto sobre a Propriedade Territorial Rural (ITR) 2022. O envio come\u00e7ou em 15 de agosto. Segundo o balan\u00e7o mais recente da Receita Federal, 4.725.521 contribuintes tinham entregado a declara\u00e7\u00e3o at\u00e9 o in\u00edcio da tarde de hoje (26).<\/p>\n\n\n\n<p class=\"wp-block-paragraph\">Neste ano, a Receita Federal espera receber de 5,84 milh\u00f5es a 5,9 milh\u00f5es de declara\u00e7\u00f5es. Na compara\u00e7\u00e3o por estados, a Bahia tem o maior n\u00famero de declara\u00e7\u00f5es enviadas at\u00e9 agora: 953.620. Em seguida, v\u00eam Minas Gerais (763.142) e Rio Grande do Sul (501.518).<\/p>\n\n\n\n<p class=\"wp-block-paragraph\">Devem preencher a declara\u00e7\u00e3o do ITR pessoas e empresas que s\u00e3o propriet\u00e1rias rurais, titulares do dom\u00ednio \u00fatil ou possuidoras de qualquer t\u00edtulo de im\u00f3vel rural. Quem perder o prazo est\u00e1 sujeito a multa de 1% ao m\u00eas ou fra\u00e7\u00e3o de atraso sobre o imposto devido. A multa ser\u00e1 lan\u00e7ada de of\u00edcio.<\/p>\n\n\n\n<p class=\"wp-block-paragraph\">O contribuinte deve elaborar a declara\u00e7\u00e3o por meio do Programa Gerador da Declara\u00e7\u00e3o do ITR, dispon\u00edvel na\u00a0<a href=\"https:\/\/www.gov.br\/receitafederal\" target=\"_blank\" rel=\"noreferrer noopener\">p\u00e1gina da Receita Federa<\/a>\u00a0e transmiti-la pela internet.<\/p>\n\n\n\n<p class=\"wp-block-paragraph\">O valor do imposto pode ser pago em at\u00e9 quatro parcelas mensais, sendo que nenhuma pode ter valor inferior a R$ 50. Imposto abaixo de R$ 100 deve ser pago em quota \u00fanica. Tanto o pagamento em uma s\u00f3 vez quanto o da primeira quota devem ser feitos at\u00e9 o \u00faltimo dia do prazo de entrega da declara\u00e7\u00e3o.<\/p>\n\n\n\n<p class=\"wp-block-paragraph\">O produtor rural pode tirar d\u00favidas sobre o preenchimento da declara\u00e7\u00e3o nos N\u00facleos de Apoio Cont\u00e1bil e Fiscal (NAF), mantidos por diversas institui\u00e7\u00f5es de ensino superior em parceria com a Receita Federal. As orienta\u00e7\u00f5es s\u00e3o fornecidas de forma virtual e gratuita. A lista dos NAF em todo o pa\u00eds pode ser acessada&nbsp;<a href=\"https:\/\/www.gov.br\/receitafederal\/pt-br\/assuntos\/educacao-fiscal\/educacao-fiscal\/naf\" target=\"_blank\" rel=\"noreferrer noopener\">neste endere\u00e7o<\/a>.<\/p>\n\n\n\n<p class=\"wp-block-paragraph\">Al\u00e9m das orienta\u00e7\u00f5es, o produtor rural pode obter esclarecimentos sobre o ITR na pr\u00f3pria p\u00e1gina da Receita Federal, que preparou um question\u00e1rio com as\u00a0<a rel=\"noreferrer noopener\" href=\"https:\/\/www.gov.br\/receitafederal\/pt-br\/centrais-de-conteudo\/publicacoes\/perguntas-e-respostas\/itr\" target=\"_blank\">principais perguntas e respostas<\/a>\u00a0sobre o preenchimento e a entrega do documento.<\/p>\n\n\n\n<p class=\"wp-block-paragraph\">&#8212;&#8212;&#8212;&#8212;&#8212;&#8212;<br><br><strong>Sabia que o Aconteceu no Vale est\u00e1 tamb\u00e9m no Telegram? <a rel=\"noreferrer noopener\" href=\"https:\/\/t.me\/aconteceunovaleoficial\" target=\"_blank\">Inscreva-se no canal<\/a>.<\/strong><br><br><strong>J\u00e1 curtiu ou seguiu nossas p\u00e1ginas nas redes sociais?\u00a0Receba as not\u00edcias em primeira m\u00e3o:<\/strong><br>\u2022 <a rel=\"noreferrer noopener\" href=\"https:\/\/news.google.com\/publications\/CAAqBwgKMNjklQswi4etAw?hl=pt-BR&amp;gl=BR&amp;ceid=BR%3Apt-419\" target=\"_blank\">Google News<\/a><br>\u2022 <a rel=\"noreferrer noopener\" href=\"https:\/\/www.facebook.com\/aconteceunovale\/\" target=\"_blank\">Facebook<\/a><br>\u2022 <a rel=\"noreferrer noopener\" href=\"https:\/\/twitter.com\/noticiadosvales\" target=\"_blank\">Twitter<\/a><br>\u2022 <a rel=\"noreferrer noopener\" href=\"https:\/\/www.instagram.com\/aconteceunovale\" target=\"_blank\">Instagram<\/a><br>\u2022 <a rel=\"noreferrer noopener\" href=\"https:\/\/www.youtube.com\/AconteceunoValeOficial\" target=\"_blank\">Youtube<\/a><br>\u2022 <a rel=\"noreferrer noopener\" href=\"https:\/\/www.tiktok.com\/@aconteceunovale\" target=\"_blank\">TikTok<\/a><\/p>\n","protected":false},"excerpt":{"rendered":"<p>Os propriet\u00e1rios rurais de todo o pa\u00eds precisam ficar atentos. Acaba nesta sexta-feira (30), \u00e0s 23h59min59s, o prazo de entrega da Declara\u00e7\u00e3o do Imposto sobre a Propriedade Territorial Rural (ITR) 2022. O envio come\u00e7ou em 15 de agosto. Segundo o balan\u00e7o mais recente da Receita Federal, 4.725.521 contribuintes tinham entregado a declara\u00e7\u00e3o at\u00e9 o in\u00edcio [&hellip;]<\/p>\n","protected":false},"author":4,"featured_media":190645,"comment_status":"open","ping_status":"closed","sticky":false,"template":"","format":"standard","meta":{"amp_status":"","footnotes":""},"categories":[6],"tags":[54921,229358,1018,207947,229359,1464],"class_list":["post-190644","post","type-post","status-publish","format-standard","has-post-thumbnail","hentry","category-br","tag-declaracao-do-imposto-sobre-a-propriedade-territorial-rural","tag-declaracao-itr","tag-destaque","tag-itr","tag-prazo-de-entrega-da-declaracao-do-itr-acaba-nesta-quarta","tag-receita-federal"],"yoast_head":"<!-- This site is optimized with the Yoast SEO plugin v28.3 - https:\/\/yoast.com\/product\/yoast-seo-wordpress\/ -->\n<title>Prazo de entrega de declara\u00e7\u00e3o do ITR acaba nesta sexta - Aconteceu no Vale<\/title>\n<meta name=\"robots\" content=\"index, follow, max-snippet:-1, max-image-preview:large, max-video-preview:-1\" \/>\n<link rel=\"canonical\" href=\"https:\/\/aconteceunovale.com.br\/portal\/?p=190644\" \/>\n<meta property=\"og:locale\" content=\"pt_BR\" \/>\n<meta property=\"og:type\" content=\"article\" \/>\n<meta property=\"og:title\" content=\"Prazo de entrega de declara\u00e7\u00e3o do ITR acaba nesta sexta - Aconteceu no Vale\" \/>\n<meta property=\"og:description\" content=\"Os propriet\u00e1rios rurais de todo o pa\u00eds precisam ficar atentos. Acaba nesta sexta-feira (30), \u00e0s 23h59min59s, o prazo de entrega da Declara\u00e7\u00e3o do Imposto sobre a Propriedade Territorial Rural (ITR) 2022. O envio come\u00e7ou em 15 de agosto. Segundo o balan\u00e7o mais recente da Receita Federal, 4.725.521 contribuintes tinham entregado a declara\u00e7\u00e3o at\u00e9 o in\u00edcio [&hellip;]\" \/>\n<meta property=\"og:url\" content=\"https:\/\/aconteceunovale.com.br\/portal\/?p=190644\" \/>\n<meta property=\"og:site_name\" content=\"Aconteceu no Vale\" \/>\n<meta property=\"article:publisher\" content=\"https:\/\/www.facebook.com\/aconteceunovale\/\" \/>\n<meta property=\"article:published_time\" content=\"2022-09-26T20:18:41+00:00\" \/>\n<meta property=\"article:modified_time\" content=\"2022-09-26T20:19:12+00:00\" \/>\n<meta property=\"og:image\" content=\"https:\/\/aconteceunovale.com.br\/portal\/wp-content\/uploads\/2022\/09\/declaracao_itr.jpg\" \/>\n\t<meta property=\"og:image:width\" content=\"678\" \/>\n\t<meta property=\"og:image:height\" content=\"406\" \/>\n\t<meta property=\"og:image:type\" content=\"image\/jpeg\" \/>\n<meta name=\"author\" content=\"Reda\u00e7\u00e3o Aconteceu no Vale\" \/>\n<meta name=\"twitter:card\" content=\"summary_large_image\" \/>\n<meta name=\"twitter:creator\" content=\"@noticiadosvales\" \/>\n<meta name=\"twitter:site\" content=\"@noticiadosvales\" \/>\n<meta name=\"twitter:label1\" content=\"Escrito por\" \/>\n\t<meta name=\"twitter:data1\" content=\"Reda\u00e7\u00e3o Aconteceu no Vale\" \/>\n\t<meta name=\"twitter:label2\" content=\"Est. tempo de leitura\" \/>\n\t<meta name=\"twitter:data2\" content=\"2 minutos\" \/>\n<script type=\"application\/ld+json\" class=\"yoast-schema-graph\">{\"@context\":\"https:\\\/\\\/schema.org\",\"@graph\":[{\"@type\":\"Article\",\"@id\":\"https:\\\/\\\/aconteceunovale.com.br\\\/portal\\\/?p=190644#article\",\"isPartOf\":{\"@id\":\"https:\\\/\\\/aconteceunovale.com.br\\\/portal\\\/?p=190644\"},\"author\":{\"name\":\"Reda\u00e7\u00e3o Aconteceu no Vale\",\"@id\":\"https:\\\/\\\/aconteceunovale.com.br\\\/portal\\\/#\\\/schema\\\/person\\\/7d2f26d1483f8a63de73da1ee0754d35\"},\"headline\":\"Prazo de entrega de declara\u00e7\u00e3o do ITR acaba nesta sexta\",\"datePublished\":\"2022-09-26T20:18:41+00:00\",\"dateModified\":\"2022-09-26T20:19:12+00:00\",\"mainEntityOfPage\":{\"@id\":\"https:\\\/\\\/aconteceunovale.com.br\\\/portal\\\/?p=190644\"},\"wordCount\":411,\"commentCount\":0,\"image\":{\"@id\":\"https:\\\/\\\/aconteceunovale.com.br\\\/portal\\\/?p=190644#primaryimage\"},\"thumbnailUrl\":\"https:\\\/\\\/aconteceunovale.com.br\\\/portal\\\/wp-content\\\/uploads\\\/2022\\\/09\\\/declaracao_itr.jpg\",\"keywords\":[\"Declara\u00e7\u00e3o do Imposto sobre a Propriedade Territorial Rural\",\"Declara\u00e7\u00e3o ITR\",\"destaque\",\"ITR\",\"Prazo de entrega da declara\u00e7\u00e3o do ITR acaba nesta quarta\",\"receita federal\"],\"articleSection\":[\"Brasil\"],\"inLanguage\":\"pt-BR\",\"potentialAction\":[{\"@type\":\"CommentAction\",\"name\":\"Comment\",\"target\":[\"https:\\\/\\\/aconteceunovale.com.br\\\/portal\\\/?p=190644#respond\"]}]},{\"@type\":\"WebPage\",\"@id\":\"https:\\\/\\\/aconteceunovale.com.br\\\/portal\\\/?p=190644\",\"url\":\"https:\\\/\\\/aconteceunovale.com.br\\\/portal\\\/?p=190644\",\"name\":\"Prazo de entrega de declara\u00e7\u00e3o do ITR acaba nesta sexta - Aconteceu no Vale\",\"isPartOf\":{\"@id\":\"https:\\\/\\\/aconteceunovale.com.br\\\/portal\\\/#website\"},\"primaryImageOfPage\":{\"@id\":\"https:\\\/\\\/aconteceunovale.com.br\\\/portal\\\/?p=190644#primaryimage\"},\"image\":{\"@id\":\"https:\\\/\\\/aconteceunovale.com.br\\\/portal\\\/?p=190644#primaryimage\"},\"thumbnailUrl\":\"https:\\\/\\\/aconteceunovale.com.br\\\/portal\\\/wp-content\\\/uploads\\\/2022\\\/09\\\/declaracao_itr.jpg\",\"datePublished\":\"2022-09-26T20:18:41+00:00\",\"dateModified\":\"2022-09-26T20:19:12+00:00\",\"author\":{\"@id\":\"https:\\\/\\\/aconteceunovale.com.br\\\/portal\\\/#\\\/schema\\\/person\\\/7d2f26d1483f8a63de73da1ee0754d35\"},\"breadcrumb\":{\"@id\":\"https:\\\/\\\/aconteceunovale.com.br\\\/portal\\\/?p=190644#breadcrumb\"},\"inLanguage\":\"pt-BR\",\"potentialAction\":[{\"@type\":\"ReadAction\",\"target\":[\"https:\\\/\\\/aconteceunovale.com.br\\\/portal\\\/?p=190644\"]}]},{\"@type\":\"ImageObject\",\"inLanguage\":\"pt-BR\",\"@id\":\"https:\\\/\\\/aconteceunovale.com.br\\\/portal\\\/?p=190644#primaryimage\",\"url\":\"https:\\\/\\\/aconteceunovale.com.br\\\/portal\\\/wp-content\\\/uploads\\\/2022\\\/09\\\/declaracao_itr.jpg\",\"contentUrl\":\"https:\\\/\\\/aconteceunovale.com.br\\\/portal\\\/wp-content\\\/uploads\\\/2022\\\/09\\\/declaracao_itr.jpg\",\"width\":678,\"height\":406},{\"@type\":\"BreadcrumbList\",\"@id\":\"https:\\\/\\\/aconteceunovale.com.br\\\/portal\\\/?p=190644#breadcrumb\",\"itemListElement\":[{\"@type\":\"ListItem\",\"position\":1,\"name\":\"In\u00edcio\",\"item\":\"https:\\\/\\\/aconteceunovale.com.br\\\/portal\\\/\"},{\"@type\":\"ListItem\",\"position\":2,\"name\":\"Prazo de entrega de declara\u00e7\u00e3o do ITR acaba nesta sexta\"}]},{\"@type\":\"WebSite\",\"@id\":\"https:\\\/\\\/aconteceunovale.com.br\\\/portal\\\/#website\",\"url\":\"https:\\\/\\\/aconteceunovale.com.br\\\/portal\\\/\",\"name\":\"Aconteceu no Vale\",\"description\":\"Portal de Not\u00edcias\",\"potentialAction\":[{\"@type\":\"SearchAction\",\"target\":{\"@type\":\"EntryPoint\",\"urlTemplate\":\"https:\\\/\\\/aconteceunovale.com.br\\\/portal\\\/?s={search_term_string}\"},\"query-input\":{\"@type\":\"PropertyValueSpecification\",\"valueRequired\":true,\"valueName\":\"search_term_string\"}}],\"inLanguage\":\"pt-BR\"},{\"@type\":\"Person\",\"@id\":\"https:\\\/\\\/aconteceunovale.com.br\\\/portal\\\/#\\\/schema\\\/person\\\/7d2f26d1483f8a63de73da1ee0754d35\",\"name\":\"Reda\u00e7\u00e3o Aconteceu no Vale\",\"description\":\"Equipe de reportagem do Aconteceu no Vale, portal de not\u00edcias do Vale do Jequitinhonha, em Minas Gerais. Cobrimos as 51 cidades do Vale desde 2013. Sugest\u00f5es de pauta e pedidos de corre\u00e7\u00e3o: contato@aconteceunovale.com.br\",\"url\":\"https:\\\/\\\/aconteceunovale.com.br\\\/portal\\\/?author=4\"}]}<\/script>\n<!-- \/ Yoast SEO plugin. -->","yoast_head_json":{"title":"Prazo de entrega de declara\u00e7\u00e3o do ITR acaba nesta sexta - Aconteceu no Vale","robots":{"index":"index","follow":"follow","max-snippet":"max-snippet:-1","max-image-preview":"max-image-preview:large","max-video-preview":"max-video-preview:-1"},"canonical":"https:\/\/aconteceunovale.com.br\/portal\/?p=190644","og_locale":"pt_BR","og_type":"article","og_title":"Prazo de entrega de declara\u00e7\u00e3o do ITR acaba nesta sexta - Aconteceu no Vale","og_description":"Os propriet\u00e1rios rurais de todo o pa\u00eds precisam ficar atentos. Acaba nesta sexta-feira (30), \u00e0s 23h59min59s, o prazo de entrega da Declara\u00e7\u00e3o do Imposto sobre a Propriedade Territorial Rural (ITR) 2022. O envio come\u00e7ou em 15 de agosto. Segundo o balan\u00e7o mais recente da Receita Federal, 4.725.521 contribuintes tinham entregado a declara\u00e7\u00e3o at\u00e9 o in\u00edcio [&hellip;]","og_url":"https:\/\/aconteceunovale.com.br\/portal\/?p=190644","og_site_name":"Aconteceu no Vale","article_publisher":"https:\/\/www.facebook.com\/aconteceunovale\/","article_published_time":"2022-09-26T20:18:41+00:00","article_modified_time":"2022-09-26T20:19:12+00:00","og_image":[{"width":678,"height":406,"url":"https:\/\/aconteceunovale.com.br\/portal\/wp-content\/uploads\/2022\/09\/declaracao_itr.jpg","type":"image\/jpeg"}],"author":"Reda\u00e7\u00e3o Aconteceu no Vale","twitter_card":"summary_large_image","twitter_creator":"@noticiadosvales","twitter_site":"@noticiadosvales","twitter_misc":{"Escrito por":"Reda\u00e7\u00e3o Aconteceu no Vale","Est. tempo de leitura":"2 minutos"},"schema":{"@context":"https:\/\/schema.org","@graph":[{"@type":"Article","@id":"https:\/\/aconteceunovale.com.br\/portal\/?p=190644#article","isPartOf":{"@id":"https:\/\/aconteceunovale.com.br\/portal\/?p=190644"},"author":{"name":"Reda\u00e7\u00e3o Aconteceu no Vale","@id":"https:\/\/aconteceunovale.com.br\/portal\/#\/schema\/person\/7d2f26d1483f8a63de73da1ee0754d35"},"headline":"Prazo de entrega de declara\u00e7\u00e3o do ITR acaba nesta sexta","datePublished":"2022-09-26T20:18:41+00:00","dateModified":"2022-09-26T20:19:12+00:00","mainEntityOfPage":{"@id":"https:\/\/aconteceunovale.com.br\/portal\/?p=190644"},"wordCount":411,"commentCount":0,"image":{"@id":"https:\/\/aconteceunovale.com.br\/portal\/?p=190644#primaryimage"},"thumbnailUrl":"https:\/\/aconteceunovale.com.br\/portal\/wp-content\/uploads\/2022\/09\/declaracao_itr.jpg","keywords":["Declara\u00e7\u00e3o do Imposto sobre a Propriedade Territorial Rural","Declara\u00e7\u00e3o ITR","destaque","ITR","Prazo de entrega da declara\u00e7\u00e3o do ITR acaba nesta quarta","receita federal"],"articleSection":["Brasil"],"inLanguage":"pt-BR","potentialAction":[{"@type":"CommentAction","name":"Comment","target":["https:\/\/aconteceunovale.com.br\/portal\/?p=190644#respond"]}]},{"@type":"WebPage","@id":"https:\/\/aconteceunovale.com.br\/portal\/?p=190644","url":"https:\/\/aconteceunovale.com.br\/portal\/?p=190644","name":"Prazo de entrega de declara\u00e7\u00e3o do ITR acaba nesta sexta - Aconteceu no Vale","isPartOf":{"@id":"https:\/\/aconteceunovale.com.br\/portal\/#website"},"primaryImageOfPage":{"@id":"https:\/\/aconteceunovale.com.br\/portal\/?p=190644#primaryimage"},"image":{"@id":"https:\/\/aconteceunovale.com.br\/portal\/?p=190644#primaryimage"},"thumbnailUrl":"https:\/\/aconteceunovale.com.br\/portal\/wp-content\/uploads\/2022\/09\/declaracao_itr.jpg","datePublished":"2022-09-26T20:18:41+00:00","dateModified":"2022-09-26T20:19:12+00:00","author":{"@id":"https:\/\/aconteceunovale.com.br\/portal\/#\/schema\/person\/7d2f26d1483f8a63de73da1ee0754d35"},"breadcrumb":{"@id":"https:\/\/aconteceunovale.com.br\/portal\/?p=190644#breadcrumb"},"inLanguage":"pt-BR","potentialAction":[{"@type":"ReadAction","target":["https:\/\/aconteceunovale.com.br\/portal\/?p=190644"]}]},{"@type":"ImageObject","inLanguage":"pt-BR","@id":"https:\/\/aconteceunovale.com.br\/portal\/?p=190644#primaryimage","url":"https:\/\/aconteceunovale.com.br\/portal\/wp-content\/uploads\/2022\/09\/declaracao_itr.jpg","contentUrl":"https:\/\/aconteceunovale.com.br\/portal\/wp-content\/uploads\/2022\/09\/declaracao_itr.jpg","width":678,"height":406},{"@type":"BreadcrumbList","@id":"https:\/\/aconteceunovale.com.br\/portal\/?p=190644#breadcrumb","itemListElement":[{"@type":"ListItem","position":1,"name":"In\u00edcio","item":"https:\/\/aconteceunovale.com.br\/portal\/"},{"@type":"ListItem","position":2,"name":"Prazo de entrega de declara\u00e7\u00e3o do ITR acaba nesta sexta"}]},{"@type":"WebSite","@id":"https:\/\/aconteceunovale.com.br\/portal\/#website","url":"https:\/\/aconteceunovale.com.br\/portal\/","name":"Aconteceu no Vale","description":"Portal de Not\u00edcias","potentialAction":[{"@type":"SearchAction","target":{"@type":"EntryPoint","urlTemplate":"https:\/\/aconteceunovale.com.br\/portal\/?s={search_term_string}"},"query-input":{"@type":"PropertyValueSpecification","valueRequired":true,"valueName":"search_term_string"}}],"inLanguage":"pt-BR"},{"@type":"Person","@id":"https:\/\/aconteceunovale.com.br\/portal\/#\/schema\/person\/7d2f26d1483f8a63de73da1ee0754d35","name":"Reda\u00e7\u00e3o Aconteceu no Vale","description":"Equipe de reportagem do Aconteceu no Vale, portal de not\u00edcias do Vale do Jequitinhonha, em Minas Gerais. Cobrimos as 51 cidades do Vale desde 2013. Sugest\u00f5es de pauta e pedidos de corre\u00e7\u00e3o: contato@aconteceunovale.com.br","url":"https:\/\/aconteceunovale.com.br\/portal\/?author=4"}]}},"_links":{"self":[{"href":"https:\/\/aconteceunovale.com.br\/portal\/index.php?rest_route=\/wp\/v2\/posts\/190644","targetHints":{"allow":["GET"]}}],"collection":[{"href":"https:\/\/aconteceunovale.com.br\/portal\/index.php?rest_route=\/wp\/v2\/posts"}],"about":[{"href":"https:\/\/aconteceunovale.com.br\/portal\/index.php?rest_route=\/wp\/v2\/types\/post"}],"author":[{"embeddable":true,"href":"https:\/\/aconteceunovale.com.br\/portal\/index.php?rest_route=\/wp\/v2\/users\/4"}],"replies":[{"embeddable":true,"href":"https:\/\/aconteceunovale.com.br\/portal\/index.php?rest_route=%2Fwp%2Fv2%2Fcomments&post=190644"}],"version-history":[{"count":1,"href":"https:\/\/aconteceunovale.com.br\/portal\/index.php?rest_route=\/wp\/v2\/posts\/190644\/revisions"}],"predecessor-version":[{"id":190646,"href":"https:\/\/aconteceunovale.com.br\/portal\/index.php?rest_route=\/wp\/v2\/posts\/190644\/revisions\/190646"}],"wp:featuredmedia":[{"embeddable":true,"href":"https:\/\/aconteceunovale.com.br\/portal\/index.php?rest_route=\/wp\/v2\/media\/190645"}],"wp:attachment":[{"href":"https:\/\/aconteceunovale.com.br\/portal\/index.php?rest_route=%2Fwp%2Fv2%2Fmedia&parent=190644"}],"wp:term":[{"taxonomy":"category","embeddable":true,"href":"https:\/\/aconteceunovale.com.br\/portal\/index.php?rest_route=%2Fwp%2Fv2%2Fcategories&post=190644"},{"taxonomy":"post_tag","embeddable":true,"href":"https:\/\/aconteceunovale.com.br\/portal\/index.php?rest_route=%2Fwp%2Fv2%2Ftags&post=190644"}],"curies":[{"name":"wp","href":"https:\/\/api.w.org\/{rel}","templated":true}]}}