{"id":190638,"date":"2022-09-26T14:54:59","date_gmt":"2022-09-26T17:54:59","guid":{"rendered":"https:\/\/aconteceunovale.com.br\/portal\/?p=190638"},"modified":"2022-09-26T14:56:03","modified_gmt":"2022-09-26T17:56:03","slug":"ans-suspende-comercializacao-de-70-planos-de-saude","status":"publish","type":"post","link":"https:\/\/aconteceunovale.com.br\/portal\/?p=190638","title":{"rendered":"ANS suspende comercializa\u00e7\u00e3o de 70 planos de sa\u00fade"},"content":{"rendered":"\n<p class=\"wp-block-paragraph\">A Ag\u00eancia Nacional de Sa\u00fade Suplementar (ANS) suspendeu a comercializa\u00e7\u00e3o de 70 planos de sa\u00fade devido a reclama\u00e7\u00f5es relacionadas \u00e0 cobertura assistencial. A puni\u00e7\u00e3o divulgada pela ag\u00eancia regulat\u00f3ria tem como base os resultados do Monitoramento da Garantia de Atendimento do segundo trimestre de 2022.<\/p>\n\n\n\n<p class=\"wp-block-paragraph\">A suspens\u00e3o come\u00e7a a valer a partir do dia&nbsp;30 de setembro&nbsp;e s\u00f3 ser\u00e1 revertida se as operadoras apresentarem melhora no resultado do monitoramento do pr\u00f3ximo trimestre. Segundo a ag\u00eancia, os planos somam 1,6 milh\u00e3o de usu\u00e1rios, que permanecem cobertos.&nbsp;<\/p>\n\n\n\n<p class=\"wp-block-paragraph\">A lista dos\u00a0<a rel=\"noreferrer noopener\" href=\"https:\/\/www.gov.br\/ans\/pt-br\/assuntos\/informacoes-e-avaliacoes-de-operadoras\/monitoramento-de-garantia-de-atendimento\/planos-com-comercializacao-suspensa-2o-trim-2022\" target=\"_blank\">planos com comercializa\u00e7\u00e3o suspensa pode ser consultada no site da ag\u00eancia<\/a>, assim como a\u00a0<a rel=\"noreferrer noopener\" href=\"https:\/\/www.gov.br\/ans\/pt-br\/assuntos\/informacoes-e-avaliacoes-de-operadoras\/monitoramento-de-garantia-de-atendimento\/planos-reativados-2o-trim-2022\" target=\"_blank\">lista dos 40 que tiveram sua comercializa\u00e7\u00e3o liberada<\/a>\u00a0por terem apresentado melhoria de desempenho ap\u00f3s um per\u00edodo de suspens\u00e3o.<\/p>\n\n\n\n<p class=\"wp-block-paragraph\">No relat\u00f3rio, a ANS considerou 37.936 reclama\u00e7\u00f5es realizadas no per\u00edodo de 1\u00ba de abril\u00a0a 30 de junho. As queixas se referem ao descumprimento dos prazos m\u00e1ximos para realiza\u00e7\u00e3o de consultas, exames e cirurgias ou negativa de cobertura assistencial.<\/p>\n\n\n\n<p class=\"wp-block-paragraph\">&#8212;&#8212;&#8212;&#8212;&#8212;&#8212;<br><br><strong>Sabia que o Aconteceu no Vale est\u00e1 tamb\u00e9m no Telegram? <a rel=\"noreferrer noopener\" href=\"https:\/\/t.me\/aconteceunovaleoficial\" target=\"_blank\">Inscreva-se no canal<\/a>.<\/strong><br><br><strong>J\u00e1 curtiu ou seguiu nossas p\u00e1ginas nas redes sociais?\u00a0Receba as not\u00edcias em primeira m\u00e3o:<\/strong><br>\u2022 <a rel=\"noreferrer noopener\" href=\"https:\/\/news.google.com\/publications\/CAAqBwgKMNjklQswi4etAw?hl=pt-BR&amp;gl=BR&amp;ceid=BR%3Apt-419\" target=\"_blank\">Google News<\/a><br>\u2022 <a rel=\"noreferrer noopener\" href=\"https:\/\/www.facebook.com\/aconteceunovale\/\" target=\"_blank\">Facebook<\/a><br>\u2022 <a rel=\"noreferrer noopener\" href=\"https:\/\/twitter.com\/noticiadosvales\" target=\"_blank\">Twitter<\/a><br>\u2022 <a rel=\"noreferrer noopener\" href=\"https:\/\/www.instagram.com\/aconteceunovale\" target=\"_blank\">Instagram<\/a><br>\u2022 <a rel=\"noreferrer noopener\" href=\"https:\/\/www.youtube.com\/AconteceunoValeOficial\" target=\"_blank\">Youtube<\/a><br>\u2022 <a rel=\"noreferrer noopener\" href=\"https:\/\/www.tiktok.com\/@aconteceunovale\" target=\"_blank\">TikTok<\/a><\/p>\n","protected":false},"excerpt":{"rendered":"<p>A Ag\u00eancia Nacional de Sa\u00fade Suplementar (ANS) suspendeu a comercializa\u00e7\u00e3o de 70 planos de sa\u00fade devido a reclama\u00e7\u00f5es relacionadas \u00e0 cobertura assistencial. A puni\u00e7\u00e3o divulgada pela ag\u00eancia regulat\u00f3ria tem como base os resultados do Monitoramento da Garantia de Atendimento do segundo trimestre de 2022. A suspens\u00e3o come\u00e7a a valer a partir do dia&nbsp;30 de setembro&nbsp;e [&hellip;]<\/p>\n","protected":false},"author":4,"featured_media":65623,"comment_status":"open","ping_status":"closed","sticky":false,"template":"","format":"standard","meta":{"amp_status":"","footnotes":""},"categories":[6,40242],"tags":[148660,79665,22751,263450,263451,2278,259695,259694,22750,22773,175291,259696,22774],"class_list":["post-190638","post","type-post","status-publish","format-standard","has-post-thumbnail","hentry","category-br","category-saude-2","tag-agencia-nacional-de-saude","tag-agencia-nacional-de-saude-suplementar","tag-ans","tag-ans-suspende-a-comercializacao-de-70-planos-de-saude","tag-ans-suspende-comercializacao-de-70-planos-de-saude","tag-anvisa","tag-aumento-da-cobertura-de-tratamentos-em-planos-de-saude","tag-cobertura-de-tratamentos-em-planos-de-saude","tag-planos-de-saude","tag-planos-de-saude-suspensos","tag-planos-de-saude-suspensos-pela-ans","tag-seguros-de-saude","tag-suspensao-de-planos-de-saude"],"yoast_head":"<!-- This site is optimized with the Yoast SEO plugin v28.3 - https:\/\/yoast.com\/product\/yoast-seo-wordpress\/ -->\n<title>ANS suspende comercializa\u00e7\u00e3o de 70 planos de sa\u00fade - Aconteceu no Vale<\/title>\n<meta name=\"robots\" content=\"index, follow, max-snippet:-1, max-image-preview:large, max-video-preview:-1\" \/>\n<link rel=\"canonical\" href=\"https:\/\/aconteceunovale.com.br\/portal\/?p=190638\" \/>\n<meta property=\"og:locale\" content=\"pt_BR\" \/>\n<meta property=\"og:type\" content=\"article\" \/>\n<meta property=\"og:title\" content=\"ANS suspende comercializa\u00e7\u00e3o de 70 planos de sa\u00fade - Aconteceu no Vale\" \/>\n<meta property=\"og:description\" content=\"A Ag\u00eancia Nacional de Sa\u00fade Suplementar (ANS) suspendeu a comercializa\u00e7\u00e3o de 70 planos de sa\u00fade devido a reclama\u00e7\u00f5es relacionadas \u00e0 cobertura assistencial. A puni\u00e7\u00e3o divulgada pela ag\u00eancia regulat\u00f3ria tem como base os resultados do Monitoramento da Garantia de Atendimento do segundo trimestre de 2022. A suspens\u00e3o come\u00e7a a valer a partir do dia&nbsp;30 de setembro&nbsp;e [&hellip;]\" \/>\n<meta property=\"og:url\" content=\"https:\/\/aconteceunovale.com.br\/portal\/?p=190638\" \/>\n<meta property=\"og:site_name\" content=\"Aconteceu no Vale\" \/>\n<meta property=\"article:publisher\" content=\"https:\/\/www.facebook.com\/aconteceunovale\/\" \/>\n<meta property=\"article:published_time\" content=\"2022-09-26T17:54:59+00:00\" \/>\n<meta property=\"article:modified_time\" content=\"2022-09-26T17:56:03+00:00\" \/>\n<meta property=\"og:image\" content=\"https:\/\/aconteceunovale.com.br\/portal\/wp-content\/uploads\/2015\/08\/plano_de_saude.jpg\" \/>\n\t<meta property=\"og:image:width\" content=\"678\" \/>\n\t<meta property=\"og:image:height\" content=\"398\" \/>\n\t<meta property=\"og:image:type\" content=\"image\/jpeg\" \/>\n<meta name=\"author\" content=\"Reda\u00e7\u00e3o Aconteceu no Vale\" \/>\n<meta name=\"twitter:card\" content=\"summary_large_image\" \/>\n<meta name=\"twitter:creator\" content=\"@noticiadosvales\" \/>\n<meta name=\"twitter:site\" content=\"@noticiadosvales\" \/>\n<meta name=\"twitter:label1\" content=\"Escrito por\" \/>\n\t<meta name=\"twitter:data1\" content=\"Reda\u00e7\u00e3o Aconteceu no Vale\" \/>\n\t<meta name=\"twitter:label2\" content=\"Est. tempo de leitura\" \/>\n\t<meta name=\"twitter:data2\" content=\"1 minuto\" \/>\n<script type=\"application\/ld+json\" class=\"yoast-schema-graph\">{\"@context\":\"https:\\\/\\\/schema.org\",\"@graph\":[{\"@type\":\"Article\",\"@id\":\"https:\\\/\\\/aconteceunovale.com.br\\\/portal\\\/?p=190638#article\",\"isPartOf\":{\"@id\":\"https:\\\/\\\/aconteceunovale.com.br\\\/portal\\\/?p=190638\"},\"author\":{\"name\":\"Reda\u00e7\u00e3o Aconteceu no Vale\",\"@id\":\"https:\\\/\\\/aconteceunovale.com.br\\\/portal\\\/#\\\/schema\\\/person\\\/7d2f26d1483f8a63de73da1ee0754d35\"},\"headline\":\"ANS suspende comercializa\u00e7\u00e3o de 70 planos de sa\u00fade\",\"datePublished\":\"2022-09-26T17:54:59+00:00\",\"dateModified\":\"2022-09-26T17:56:03+00:00\",\"mainEntityOfPage\":{\"@id\":\"https:\\\/\\\/aconteceunovale.com.br\\\/portal\\\/?p=190638\"},\"wordCount\":228,\"commentCount\":0,\"image\":{\"@id\":\"https:\\\/\\\/aconteceunovale.com.br\\\/portal\\\/?p=190638#primaryimage\"},\"thumbnailUrl\":\"https:\\\/\\\/aconteceunovale.com.br\\\/portal\\\/wp-content\\\/uploads\\\/2015\\\/08\\\/plano_de_saude.jpg\",\"keywords\":[\"Ag\u00eancia Nacional de Sa\u00fade\",\"Ag\u00eancia Nacional de Sa\u00fade Suplementar\",\"ANS\",\"ANS suspende a comercializa\u00e7\u00e3o de 70 planos de sa\u00fade\",\"ANS suspende comercializa\u00e7\u00e3o de 70 planos de sa\u00fade\",\"Anvisa\",\"Aumento da cobertura de tratamentos em planos de sa\u00fade\",\"Cobertura de tratamentos em planos de sa\u00fade\",\"planos de sa\u00fade\",\"planos de sa\u00fade suspensos\",\"planos de sa\u00fade suspensos pela ANS\",\"Seguros de sa\u00fade\",\"suspens\u00e3o de planos de sa\u00fade\"],\"articleSection\":[\"Brasil\",\"Sa\u00fade\"],\"inLanguage\":\"pt-BR\",\"potentialAction\":[{\"@type\":\"CommentAction\",\"name\":\"Comment\",\"target\":[\"https:\\\/\\\/aconteceunovale.com.br\\\/portal\\\/?p=190638#respond\"]}]},{\"@type\":\"WebPage\",\"@id\":\"https:\\\/\\\/aconteceunovale.com.br\\\/portal\\\/?p=190638\",\"url\":\"https:\\\/\\\/aconteceunovale.com.br\\\/portal\\\/?p=190638\",\"name\":\"ANS suspende comercializa\u00e7\u00e3o de 70 planos de sa\u00fade - Aconteceu no Vale\",\"isPartOf\":{\"@id\":\"https:\\\/\\\/aconteceunovale.com.br\\\/portal\\\/#website\"},\"primaryImageOfPage\":{\"@id\":\"https:\\\/\\\/aconteceunovale.com.br\\\/portal\\\/?p=190638#primaryimage\"},\"image\":{\"@id\":\"https:\\\/\\\/aconteceunovale.com.br\\\/portal\\\/?p=190638#primaryimage\"},\"thumbnailUrl\":\"https:\\\/\\\/aconteceunovale.com.br\\\/portal\\\/wp-content\\\/uploads\\\/2015\\\/08\\\/plano_de_saude.jpg\",\"datePublished\":\"2022-09-26T17:54:59+00:00\",\"dateModified\":\"2022-09-26T17:56:03+00:00\",\"author\":{\"@id\":\"https:\\\/\\\/aconteceunovale.com.br\\\/portal\\\/#\\\/schema\\\/person\\\/7d2f26d1483f8a63de73da1ee0754d35\"},\"breadcrumb\":{\"@id\":\"https:\\\/\\\/aconteceunovale.com.br\\\/portal\\\/?p=190638#breadcrumb\"},\"inLanguage\":\"pt-BR\",\"potentialAction\":[{\"@type\":\"ReadAction\",\"target\":[\"https:\\\/\\\/aconteceunovale.com.br\\\/portal\\\/?p=190638\"]}]},{\"@type\":\"ImageObject\",\"inLanguage\":\"pt-BR\",\"@id\":\"https:\\\/\\\/aconteceunovale.com.br\\\/portal\\\/?p=190638#primaryimage\",\"url\":\"https:\\\/\\\/aconteceunovale.com.br\\\/portal\\\/wp-content\\\/uploads\\\/2015\\\/08\\\/plano_de_saude.jpg\",\"contentUrl\":\"https:\\\/\\\/aconteceunovale.com.br\\\/portal\\\/wp-content\\\/uploads\\\/2015\\\/08\\\/plano_de_saude.jpg\",\"width\":678,\"height\":398},{\"@type\":\"BreadcrumbList\",\"@id\":\"https:\\\/\\\/aconteceunovale.com.br\\\/portal\\\/?p=190638#breadcrumb\",\"itemListElement\":[{\"@type\":\"ListItem\",\"position\":1,\"name\":\"In\u00edcio\",\"item\":\"https:\\\/\\\/aconteceunovale.com.br\\\/portal\\\/\"},{\"@type\":\"ListItem\",\"position\":2,\"name\":\"ANS suspende comercializa\u00e7\u00e3o de 70 planos de sa\u00fade\"}]},{\"@type\":\"WebSite\",\"@id\":\"https:\\\/\\\/aconteceunovale.com.br\\\/portal\\\/#website\",\"url\":\"https:\\\/\\\/aconteceunovale.com.br\\\/portal\\\/\",\"name\":\"Aconteceu no Vale\",\"description\":\"Portal de Not\u00edcias\",\"potentialAction\":[{\"@type\":\"SearchAction\",\"target\":{\"@type\":\"EntryPoint\",\"urlTemplate\":\"https:\\\/\\\/aconteceunovale.com.br\\\/portal\\\/?s={search_term_string}\"},\"query-input\":{\"@type\":\"PropertyValueSpecification\",\"valueRequired\":true,\"valueName\":\"search_term_string\"}}],\"inLanguage\":\"pt-BR\"},{\"@type\":\"Person\",\"@id\":\"https:\\\/\\\/aconteceunovale.com.br\\\/portal\\\/#\\\/schema\\\/person\\\/7d2f26d1483f8a63de73da1ee0754d35\",\"name\":\"Reda\u00e7\u00e3o Aconteceu no Vale\",\"description\":\"Equipe de reportagem do Aconteceu no Vale, portal de not\u00edcias do Vale do Jequitinhonha, em Minas Gerais. Cobrimos as 51 cidades do Vale desde 2013. Sugest\u00f5es de pauta e pedidos de corre\u00e7\u00e3o: contato@aconteceunovale.com.br\",\"url\":\"https:\\\/\\\/aconteceunovale.com.br\\\/portal\\\/?author=4\"}]}<\/script>\n<!-- \/ Yoast SEO plugin. -->","yoast_head_json":{"title":"ANS suspende comercializa\u00e7\u00e3o de 70 planos de sa\u00fade - Aconteceu no Vale","robots":{"index":"index","follow":"follow","max-snippet":"max-snippet:-1","max-image-preview":"max-image-preview:large","max-video-preview":"max-video-preview:-1"},"canonical":"https:\/\/aconteceunovale.com.br\/portal\/?p=190638","og_locale":"pt_BR","og_type":"article","og_title":"ANS suspende comercializa\u00e7\u00e3o de 70 planos de sa\u00fade - Aconteceu no Vale","og_description":"A Ag\u00eancia Nacional de Sa\u00fade Suplementar (ANS) suspendeu a comercializa\u00e7\u00e3o de 70 planos de sa\u00fade devido a reclama\u00e7\u00f5es relacionadas \u00e0 cobertura assistencial. A puni\u00e7\u00e3o divulgada pela ag\u00eancia regulat\u00f3ria tem como base os resultados do Monitoramento da Garantia de Atendimento do segundo trimestre de 2022. A suspens\u00e3o come\u00e7a a valer a partir do dia&nbsp;30 de setembro&nbsp;e [&hellip;]","og_url":"https:\/\/aconteceunovale.com.br\/portal\/?p=190638","og_site_name":"Aconteceu no Vale","article_publisher":"https:\/\/www.facebook.com\/aconteceunovale\/","article_published_time":"2022-09-26T17:54:59+00:00","article_modified_time":"2022-09-26T17:56:03+00:00","og_image":[{"width":678,"height":398,"url":"https:\/\/aconteceunovale.com.br\/portal\/wp-content\/uploads\/2015\/08\/plano_de_saude.jpg","type":"image\/jpeg"}],"author":"Reda\u00e7\u00e3o Aconteceu no Vale","twitter_card":"summary_large_image","twitter_creator":"@noticiadosvales","twitter_site":"@noticiadosvales","twitter_misc":{"Escrito por":"Reda\u00e7\u00e3o Aconteceu no Vale","Est. tempo de leitura":"1 minuto"},"schema":{"@context":"https:\/\/schema.org","@graph":[{"@type":"Article","@id":"https:\/\/aconteceunovale.com.br\/portal\/?p=190638#article","isPartOf":{"@id":"https:\/\/aconteceunovale.com.br\/portal\/?p=190638"},"author":{"name":"Reda\u00e7\u00e3o Aconteceu no Vale","@id":"https:\/\/aconteceunovale.com.br\/portal\/#\/schema\/person\/7d2f26d1483f8a63de73da1ee0754d35"},"headline":"ANS suspende comercializa\u00e7\u00e3o de 70 planos de sa\u00fade","datePublished":"2022-09-26T17:54:59+00:00","dateModified":"2022-09-26T17:56:03+00:00","mainEntityOfPage":{"@id":"https:\/\/aconteceunovale.com.br\/portal\/?p=190638"},"wordCount":228,"commentCount":0,"image":{"@id":"https:\/\/aconteceunovale.com.br\/portal\/?p=190638#primaryimage"},"thumbnailUrl":"https:\/\/aconteceunovale.com.br\/portal\/wp-content\/uploads\/2015\/08\/plano_de_saude.jpg","keywords":["Ag\u00eancia Nacional de Sa\u00fade","Ag\u00eancia Nacional de Sa\u00fade Suplementar","ANS","ANS suspende a comercializa\u00e7\u00e3o de 70 planos de sa\u00fade","ANS suspende comercializa\u00e7\u00e3o de 70 planos de sa\u00fade","Anvisa","Aumento da cobertura de tratamentos em planos de sa\u00fade","Cobertura de tratamentos em planos de sa\u00fade","planos de sa\u00fade","planos de sa\u00fade suspensos","planos de sa\u00fade suspensos pela ANS","Seguros de sa\u00fade","suspens\u00e3o de planos de sa\u00fade"],"articleSection":["Brasil","Sa\u00fade"],"inLanguage":"pt-BR","potentialAction":[{"@type":"CommentAction","name":"Comment","target":["https:\/\/aconteceunovale.com.br\/portal\/?p=190638#respond"]}]},{"@type":"WebPage","@id":"https:\/\/aconteceunovale.com.br\/portal\/?p=190638","url":"https:\/\/aconteceunovale.com.br\/portal\/?p=190638","name":"ANS suspende comercializa\u00e7\u00e3o de 70 planos de sa\u00fade - Aconteceu no Vale","isPartOf":{"@id":"https:\/\/aconteceunovale.com.br\/portal\/#website"},"primaryImageOfPage":{"@id":"https:\/\/aconteceunovale.com.br\/portal\/?p=190638#primaryimage"},"image":{"@id":"https:\/\/aconteceunovale.com.br\/portal\/?p=190638#primaryimage"},"thumbnailUrl":"https:\/\/aconteceunovale.com.br\/portal\/wp-content\/uploads\/2015\/08\/plano_de_saude.jpg","datePublished":"2022-09-26T17:54:59+00:00","dateModified":"2022-09-26T17:56:03+00:00","author":{"@id":"https:\/\/aconteceunovale.com.br\/portal\/#\/schema\/person\/7d2f26d1483f8a63de73da1ee0754d35"},"breadcrumb":{"@id":"https:\/\/aconteceunovale.com.br\/portal\/?p=190638#breadcrumb"},"inLanguage":"pt-BR","potentialAction":[{"@type":"ReadAction","target":["https:\/\/aconteceunovale.com.br\/portal\/?p=190638"]}]},{"@type":"ImageObject","inLanguage":"pt-BR","@id":"https:\/\/aconteceunovale.com.br\/portal\/?p=190638#primaryimage","url":"https:\/\/aconteceunovale.com.br\/portal\/wp-content\/uploads\/2015\/08\/plano_de_saude.jpg","contentUrl":"https:\/\/aconteceunovale.com.br\/portal\/wp-content\/uploads\/2015\/08\/plano_de_saude.jpg","width":678,"height":398},{"@type":"BreadcrumbList","@id":"https:\/\/aconteceunovale.com.br\/portal\/?p=190638#breadcrumb","itemListElement":[{"@type":"ListItem","position":1,"name":"In\u00edcio","item":"https:\/\/aconteceunovale.com.br\/portal\/"},{"@type":"ListItem","position":2,"name":"ANS suspende comercializa\u00e7\u00e3o de 70 planos de sa\u00fade"}]},{"@type":"WebSite","@id":"https:\/\/aconteceunovale.com.br\/portal\/#website","url":"https:\/\/aconteceunovale.com.br\/portal\/","name":"Aconteceu no Vale","description":"Portal de Not\u00edcias","potentialAction":[{"@type":"SearchAction","target":{"@type":"EntryPoint","urlTemplate":"https:\/\/aconteceunovale.com.br\/portal\/?s={search_term_string}"},"query-input":{"@type":"PropertyValueSpecification","valueRequired":true,"valueName":"search_term_string"}}],"inLanguage":"pt-BR"},{"@type":"Person","@id":"https:\/\/aconteceunovale.com.br\/portal\/#\/schema\/person\/7d2f26d1483f8a63de73da1ee0754d35","name":"Reda\u00e7\u00e3o Aconteceu no Vale","description":"Equipe de reportagem do Aconteceu no Vale, portal de not\u00edcias do Vale do Jequitinhonha, em Minas Gerais. Cobrimos as 51 cidades do Vale desde 2013. Sugest\u00f5es de pauta e pedidos de corre\u00e7\u00e3o: contato@aconteceunovale.com.br","url":"https:\/\/aconteceunovale.com.br\/portal\/?author=4"}]}},"_links":{"self":[{"href":"https:\/\/aconteceunovale.com.br\/portal\/index.php?rest_route=\/wp\/v2\/posts\/190638","targetHints":{"allow":["GET"]}}],"collection":[{"href":"https:\/\/aconteceunovale.com.br\/portal\/index.php?rest_route=\/wp\/v2\/posts"}],"about":[{"href":"https:\/\/aconteceunovale.com.br\/portal\/index.php?rest_route=\/wp\/v2\/types\/post"}],"author":[{"embeddable":true,"href":"https:\/\/aconteceunovale.com.br\/portal\/index.php?rest_route=\/wp\/v2\/users\/4"}],"replies":[{"embeddable":true,"href":"https:\/\/aconteceunovale.com.br\/portal\/index.php?rest_route=%2Fwp%2Fv2%2Fcomments&post=190638"}],"version-history":[{"count":1,"href":"https:\/\/aconteceunovale.com.br\/portal\/index.php?rest_route=\/wp\/v2\/posts\/190638\/revisions"}],"predecessor-version":[{"id":190639,"href":"https:\/\/aconteceunovale.com.br\/portal\/index.php?rest_route=\/wp\/v2\/posts\/190638\/revisions\/190639"}],"wp:featuredmedia":[{"embeddable":true,"href":"https:\/\/aconteceunovale.com.br\/portal\/index.php?rest_route=\/wp\/v2\/media\/65623"}],"wp:attachment":[{"href":"https:\/\/aconteceunovale.com.br\/portal\/index.php?rest_route=%2Fwp%2Fv2%2Fmedia&parent=190638"}],"wp:term":[{"taxonomy":"category","embeddable":true,"href":"https:\/\/aconteceunovale.com.br\/portal\/index.php?rest_route=%2Fwp%2Fv2%2Fcategories&post=190638"},{"taxonomy":"post_tag","embeddable":true,"href":"https:\/\/aconteceunovale.com.br\/portal\/index.php?rest_route=%2Fwp%2Fv2%2Ftags&post=190638"}],"curies":[{"name":"wp","href":"https:\/\/api.w.org\/{rel}","templated":true}]}}