{"id":19063,"date":"2014-01-22T11:13:34","date_gmt":"2014-01-22T13:13:34","guid":{"rendered":"http:\/\/aconteceunovale.com.br\/portal\/?p=19063"},"modified":"2014-01-22T11:13:34","modified_gmt":"2014-01-22T13:13:34","slug":"prefeitura-de-almenara-abre-selecao-com-195-vagas-e-salarios-de-ate-12-mil","status":"publish","type":"post","link":"https:\/\/aconteceunovale.com.br\/portal\/?p=19063","title":{"rendered":"Prefeitura de Almenara abre sele\u00e7\u00e3o com 195 vagas e sal\u00e1rios de at\u00e9 12 mil"},"content":{"rendered":"<p>A Prefeitura Municipal de Almenara, Minas Gerais, est\u00e1 com inscri\u00e7\u00f5es abertas para o processo seletivo n\u00ba. 001\/2014, que objetiva preencher 195 vagas, 15 delas por pessoas com necessidades especiais (PNE).<\/p>\n<p>Os sal\u00e1rios variam de R$ 724,00 a R$ 12.000,00, em jornadas de 20 e 40 horas por semana. Os cargos dispon\u00edveis seguem descritos abaixo:<\/p>\n<p><strong>N\u00edvel Fundamental Incompleto: <\/strong>Agente de Servi\u00e7os em Sa\u00fade (7+1 PNE) e Agente de Servi\u00e7os Sociais (11+1 PNE);<\/p>\n<p><strong>N\u00edvel Fundamental Completo:<\/strong> Auxiliar em Sa\u00fade Bucal (4), Monitor de Oficina Terap\u00eautica &#8211; Feminino (3), Monitor de Oficina Terap\u00eautica &#8211; Masculino (2), Monitor de Programa Social (9+1 PNE) e Motorista de Programa de Sa\u00fade (2);<\/p>\n<p><strong>N\u00edvel M\u00e9dio\/T\u00e9cnico:<\/strong> Agente Comunit\u00e1rio de Sa\u00fade (40+6 PNE), Agente de Combate a Endemias (9+1 PNE), Assistente de Programa de Sa\u00fade (13+1 PNE), Assistente de Programas Sociais (11+1 PNE), Facilitador de Oficina de Projeto Social &#8211; Esporte (1), Facilitador de Oficina de Projeto Social &#8211; Cultura (1), Facilitador de Oficina de Projeto Social &#8211; Artesanato (1), Facilitador de Oficina de Projeto Social &#8211; Capoeira (1) e T\u00e9cnico em Enfermagem (7+1 PNE);<\/p>\n<p><strong>N\u00edvel Superior:<\/strong> Assistente Social (2), Enfermeiro (4), Farmac\u00eautico (1), M\u00e9dico Anestesista (2), M\u00e9dico Auditor (1), M\u00e9dico Cardiologista (2), M\u00e9dico-cirurgi\u00e3o Cl\u00ednico (1), M\u00e9dico Cl\u00ednico Geral (11+1 PNE), M\u00e9dico de ESF (8+1 PNE), M\u00e9dico Gastroenterologista (2), M\u00e9dico Ginecologista (3), M\u00e9dico Ginecologista Obstetra (3), M\u00e9dico Hansen\u00edase (1), M\u00e9dico Mastologista (1), M\u00e9dico Neurologista (1), M\u00e9dico Oftalmologista (1), M\u00e9dico Oftalmologista Glaucoma (2), M\u00e9dico Otorrino (1), M\u00e9dico Pediatra (2), M\u00e9dico Psiquiatra (1), M\u00e9dico Ultrassonografista (1), M\u00e9dico Urologista (1), Odont\u00f3logo (4) e Psic\u00f3logo (2).<\/p>\n<p>Para classificar os participantes, ser\u00e3o realizadas provas escritas, previstas para 16 de mar\u00e7o de 2014. O conte\u00fado program\u00e1tico consta no edital.<\/p>\n<p>As inscri\u00e7\u00f5es devem ser efetuadas pelo site <a href=\"http:\/\/trconcursos.com\/prefeitura-municipalo-de-almenara-processo-seletivo\/\" target=\"_blank\">www.trconcursos.com.br<\/a>, que pertence \u00e0 organizadora, de 20 de janeiro de 2014 a 18 de fevereiro de 2014. As taxas v\u00e3o de R$ 40,00 a R$ 200,00.<\/p>\n<p>Essa seletiva valer\u00e1 por dois anos, com chance de ser prorrogada pelo mesmo per\u00edodo.<\/p>\n<p><img decoding=\"async\" src=\"http:\/\/aconteceunovale.com.br\/portal\/wp-content\/uploads\/2013\/12\/processo_seletivo.jpg\" alt=\"\" \/><\/p>\n","protected":false},"excerpt":{"rendered":"<p>A Prefeitura Municipal de Almenara, Minas Gerais, est\u00e1 com inscri\u00e7\u00f5es abertas para o processo seletivo n\u00ba. 001\/2014, que objetiva preencher 195 vagas, 15 delas por pessoas com necessidades especiais (PNE). Os sal\u00e1rios variam de R$ 724,00 a R$ 12.000,00, em jornadas de 20 e 40 horas por semana. Os cargos dispon\u00edveis seguem descritos abaixo: N\u00edvel [&hellip;]<\/p>\n","protected":false},"author":1,"featured_media":14573,"comment_status":"open","ping_status":"closed","sticky":false,"template":"","format":"standard","meta":{"amp_status":"","footnotes":""},"categories":[120],"tags":[142,3321],"class_list":["post-19063","post","type-post","status-publish","format-standard","has-post-thumbnail","hentry","category-jequi","tag-almenara","tag-prefeitura-de-almenara-abre-selecao-com-195-vagas-e-salarios-de-ate-12-mil"],"_links":{"self":[{"href":"https:\/\/aconteceunovale.com.br\/portal\/index.php?rest_route=\/wp\/v2\/posts\/19063","targetHints":{"allow":["GET"]}}],"collection":[{"href":"https:\/\/aconteceunovale.com.br\/portal\/index.php?rest_route=\/wp\/v2\/posts"}],"about":[{"href":"https:\/\/aconteceunovale.com.br\/portal\/index.php?rest_route=\/wp\/v2\/types\/post"}],"author":[{"embeddable":true,"href":"https:\/\/aconteceunovale.com.br\/portal\/index.php?rest_route=\/wp\/v2\/users\/1"}],"replies":[{"embeddable":true,"href":"https:\/\/aconteceunovale.com.br\/portal\/index.php?rest_route=%2Fwp%2Fv2%2Fcomments&post=19063"}],"version-history":[{"count":0,"href":"https:\/\/aconteceunovale.com.br\/portal\/index.php?rest_route=\/wp\/v2\/posts\/19063\/revisions"}],"wp:featuredmedia":[{"embeddable":true,"href":"https:\/\/aconteceunovale.com.br\/portal\/index.php?rest_route=\/wp\/v2\/media\/14573"}],"wp:attachment":[{"href":"https:\/\/aconteceunovale.com.br\/portal\/index.php?rest_route=%2Fwp%2Fv2%2Fmedia&parent=19063"}],"wp:term":[{"taxonomy":"category","embeddable":true,"href":"https:\/\/aconteceunovale.com.br\/portal\/index.php?rest_route=%2Fwp%2Fv2%2Fcategories&post=19063"},{"taxonomy":"post_tag","embeddable":true,"href":"https:\/\/aconteceunovale.com.br\/portal\/index.php?rest_route=%2Fwp%2Fv2%2Ftags&post=19063"}],"curies":[{"name":"wp","href":"https:\/\/api.w.org\/{rel}","templated":true}]}}