{"id":190627,"date":"2022-09-26T11:27:27","date_gmt":"2022-09-26T14:27:27","guid":{"rendered":"https:\/\/aconteceunovale.com.br\/portal\/?p=190627"},"modified":"2022-09-26T11:27:43","modified_gmt":"2022-09-26T14:27:43","slug":"banco-central-estabelece-limite-de-cobranca-de-taxas-nas-maquinas-de-cartao","status":"publish","type":"post","link":"https:\/\/aconteceunovale.com.br\/portal\/?p=190627","title":{"rendered":"Banco Central estabelece limite de cobran\u00e7a de taxas nas m\u00e1quinas de cart\u00e3o"},"content":{"rendered":"\n<p class=\"wp-block-paragraph\">O Banco Central estabeleceu limites para a cobran\u00e7a da tarifa de interc\u00e2mbio (TIC) e para o prazo de liquida\u00e7\u00e3o de opera\u00e7\u00f5es de cart\u00f5es pr\u00e9-pagos e de cart\u00f5es de d\u00e9bito. A TIC \u00e9 a remunera\u00e7\u00e3o paga ao emissor do cart\u00e3o, a cada transa\u00e7\u00e3o, pelo credenciador do estabelecimento comercial, que \u00e9 quem aluga as maquininhas de cart\u00e3o para os comerciantes.<\/p>\n\n\n\n<p class=\"wp-block-paragraph\">A nova regula\u00e7\u00e3o estabelece o limite m\u00e1ximo de 0,5% a ser aplicado em qualquer transa\u00e7\u00e3o de cart\u00f5es de d\u00e9bito e 0,7% aplicado em qualquer transa\u00e7\u00e3o de cart\u00f5es pr\u00e9-pagos. Tamb\u00e9m dever\u00e1 ser obedecido o mesmo prazo para disponibiliza\u00e7\u00e3o dos recursos aos estabelecimentos comerciais, independentemente de o cart\u00e3o ser de d\u00e9bito ou pr\u00e9-pago.<\/p>\n\n\n\n<p class=\"wp-block-paragraph\">A resolu\u00e7\u00e3o foi foi adotada pelo BC ap\u00f3s consulta p\u00fablica e passa a vigorar a partir de 1\u00ba de abril de 2023. Segundo o \u00f3rg\u00e3o, esta tarifa representa um custo que o credenciador repassa ao estabelecimento comercial que, por sua vez, repassa ao consumidor.<\/p>\n\n\n\n<p class=\"wp-block-paragraph\">\u201cAs medidas visam a aumentar a efici\u00eancia do ecossistema de pagamentos, estimular o uso de instrumentos de pagamentos mais baratos, possibilitando a redu\u00e7\u00e3o dos custos de aceita\u00e7\u00e3o desses cart\u00f5es aos estabelecimentos comerciais, al\u00e9m de possibilitar redu\u00e7\u00f5es de custo de produtos aos consumidores finais, de forma a proporcionar benef\u00edcios para toda a sociedade\u201d, explicou em nota.<\/p>\n\n\n\n<p class=\"wp-block-paragraph\">Segundo a autarquia a medida tamb\u00e9m aumenta a transpar\u00eancia para os participantes do mercado quanto aos custos envolvidos na transa\u00e7\u00e3o e facilita a supervis\u00e3o da aplica\u00e7\u00e3o da regra.<\/p>\n\n\n\n<p class=\"wp-block-paragraph\">O BC esclareceu que, em rela\u00e7\u00e3o \u00e0 regulamenta\u00e7\u00e3o anterior, a nova norma simplificou a forma de aplica\u00e7\u00e3o do limite para a TIC dos cart\u00f5es de d\u00e9bito. Antes, havia uma defini\u00e7\u00e3o cumulativa de m\u00e9dia ponderada de 0,5% e valor m\u00e1ximo por transa\u00e7\u00e3o de 0,8%, agora passar\u00e1 a ser apenas de um percentual m\u00e1ximo por opera\u00e7\u00e3o. A medida ainda eliminou as exce\u00e7\u00f5es previstas para transa\u00e7\u00f5es n\u00e3o presenciais e com uso de cart\u00f5es corporativos.<\/p>\n\n\n\n<p class=\"wp-block-paragraph\">No caso dos cart\u00f5es pr\u00e9-pagos, ao estabelecer o limite m\u00e1ximo de TIC, o Banco Central\u00a0 reconhece a \u201csua import\u00e2ncia para a inclus\u00e3o financeira da popula\u00e7\u00e3o de menor renda e para a digitaliza\u00e7\u00e3o da atividade de pagamentos, com a consequente redu\u00e7\u00e3o da utiliza\u00e7\u00e3o dinheiro para realizar pagamentos\u201d. Para o BC, a uniformiza\u00e7\u00e3o do prazo de liquida\u00e7\u00e3o das transa\u00e7\u00f5es, seja com cart\u00f5es de d\u00e9bito ou pr\u00e9-pagos, tamb\u00e9m possibilita melhores condi\u00e7\u00f5es para a gest\u00e3o de fluxo de caixa dos estabelecimentos comercias, al\u00e9m de reduzir eventuais custos de antecipa\u00e7\u00e3o de receb\u00edveis.<\/p>\n\n\n\n<p class=\"wp-block-paragraph\">&#8212;&#8212;&#8212;&#8212;&#8212;&#8212;<br><br><strong>Sabia que o Aconteceu no Vale est\u00e1 tamb\u00e9m no Telegram? <a rel=\"noreferrer noopener\" href=\"https:\/\/t.me\/aconteceunovaleoficial\" target=\"_blank\">Inscreva-se no canal<\/a>.<\/strong><br><br><strong>J\u00e1 curtiu ou seguiu nossas p\u00e1ginas nas redes sociais?\u00a0Receba as not\u00edcias em primeira m\u00e3o:<\/strong><br>\u2022 <a rel=\"noreferrer noopener\" href=\"https:\/\/news.google.com\/publications\/CAAqBwgKMNjklQswi4etAw?hl=pt-BR&amp;gl=BR&amp;ceid=BR%3Apt-419\" target=\"_blank\">Google News<\/a><br>\u2022 <a rel=\"noreferrer noopener\" href=\"https:\/\/www.facebook.com\/aconteceunovale\/\" target=\"_blank\">Facebook<\/a><br>\u2022 <a rel=\"noreferrer noopener\" href=\"https:\/\/twitter.com\/noticiadosvales\" target=\"_blank\">Twitter<\/a><br>\u2022 <a rel=\"noreferrer noopener\" href=\"https:\/\/www.instagram.com\/aconteceunovale\" target=\"_blank\">Instagram<\/a><br>\u2022 <a rel=\"noreferrer noopener\" href=\"https:\/\/www.youtube.com\/AconteceunoValeOficial\" target=\"_blank\">Youtube<\/a><br>\u2022 <a rel=\"noreferrer noopener\" href=\"https:\/\/www.tiktok.com\/@aconteceunovale\" target=\"_blank\">TikTok<\/a><\/p>\n","protected":false},"excerpt":{"rendered":"<p>O Banco Central estabeleceu limites para a cobran\u00e7a da tarifa de interc\u00e2mbio (TIC) e para o prazo de liquida\u00e7\u00e3o de opera\u00e7\u00f5es de cart\u00f5es pr\u00e9-pagos e de cart\u00f5es de d\u00e9bito. A TIC \u00e9 a remunera\u00e7\u00e3o paga ao emissor do cart\u00e3o, a cada transa\u00e7\u00e3o, pelo credenciador do estabelecimento comercial, que \u00e9 quem aluga as maquininhas de cart\u00e3o [&hellip;]<\/p>\n","protected":false},"author":4,"featured_media":190628,"comment_status":"open","ping_status":"closed","sticky":false,"template":"","format":"standard","meta":{"amp_status":"","footnotes":""},"categories":[6,40239],"tags":[22104,263438,60753,1018,263439,263440,263441],"class_list":["post-190627","post","type-post","status-publish","format-standard","has-post-thumbnail","hentry","category-br","category-economia-2","tag-banco-central","tag-banco-central-estabelece-limite-de-cobranca-de-taxas-nas-maquinas-de-cartao","tag-bc","tag-destaque","tag-limite-de-cobranca-de-taxas-nas-maquinas-de-cartao","tag-limite-de-tarifa-maquinas-de-cartao","tag-limite-para-a-cobranca-da-tic"],"yoast_head":"<!-- This site is optimized with the Yoast SEO plugin v28.3 - https:\/\/yoast.com\/product\/yoast-seo-wordpress\/ -->\n<title>Banco Central estabelece limite de cobran\u00e7a de taxas nas m\u00e1quinas de cart\u00e3o - Aconteceu no Vale<\/title>\n<meta name=\"robots\" content=\"index, follow, max-snippet:-1, max-image-preview:large, max-video-preview:-1\" \/>\n<link rel=\"canonical\" href=\"https:\/\/aconteceunovale.com.br\/portal\/?p=190627\" \/>\n<meta property=\"og:locale\" content=\"pt_BR\" \/>\n<meta property=\"og:type\" content=\"article\" \/>\n<meta property=\"og:title\" content=\"Banco Central estabelece limite de cobran\u00e7a de taxas nas m\u00e1quinas de cart\u00e3o - Aconteceu no Vale\" \/>\n<meta property=\"og:description\" content=\"O Banco Central estabeleceu limites para a cobran\u00e7a da tarifa de interc\u00e2mbio (TIC) e para o prazo de liquida\u00e7\u00e3o de opera\u00e7\u00f5es de cart\u00f5es pr\u00e9-pagos e de cart\u00f5es de d\u00e9bito. A TIC \u00e9 a remunera\u00e7\u00e3o paga ao emissor do cart\u00e3o, a cada transa\u00e7\u00e3o, pelo credenciador do estabelecimento comercial, que \u00e9 quem aluga as maquininhas de cart\u00e3o [&hellip;]\" \/>\n<meta property=\"og:url\" content=\"https:\/\/aconteceunovale.com.br\/portal\/?p=190627\" \/>\n<meta property=\"og:site_name\" content=\"Aconteceu no Vale\" \/>\n<meta property=\"article:publisher\" content=\"https:\/\/www.facebook.com\/aconteceunovale\/\" \/>\n<meta property=\"article:published_time\" content=\"2022-09-26T14:27:27+00:00\" \/>\n<meta property=\"article:modified_time\" content=\"2022-09-26T14:27:43+00:00\" \/>\n<meta property=\"og:image\" content=\"https:\/\/aconteceunovale.com.br\/portal\/wp-content\/uploads\/2022\/09\/maquina_cartao.jpg\" \/>\n\t<meta property=\"og:image:width\" content=\"678\" \/>\n\t<meta property=\"og:image:height\" content=\"385\" \/>\n\t<meta property=\"og:image:type\" content=\"image\/jpeg\" \/>\n<meta name=\"author\" content=\"Reda\u00e7\u00e3o Aconteceu no Vale\" \/>\n<meta name=\"twitter:card\" content=\"summary_large_image\" \/>\n<meta name=\"twitter:creator\" content=\"@noticiadosvales\" \/>\n<meta name=\"twitter:site\" content=\"@noticiadosvales\" \/>\n<meta name=\"twitter:label1\" content=\"Escrito por\" \/>\n\t<meta name=\"twitter:data1\" content=\"Reda\u00e7\u00e3o Aconteceu no Vale\" \/>\n\t<meta name=\"twitter:label2\" content=\"Est. tempo de leitura\" \/>\n\t<meta name=\"twitter:data2\" content=\"3 minutos\" \/>\n<script type=\"application\/ld+json\" class=\"yoast-schema-graph\">{\"@context\":\"https:\\\/\\\/schema.org\",\"@graph\":[{\"@type\":\"Article\",\"@id\":\"https:\\\/\\\/aconteceunovale.com.br\\\/portal\\\/?p=190627#article\",\"isPartOf\":{\"@id\":\"https:\\\/\\\/aconteceunovale.com.br\\\/portal\\\/?p=190627\"},\"author\":{\"name\":\"Reda\u00e7\u00e3o Aconteceu no Vale\",\"@id\":\"https:\\\/\\\/aconteceunovale.com.br\\\/portal\\\/#\\\/schema\\\/person\\\/7d2f26d1483f8a63de73da1ee0754d35\"},\"headline\":\"Banco Central estabelece limite de cobran\u00e7a de taxas nas m\u00e1quinas de cart\u00e3o\",\"datePublished\":\"2022-09-26T14:27:27+00:00\",\"dateModified\":\"2022-09-26T14:27:43+00:00\",\"mainEntityOfPage\":{\"@id\":\"https:\\\/\\\/aconteceunovale.com.br\\\/portal\\\/?p=190627\"},\"wordCount\":517,\"commentCount\":0,\"image\":{\"@id\":\"https:\\\/\\\/aconteceunovale.com.br\\\/portal\\\/?p=190627#primaryimage\"},\"thumbnailUrl\":\"https:\\\/\\\/aconteceunovale.com.br\\\/portal\\\/wp-content\\\/uploads\\\/2022\\\/09\\\/maquina_cartao.jpg\",\"keywords\":[\"banco central\",\"Banco Central estabelece limite de cobran\u00e7a de taxas nas m\u00e1quinas de cart\u00e3o\",\"bc\",\"destaque\",\"Limite de cobran\u00e7a de taxas nas m\u00e1quinas de cart\u00e3o\",\"Limite de tarifa m\u00e1quinas de cart\u00e3o\",\"Limite para a cobran\u00e7a da TIC\"],\"articleSection\":[\"Brasil\",\"Economia\"],\"inLanguage\":\"pt-BR\",\"potentialAction\":[{\"@type\":\"CommentAction\",\"name\":\"Comment\",\"target\":[\"https:\\\/\\\/aconteceunovale.com.br\\\/portal\\\/?p=190627#respond\"]}]},{\"@type\":\"WebPage\",\"@id\":\"https:\\\/\\\/aconteceunovale.com.br\\\/portal\\\/?p=190627\",\"url\":\"https:\\\/\\\/aconteceunovale.com.br\\\/portal\\\/?p=190627\",\"name\":\"Banco Central estabelece limite de cobran\u00e7a de taxas nas m\u00e1quinas de cart\u00e3o - Aconteceu no Vale\",\"isPartOf\":{\"@id\":\"https:\\\/\\\/aconteceunovale.com.br\\\/portal\\\/#website\"},\"primaryImageOfPage\":{\"@id\":\"https:\\\/\\\/aconteceunovale.com.br\\\/portal\\\/?p=190627#primaryimage\"},\"image\":{\"@id\":\"https:\\\/\\\/aconteceunovale.com.br\\\/portal\\\/?p=190627#primaryimage\"},\"thumbnailUrl\":\"https:\\\/\\\/aconteceunovale.com.br\\\/portal\\\/wp-content\\\/uploads\\\/2022\\\/09\\\/maquina_cartao.jpg\",\"datePublished\":\"2022-09-26T14:27:27+00:00\",\"dateModified\":\"2022-09-26T14:27:43+00:00\",\"author\":{\"@id\":\"https:\\\/\\\/aconteceunovale.com.br\\\/portal\\\/#\\\/schema\\\/person\\\/7d2f26d1483f8a63de73da1ee0754d35\"},\"breadcrumb\":{\"@id\":\"https:\\\/\\\/aconteceunovale.com.br\\\/portal\\\/?p=190627#breadcrumb\"},\"inLanguage\":\"pt-BR\",\"potentialAction\":[{\"@type\":\"ReadAction\",\"target\":[\"https:\\\/\\\/aconteceunovale.com.br\\\/portal\\\/?p=190627\"]}]},{\"@type\":\"ImageObject\",\"inLanguage\":\"pt-BR\",\"@id\":\"https:\\\/\\\/aconteceunovale.com.br\\\/portal\\\/?p=190627#primaryimage\",\"url\":\"https:\\\/\\\/aconteceunovale.com.br\\\/portal\\\/wp-content\\\/uploads\\\/2022\\\/09\\\/maquina_cartao.jpg\",\"contentUrl\":\"https:\\\/\\\/aconteceunovale.com.br\\\/portal\\\/wp-content\\\/uploads\\\/2022\\\/09\\\/maquina_cartao.jpg\",\"width\":678,\"height\":385,\"caption\":\"Pagamento em cart\u00e3o.\"},{\"@type\":\"BreadcrumbList\",\"@id\":\"https:\\\/\\\/aconteceunovale.com.br\\\/portal\\\/?p=190627#breadcrumb\",\"itemListElement\":[{\"@type\":\"ListItem\",\"position\":1,\"name\":\"In\u00edcio\",\"item\":\"https:\\\/\\\/aconteceunovale.com.br\\\/portal\\\/\"},{\"@type\":\"ListItem\",\"position\":2,\"name\":\"Banco Central estabelece limite de cobran\u00e7a de taxas nas m\u00e1quinas de cart\u00e3o\"}]},{\"@type\":\"WebSite\",\"@id\":\"https:\\\/\\\/aconteceunovale.com.br\\\/portal\\\/#website\",\"url\":\"https:\\\/\\\/aconteceunovale.com.br\\\/portal\\\/\",\"name\":\"Aconteceu no Vale\",\"description\":\"Portal de Not\u00edcias\",\"potentialAction\":[{\"@type\":\"SearchAction\",\"target\":{\"@type\":\"EntryPoint\",\"urlTemplate\":\"https:\\\/\\\/aconteceunovale.com.br\\\/portal\\\/?s={search_term_string}\"},\"query-input\":{\"@type\":\"PropertyValueSpecification\",\"valueRequired\":true,\"valueName\":\"search_term_string\"}}],\"inLanguage\":\"pt-BR\"},{\"@type\":\"Person\",\"@id\":\"https:\\\/\\\/aconteceunovale.com.br\\\/portal\\\/#\\\/schema\\\/person\\\/7d2f26d1483f8a63de73da1ee0754d35\",\"name\":\"Reda\u00e7\u00e3o Aconteceu no Vale\",\"description\":\"Equipe de reportagem do Aconteceu no Vale, portal de not\u00edcias do Vale do Jequitinhonha, em Minas Gerais. Cobrimos as 51 cidades do Vale desde 2013. Sugest\u00f5es de pauta e pedidos de corre\u00e7\u00e3o: contato@aconteceunovale.com.br\",\"url\":\"https:\\\/\\\/aconteceunovale.com.br\\\/portal\\\/?author=4\"}]}<\/script>\n<!-- \/ Yoast SEO plugin. -->","yoast_head_json":{"title":"Banco Central estabelece limite de cobran\u00e7a de taxas nas m\u00e1quinas de cart\u00e3o - Aconteceu no Vale","robots":{"index":"index","follow":"follow","max-snippet":"max-snippet:-1","max-image-preview":"max-image-preview:large","max-video-preview":"max-video-preview:-1"},"canonical":"https:\/\/aconteceunovale.com.br\/portal\/?p=190627","og_locale":"pt_BR","og_type":"article","og_title":"Banco Central estabelece limite de cobran\u00e7a de taxas nas m\u00e1quinas de cart\u00e3o - Aconteceu no Vale","og_description":"O Banco Central estabeleceu limites para a cobran\u00e7a da tarifa de interc\u00e2mbio (TIC) e para o prazo de liquida\u00e7\u00e3o de opera\u00e7\u00f5es de cart\u00f5es pr\u00e9-pagos e de cart\u00f5es de d\u00e9bito. A TIC \u00e9 a remunera\u00e7\u00e3o paga ao emissor do cart\u00e3o, a cada transa\u00e7\u00e3o, pelo credenciador do estabelecimento comercial, que \u00e9 quem aluga as maquininhas de cart\u00e3o [&hellip;]","og_url":"https:\/\/aconteceunovale.com.br\/portal\/?p=190627","og_site_name":"Aconteceu no Vale","article_publisher":"https:\/\/www.facebook.com\/aconteceunovale\/","article_published_time":"2022-09-26T14:27:27+00:00","article_modified_time":"2022-09-26T14:27:43+00:00","og_image":[{"width":678,"height":385,"url":"https:\/\/aconteceunovale.com.br\/portal\/wp-content\/uploads\/2022\/09\/maquina_cartao.jpg","type":"image\/jpeg"}],"author":"Reda\u00e7\u00e3o Aconteceu no Vale","twitter_card":"summary_large_image","twitter_creator":"@noticiadosvales","twitter_site":"@noticiadosvales","twitter_misc":{"Escrito por":"Reda\u00e7\u00e3o Aconteceu no Vale","Est. tempo de leitura":"3 minutos"},"schema":{"@context":"https:\/\/schema.org","@graph":[{"@type":"Article","@id":"https:\/\/aconteceunovale.com.br\/portal\/?p=190627#article","isPartOf":{"@id":"https:\/\/aconteceunovale.com.br\/portal\/?p=190627"},"author":{"name":"Reda\u00e7\u00e3o Aconteceu no Vale","@id":"https:\/\/aconteceunovale.com.br\/portal\/#\/schema\/person\/7d2f26d1483f8a63de73da1ee0754d35"},"headline":"Banco Central estabelece limite de cobran\u00e7a de taxas nas m\u00e1quinas de cart\u00e3o","datePublished":"2022-09-26T14:27:27+00:00","dateModified":"2022-09-26T14:27:43+00:00","mainEntityOfPage":{"@id":"https:\/\/aconteceunovale.com.br\/portal\/?p=190627"},"wordCount":517,"commentCount":0,"image":{"@id":"https:\/\/aconteceunovale.com.br\/portal\/?p=190627#primaryimage"},"thumbnailUrl":"https:\/\/aconteceunovale.com.br\/portal\/wp-content\/uploads\/2022\/09\/maquina_cartao.jpg","keywords":["banco central","Banco Central estabelece limite de cobran\u00e7a de taxas nas m\u00e1quinas de cart\u00e3o","bc","destaque","Limite de cobran\u00e7a de taxas nas m\u00e1quinas de cart\u00e3o","Limite de tarifa m\u00e1quinas de cart\u00e3o","Limite para a cobran\u00e7a da TIC"],"articleSection":["Brasil","Economia"],"inLanguage":"pt-BR","potentialAction":[{"@type":"CommentAction","name":"Comment","target":["https:\/\/aconteceunovale.com.br\/portal\/?p=190627#respond"]}]},{"@type":"WebPage","@id":"https:\/\/aconteceunovale.com.br\/portal\/?p=190627","url":"https:\/\/aconteceunovale.com.br\/portal\/?p=190627","name":"Banco Central estabelece limite de cobran\u00e7a de taxas nas m\u00e1quinas de cart\u00e3o - Aconteceu no Vale","isPartOf":{"@id":"https:\/\/aconteceunovale.com.br\/portal\/#website"},"primaryImageOfPage":{"@id":"https:\/\/aconteceunovale.com.br\/portal\/?p=190627#primaryimage"},"image":{"@id":"https:\/\/aconteceunovale.com.br\/portal\/?p=190627#primaryimage"},"thumbnailUrl":"https:\/\/aconteceunovale.com.br\/portal\/wp-content\/uploads\/2022\/09\/maquina_cartao.jpg","datePublished":"2022-09-26T14:27:27+00:00","dateModified":"2022-09-26T14:27:43+00:00","author":{"@id":"https:\/\/aconteceunovale.com.br\/portal\/#\/schema\/person\/7d2f26d1483f8a63de73da1ee0754d35"},"breadcrumb":{"@id":"https:\/\/aconteceunovale.com.br\/portal\/?p=190627#breadcrumb"},"inLanguage":"pt-BR","potentialAction":[{"@type":"ReadAction","target":["https:\/\/aconteceunovale.com.br\/portal\/?p=190627"]}]},{"@type":"ImageObject","inLanguage":"pt-BR","@id":"https:\/\/aconteceunovale.com.br\/portal\/?p=190627#primaryimage","url":"https:\/\/aconteceunovale.com.br\/portal\/wp-content\/uploads\/2022\/09\/maquina_cartao.jpg","contentUrl":"https:\/\/aconteceunovale.com.br\/portal\/wp-content\/uploads\/2022\/09\/maquina_cartao.jpg","width":678,"height":385,"caption":"Pagamento em cart\u00e3o."},{"@type":"BreadcrumbList","@id":"https:\/\/aconteceunovale.com.br\/portal\/?p=190627#breadcrumb","itemListElement":[{"@type":"ListItem","position":1,"name":"In\u00edcio","item":"https:\/\/aconteceunovale.com.br\/portal\/"},{"@type":"ListItem","position":2,"name":"Banco Central estabelece limite de cobran\u00e7a de taxas nas m\u00e1quinas de cart\u00e3o"}]},{"@type":"WebSite","@id":"https:\/\/aconteceunovale.com.br\/portal\/#website","url":"https:\/\/aconteceunovale.com.br\/portal\/","name":"Aconteceu no Vale","description":"Portal de Not\u00edcias","potentialAction":[{"@type":"SearchAction","target":{"@type":"EntryPoint","urlTemplate":"https:\/\/aconteceunovale.com.br\/portal\/?s={search_term_string}"},"query-input":{"@type":"PropertyValueSpecification","valueRequired":true,"valueName":"search_term_string"}}],"inLanguage":"pt-BR"},{"@type":"Person","@id":"https:\/\/aconteceunovale.com.br\/portal\/#\/schema\/person\/7d2f26d1483f8a63de73da1ee0754d35","name":"Reda\u00e7\u00e3o Aconteceu no Vale","description":"Equipe de reportagem do Aconteceu no Vale, portal de not\u00edcias do Vale do Jequitinhonha, em Minas Gerais. Cobrimos as 51 cidades do Vale desde 2013. Sugest\u00f5es de pauta e pedidos de corre\u00e7\u00e3o: contato@aconteceunovale.com.br","url":"https:\/\/aconteceunovale.com.br\/portal\/?author=4"}]}},"_links":{"self":[{"href":"https:\/\/aconteceunovale.com.br\/portal\/index.php?rest_route=\/wp\/v2\/posts\/190627","targetHints":{"allow":["GET"]}}],"collection":[{"href":"https:\/\/aconteceunovale.com.br\/portal\/index.php?rest_route=\/wp\/v2\/posts"}],"about":[{"href":"https:\/\/aconteceunovale.com.br\/portal\/index.php?rest_route=\/wp\/v2\/types\/post"}],"author":[{"embeddable":true,"href":"https:\/\/aconteceunovale.com.br\/portal\/index.php?rest_route=\/wp\/v2\/users\/4"}],"replies":[{"embeddable":true,"href":"https:\/\/aconteceunovale.com.br\/portal\/index.php?rest_route=%2Fwp%2Fv2%2Fcomments&post=190627"}],"version-history":[{"count":1,"href":"https:\/\/aconteceunovale.com.br\/portal\/index.php?rest_route=\/wp\/v2\/posts\/190627\/revisions"}],"predecessor-version":[{"id":190629,"href":"https:\/\/aconteceunovale.com.br\/portal\/index.php?rest_route=\/wp\/v2\/posts\/190627\/revisions\/190629"}],"wp:featuredmedia":[{"embeddable":true,"href":"https:\/\/aconteceunovale.com.br\/portal\/index.php?rest_route=\/wp\/v2\/media\/190628"}],"wp:attachment":[{"href":"https:\/\/aconteceunovale.com.br\/portal\/index.php?rest_route=%2Fwp%2Fv2%2Fmedia&parent=190627"}],"wp:term":[{"taxonomy":"category","embeddable":true,"href":"https:\/\/aconteceunovale.com.br\/portal\/index.php?rest_route=%2Fwp%2Fv2%2Fcategories&post=190627"},{"taxonomy":"post_tag","embeddable":true,"href":"https:\/\/aconteceunovale.com.br\/portal\/index.php?rest_route=%2Fwp%2Fv2%2Ftags&post=190627"}],"curies":[{"name":"wp","href":"https:\/\/api.w.org\/{rel}","templated":true}]}}