{"id":190623,"date":"2022-09-16T21:02:00","date_gmt":"2022-09-17T00:02:00","guid":{"rendered":"https:\/\/aconteceunovale.com.br\/portal\/?p=190623"},"modified":"2022-09-25T21:08:32","modified_gmt":"2022-09-26T00:08:32","slug":"inclusao-e-oportunidades-no-campo-para-jovens-em-guanhaes","status":"publish","type":"post","link":"https:\/\/aconteceunovale.com.br\/portal\/?p=190623","title":{"rendered":"Inclus\u00e3o e oportunidades no campo para jovens em Guanh\u00e3es"},"content":{"rendered":"\n<p class=\"wp-block-paragraph\">Vinte jovens da regi\u00e3o de Guanh\u00e3es se preparam para iniciar um novo momento de forma\u00e7\u00e3o profissional. Inscritos no Programa de Aprendizagem Rural do Sistema Faemg na cadeia produtiva da Silvicultura, eles ir\u00e3o receber treinamento espec\u00edfico na \u00e1rea e compreender como funciona o dia a dia de uma grande empresa, como a Cenibra, parceira do programa por meio do Sindicato dos Produtores Rurais da cidade.<\/p>\n\n\n\n<figure class=\"wp-block-gallery has-nested-images columns-default is-cropped wp-block-gallery-1 is-layout-flex wp-block-gallery-is-layout-flex\">\n<figure class=\"wp-block-image size-large\"><img loading=\"lazy\" decoding=\"async\" width=\"678\" height=\"425\" data-id=\"190624\" src=\"https:\/\/aconteceunovale.com.br\/portal\/wp-content\/uploads\/2022\/09\/aprendizagem_guanhaes_1.jpeg\" alt=\"\" class=\"wp-image-190624\" srcset=\"https:\/\/aconteceunovale.com.br\/portal\/wp-content\/uploads\/2022\/09\/aprendizagem_guanhaes_1.jpeg 678w, https:\/\/aconteceunovale.com.br\/portal\/wp-content\/uploads\/2022\/09\/aprendizagem_guanhaes_1-300x188.jpeg 300w, https:\/\/aconteceunovale.com.br\/portal\/wp-content\/uploads\/2022\/09\/aprendizagem_guanhaes_1-670x420.jpeg 670w\" sizes=\"auto, (max-width: 678px) 100vw, 678px\" \/><figcaption><em><sub>Foto: Divulga\u00e7\u00e3o \/ Senar \/ Enviado por Josiane Moreira<\/sub><\/em><\/figcaption><\/figure>\n<\/figure>\n\n\n\n<p class=\"wp-block-paragraph\">De acordo com o analista de Recursos Humanos da Cenibra, Ricardo Ant\u00f4nio dos Santos Lage, o programa \u00e9 de suma import\u00e2ncia para a capacita\u00e7\u00e3o e inser\u00e7\u00e3o dos jovens no mercado de trabalho. Atrav\u00e9s dele, eles ter\u00e3o oportunidade de uma maior qualifica\u00e7\u00e3o e, consequentemente, mais preparo para o seu futuro profissional. \u201cTemos certeza que a parceria ir\u00e1 oportunizar boas experi\u00eancias e melhor qualifica\u00e7\u00e3o aos participantes das comunidades vizinhas \u00e0 CENIBRA\u201d.<\/p>\n\n\n\n<p class=\"wp-block-paragraph\"><strong>Inclus\u00e3o social e no campo<\/strong><\/p>\n\n\n\n<figure class=\"wp-block-gallery has-nested-images columns-default is-cropped wp-block-gallery-2 is-layout-flex wp-block-gallery-is-layout-flex\">\n<figure class=\"wp-block-image size-large\"><img loading=\"lazy\" decoding=\"async\" width=\"640\" height=\"450\" data-id=\"190625\" src=\"https:\/\/aconteceunovale.com.br\/portal\/wp-content\/uploads\/2022\/09\/aprendizagem_guanhaes_2.png\" alt=\"\" class=\"wp-image-190625\" srcset=\"https:\/\/aconteceunovale.com.br\/portal\/wp-content\/uploads\/2022\/09\/aprendizagem_guanhaes_2.png 640w, https:\/\/aconteceunovale.com.br\/portal\/wp-content\/uploads\/2022\/09\/aprendizagem_guanhaes_2-300x211.png 300w, https:\/\/aconteceunovale.com.br\/portal\/wp-content\/uploads\/2022\/09\/aprendizagem_guanhaes_2-100x70.png 100w, https:\/\/aconteceunovale.com.br\/portal\/wp-content\/uploads\/2022\/09\/aprendizagem_guanhaes_2-597x420.png 597w\" sizes=\"auto, (max-width: 640px) 100vw, 640px\" \/><figcaption><em><sub>Foto: Divulga\u00e7\u00e3o \/ Senar \/ Enviado por Josiane Moreira<\/sub><\/em><\/figcaption><\/figure>\n<\/figure>\n\n\n\n<p class=\"wp-block-paragraph\">Let\u00edcia Gabriele Oliveira, 17 anos, quer cursar agronomia e enxerga a oportunidade como um grande passo para o primeiro emprego na \u00e1rea do agroneg\u00f3cio. \u201cEstou aberta a novas experi\u00eancias e muito ansiosa para conhecer todos os m\u00f3dulos e complementar meu curr\u00edculo. Gostei bastante da metodologia e das boas perspectivas que os profissionais envolvidos com o programa nos passaram.\u201d, comentou. <\/p>\n\n\n\n<p class=\"wp-block-paragraph\">O Aprendizagem Rural \u00e9 voltado para jovens com idade entre 14 anos completos e 24 anos incompletos, regularmente matriculados no ensino fundamental ou m\u00e9dio. Os portadores de necessidades especiais tamb\u00e9m podem participar, n\u00e3o havendo limite de idade. Foi o caso de Nivalda Martins do Nascimento, de 39 anos, deficiente visual. Inspirada na trajet\u00f3ria do pai, que hoje \u00e9 aposentado pela Cenibra, ela elogiou a oportunidade de inclus\u00e3o. \u201cEu admiro muito a empresa e seus valores. O programa caiu como uma luva porque n\u00e3o s\u00e3o muitas as iniciativas inclusivas por aqui\u201d, comentou a aluna.<\/p>\n\n\n\n<p class=\"wp-block-paragraph\">&#8212;&#8212;&#8212;&#8212;&#8212;&#8212;<br><br><strong>Sabia que o Aconteceu no Vale est\u00e1 tamb\u00e9m no Telegram? <a rel=\"noreferrer noopener\" href=\"https:\/\/t.me\/aconteceunovaleoficial\" target=\"_blank\">Inscreva-se no canal<\/a>.<\/strong><br><br><strong>J\u00e1 curtiu ou seguiu nossas p\u00e1ginas nas redes sociais?\u00a0Receba as not\u00edcias em primeira m\u00e3o:<\/strong><br>\u2022 <a rel=\"noreferrer noopener\" href=\"https:\/\/news.google.com\/publications\/CAAqBwgKMNjklQswi4etAw?hl=pt-BR&amp;gl=BR&amp;ceid=BR%3Apt-419\" target=\"_blank\">Google News<\/a><br>\u2022 <a rel=\"noreferrer noopener\" href=\"https:\/\/www.facebook.com\/aconteceunovale\/\" target=\"_blank\">Facebook<\/a><br>\u2022 <a rel=\"noreferrer noopener\" href=\"https:\/\/twitter.com\/noticiadosvales\" target=\"_blank\">Twitter<\/a><br>\u2022 <a rel=\"noreferrer noopener\" href=\"https:\/\/www.instagram.com\/aconteceunovale\" target=\"_blank\">Instagram<\/a><br>\u2022 <a rel=\"noreferrer noopener\" href=\"https:\/\/www.youtube.com\/AconteceunoValeOficial\" target=\"_blank\">Youtube<\/a><br>\u2022 <a rel=\"noreferrer noopener\" href=\"https:\/\/www.tiktok.com\/@aconteceunovale\" target=\"_blank\">TikTok<\/a><\/p>\n","protected":false},"excerpt":{"rendered":"<p>Vinte jovens da regi\u00e3o de Guanh\u00e3es se preparam para iniciar um novo momento de forma\u00e7\u00e3o profissional. Inscritos no Programa de Aprendizagem Rural do Sistema Faemg na cadeia produtiva da Silvicultura, eles ir\u00e3o receber treinamento espec\u00edfico na \u00e1rea e compreender como funciona o dia a dia de uma grande empresa, como a Cenibra, parceira do programa [&hellip;]<\/p>\n","protected":false},"author":4,"featured_media":190624,"comment_status":"open","ping_status":"closed","sticky":false,"template":"","format":"standard","meta":{"amp_status":"","footnotes":""},"categories":[121],"tags":[263436,349,155,263432,263435,263437,263433,263434,91839],"class_list":["post-190623","post","type-post","status-publish","format-standard","has-post-thumbnail","hentry","category-leste","tag-aprendizagem-rural","tag-cenibra","tag-guanhaes","tag-inclusao-e-oportunidades-no-campo-para-jovens-em-guanhaes","tag-leticia-gabriele-oliveira","tag-nivalda-martins-do-nascimento","tag-programa-de-aprendizagem-rural-do-sistema-faemg","tag-ricardo-antonio-dos-santos-lage","tag-sistema-faemg"],"yoast_head":"<!-- This site is optimized with the Yoast SEO plugin v28.3 - https:\/\/yoast.com\/product\/yoast-seo-wordpress\/ -->\n<title>Inclus\u00e3o e oportunidades no campo para jovens em Guanh\u00e3es - Aconteceu no Vale<\/title>\n<meta name=\"robots\" content=\"index, follow, max-snippet:-1, max-image-preview:large, max-video-preview:-1\" \/>\n<link rel=\"canonical\" href=\"https:\/\/aconteceunovale.com.br\/portal\/?p=190623\" \/>\n<meta property=\"og:locale\" content=\"pt_BR\" \/>\n<meta property=\"og:type\" content=\"article\" \/>\n<meta property=\"og:title\" content=\"Inclus\u00e3o e oportunidades no campo para jovens em Guanh\u00e3es - Aconteceu no Vale\" \/>\n<meta property=\"og:description\" content=\"Vinte jovens da regi\u00e3o de Guanh\u00e3es se preparam para iniciar um novo momento de forma\u00e7\u00e3o profissional. Inscritos no Programa de Aprendizagem Rural do Sistema Faemg na cadeia produtiva da Silvicultura, eles ir\u00e3o receber treinamento espec\u00edfico na \u00e1rea e compreender como funciona o dia a dia de uma grande empresa, como a Cenibra, parceira do programa [&hellip;]\" \/>\n<meta property=\"og:url\" content=\"https:\/\/aconteceunovale.com.br\/portal\/?p=190623\" \/>\n<meta property=\"og:site_name\" content=\"Aconteceu no Vale\" \/>\n<meta property=\"article:publisher\" content=\"https:\/\/www.facebook.com\/aconteceunovale\/\" \/>\n<meta property=\"article:published_time\" content=\"2022-09-17T00:02:00+00:00\" \/>\n<meta property=\"article:modified_time\" content=\"2022-09-26T00:08:32+00:00\" \/>\n<meta property=\"og:image\" content=\"https:\/\/aconteceunovale.com.br\/portal\/wp-content\/uploads\/2022\/09\/aprendizagem_guanhaes_1.jpeg\" \/>\n\t<meta property=\"og:image:width\" content=\"678\" \/>\n\t<meta property=\"og:image:height\" content=\"425\" \/>\n\t<meta property=\"og:image:type\" content=\"image\/jpeg\" \/>\n<meta name=\"author\" content=\"Reda\u00e7\u00e3o Aconteceu no Vale\" \/>\n<meta name=\"twitter:card\" content=\"summary_large_image\" \/>\n<meta name=\"twitter:creator\" content=\"@noticiadosvales\" \/>\n<meta name=\"twitter:site\" content=\"@noticiadosvales\" \/>\n<meta name=\"twitter:label1\" content=\"Escrito por\" \/>\n\t<meta name=\"twitter:data1\" content=\"Reda\u00e7\u00e3o Aconteceu no Vale\" \/>\n\t<meta name=\"twitter:label2\" content=\"Est. tempo de leitura\" \/>\n\t<meta name=\"twitter:data2\" content=\"2 minutos\" \/>\n<script type=\"application\/ld+json\" class=\"yoast-schema-graph\">{\"@context\":\"https:\\\/\\\/schema.org\",\"@graph\":[{\"@type\":\"Article\",\"@id\":\"https:\\\/\\\/aconteceunovale.com.br\\\/portal\\\/?p=190623#article\",\"isPartOf\":{\"@id\":\"https:\\\/\\\/aconteceunovale.com.br\\\/portal\\\/?p=190623\"},\"author\":{\"name\":\"Reda\u00e7\u00e3o Aconteceu no Vale\",\"@id\":\"https:\\\/\\\/aconteceunovale.com.br\\\/portal\\\/#\\\/schema\\\/person\\\/7d2f26d1483f8a63de73da1ee0754d35\"},\"headline\":\"Inclus\u00e3o e oportunidades no campo para jovens em Guanh\u00e3es\",\"datePublished\":\"2022-09-17T00:02:00+00:00\",\"dateModified\":\"2022-09-26T00:08:32+00:00\",\"mainEntityOfPage\":{\"@id\":\"https:\\\/\\\/aconteceunovale.com.br\\\/portal\\\/?p=190623\"},\"wordCount\":376,\"commentCount\":0,\"image\":{\"@id\":\"https:\\\/\\\/aconteceunovale.com.br\\\/portal\\\/?p=190623#primaryimage\"},\"thumbnailUrl\":\"https:\\\/\\\/aconteceunovale.com.br\\\/portal\\\/wp-content\\\/uploads\\\/2022\\\/09\\\/aprendizagem_guanhaes_1.jpeg\",\"keywords\":[\"Aprendizagem Rural\",\"cenibra\",\"Guanh\u00e3es\",\"Inclus\u00e3o e oportunidades no campo para jovens em Guanh\u00e3es\",\"Let\u00edcia Gabriele Oliveira\",\"Nivalda Martins do Nascimento\",\"Programa de Aprendizagem Rural do Sistema Faemg\",\"Ricardo Ant\u00f4nio dos Santos Lage\",\"Sistema Faemg\"],\"articleSection\":[\"Leste de Minas\"],\"inLanguage\":\"pt-BR\",\"potentialAction\":[{\"@type\":\"CommentAction\",\"name\":\"Comment\",\"target\":[\"https:\\\/\\\/aconteceunovale.com.br\\\/portal\\\/?p=190623#respond\"]}]},{\"@type\":\"WebPage\",\"@id\":\"https:\\\/\\\/aconteceunovale.com.br\\\/portal\\\/?p=190623\",\"url\":\"https:\\\/\\\/aconteceunovale.com.br\\\/portal\\\/?p=190623\",\"name\":\"Inclus\u00e3o e oportunidades no campo para jovens em Guanh\u00e3es - Aconteceu no Vale\",\"isPartOf\":{\"@id\":\"https:\\\/\\\/aconteceunovale.com.br\\\/portal\\\/#website\"},\"primaryImageOfPage\":{\"@id\":\"https:\\\/\\\/aconteceunovale.com.br\\\/portal\\\/?p=190623#primaryimage\"},\"image\":{\"@id\":\"https:\\\/\\\/aconteceunovale.com.br\\\/portal\\\/?p=190623#primaryimage\"},\"thumbnailUrl\":\"https:\\\/\\\/aconteceunovale.com.br\\\/portal\\\/wp-content\\\/uploads\\\/2022\\\/09\\\/aprendizagem_guanhaes_1.jpeg\",\"datePublished\":\"2022-09-17T00:02:00+00:00\",\"dateModified\":\"2022-09-26T00:08:32+00:00\",\"author\":{\"@id\":\"https:\\\/\\\/aconteceunovale.com.br\\\/portal\\\/#\\\/schema\\\/person\\\/7d2f26d1483f8a63de73da1ee0754d35\"},\"breadcrumb\":{\"@id\":\"https:\\\/\\\/aconteceunovale.com.br\\\/portal\\\/?p=190623#breadcrumb\"},\"inLanguage\":\"pt-BR\",\"potentialAction\":[{\"@type\":\"ReadAction\",\"target\":[\"https:\\\/\\\/aconteceunovale.com.br\\\/portal\\\/?p=190623\"]}]},{\"@type\":\"ImageObject\",\"inLanguage\":\"pt-BR\",\"@id\":\"https:\\\/\\\/aconteceunovale.com.br\\\/portal\\\/?p=190623#primaryimage\",\"url\":\"https:\\\/\\\/aconteceunovale.com.br\\\/portal\\\/wp-content\\\/uploads\\\/2022\\\/09\\\/aprendizagem_guanhaes_1.jpeg\",\"contentUrl\":\"https:\\\/\\\/aconteceunovale.com.br\\\/portal\\\/wp-content\\\/uploads\\\/2022\\\/09\\\/aprendizagem_guanhaes_1.jpeg\",\"width\":678,\"height\":425},{\"@type\":\"BreadcrumbList\",\"@id\":\"https:\\\/\\\/aconteceunovale.com.br\\\/portal\\\/?p=190623#breadcrumb\",\"itemListElement\":[{\"@type\":\"ListItem\",\"position\":1,\"name\":\"In\u00edcio\",\"item\":\"https:\\\/\\\/aconteceunovale.com.br\\\/portal\\\/\"},{\"@type\":\"ListItem\",\"position\":2,\"name\":\"Inclus\u00e3o e oportunidades no campo para jovens em Guanh\u00e3es\"}]},{\"@type\":\"WebSite\",\"@id\":\"https:\\\/\\\/aconteceunovale.com.br\\\/portal\\\/#website\",\"url\":\"https:\\\/\\\/aconteceunovale.com.br\\\/portal\\\/\",\"name\":\"Aconteceu no Vale\",\"description\":\"Portal de Not\u00edcias\",\"potentialAction\":[{\"@type\":\"SearchAction\",\"target\":{\"@type\":\"EntryPoint\",\"urlTemplate\":\"https:\\\/\\\/aconteceunovale.com.br\\\/portal\\\/?s={search_term_string}\"},\"query-input\":{\"@type\":\"PropertyValueSpecification\",\"valueRequired\":true,\"valueName\":\"search_term_string\"}}],\"inLanguage\":\"pt-BR\"},{\"@type\":\"Person\",\"@id\":\"https:\\\/\\\/aconteceunovale.com.br\\\/portal\\\/#\\\/schema\\\/person\\\/7d2f26d1483f8a63de73da1ee0754d35\",\"name\":\"Reda\u00e7\u00e3o Aconteceu no Vale\",\"description\":\"Equipe de reportagem do Aconteceu no Vale, portal de not\u00edcias do Vale do Jequitinhonha, em Minas Gerais. Cobrimos as 51 cidades do Vale desde 2013. Sugest\u00f5es de pauta e pedidos de corre\u00e7\u00e3o: contato@aconteceunovale.com.br\",\"url\":\"https:\\\/\\\/aconteceunovale.com.br\\\/portal\\\/?author=4\"}]}<\/script>\n<!-- \/ Yoast SEO plugin. -->","yoast_head_json":{"title":"Inclus\u00e3o e oportunidades no campo para jovens em Guanh\u00e3es - Aconteceu no Vale","robots":{"index":"index","follow":"follow","max-snippet":"max-snippet:-1","max-image-preview":"max-image-preview:large","max-video-preview":"max-video-preview:-1"},"canonical":"https:\/\/aconteceunovale.com.br\/portal\/?p=190623","og_locale":"pt_BR","og_type":"article","og_title":"Inclus\u00e3o e oportunidades no campo para jovens em Guanh\u00e3es - Aconteceu no Vale","og_description":"Vinte jovens da regi\u00e3o de Guanh\u00e3es se preparam para iniciar um novo momento de forma\u00e7\u00e3o profissional. Inscritos no Programa de Aprendizagem Rural do Sistema Faemg na cadeia produtiva da Silvicultura, eles ir\u00e3o receber treinamento espec\u00edfico na \u00e1rea e compreender como funciona o dia a dia de uma grande empresa, como a Cenibra, parceira do programa [&hellip;]","og_url":"https:\/\/aconteceunovale.com.br\/portal\/?p=190623","og_site_name":"Aconteceu no Vale","article_publisher":"https:\/\/www.facebook.com\/aconteceunovale\/","article_published_time":"2022-09-17T00:02:00+00:00","article_modified_time":"2022-09-26T00:08:32+00:00","og_image":[{"width":678,"height":425,"url":"https:\/\/aconteceunovale.com.br\/portal\/wp-content\/uploads\/2022\/09\/aprendizagem_guanhaes_1.jpeg","type":"image\/jpeg"}],"author":"Reda\u00e7\u00e3o Aconteceu no Vale","twitter_card":"summary_large_image","twitter_creator":"@noticiadosvales","twitter_site":"@noticiadosvales","twitter_misc":{"Escrito por":"Reda\u00e7\u00e3o Aconteceu no Vale","Est. tempo de leitura":"2 minutos"},"schema":{"@context":"https:\/\/schema.org","@graph":[{"@type":"Article","@id":"https:\/\/aconteceunovale.com.br\/portal\/?p=190623#article","isPartOf":{"@id":"https:\/\/aconteceunovale.com.br\/portal\/?p=190623"},"author":{"name":"Reda\u00e7\u00e3o Aconteceu no Vale","@id":"https:\/\/aconteceunovale.com.br\/portal\/#\/schema\/person\/7d2f26d1483f8a63de73da1ee0754d35"},"headline":"Inclus\u00e3o e oportunidades no campo para jovens em Guanh\u00e3es","datePublished":"2022-09-17T00:02:00+00:00","dateModified":"2022-09-26T00:08:32+00:00","mainEntityOfPage":{"@id":"https:\/\/aconteceunovale.com.br\/portal\/?p=190623"},"wordCount":376,"commentCount":0,"image":{"@id":"https:\/\/aconteceunovale.com.br\/portal\/?p=190623#primaryimage"},"thumbnailUrl":"https:\/\/aconteceunovale.com.br\/portal\/wp-content\/uploads\/2022\/09\/aprendizagem_guanhaes_1.jpeg","keywords":["Aprendizagem Rural","cenibra","Guanh\u00e3es","Inclus\u00e3o e oportunidades no campo para jovens em Guanh\u00e3es","Let\u00edcia Gabriele Oliveira","Nivalda Martins do Nascimento","Programa de Aprendizagem Rural do Sistema Faemg","Ricardo Ant\u00f4nio dos Santos Lage","Sistema Faemg"],"articleSection":["Leste de Minas"],"inLanguage":"pt-BR","potentialAction":[{"@type":"CommentAction","name":"Comment","target":["https:\/\/aconteceunovale.com.br\/portal\/?p=190623#respond"]}]},{"@type":"WebPage","@id":"https:\/\/aconteceunovale.com.br\/portal\/?p=190623","url":"https:\/\/aconteceunovale.com.br\/portal\/?p=190623","name":"Inclus\u00e3o e oportunidades no campo para jovens em Guanh\u00e3es - Aconteceu no Vale","isPartOf":{"@id":"https:\/\/aconteceunovale.com.br\/portal\/#website"},"primaryImageOfPage":{"@id":"https:\/\/aconteceunovale.com.br\/portal\/?p=190623#primaryimage"},"image":{"@id":"https:\/\/aconteceunovale.com.br\/portal\/?p=190623#primaryimage"},"thumbnailUrl":"https:\/\/aconteceunovale.com.br\/portal\/wp-content\/uploads\/2022\/09\/aprendizagem_guanhaes_1.jpeg","datePublished":"2022-09-17T00:02:00+00:00","dateModified":"2022-09-26T00:08:32+00:00","author":{"@id":"https:\/\/aconteceunovale.com.br\/portal\/#\/schema\/person\/7d2f26d1483f8a63de73da1ee0754d35"},"breadcrumb":{"@id":"https:\/\/aconteceunovale.com.br\/portal\/?p=190623#breadcrumb"},"inLanguage":"pt-BR","potentialAction":[{"@type":"ReadAction","target":["https:\/\/aconteceunovale.com.br\/portal\/?p=190623"]}]},{"@type":"ImageObject","inLanguage":"pt-BR","@id":"https:\/\/aconteceunovale.com.br\/portal\/?p=190623#primaryimage","url":"https:\/\/aconteceunovale.com.br\/portal\/wp-content\/uploads\/2022\/09\/aprendizagem_guanhaes_1.jpeg","contentUrl":"https:\/\/aconteceunovale.com.br\/portal\/wp-content\/uploads\/2022\/09\/aprendizagem_guanhaes_1.jpeg","width":678,"height":425},{"@type":"BreadcrumbList","@id":"https:\/\/aconteceunovale.com.br\/portal\/?p=190623#breadcrumb","itemListElement":[{"@type":"ListItem","position":1,"name":"In\u00edcio","item":"https:\/\/aconteceunovale.com.br\/portal\/"},{"@type":"ListItem","position":2,"name":"Inclus\u00e3o e oportunidades no campo para jovens em Guanh\u00e3es"}]},{"@type":"WebSite","@id":"https:\/\/aconteceunovale.com.br\/portal\/#website","url":"https:\/\/aconteceunovale.com.br\/portal\/","name":"Aconteceu no Vale","description":"Portal de Not\u00edcias","potentialAction":[{"@type":"SearchAction","target":{"@type":"EntryPoint","urlTemplate":"https:\/\/aconteceunovale.com.br\/portal\/?s={search_term_string}"},"query-input":{"@type":"PropertyValueSpecification","valueRequired":true,"valueName":"search_term_string"}}],"inLanguage":"pt-BR"},{"@type":"Person","@id":"https:\/\/aconteceunovale.com.br\/portal\/#\/schema\/person\/7d2f26d1483f8a63de73da1ee0754d35","name":"Reda\u00e7\u00e3o Aconteceu no Vale","description":"Equipe de reportagem do Aconteceu no Vale, portal de not\u00edcias do Vale do Jequitinhonha, em Minas Gerais. Cobrimos as 51 cidades do Vale desde 2013. Sugest\u00f5es de pauta e pedidos de corre\u00e7\u00e3o: contato@aconteceunovale.com.br","url":"https:\/\/aconteceunovale.com.br\/portal\/?author=4"}]}},"_links":{"self":[{"href":"https:\/\/aconteceunovale.com.br\/portal\/index.php?rest_route=\/wp\/v2\/posts\/190623","targetHints":{"allow":["GET"]}}],"collection":[{"href":"https:\/\/aconteceunovale.com.br\/portal\/index.php?rest_route=\/wp\/v2\/posts"}],"about":[{"href":"https:\/\/aconteceunovale.com.br\/portal\/index.php?rest_route=\/wp\/v2\/types\/post"}],"author":[{"embeddable":true,"href":"https:\/\/aconteceunovale.com.br\/portal\/index.php?rest_route=\/wp\/v2\/users\/4"}],"replies":[{"embeddable":true,"href":"https:\/\/aconteceunovale.com.br\/portal\/index.php?rest_route=%2Fwp%2Fv2%2Fcomments&post=190623"}],"version-history":[{"count":1,"href":"https:\/\/aconteceunovale.com.br\/portal\/index.php?rest_route=\/wp\/v2\/posts\/190623\/revisions"}],"predecessor-version":[{"id":190626,"href":"https:\/\/aconteceunovale.com.br\/portal\/index.php?rest_route=\/wp\/v2\/posts\/190623\/revisions\/190626"}],"wp:featuredmedia":[{"embeddable":true,"href":"https:\/\/aconteceunovale.com.br\/portal\/index.php?rest_route=\/wp\/v2\/media\/190624"}],"wp:attachment":[{"href":"https:\/\/aconteceunovale.com.br\/portal\/index.php?rest_route=%2Fwp%2Fv2%2Fmedia&parent=190623"}],"wp:term":[{"taxonomy":"category","embeddable":true,"href":"https:\/\/aconteceunovale.com.br\/portal\/index.php?rest_route=%2Fwp%2Fv2%2Fcategories&post=190623"},{"taxonomy":"post_tag","embeddable":true,"href":"https:\/\/aconteceunovale.com.br\/portal\/index.php?rest_route=%2Fwp%2Fv2%2Ftags&post=190623"}],"curies":[{"name":"wp","href":"https:\/\/api.w.org\/{rel}","templated":true}]}}