{"id":190620,"date":"2022-09-25T20:54:48","date_gmt":"2022-09-25T23:54:48","guid":{"rendered":"https:\/\/aconteceunovale.com.br\/portal\/?p=190620"},"modified":"2022-09-25T20:55:39","modified_gmt":"2022-09-25T23:55:39","slug":"empretec-esta-com-as-inscricoes-abertas-em-governador-valadares","status":"publish","type":"post","link":"https:\/\/aconteceunovale.com.br\/portal\/?p=190620","title":{"rendered":"Empretec est\u00e1 com as inscri\u00e7\u00f5es abertas em Governador Valadares"},"content":{"rendered":"\n<p class=\"wp-block-paragraph\">O Sebrae Minas est\u00e1 com inscri\u00e7\u00f5es abertas para o <a rel=\"noreferrer noopener\" href=\"https:\/\/empretecsebraeminas.com.br\/\" target=\"_blank\">Empretec<\/a> em Governador Valadares, na regi\u00e3o do Rio Doce e Vale do A\u00e7o. A capacita\u00e7\u00e3o ocorre de 3 a 8 de outubro, destinada a pessoas que desejam iniciar um neg\u00f3cio, melhorar a gest\u00e3o do empreendimento ou descobrir novas oportunidades de atua\u00e7\u00e3o no mercado. As vagas s\u00e3o limitadas e os interessados devem se inscrever at\u00e9 o dia 27 de setembro no <a rel=\"noreferrer noopener\" href=\"https:\/\/empretecsebraeminas.com.br\/curso\/governador-valadares\/\" target=\"_blank\">site<\/a>. Mais informa\u00e7\u00f5es pelo telefone (33) 99818-9420.<\/p>\n\n\n\n<p class=\"wp-block-paragraph\">O semin\u00e1rio tem metodologia da Organiza\u00e7\u00e3o das Na\u00e7\u00f5es Unidas (ONU) e, no Brasil, \u00e9 ministrado exclusivamente pelo Sebrae. O objetivo \u00e9 estimular o desenvolvimento de compet\u00eancias e habilidades empreendedoras, como: capacidade de identificar oportunidades; calcular riscos; buscar informa\u00e7\u00f5es; estabelecer metas; planejar e monitorar sistematicamente; criar redes de contatos; ser persistente; ter independ\u00eancia e autoconfian\u00e7a.<\/p>\n\n\n\n<p class=\"wp-block-paragraph\">O analista do Sebrae Minas Ramon Gon\u00e7alves destaca que, durante o Empretec, o participante aprende a encarar seus medos, enfrentar suas limita\u00e7\u00f5es e se atentar para novas oportunidades. \u201cA metodologia do semin\u00e1rio \u00e9 baseada no fato de que o sucesso empresarial vai al\u00e9m da habilidade de gerenciar um neg\u00f3cio, \u00e9 preciso que o empreendedor tenha comportamentos empreendedores e a\u00e7\u00f5es mais assertivas\u201d, explica.<\/p>\n\n\n\n<p class=\"wp-block-paragraph\">Dados do Sebrae indicam que 67% dos empres\u00e1rios que participaram do Empretec aumentaram o faturamento de suas empresas e 75% ampliaram a renda mensal. A taxa de mortalidade entre empresas que passaram pelo treinamento \u00e9 de 7%, enquanto a m\u00e9dia dos demais empreendimentos no Brasil \u00e9 de 46%.<\/p>\n\n\n\n<p class=\"wp-block-paragraph\"><strong>SERVI\u00c7O<\/strong><\/p>\n\n\n\n<p class=\"wp-block-paragraph\"><strong>Empretec em Governador Valadares<\/strong><\/p>\n\n\n\n<p class=\"wp-block-paragraph\">Data: 3 a 8 de outubro<\/p>\n\n\n\n<p class=\"wp-block-paragraph\">Inscri\u00e7\u00f5es at\u00e9 27\/09, pelo site: <a href=\"https:\/\/empretecsebraeminas.com.br\/curso\/governador-valadares\/\" target=\"_blank\" rel=\"noreferrer noopener\">https:\/\/empretecsebraeminas.com.br\/curso\/governador-valadares\/<\/a><\/p>\n\n\n\n<p class=\"wp-block-paragraph\">Informa\u00e7\u00f5es: (33) 9818-9420 ou pelo site <a rel=\"noreferrer noopener\" href=\"https:\/\/empretecsebraeminas.com.br\/\" target=\"_blank\">empretecsebraeminas.com.br<\/a><\/p>\n\n\n\n<p class=\"wp-block-paragraph\">&#8212;&#8212;&#8212;&#8212;&#8212;&#8212;<br><br><strong>Sabia que o Aconteceu no Vale est\u00e1 tamb\u00e9m no Telegram? <a rel=\"noreferrer noopener\" href=\"https:\/\/t.me\/aconteceunovaleoficial\" target=\"_blank\">Inscreva-se no canal<\/a>.<\/strong><br><br><strong>J\u00e1 curtiu ou seguiu nossas p\u00e1ginas nas redes sociais?\u00a0Receba as not\u00edcias em primeira m\u00e3o:<\/strong><br>\u2022 <a rel=\"noreferrer noopener\" href=\"https:\/\/news.google.com\/publications\/CAAqBwgKMNjklQswi4etAw?hl=pt-BR&amp;gl=BR&amp;ceid=BR%3Apt-419\" target=\"_blank\">Google News<\/a><br>\u2022 <a rel=\"noreferrer noopener\" href=\"https:\/\/www.facebook.com\/aconteceunovale\/\" target=\"_blank\">Facebook<\/a><br>\u2022 <a rel=\"noreferrer noopener\" href=\"https:\/\/twitter.com\/noticiadosvales\" target=\"_blank\">Twitter<\/a><br>\u2022 <a rel=\"noreferrer noopener\" href=\"https:\/\/www.instagram.com\/aconteceunovale\" target=\"_blank\">Instagram<\/a><br>\u2022 <a rel=\"noreferrer noopener\" href=\"https:\/\/www.youtube.com\/AconteceunoValeOficial\" target=\"_blank\">Youtube<\/a><br>\u2022 <a rel=\"noreferrer noopener\" href=\"https:\/\/www.tiktok.com\/@aconteceunovale\" target=\"_blank\">TikTok<\/a><\/p>\n","protected":false},"excerpt":{"rendered":"<p>O Sebrae Minas est\u00e1 com inscri\u00e7\u00f5es abertas para o Empretec em Governador Valadares, na regi\u00e3o do Rio Doce e Vale do A\u00e7o. A capacita\u00e7\u00e3o ocorre de 3 a 8 de outubro, destinada a pessoas que desejam iniciar um neg\u00f3cio, melhorar a gest\u00e3o do empreendimento ou descobrir novas oportunidades de atua\u00e7\u00e3o no mercado. As vagas s\u00e3o [&hellip;]<\/p>\n","protected":false},"author":4,"featured_media":190621,"comment_status":"open","ping_status":"closed","sticky":false,"template":"","format":"standard","meta":{"amp_status":"","footnotes":""},"categories":[121],"tags":[263428,263429,263431,247,263430,176,44759],"class_list":["post-190620","post","type-post","status-publish","format-standard","has-post-thumbnail","hentry","category-leste","tag-empretec-em-governador-valadares","tag-empretec-em-governador-valadares-esta-com-as-inscricoes-abertas","tag-empretec-esta-com-as-inscricoes-abertas-em-governador-valadares","tag-governador-valadares","tag-inscricoes-para-o-empretec-em-governador-valadares","tag-sebrae","tag-sebrae-minas"],"yoast_head":"<!-- This site is optimized with the Yoast SEO plugin v28.3 - https:\/\/yoast.com\/product\/yoast-seo-wordpress\/ -->\n<title>Empretec est\u00e1 com as inscri\u00e7\u00f5es abertas em Governador Valadares - Aconteceu no Vale<\/title>\n<meta name=\"robots\" content=\"index, follow, max-snippet:-1, max-image-preview:large, max-video-preview:-1\" \/>\n<link rel=\"canonical\" href=\"https:\/\/aconteceunovale.com.br\/portal\/?p=190620\" \/>\n<meta property=\"og:locale\" content=\"pt_BR\" \/>\n<meta property=\"og:type\" content=\"article\" \/>\n<meta property=\"og:title\" content=\"Empretec est\u00e1 com as inscri\u00e7\u00f5es abertas em Governador Valadares - Aconteceu no Vale\" \/>\n<meta property=\"og:description\" content=\"O Sebrae Minas est\u00e1 com inscri\u00e7\u00f5es abertas para o Empretec em Governador Valadares, na regi\u00e3o do Rio Doce e Vale do A\u00e7o. A capacita\u00e7\u00e3o ocorre de 3 a 8 de outubro, destinada a pessoas que desejam iniciar um neg\u00f3cio, melhorar a gest\u00e3o do empreendimento ou descobrir novas oportunidades de atua\u00e7\u00e3o no mercado. As vagas s\u00e3o [&hellip;]\" \/>\n<meta property=\"og:url\" content=\"https:\/\/aconteceunovale.com.br\/portal\/?p=190620\" \/>\n<meta property=\"og:site_name\" content=\"Aconteceu no Vale\" \/>\n<meta property=\"article:publisher\" content=\"https:\/\/www.facebook.com\/aconteceunovale\/\" \/>\n<meta property=\"article:published_time\" content=\"2022-09-25T23:54:48+00:00\" \/>\n<meta property=\"article:modified_time\" content=\"2022-09-25T23:55:39+00:00\" \/>\n<meta property=\"og:image\" content=\"https:\/\/aconteceunovale.com.br\/portal\/wp-content\/uploads\/2022\/09\/empretec.jpg\" \/>\n\t<meta property=\"og:image:width\" content=\"675\" \/>\n\t<meta property=\"og:image:height\" content=\"450\" \/>\n\t<meta property=\"og:image:type\" content=\"image\/jpeg\" \/>\n<meta name=\"author\" content=\"Reda\u00e7\u00e3o Aconteceu no Vale\" \/>\n<meta name=\"twitter:card\" content=\"summary_large_image\" \/>\n<meta name=\"twitter:creator\" content=\"@noticiadosvales\" \/>\n<meta name=\"twitter:site\" content=\"@noticiadosvales\" \/>\n<meta name=\"twitter:label1\" content=\"Escrito por\" \/>\n\t<meta name=\"twitter:data1\" content=\"Reda\u00e7\u00e3o Aconteceu no Vale\" \/>\n\t<meta name=\"twitter:label2\" content=\"Est. tempo de leitura\" \/>\n\t<meta name=\"twitter:data2\" content=\"2 minutos\" \/>\n<script type=\"application\/ld+json\" class=\"yoast-schema-graph\">{\"@context\":\"https:\\\/\\\/schema.org\",\"@graph\":[{\"@type\":\"Article\",\"@id\":\"https:\\\/\\\/aconteceunovale.com.br\\\/portal\\\/?p=190620#article\",\"isPartOf\":{\"@id\":\"https:\\\/\\\/aconteceunovale.com.br\\\/portal\\\/?p=190620\"},\"author\":{\"name\":\"Reda\u00e7\u00e3o Aconteceu no Vale\",\"@id\":\"https:\\\/\\\/aconteceunovale.com.br\\\/portal\\\/#\\\/schema\\\/person\\\/7d2f26d1483f8a63de73da1ee0754d35\"},\"headline\":\"Empretec est\u00e1 com as inscri\u00e7\u00f5es abertas em Governador Valadares\",\"datePublished\":\"2022-09-25T23:54:48+00:00\",\"dateModified\":\"2022-09-25T23:55:39+00:00\",\"mainEntityOfPage\":{\"@id\":\"https:\\\/\\\/aconteceunovale.com.br\\\/portal\\\/?p=190620\"},\"wordCount\":330,\"commentCount\":0,\"image\":{\"@id\":\"https:\\\/\\\/aconteceunovale.com.br\\\/portal\\\/?p=190620#primaryimage\"},\"thumbnailUrl\":\"https:\\\/\\\/aconteceunovale.com.br\\\/portal\\\/wp-content\\\/uploads\\\/2022\\\/09\\\/empretec.jpg\",\"keywords\":[\"Empretec em Governador Valadares\",\"Empretec em Governador Valadares est\u00e1 com as inscri\u00e7\u00f5es abertas\",\"Empretec est\u00e1 com as inscri\u00e7\u00f5es abertas em Governador Valadares\",\"Governador Valadares\",\"Inscri\u00e7\u00f5es para o Empretec em Governador Valadares\",\"Sebrae\",\"Sebrae Minas\"],\"articleSection\":[\"Leste de Minas\"],\"inLanguage\":\"pt-BR\",\"potentialAction\":[{\"@type\":\"CommentAction\",\"name\":\"Comment\",\"target\":[\"https:\\\/\\\/aconteceunovale.com.br\\\/portal\\\/?p=190620#respond\"]}]},{\"@type\":\"WebPage\",\"@id\":\"https:\\\/\\\/aconteceunovale.com.br\\\/portal\\\/?p=190620\",\"url\":\"https:\\\/\\\/aconteceunovale.com.br\\\/portal\\\/?p=190620\",\"name\":\"Empretec est\u00e1 com as inscri\u00e7\u00f5es abertas em Governador Valadares - Aconteceu no Vale\",\"isPartOf\":{\"@id\":\"https:\\\/\\\/aconteceunovale.com.br\\\/portal\\\/#website\"},\"primaryImageOfPage\":{\"@id\":\"https:\\\/\\\/aconteceunovale.com.br\\\/portal\\\/?p=190620#primaryimage\"},\"image\":{\"@id\":\"https:\\\/\\\/aconteceunovale.com.br\\\/portal\\\/?p=190620#primaryimage\"},\"thumbnailUrl\":\"https:\\\/\\\/aconteceunovale.com.br\\\/portal\\\/wp-content\\\/uploads\\\/2022\\\/09\\\/empretec.jpg\",\"datePublished\":\"2022-09-25T23:54:48+00:00\",\"dateModified\":\"2022-09-25T23:55:39+00:00\",\"author\":{\"@id\":\"https:\\\/\\\/aconteceunovale.com.br\\\/portal\\\/#\\\/schema\\\/person\\\/7d2f26d1483f8a63de73da1ee0754d35\"},\"breadcrumb\":{\"@id\":\"https:\\\/\\\/aconteceunovale.com.br\\\/portal\\\/?p=190620#breadcrumb\"},\"inLanguage\":\"pt-BR\",\"potentialAction\":[{\"@type\":\"ReadAction\",\"target\":[\"https:\\\/\\\/aconteceunovale.com.br\\\/portal\\\/?p=190620\"]}]},{\"@type\":\"ImageObject\",\"inLanguage\":\"pt-BR\",\"@id\":\"https:\\\/\\\/aconteceunovale.com.br\\\/portal\\\/?p=190620#primaryimage\",\"url\":\"https:\\\/\\\/aconteceunovale.com.br\\\/portal\\\/wp-content\\\/uploads\\\/2022\\\/09\\\/empretec.jpg\",\"contentUrl\":\"https:\\\/\\\/aconteceunovale.com.br\\\/portal\\\/wp-content\\\/uploads\\\/2022\\\/09\\\/empretec.jpg\",\"width\":675,\"height\":450},{\"@type\":\"BreadcrumbList\",\"@id\":\"https:\\\/\\\/aconteceunovale.com.br\\\/portal\\\/?p=190620#breadcrumb\",\"itemListElement\":[{\"@type\":\"ListItem\",\"position\":1,\"name\":\"In\u00edcio\",\"item\":\"https:\\\/\\\/aconteceunovale.com.br\\\/portal\\\/\"},{\"@type\":\"ListItem\",\"position\":2,\"name\":\"Empretec est\u00e1 com as inscri\u00e7\u00f5es abertas em Governador Valadares\"}]},{\"@type\":\"WebSite\",\"@id\":\"https:\\\/\\\/aconteceunovale.com.br\\\/portal\\\/#website\",\"url\":\"https:\\\/\\\/aconteceunovale.com.br\\\/portal\\\/\",\"name\":\"Aconteceu no Vale\",\"description\":\"Portal de Not\u00edcias\",\"potentialAction\":[{\"@type\":\"SearchAction\",\"target\":{\"@type\":\"EntryPoint\",\"urlTemplate\":\"https:\\\/\\\/aconteceunovale.com.br\\\/portal\\\/?s={search_term_string}\"},\"query-input\":{\"@type\":\"PropertyValueSpecification\",\"valueRequired\":true,\"valueName\":\"search_term_string\"}}],\"inLanguage\":\"pt-BR\"},{\"@type\":\"Person\",\"@id\":\"https:\\\/\\\/aconteceunovale.com.br\\\/portal\\\/#\\\/schema\\\/person\\\/7d2f26d1483f8a63de73da1ee0754d35\",\"name\":\"Reda\u00e7\u00e3o Aconteceu no Vale\",\"description\":\"Equipe de reportagem do Aconteceu no Vale, portal de not\u00edcias do Vale do Jequitinhonha, em Minas Gerais. Cobrimos as 51 cidades do Vale desde 2013. Sugest\u00f5es de pauta e pedidos de corre\u00e7\u00e3o: contato@aconteceunovale.com.br\",\"url\":\"https:\\\/\\\/aconteceunovale.com.br\\\/portal\\\/?author=4\"}]}<\/script>\n<!-- \/ Yoast SEO plugin. -->","yoast_head_json":{"title":"Empretec est\u00e1 com as inscri\u00e7\u00f5es abertas em Governador Valadares - Aconteceu no Vale","robots":{"index":"index","follow":"follow","max-snippet":"max-snippet:-1","max-image-preview":"max-image-preview:large","max-video-preview":"max-video-preview:-1"},"canonical":"https:\/\/aconteceunovale.com.br\/portal\/?p=190620","og_locale":"pt_BR","og_type":"article","og_title":"Empretec est\u00e1 com as inscri\u00e7\u00f5es abertas em Governador Valadares - Aconteceu no Vale","og_description":"O Sebrae Minas est\u00e1 com inscri\u00e7\u00f5es abertas para o Empretec em Governador Valadares, na regi\u00e3o do Rio Doce e Vale do A\u00e7o. A capacita\u00e7\u00e3o ocorre de 3 a 8 de outubro, destinada a pessoas que desejam iniciar um neg\u00f3cio, melhorar a gest\u00e3o do empreendimento ou descobrir novas oportunidades de atua\u00e7\u00e3o no mercado. As vagas s\u00e3o [&hellip;]","og_url":"https:\/\/aconteceunovale.com.br\/portal\/?p=190620","og_site_name":"Aconteceu no Vale","article_publisher":"https:\/\/www.facebook.com\/aconteceunovale\/","article_published_time":"2022-09-25T23:54:48+00:00","article_modified_time":"2022-09-25T23:55:39+00:00","og_image":[{"width":675,"height":450,"url":"https:\/\/aconteceunovale.com.br\/portal\/wp-content\/uploads\/2022\/09\/empretec.jpg","type":"image\/jpeg"}],"author":"Reda\u00e7\u00e3o Aconteceu no Vale","twitter_card":"summary_large_image","twitter_creator":"@noticiadosvales","twitter_site":"@noticiadosvales","twitter_misc":{"Escrito por":"Reda\u00e7\u00e3o Aconteceu no Vale","Est. tempo de leitura":"2 minutos"},"schema":{"@context":"https:\/\/schema.org","@graph":[{"@type":"Article","@id":"https:\/\/aconteceunovale.com.br\/portal\/?p=190620#article","isPartOf":{"@id":"https:\/\/aconteceunovale.com.br\/portal\/?p=190620"},"author":{"name":"Reda\u00e7\u00e3o Aconteceu no Vale","@id":"https:\/\/aconteceunovale.com.br\/portal\/#\/schema\/person\/7d2f26d1483f8a63de73da1ee0754d35"},"headline":"Empretec est\u00e1 com as inscri\u00e7\u00f5es abertas em Governador Valadares","datePublished":"2022-09-25T23:54:48+00:00","dateModified":"2022-09-25T23:55:39+00:00","mainEntityOfPage":{"@id":"https:\/\/aconteceunovale.com.br\/portal\/?p=190620"},"wordCount":330,"commentCount":0,"image":{"@id":"https:\/\/aconteceunovale.com.br\/portal\/?p=190620#primaryimage"},"thumbnailUrl":"https:\/\/aconteceunovale.com.br\/portal\/wp-content\/uploads\/2022\/09\/empretec.jpg","keywords":["Empretec em Governador Valadares","Empretec em Governador Valadares est\u00e1 com as inscri\u00e7\u00f5es abertas","Empretec est\u00e1 com as inscri\u00e7\u00f5es abertas em Governador Valadares","Governador Valadares","Inscri\u00e7\u00f5es para o Empretec em Governador Valadares","Sebrae","Sebrae Minas"],"articleSection":["Leste de Minas"],"inLanguage":"pt-BR","potentialAction":[{"@type":"CommentAction","name":"Comment","target":["https:\/\/aconteceunovale.com.br\/portal\/?p=190620#respond"]}]},{"@type":"WebPage","@id":"https:\/\/aconteceunovale.com.br\/portal\/?p=190620","url":"https:\/\/aconteceunovale.com.br\/portal\/?p=190620","name":"Empretec est\u00e1 com as inscri\u00e7\u00f5es abertas em Governador Valadares - Aconteceu no Vale","isPartOf":{"@id":"https:\/\/aconteceunovale.com.br\/portal\/#website"},"primaryImageOfPage":{"@id":"https:\/\/aconteceunovale.com.br\/portal\/?p=190620#primaryimage"},"image":{"@id":"https:\/\/aconteceunovale.com.br\/portal\/?p=190620#primaryimage"},"thumbnailUrl":"https:\/\/aconteceunovale.com.br\/portal\/wp-content\/uploads\/2022\/09\/empretec.jpg","datePublished":"2022-09-25T23:54:48+00:00","dateModified":"2022-09-25T23:55:39+00:00","author":{"@id":"https:\/\/aconteceunovale.com.br\/portal\/#\/schema\/person\/7d2f26d1483f8a63de73da1ee0754d35"},"breadcrumb":{"@id":"https:\/\/aconteceunovale.com.br\/portal\/?p=190620#breadcrumb"},"inLanguage":"pt-BR","potentialAction":[{"@type":"ReadAction","target":["https:\/\/aconteceunovale.com.br\/portal\/?p=190620"]}]},{"@type":"ImageObject","inLanguage":"pt-BR","@id":"https:\/\/aconteceunovale.com.br\/portal\/?p=190620#primaryimage","url":"https:\/\/aconteceunovale.com.br\/portal\/wp-content\/uploads\/2022\/09\/empretec.jpg","contentUrl":"https:\/\/aconteceunovale.com.br\/portal\/wp-content\/uploads\/2022\/09\/empretec.jpg","width":675,"height":450},{"@type":"BreadcrumbList","@id":"https:\/\/aconteceunovale.com.br\/portal\/?p=190620#breadcrumb","itemListElement":[{"@type":"ListItem","position":1,"name":"In\u00edcio","item":"https:\/\/aconteceunovale.com.br\/portal\/"},{"@type":"ListItem","position":2,"name":"Empretec est\u00e1 com as inscri\u00e7\u00f5es abertas em Governador Valadares"}]},{"@type":"WebSite","@id":"https:\/\/aconteceunovale.com.br\/portal\/#website","url":"https:\/\/aconteceunovale.com.br\/portal\/","name":"Aconteceu no Vale","description":"Portal de Not\u00edcias","potentialAction":[{"@type":"SearchAction","target":{"@type":"EntryPoint","urlTemplate":"https:\/\/aconteceunovale.com.br\/portal\/?s={search_term_string}"},"query-input":{"@type":"PropertyValueSpecification","valueRequired":true,"valueName":"search_term_string"}}],"inLanguage":"pt-BR"},{"@type":"Person","@id":"https:\/\/aconteceunovale.com.br\/portal\/#\/schema\/person\/7d2f26d1483f8a63de73da1ee0754d35","name":"Reda\u00e7\u00e3o Aconteceu no Vale","description":"Equipe de reportagem do Aconteceu no Vale, portal de not\u00edcias do Vale do Jequitinhonha, em Minas Gerais. Cobrimos as 51 cidades do Vale desde 2013. Sugest\u00f5es de pauta e pedidos de corre\u00e7\u00e3o: contato@aconteceunovale.com.br","url":"https:\/\/aconteceunovale.com.br\/portal\/?author=4"}]}},"_links":{"self":[{"href":"https:\/\/aconteceunovale.com.br\/portal\/index.php?rest_route=\/wp\/v2\/posts\/190620","targetHints":{"allow":["GET"]}}],"collection":[{"href":"https:\/\/aconteceunovale.com.br\/portal\/index.php?rest_route=\/wp\/v2\/posts"}],"about":[{"href":"https:\/\/aconteceunovale.com.br\/portal\/index.php?rest_route=\/wp\/v2\/types\/post"}],"author":[{"embeddable":true,"href":"https:\/\/aconteceunovale.com.br\/portal\/index.php?rest_route=\/wp\/v2\/users\/4"}],"replies":[{"embeddable":true,"href":"https:\/\/aconteceunovale.com.br\/portal\/index.php?rest_route=%2Fwp%2Fv2%2Fcomments&post=190620"}],"version-history":[{"count":1,"href":"https:\/\/aconteceunovale.com.br\/portal\/index.php?rest_route=\/wp\/v2\/posts\/190620\/revisions"}],"predecessor-version":[{"id":190622,"href":"https:\/\/aconteceunovale.com.br\/portal\/index.php?rest_route=\/wp\/v2\/posts\/190620\/revisions\/190622"}],"wp:featuredmedia":[{"embeddable":true,"href":"https:\/\/aconteceunovale.com.br\/portal\/index.php?rest_route=\/wp\/v2\/media\/190621"}],"wp:attachment":[{"href":"https:\/\/aconteceunovale.com.br\/portal\/index.php?rest_route=%2Fwp%2Fv2%2Fmedia&parent=190620"}],"wp:term":[{"taxonomy":"category","embeddable":true,"href":"https:\/\/aconteceunovale.com.br\/portal\/index.php?rest_route=%2Fwp%2Fv2%2Fcategories&post=190620"},{"taxonomy":"post_tag","embeddable":true,"href":"https:\/\/aconteceunovale.com.br\/portal\/index.php?rest_route=%2Fwp%2Fv2%2Ftags&post=190620"}],"curies":[{"name":"wp","href":"https:\/\/api.w.org\/{rel}","templated":true}]}}