{"id":19060,"date":"2014-01-22T11:06:34","date_gmt":"2014-01-22T13:06:34","guid":{"rendered":"http:\/\/aconteceunovale.com.br\/portal\/?p=19060"},"modified":"2014-01-22T11:06:34","modified_gmt":"2014-01-22T13:06:34","slug":"menores-internados-em-acucena-ameacam-agentes-socioeducativos","status":"publish","type":"post","link":"https:\/\/aconteceunovale.com.br\/portal\/?p=19060","title":{"rendered":"Menores internados em A\u00e7ucena amea\u00e7am agentes socioeducativos"},"content":{"rendered":"<p>Oito menores infratores que est\u00e3o internados no Centro Provis\u00f3rio de Medidas Socieducativas em A\u00e7ucena amea\u00e7aram dois agentes depois de serem flagrados fazendo uso de droga nas depend\u00eancias da unidade. O fato ocorreu na noite de segunda-feira (20) quando um dos agentes viu um dos adolescentes mexer na parte el\u00e9trica de um chuveiro na inten\u00e7\u00e3o de provocar um circuito para acender um cigarro. <\/p>\n<p>O menor foi advertido pelo funcion\u00e1rio da Secretaria de Estado de Defesa Social (Seds), por\u00e9m, o jovem fingiu n\u00e3o ter ouvido a repreens\u00e3o. Neste momento os agentes perceberam o cheiro de maconha e juntamente com coordenador do Centro entraram no alojamento retirando parte do cigarro. Os internos insatisfeitos fizeram amea\u00e7as aos agentes. <\/p>\n<p><strong>Menor fuj\u00e3o<\/strong><\/p>\n<p>Esta n\u00e3o \u00e9 a primeira vez que o Centro de Interna\u00e7\u00e3o para Menores em A\u00e7ucena registra um problema. Em dezembro do ano passado um menor de 17 anos conseguiu \u201cpassar a perna\u201d em um agente penitenci\u00e1rio e fugiu da unidade provis\u00f3ria. Durante o hor\u00e1rio de visitas o jovem pediu ao agente para utilizar o banheiro da guarita. Aproveitando da boa vontade do funcion\u00e1rio, o adolescente subiu uma escada, andou pelo telhado, pulou na rua e fugiu em dire\u00e7\u00e3o a sa\u00edda da cidade. Agentes socieducativos e tr\u00eas policiais militares sa\u00edram a procura do jovem, que foi encontrado escondido nos fundos de uma resid\u00eancia, pr\u00f3ximo a um ribeir\u00e3o. O menor foi levado novamente para a unidade de interna\u00e7\u00e3o.  <\/p>\n<p><strong>Recente<\/strong><\/p>\n<p>O Centro de Medidas Socioeducativo no Vale do A\u00e7o est\u00e1 implantado de forma provis\u00f3ria desde dezembro do ano passado. O local tem vagas de interna\u00e7\u00e3o para 30 adolescentes do sexo masculino.  O centro funciona na antiga cadeia de A\u00e7ucena. De acordo com a Subsecretaria de Atendimento \u00e0s Medidas Socioeducativas (Suase), o local atender\u00e1 aos adolescentes at\u00e9 que as obras do Centro de Interna\u00e7\u00e3o de Ipatinga, previstas para serem conclu\u00eddas no primeiro semestre de 2014, fiquem prontas.<\/p>\n<p><em>(Foto ilustrativa)<\/em><br \/>\n<img decoding=\"async\" src=\"http:\/\/aconteceunovale.com.br\/portal\/wp-content\/uploads\/2014\/01\/menores_presos.jpg\" alt=\"\" \/><\/p>\n<p><em><strong>(Informa\u00e7\u00f5es do Jornal Vale do A\u00e7o)<\/strong><\/em><\/p>\n","protected":false},"excerpt":{"rendered":"<p>Oito menores infratores que est\u00e3o internados no Centro Provis\u00f3rio de Medidas Socieducativas em A\u00e7ucena amea\u00e7aram dois agentes depois de serem flagrados fazendo uso de droga nas depend\u00eancias da unidade. O fato ocorreu na noite de segunda-feira (20) quando um dos agentes viu um dos adolescentes mexer na parte el\u00e9trica de um chuveiro na inten\u00e7\u00e3o de [&hellip;]<\/p>\n","protected":false},"author":1,"featured_media":19061,"comment_status":"open","ping_status":"closed","sticky":false,"template":"","format":"standard","meta":{"amp_status":"","footnotes":""},"categories":[121],"tags":[971,3320],"class_list":["post-19060","post","type-post","status-publish","format-standard","has-post-thumbnail","hentry","category-leste","tag-acucena","tag-menores-internados-em-acucena-ameacam-agentes-socioeducativos"],"_links":{"self":[{"href":"https:\/\/aconteceunovale.com.br\/portal\/index.php?rest_route=\/wp\/v2\/posts\/19060","targetHints":{"allow":["GET"]}}],"collection":[{"href":"https:\/\/aconteceunovale.com.br\/portal\/index.php?rest_route=\/wp\/v2\/posts"}],"about":[{"href":"https:\/\/aconteceunovale.com.br\/portal\/index.php?rest_route=\/wp\/v2\/types\/post"}],"author":[{"embeddable":true,"href":"https:\/\/aconteceunovale.com.br\/portal\/index.php?rest_route=\/wp\/v2\/users\/1"}],"replies":[{"embeddable":true,"href":"https:\/\/aconteceunovale.com.br\/portal\/index.php?rest_route=%2Fwp%2Fv2%2Fcomments&post=19060"}],"version-history":[{"count":0,"href":"https:\/\/aconteceunovale.com.br\/portal\/index.php?rest_route=\/wp\/v2\/posts\/19060\/revisions"}],"wp:featuredmedia":[{"embeddable":true,"href":"https:\/\/aconteceunovale.com.br\/portal\/index.php?rest_route=\/wp\/v2\/media\/19061"}],"wp:attachment":[{"href":"https:\/\/aconteceunovale.com.br\/portal\/index.php?rest_route=%2Fwp%2Fv2%2Fmedia&parent=19060"}],"wp:term":[{"taxonomy":"category","embeddable":true,"href":"https:\/\/aconteceunovale.com.br\/portal\/index.php?rest_route=%2Fwp%2Fv2%2Fcategories&post=19060"},{"taxonomy":"post_tag","embeddable":true,"href":"https:\/\/aconteceunovale.com.br\/portal\/index.php?rest_route=%2Fwp%2Fv2%2Ftags&post=19060"}],"curies":[{"name":"wp","href":"https:\/\/api.w.org\/{rel}","templated":true}]}}